{"id":20010,"date":"2012-11-30T11:21:44","date_gmt":"2012-11-30T11:21:44","guid":{"rendered":"http:\/\/ddigital.webs.ull.es\/la-compania-madrilena-teatro-finikito-trae-el-drama-de-la-guerra-civil-al-paraninfo-de-la-ull\/"},"modified":"2012-11-30T11:21:44","modified_gmt":"2012-11-30T11:21:44","slug":"la-compania-madrilena-teatro-finikito-trae-el-drama-de-la-guerra-civil-al-paraninfo-de-la-ull","status":"publish","type":"post","link":"https:\/\/www.ull.es\/portal\/noticias\/2012\/la-compania-madrilena-teatro-finikito-trae-el-drama-de-la-guerra-civil-al-paraninfo-de-la-ull\/","title":{"rendered":"La compa\u00f1\u00eda madrile\u00f1a Teatro Finikito trae el drama de la Guerra Civil al Paraninfo de la ULL"},"content":{"rendered":"<p> \tEl Paraninfo de la Universidad de La Laguna acoge ma&ntilde;ana s&aacute;bado 1 de diciembre, a las 20:30 horas, la obra &ldquo;Ay, Carmela&rdquo; del grupo madrile&ntilde;o de Teatro Finikito, que sumergir&aacute; al espectador en la vida de Carmela y Paulino, dos artistas que act&uacute;an en la Espa&ntilde;a republicana.<br \/> \t&nbsp;<\/p>\n<p> \t&ldquo;&iexcl;Ay, Carmela!&rdquo; representa un grito de rabia y de inteligencia destinado a defender el papel del artista en la sociedad, as&iacute; como a denunciar la estupidez de la guerra, de todas las guerras del mundo. Carmela y Paulino, a causa de un error, caen prisioneros por los franquistas y se ven obligados por las tropas a realizar un espect&aacute;culo que incluye una parodia contra la Rep&uacute;blica.<\/p>\n<p> \tLa obra que dirige Carlos Boso es un gran flash back a partir de los recueros de Paulino. El espacio esc&eacute;nico de &ldquo;&iexcl;Ay Carmela!&rdquo;, aparentemente desolado, se convierte, por arte dramat&uacute;rgica de Sanch&iacute;s Sinisterra, en un espacio m&aacute;gico y maravilloso, donde se reencuentran los protagonistas de la obra, conjug&aacute;ndose lo vulgar y lo sublime, la ternura y el patetismo, el humor procaz y la iron&iacute;a inteligente.<\/p>\n<p> \tLa compa&ntilde;&iacute;a Teatro Finikito, pionera en Espa&ntilde;a de commedia dell&#039; arte, culminar&aacute; este&nbsp; fin de semana su gira por Tenerife para continuar con la representaci&oacute;n de su obra &ldquo;&iexcl;Ay, Carmela!&rdquo; en Segovia. El reparto estar&aacute; formado por Eva del Campo (Carmela), David Sanz (Paulino), con vestuario de Pedro Salgado, danza de Marta Gonz&aacute;lez y realizaci&oacute;n escenogr&aacute;fica de Tamal. Su director, Carlos Boso, dirige esta obra y adem&aacute;s el AG Teatro de Venecia. Ha trabajado en el Carnaval de Venecia y el teatro de Porta Romana en Mil&aacute;n, donde ha invitado a Peter Brook, Dar&iacute;o Fo o Els Joglars. La experiencia de los actores y su director en el mundo del teatro espa&ntilde;ol ha hecho que la obra &ldquo;&iexcl;Ay, Carmela!&rdquo; obtenga buenas cr&iacute;ticas del p&uacute;blico.<\/p>\n<p> \tLa entrada a esta pieza teatral es de 8 euros. Se pueden adquirir en el Vicerrectorado de Relaciones Universidad y Sociedad en horario de oficina, de lunes a viernes; en la cafeter&iacute;a del Edificio Central de lunes a viernes, de 8 a 20 horas; en la cafeter&iacute;a El Orfe&oacute;n en el mismo horario y en la taquilla del Paraninfo el mismo d&iacute;a del espect&aacute;culo, a partir de las 19 horas.<\/p>\n<p> \tLos asistentes a la obra &ldquo;&iexcl;Ay, Carmela!&rdquo; disponen de estacionamiento gratuito en el aparcamiento del Edificio Central.<br \/> \t&nbsp;<\/p>\n","protected":false},"excerpt":{"rendered":"<p>El Paraninfo de la Universidad de La Laguna acoge ma&ntilde;ana s&aacute;bado 1 de diciembre, a las 20:30 horas, la obra&#8230;<\/p>\n","protected":false},"author":21,"featured_media":11226,"comment_status":"open","ping_status":"open","sticky":false,"template":"","format":"standard","meta":{"inline_featured_image":false,"footnotes":""},"categories":[344,1],"tags":[],"acf":[],"yoast_head":"<!-- This site is optimized with the Yoast SEO plugin v21.3 - https:\/\/yoast.com\/wordpress\/plugins\/seo\/ -->\n<title>La compa\u00f1\u00eda madrile\u00f1a Teatro Finikito trae el drama de la Guerra Civil al Paraninfo de la ULL - ULL - Noticias<\/title>\n<meta name=\"robots\" content=\"index, follow, max-snippet:-1, max-image-preview:large, max-video-preview:-1\" \/>\n<link rel=\"canonical\" href=\"https:\/\/www.ull.es\/portal\/noticias\/2012\/la-compania-madrilena-teatro-finikito-trae-el-drama-de-la-guerra-civil-al-paraninfo-de-la-ull\/\" \/>\n<meta property=\"og:locale\" content=\"es_ES\" \/>\n<meta property=\"og:type\" content=\"article\" \/>\n<meta property=\"og:title\" content=\"La compa\u00f1\u00eda madrile\u00f1a Teatro Finikito trae el drama de la Guerra Civil al Paraninfo de la ULL - ULL - Noticias\" \/>\n<meta property=\"og:description\" content=\"El Paraninfo de la Universidad de La Laguna acoge ma&ntilde;ana s&aacute;bado 1 de diciembre, a las 20:30 horas, la obra...\" \/>\n<meta property=\"og:url\" content=\"https:\/\/www.ull.es\/portal\/noticias\/2012\/la-compania-madrilena-teatro-finikito-trae-el-drama-de-la-guerra-civil-al-paraninfo-de-la-ull\/\" \/>\n<meta property=\"og:site_name\" content=\"ULL - Noticias\" \/>\n<meta property=\"article:publisher\" content=\"https:\/\/www.facebook.com\/universidaddelalaguna\/\" \/>\n<meta property=\"article:published_time\" content=\"2012-11-30T11:21:44+00:00\" \/>\n<meta property=\"og:image\" content=\"https:\/\/www.ull.es\/portal\/noticias\/wp-content\/uploads\/sites\/13\/2015\/04\/CARTEL-.jpg\" \/>\n\t<meta property=\"og:image:width\" content=\"666\" \/>\n\t<meta property=\"og:image:height\" content=\"1024\" \/>\n\t<meta property=\"og:image:type\" content=\"image\/jpeg\" \/>\n<meta name=\"author\" content=\"prensa2\" \/>\n<meta name=\"twitter:card\" content=\"summary_large_image\" \/>\n<meta name=\"twitter:creator\" content=\"@CanalULL\" \/>\n<meta name=\"twitter:site\" content=\"@CanalULL\" \/>\n<meta name=\"twitter:label1\" content=\"Escrito por\" \/>\n\t<meta name=\"twitter:data1\" content=\"prensa2\" \/>\n\t<meta name=\"twitter:label2\" content=\"Tiempo de lectura\" \/>\n\t<meta name=\"twitter:data2\" content=\"2 minutos\" \/>\n<script type=\"application\/ld+json\" class=\"yoast-schema-graph\">{\"@context\":\"https:\/\/schema.org\",\"@graph\":[{\"@type\":\"WebPage\",\"@id\":\"https:\/\/www.ull.es\/portal\/noticias\/2012\/la-compania-madrilena-teatro-finikito-trae-el-drama-de-la-guerra-civil-al-paraninfo-de-la-ull\/\",\"url\":\"https:\/\/www.ull.es\/portal\/noticias\/2012\/la-compania-madrilena-teatro-finikito-trae-el-drama-de-la-guerra-civil-al-paraninfo-de-la-ull\/\",\"name\":\"La compa\u00f1\u00eda madrile\u00f1a Teatro Finikito trae el drama de la Guerra Civil al Paraninfo de la ULL - ULL - Noticias\",\"isPartOf\":{\"@id\":\"https:\/\/www.ull.es\/portal\/noticias\/#website\"},\"datePublished\":\"2012-11-30T11:21:44+00:00\",\"dateModified\":\"2012-11-30T11:21:44+00:00\",\"author\":{\"@id\":\"https:\/\/www.ull.es\/portal\/noticias\/#\/schema\/person\/c3b2aa857797592927a03740d6664376\"},\"breadcrumb\":{\"@id\":\"https:\/\/www.ull.es\/portal\/noticias\/2012\/la-compania-madrilena-teatro-finikito-trae-el-drama-de-la-guerra-civil-al-paraninfo-de-la-ull\/#breadcrumb\"},\"inLanguage\":\"es\",\"potentialAction\":[{\"@type\":\"ReadAction\",\"target\":[\"https:\/\/www.ull.es\/portal\/noticias\/2012\/la-compania-madrilena-teatro-finikito-trae-el-drama-de-la-guerra-civil-al-paraninfo-de-la-ull\/\"]}]},{\"@type\":\"BreadcrumbList\",\"@id\":\"https:\/\/www.ull.es\/portal\/noticias\/2012\/la-compania-madrilena-teatro-finikito-trae-el-drama-de-la-guerra-civil-al-paraninfo-de-la-ull\/#breadcrumb\",\"itemListElement\":[{\"@type\":\"ListItem\",\"position\":1,\"name\":\"Portada\",\"item\":\"https:\/\/www.ull.es\/portal\/noticias\/\"},{\"@type\":\"ListItem\",\"position\":2,\"name\":\"La compa\u00f1\u00eda madrile\u00f1a Teatro Finikito trae el drama de la Guerra Civil al Paraninfo de la ULL\"}]},{\"@type\":\"WebSite\",\"@id\":\"https:\/\/www.ull.es\/portal\/noticias\/#website\",\"url\":\"https:\/\/www.ull.es\/portal\/noticias\/\",\"name\":\"ULL - Noticias\",\"description\":\"\",\"potentialAction\":[{\"@type\":\"SearchAction\",\"target\":{\"@type\":\"EntryPoint\",\"urlTemplate\":\"https:\/\/www.ull.es\/portal\/noticias\/?s={search_term_string}\"},\"query-input\":\"required name=search_term_string\"}],\"inLanguage\":\"es\"},{\"@type\":\"Person\",\"@id\":\"https:\/\/www.ull.es\/portal\/noticias\/#\/schema\/person\/c3b2aa857797592927a03740d6664376\",\"name\":\"prensa2\",\"image\":{\"@type\":\"ImageObject\",\"inLanguage\":\"es\",\"@id\":\"https:\/\/www.ull.es\/portal\/noticias\/#\/schema\/person\/image\/\",\"url\":\"https:\/\/secure.gravatar.com\/avatar\/b58f310a5de5feb33d1e026d2493f23c?s=96&d=mm&r=g\",\"contentUrl\":\"https:\/\/secure.gravatar.com\/avatar\/b58f310a5de5feb33d1e026d2493f23c?s=96&d=mm&r=g\",\"caption\":\"prensa2\"},\"url\":\"https:\/\/www.ull.es\/portal\/noticias\/author\/prensa2\/\"}]}<\/script>\n<!-- \/ Yoast SEO plugin. -->","yoast_head_json":{"title":"La compa\u00f1\u00eda madrile\u00f1a Teatro Finikito trae el drama de la Guerra Civil al Paraninfo de la ULL - ULL - Noticias","robots":{"index":"index","follow":"follow","max-snippet":"max-snippet:-1","max-image-preview":"max-image-preview:large","max-video-preview":"max-video-preview:-1"},"canonical":"https:\/\/www.ull.es\/portal\/noticias\/2012\/la-compania-madrilena-teatro-finikito-trae-el-drama-de-la-guerra-civil-al-paraninfo-de-la-ull\/","og_locale":"es_ES","og_type":"article","og_title":"La compa\u00f1\u00eda madrile\u00f1a Teatro Finikito trae el drama de la Guerra Civil al Paraninfo de la ULL - ULL - Noticias","og_description":"El Paraninfo de la Universidad de La Laguna acoge ma&ntilde;ana s&aacute;bado 1 de diciembre, a las 20:30 horas, la obra...","og_url":"https:\/\/www.ull.es\/portal\/noticias\/2012\/la-compania-madrilena-teatro-finikito-trae-el-drama-de-la-guerra-civil-al-paraninfo-de-la-ull\/","og_site_name":"ULL - Noticias","article_publisher":"https:\/\/www.facebook.com\/universidaddelalaguna\/","article_published_time":"2012-11-30T11:21:44+00:00","og_image":[{"width":666,"height":1024,"url":"https:\/\/www.ull.es\/portal\/noticias\/wp-content\/uploads\/sites\/13\/2015\/04\/CARTEL-.jpg","type":"image\/jpeg"}],"author":"prensa2","twitter_card":"summary_large_image","twitter_creator":"@CanalULL","twitter_site":"@CanalULL","twitter_misc":{"Escrito por":"prensa2","Tiempo de lectura":"2 minutos"},"schema":{"@context":"https:\/\/schema.org","@graph":[{"@type":"WebPage","@id":"https:\/\/www.ull.es\/portal\/noticias\/2012\/la-compania-madrilena-teatro-finikito-trae-el-drama-de-la-guerra-civil-al-paraninfo-de-la-ull\/","url":"https:\/\/www.ull.es\/portal\/noticias\/2012\/la-compania-madrilena-teatro-finikito-trae-el-drama-de-la-guerra-civil-al-paraninfo-de-la-ull\/","name":"La compa\u00f1\u00eda madrile\u00f1a Teatro Finikito trae el drama de la Guerra Civil al Paraninfo de la ULL - ULL - Noticias","isPartOf":{"@id":"https:\/\/www.ull.es\/portal\/noticias\/#website"},"datePublished":"2012-11-30T11:21:44+00:00","dateModified":"2012-11-30T11:21:44+00:00","author":{"@id":"https:\/\/www.ull.es\/portal\/noticias\/#\/schema\/person\/c3b2aa857797592927a03740d6664376"},"breadcrumb":{"@id":"https:\/\/www.ull.es\/portal\/noticias\/2012\/la-compania-madrilena-teatro-finikito-trae-el-drama-de-la-guerra-civil-al-paraninfo-de-la-ull\/#breadcrumb"},"inLanguage":"es","potentialAction":[{"@type":"ReadAction","target":["https:\/\/www.ull.es\/portal\/noticias\/2012\/la-compania-madrilena-teatro-finikito-trae-el-drama-de-la-guerra-civil-al-paraninfo-de-la-ull\/"]}]},{"@type":"BreadcrumbList","@id":"https:\/\/www.ull.es\/portal\/noticias\/2012\/la-compania-madrilena-teatro-finikito-trae-el-drama-de-la-guerra-civil-al-paraninfo-de-la-ull\/#breadcrumb","itemListElement":[{"@type":"ListItem","position":1,"name":"Portada","item":"https:\/\/www.ull.es\/portal\/noticias\/"},{"@type":"ListItem","position":2,"name":"La compa\u00f1\u00eda madrile\u00f1a Teatro Finikito trae el drama de la Guerra Civil al Paraninfo de la ULL"}]},{"@type":"WebSite","@id":"https:\/\/www.ull.es\/portal\/noticias\/#website","url":"https:\/\/www.ull.es\/portal\/noticias\/","name":"ULL - Noticias","description":"","potentialAction":[{"@type":"SearchAction","target":{"@type":"EntryPoint","urlTemplate":"https:\/\/www.ull.es\/portal\/noticias\/?s={search_term_string}"},"query-input":"required name=search_term_string"}],"inLanguage":"es"},{"@type":"Person","@id":"https:\/\/www.ull.es\/portal\/noticias\/#\/schema\/person\/c3b2aa857797592927a03740d6664376","name":"prensa2","image":{"@type":"ImageObject","inLanguage":"es","@id":"https:\/\/www.ull.es\/portal\/noticias\/#\/schema\/person\/image\/","url":"https:\/\/secure.gravatar.com\/avatar\/b58f310a5de5feb33d1e026d2493f23c?s=96&d=mm&r=g","contentUrl":"https:\/\/secure.gravatar.com\/avatar\/b58f310a5de5feb33d1e026d2493f23c?s=96&d=mm&r=g","caption":"prensa2"},"url":"https:\/\/www.ull.es\/portal\/noticias\/author\/prensa2\/"}]}},"primary_category":null,"featured_image_thumbnail_url":"https:\/\/www.ull.es\/portal\/noticias\/wp-content\/uploads\/sites\/13\/2015\/04\/CARTEL--195x300.jpg","_links":{"self":[{"href":"https:\/\/www.ull.es\/portal\/noticias\/wp-json\/wp\/v2\/posts\/20010"}],"collection":[{"href":"https:\/\/www.ull.es\/portal\/noticias\/wp-json\/wp\/v2\/posts"}],"about":[{"href":"https:\/\/www.ull.es\/portal\/noticias\/wp-json\/wp\/v2\/types\/post"}],"author":[{"embeddable":true,"href":"https:\/\/www.ull.es\/portal\/noticias\/wp-json\/wp\/v2\/users\/21"}],"replies":[{"embeddable":true,"href":"https:\/\/www.ull.es\/portal\/noticias\/wp-json\/wp\/v2\/comments?post=20010"}],"version-history":[{"count":0,"href":"https:\/\/www.ull.es\/portal\/noticias\/wp-json\/wp\/v2\/posts\/20010\/revisions"}],"wp:featuredmedia":[{"embeddable":true,"href":"https:\/\/www.ull.es\/portal\/noticias\/wp-json\/wp\/v2\/media\/11226"}],"wp:attachment":[{"href":"https:\/\/www.ull.es\/portal\/noticias\/wp-json\/wp\/v2\/media?parent=20010"}],"wp:term":[{"taxonomy":"category","embeddable":true,"href":"https:\/\/www.ull.es\/portal\/noticias\/wp-json\/wp\/v2\/categories?post=20010"},{"taxonomy":"post_tag","embeddable":true,"href":"https:\/\/www.ull.es\/portal\/noticias\/wp-json\/wp\/v2\/tags?post=20010"}],"curies":[{"name":"wp","href":"https:\/\/api.w.org\/{rel}","templated":true}]}}