{"id":20017,"date":"2012-12-03T13:51:22","date_gmt":"2012-12-03T13:51:22","guid":{"rendered":"http:\/\/ddigital.webs.ull.es\/la-asociacion-de-radios-universitarias-de-espana-cumple-un-ano\/"},"modified":"2012-12-03T13:51:22","modified_gmt":"2012-12-03T13:51:22","slug":"la-asociacion-de-radios-universitarias-de-espana-cumple-un-ano","status":"publish","type":"post","link":"https:\/\/www.ull.es\/portal\/noticias\/2012\/la-asociacion-de-radios-universitarias-de-espana-cumple-un-ano\/","title":{"rendered":"La Asociaci\u00f3n de Radios Universitarias de Espa\u00f1a cumple un a\u00f1o"},"content":{"rendered":"<p> \tEl Asociaci&oacute;n de Radios Universitarias de Espa&ntilde;a (ARU), de la que forma parte Radio Campus de la Universidad de La Laguna, ha cumplido su primer aniversario. Su asamblea constituyente se celebr&oacute; el 28 de noviembre del a&ntilde;o 2011,&nbsp; en la Facultad de Ciencias de la Informaci&oacute;n de la Universidad Complutense de Madrid.<br \/> \t&nbsp;<\/p>\n<p> \tLa creaci&oacute;n de ARU&nbsp; ha marcado un antes y un despu&eacute;s en la historia de la radio universitaria de Espa&ntilde;a. Una historia que se inici&oacute; a finales de los a&ntilde;os 70, cuando comenz&oacute;&nbsp; sus primeras producciones sonoras Radio UNED. Despu&eacute;s, poco a poco, ir&iacute;an surgiendo nuevas emisoras, hasta que, a partir del a&ntilde;o 2000 se produce el despegue definitivo de la radiodifusi&oacute;n universitaria.<\/p>\n<p> \tSe trata de radios que surgen como plataformas para formar a sus&nbsp; alumnos hasta emisoras que buscan acercar a la sociedad contenidos radiof&oacute;nicos que no tienen cabida en otros medios.<\/p>\n<p> \tHace unos a&ntilde;os comenz&oacute; el movimiento radiof&oacute;nico universitario a trav&eacute;s de distintos encuentros con el objetivo de crear un ente que aglutinase las radios universitarias espa&ntilde;olas, caracterizadas por su variedad, pero que coinciden en un mismo reto: hacer otro tipo de radio. Para proteger y visibilizar esa realidad naci&oacute; la necesidad de asociarse, adem&aacute;s de para aunar objetivos de trabajo y de investigaci&oacute;n en nuevos contenidos radiof&oacute;nicos.<\/p>\n<p> \tEn noviembre de 2011 se cre&oacute; formalmente la Asociaci&oacute;n de Radios Universitarias, y despu&eacute;s doce intensos meses de trabajo el balance es muy positivo: nuevas emisoras asociadas, nuevos compromisos, nuevas metas, nuevas publicaciones y nuevas comisiones de trabajo. Actualmente aglutina un total de 26 radios de universidades espa&ntilde;olas, tanto p&uacute;blicas como privadas.<\/p>\n<p> \tDoce meses marcados por las coproducciones conjuntas de &aacute;mbito nacional, con motivo del D&iacute;a Mundial de la Radio, e internacional con m&aacute;s de 20 pa&iacute;ses para festejar el d&iacute;a internacional de la radio universitaria, College Radio Day, celebrado el 2 de octubre.<\/p>\n<p> \tEntre los objetivos m&aacute;s cercanos, ARU pretende tener el reconocimiento de la Conferencia de Rectores de las Universidades Espa&ntilde;olas y presentar sus objetivos al Ministerio de Educaci&oacute;n.<br \/> \t&nbsp;<\/p>\n","protected":false},"excerpt":{"rendered":"<p>El Asociaci&oacute;n de Radios Universitarias de Espa&ntilde;a (ARU), de la que forma parte Radio Campus de la Universidad de La&#8230;<\/p>\n","protected":false},"author":21,"featured_media":20018,"comment_status":"open","ping_status":"open","sticky":false,"template":"","format":"standard","meta":{"inline_featured_image":false,"footnotes":""},"categories":[348,1],"tags":[],"acf":[],"yoast_head":"<!-- This site is optimized with the Yoast SEO plugin v21.3 - https:\/\/yoast.com\/wordpress\/plugins\/seo\/ -->\n<title>La Asociaci\u00f3n de Radios Universitarias de Espa\u00f1a cumple un a\u00f1o - ULL - Noticias<\/title>\n<meta name=\"robots\" content=\"index, follow, max-snippet:-1, max-image-preview:large, max-video-preview:-1\" \/>\n<link rel=\"canonical\" href=\"https:\/\/www.ull.es\/portal\/noticias\/2012\/la-asociacion-de-radios-universitarias-de-espana-cumple-un-ano\/\" \/>\n<meta property=\"og:locale\" content=\"es_ES\" \/>\n<meta property=\"og:type\" content=\"article\" \/>\n<meta property=\"og:title\" content=\"La Asociaci\u00f3n de Radios Universitarias de Espa\u00f1a cumple un a\u00f1o - ULL - Noticias\" \/>\n<meta property=\"og:description\" content=\"El Asociaci&oacute;n de Radios Universitarias de Espa&ntilde;a (ARU), de la que forma parte Radio Campus de la Universidad de La...\" \/>\n<meta property=\"og:url\" content=\"https:\/\/www.ull.es\/portal\/noticias\/2012\/la-asociacion-de-radios-universitarias-de-espana-cumple-un-ano\/\" \/>\n<meta property=\"og:site_name\" content=\"ULL - Noticias\" \/>\n<meta property=\"article:publisher\" content=\"https:\/\/www.facebook.com\/universidaddelalaguna\/\" \/>\n<meta property=\"article:published_time\" content=\"2012-12-03T13:51:22+00:00\" \/>\n<meta property=\"og:image\" content=\"https:\/\/www.ull.es\/portal\/noticias\/wp-content\/uploads\/sites\/13\/2015\/07\/aru.jpg\" \/>\n\t<meta property=\"og:image:width\" content=\"300\" \/>\n\t<meta property=\"og:image:height\" content=\"297\" \/>\n\t<meta property=\"og:image:type\" content=\"image\/jpeg\" \/>\n<meta name=\"author\" content=\"prensa2\" \/>\n<meta name=\"twitter:card\" content=\"summary_large_image\" \/>\n<meta name=\"twitter:creator\" content=\"@CanalULL\" \/>\n<meta name=\"twitter:site\" content=\"@CanalULL\" \/>\n<meta name=\"twitter:label1\" content=\"Escrito por\" \/>\n\t<meta name=\"twitter:data1\" content=\"prensa2\" \/>\n\t<meta name=\"twitter:label2\" content=\"Tiempo de lectura\" \/>\n\t<meta name=\"twitter:data2\" content=\"2 minutos\" \/>\n<script type=\"application\/ld+json\" class=\"yoast-schema-graph\">{\"@context\":\"https:\/\/schema.org\",\"@graph\":[{\"@type\":\"WebPage\",\"@id\":\"https:\/\/www.ull.es\/portal\/noticias\/2012\/la-asociacion-de-radios-universitarias-de-espana-cumple-un-ano\/\",\"url\":\"https:\/\/www.ull.es\/portal\/noticias\/2012\/la-asociacion-de-radios-universitarias-de-espana-cumple-un-ano\/\",\"name\":\"La Asociaci\u00f3n de Radios Universitarias de Espa\u00f1a cumple un a\u00f1o - ULL - Noticias\",\"isPartOf\":{\"@id\":\"https:\/\/www.ull.es\/portal\/noticias\/#website\"},\"datePublished\":\"2012-12-03T13:51:22+00:00\",\"dateModified\":\"2012-12-03T13:51:22+00:00\",\"author\":{\"@id\":\"https:\/\/www.ull.es\/portal\/noticias\/#\/schema\/person\/c3b2aa857797592927a03740d6664376\"},\"breadcrumb\":{\"@id\":\"https:\/\/www.ull.es\/portal\/noticias\/2012\/la-asociacion-de-radios-universitarias-de-espana-cumple-un-ano\/#breadcrumb\"},\"inLanguage\":\"es\",\"potentialAction\":[{\"@type\":\"ReadAction\",\"target\":[\"https:\/\/www.ull.es\/portal\/noticias\/2012\/la-asociacion-de-radios-universitarias-de-espana-cumple-un-ano\/\"]}]},{\"@type\":\"BreadcrumbList\",\"@id\":\"https:\/\/www.ull.es\/portal\/noticias\/2012\/la-asociacion-de-radios-universitarias-de-espana-cumple-un-ano\/#breadcrumb\",\"itemListElement\":[{\"@type\":\"ListItem\",\"position\":1,\"name\":\"Portada\",\"item\":\"https:\/\/www.ull.es\/portal\/noticias\/\"},{\"@type\":\"ListItem\",\"position\":2,\"name\":\"La Asociaci\u00f3n de Radios Universitarias de Espa\u00f1a cumple un a\u00f1o\"}]},{\"@type\":\"WebSite\",\"@id\":\"https:\/\/www.ull.es\/portal\/noticias\/#website\",\"url\":\"https:\/\/www.ull.es\/portal\/noticias\/\",\"name\":\"ULL - Noticias\",\"description\":\"\",\"potentialAction\":[{\"@type\":\"SearchAction\",\"target\":{\"@type\":\"EntryPoint\",\"urlTemplate\":\"https:\/\/www.ull.es\/portal\/noticias\/?s={search_term_string}\"},\"query-input\":\"required name=search_term_string\"}],\"inLanguage\":\"es\"},{\"@type\":\"Person\",\"@id\":\"https:\/\/www.ull.es\/portal\/noticias\/#\/schema\/person\/c3b2aa857797592927a03740d6664376\",\"name\":\"prensa2\",\"image\":{\"@type\":\"ImageObject\",\"inLanguage\":\"es\",\"@id\":\"https:\/\/www.ull.es\/portal\/noticias\/#\/schema\/person\/image\/\",\"url\":\"https:\/\/secure.gravatar.com\/avatar\/b58f310a5de5feb33d1e026d2493f23c?s=96&d=mm&r=g\",\"contentUrl\":\"https:\/\/secure.gravatar.com\/avatar\/b58f310a5de5feb33d1e026d2493f23c?s=96&d=mm&r=g\",\"caption\":\"prensa2\"},\"url\":\"https:\/\/www.ull.es\/portal\/noticias\/author\/prensa2\/\"}]}<\/script>\n<!-- \/ Yoast SEO plugin. -->","yoast_head_json":{"title":"La Asociaci\u00f3n de Radios Universitarias de Espa\u00f1a cumple un a\u00f1o - ULL - Noticias","robots":{"index":"index","follow":"follow","max-snippet":"max-snippet:-1","max-image-preview":"max-image-preview:large","max-video-preview":"max-video-preview:-1"},"canonical":"https:\/\/www.ull.es\/portal\/noticias\/2012\/la-asociacion-de-radios-universitarias-de-espana-cumple-un-ano\/","og_locale":"es_ES","og_type":"article","og_title":"La Asociaci\u00f3n de Radios Universitarias de Espa\u00f1a cumple un a\u00f1o - ULL - Noticias","og_description":"El Asociaci&oacute;n de Radios Universitarias de Espa&ntilde;a (ARU), de la que forma parte Radio Campus de la Universidad de La...","og_url":"https:\/\/www.ull.es\/portal\/noticias\/2012\/la-asociacion-de-radios-universitarias-de-espana-cumple-un-ano\/","og_site_name":"ULL - Noticias","article_publisher":"https:\/\/www.facebook.com\/universidaddelalaguna\/","article_published_time":"2012-12-03T13:51:22+00:00","og_image":[{"width":300,"height":297,"url":"https:\/\/www.ull.es\/portal\/noticias\/wp-content\/uploads\/sites\/13\/2015\/07\/aru.jpg","type":"image\/jpeg"}],"author":"prensa2","twitter_card":"summary_large_image","twitter_creator":"@CanalULL","twitter_site":"@CanalULL","twitter_misc":{"Escrito por":"prensa2","Tiempo de lectura":"2 minutos"},"schema":{"@context":"https:\/\/schema.org","@graph":[{"@type":"WebPage","@id":"https:\/\/www.ull.es\/portal\/noticias\/2012\/la-asociacion-de-radios-universitarias-de-espana-cumple-un-ano\/","url":"https:\/\/www.ull.es\/portal\/noticias\/2012\/la-asociacion-de-radios-universitarias-de-espana-cumple-un-ano\/","name":"La Asociaci\u00f3n de Radios Universitarias de Espa\u00f1a cumple un a\u00f1o - ULL - Noticias","isPartOf":{"@id":"https:\/\/www.ull.es\/portal\/noticias\/#website"},"datePublished":"2012-12-03T13:51:22+00:00","dateModified":"2012-12-03T13:51:22+00:00","author":{"@id":"https:\/\/www.ull.es\/portal\/noticias\/#\/schema\/person\/c3b2aa857797592927a03740d6664376"},"breadcrumb":{"@id":"https:\/\/www.ull.es\/portal\/noticias\/2012\/la-asociacion-de-radios-universitarias-de-espana-cumple-un-ano\/#breadcrumb"},"inLanguage":"es","potentialAction":[{"@type":"ReadAction","target":["https:\/\/www.ull.es\/portal\/noticias\/2012\/la-asociacion-de-radios-universitarias-de-espana-cumple-un-ano\/"]}]},{"@type":"BreadcrumbList","@id":"https:\/\/www.ull.es\/portal\/noticias\/2012\/la-asociacion-de-radios-universitarias-de-espana-cumple-un-ano\/#breadcrumb","itemListElement":[{"@type":"ListItem","position":1,"name":"Portada","item":"https:\/\/www.ull.es\/portal\/noticias\/"},{"@type":"ListItem","position":2,"name":"La Asociaci\u00f3n de Radios Universitarias de Espa\u00f1a cumple un a\u00f1o"}]},{"@type":"WebSite","@id":"https:\/\/www.ull.es\/portal\/noticias\/#website","url":"https:\/\/www.ull.es\/portal\/noticias\/","name":"ULL - Noticias","description":"","potentialAction":[{"@type":"SearchAction","target":{"@type":"EntryPoint","urlTemplate":"https:\/\/www.ull.es\/portal\/noticias\/?s={search_term_string}"},"query-input":"required name=search_term_string"}],"inLanguage":"es"},{"@type":"Person","@id":"https:\/\/www.ull.es\/portal\/noticias\/#\/schema\/person\/c3b2aa857797592927a03740d6664376","name":"prensa2","image":{"@type":"ImageObject","inLanguage":"es","@id":"https:\/\/www.ull.es\/portal\/noticias\/#\/schema\/person\/image\/","url":"https:\/\/secure.gravatar.com\/avatar\/b58f310a5de5feb33d1e026d2493f23c?s=96&d=mm&r=g","contentUrl":"https:\/\/secure.gravatar.com\/avatar\/b58f310a5de5feb33d1e026d2493f23c?s=96&d=mm&r=g","caption":"prensa2"},"url":"https:\/\/www.ull.es\/portal\/noticias\/author\/prensa2\/"}]}},"primary_category":null,"featured_image_thumbnail_url":"https:\/\/www.ull.es\/portal\/noticias\/wp-content\/uploads\/sites\/13\/2015\/07\/aru-300x297.jpg","_links":{"self":[{"href":"https:\/\/www.ull.es\/portal\/noticias\/wp-json\/wp\/v2\/posts\/20017"}],"collection":[{"href":"https:\/\/www.ull.es\/portal\/noticias\/wp-json\/wp\/v2\/posts"}],"about":[{"href":"https:\/\/www.ull.es\/portal\/noticias\/wp-json\/wp\/v2\/types\/post"}],"author":[{"embeddable":true,"href":"https:\/\/www.ull.es\/portal\/noticias\/wp-json\/wp\/v2\/users\/21"}],"replies":[{"embeddable":true,"href":"https:\/\/www.ull.es\/portal\/noticias\/wp-json\/wp\/v2\/comments?post=20017"}],"version-history":[{"count":0,"href":"https:\/\/www.ull.es\/portal\/noticias\/wp-json\/wp\/v2\/posts\/20017\/revisions"}],"wp:featuredmedia":[{"embeddable":true,"href":"https:\/\/www.ull.es\/portal\/noticias\/wp-json\/wp\/v2\/media\/20018"}],"wp:attachment":[{"href":"https:\/\/www.ull.es\/portal\/noticias\/wp-json\/wp\/v2\/media?parent=20017"}],"wp:term":[{"taxonomy":"category","embeddable":true,"href":"https:\/\/www.ull.es\/portal\/noticias\/wp-json\/wp\/v2\/categories?post=20017"},{"taxonomy":"post_tag","embeddable":true,"href":"https:\/\/www.ull.es\/portal\/noticias\/wp-json\/wp\/v2\/tags?post=20017"}],"curies":[{"name":"wp","href":"https:\/\/api.w.org\/{rel}","templated":true}]}}