{"id":20046,"date":"2012-12-10T13:41:26","date_gmt":"2012-12-10T13:41:26","guid":{"rendered":"http:\/\/ddigital.webs.ull.es\/la-catedra-pedro-garcia-cabrera-invita-a-la-participacion-en-su-nuevo-debate-sobre-la-energia-en-canarias\/"},"modified":"2012-12-10T13:41:26","modified_gmt":"2012-12-10T13:41:26","slug":"la-catedra-pedro-garcia-cabrera-invita-a-la-participacion-en-su-nuevo-debate-sobre-la-energia-en-canarias","status":"publish","type":"post","link":"https:\/\/www.ull.es\/portal\/noticias\/2012\/la-catedra-pedro-garcia-cabrera-invita-a-la-participacion-en-su-nuevo-debate-sobre-la-energia-en-canarias\/","title":{"rendered":"La C\u00e1tedra Pedro Garc\u00eda Cabrera invita a la participaci\u00f3n en su nuevo debate sobre la energ\u00eda en Canarias"},"content":{"rendered":"<p> \tBajo la pregunta de si &ldquo;&iquest;Queremos una Canarias independiente energ&eacute;ticamente?&rdquo; se articula una jornada de di&aacute;logo y debate organizada por la C&aacute;tedra cultural Pedro Garc&iacute;a Cabrera de la Universidad de La Laguna, que dirige el catedr&aacute;tico Rafael Alonso Sol&iacute;s. En esta ocasi&oacute;n el acto tendr&aacute; lugar el jueves 13 de diciembre a partir de las 18:30 h en el Sal&oacute;n de Actos de CajaCanarias, en Santa Cruz de Tenerife (Plaza del Patriotismo), con entrada libre y gratuita. En un tema tan candente y pol&eacute;mico, la C&aacute;tedra PGC invita a &nbsp;todas las personas interesadas a proponer las preguntas del debate a trav&eacute;s del correo electr&oacute;nico info@fundacionpedrogarciacabrera.com.<\/p>\n<p> \tEl programa comenzar&aacute; con la conferencia &ldquo;El papel de Canarias en el &aacute;mbito energ&eacute;tico desde la perspectiva de la Comisi&oacute;n Nacional de la Energ&iacute;a&rdquo;, que impartir&aacute; Jos&eacute; Antonio Castro Rodr&iacute;guez, Subdirector de Reg&iacute;menes Especiales de la Comisi&oacute;n Nacional de la Energ&iacute;a. A continuaci&oacute;n, se abrir&aacute; el debate con diferentes representantes pol&iacute;ticos de Canarias: Antonio Alarc&oacute; Hern&aacute;ndez, Senador del PP; Pedro Quevedo Iturbe, Diputado nacional de CC-NC; y Jos&eacute; Segura Clavell, Diputado nacional del PSOE. Todo ello bajo la coordinaci&oacute;n y moderaci&oacute;n de Ricardo Guerrero Lemus, Profesor titular del Departamento de F&iacute;sica B&aacute;sica de la ULL.<\/p>\n<p> \t<strong>Canarias en el debate energ&eacute;tico<\/strong><\/p>\n<p> \tExiste un amplio consenso sobre que Canarias tiene un futuro brillante en el &aacute;mbito de la autosuficiencia energ&eacute;tica, tanto por las altas tasas de irradiaci&oacute;n solar y del recurso e&oacute;lico, como por su potencial geot&eacute;rmico y orograf&iacute;a, entre otros factores. Sin embargo, dichas tecnolog&iacute;as renovables no terminan de penetrar en nuestra comunidad aut&oacute;noma, y las instalaciones de producci&oacute;n de energ&iacute;a convencional y renovable existentes est&aacute;n, por lo general, en manos de unos pocos, frente al deseo de ser aprovechadas por una gran mayor&iacute;a de residentes en Canarias. Adem&aacute;s, se plantea a corto plazo un cambio de modelo regulatorio en el sector el&eacute;ctrico canario y estatal que es necesario dise&ntilde;ar con &eacute;xito para no cometer errores.<\/p>\n<p> \tEn este escenario tan crucial que vivimos, tambi&eacute;n en el sector de la energ&iacute;a, resulta indispensable proponer foros de debate como el de la C&aacute;tedra PGC, que combine la m&aacute;xima experiencia y conocimientos, con la mayor capacidad de decisi&oacute;n legislativa. Todas las personas que quieran introducir temas y cuestiones a los participantes podr&aacute;n enviarlas al e-mail info@fundacionpedrogarciacabrera.com, especificando en el asunto del mail la palabra ENERG&Iacute;A, para ser tratadas en el coloquio.<\/p>\n<p> \tEl acto cuenta la con la colaboraci&oacute;n de la Fundaci&oacute;n Pedro Garc&iacute;a Cabrera y el apoyo de la OBS de CajaCanarias.&nbsp;<\/p>\n<p> \t(Nota cedida)<\/p>\n","protected":false},"excerpt":{"rendered":"<p>Bajo la pregunta de si &ldquo;&iquest;Queremos una Canarias independiente energ&eacute;ticamente?&rdquo; se articula una jornada de di&aacute;logo y debate organizada por&#8230;<\/p>\n","protected":false},"author":21,"featured_media":20047,"comment_status":"open","ping_status":"open","sticky":false,"template":"","format":"standard","meta":{"inline_featured_image":false,"footnotes":""},"categories":[344,1],"tags":[],"acf":[],"yoast_head":"<!-- This site is optimized with the Yoast SEO plugin v21.3 - https:\/\/yoast.com\/wordpress\/plugins\/seo\/ -->\n<title>La C\u00e1tedra Pedro Garc\u00eda Cabrera invita a la participaci\u00f3n en su nuevo debate sobre la energ\u00eda en Canarias - ULL - Noticias<\/title>\n<meta name=\"robots\" content=\"index, follow, max-snippet:-1, max-image-preview:large, max-video-preview:-1\" \/>\n<link rel=\"canonical\" href=\"https:\/\/www.ull.es\/portal\/noticias\/2012\/la-catedra-pedro-garcia-cabrera-invita-a-la-participacion-en-su-nuevo-debate-sobre-la-energia-en-canarias\/\" \/>\n<meta property=\"og:locale\" content=\"es_ES\" \/>\n<meta property=\"og:type\" content=\"article\" \/>\n<meta property=\"og:title\" content=\"La C\u00e1tedra Pedro Garc\u00eda Cabrera invita a la participaci\u00f3n en su nuevo debate sobre la energ\u00eda en Canarias - ULL - Noticias\" \/>\n<meta property=\"og:description\" content=\"Bajo la pregunta de si &ldquo;&iquest;Queremos una Canarias independiente energ&eacute;ticamente?&rdquo; se articula una jornada de di&aacute;logo y debate organizada por...\" \/>\n<meta property=\"og:url\" content=\"https:\/\/www.ull.es\/portal\/noticias\/2012\/la-catedra-pedro-garcia-cabrera-invita-a-la-participacion-en-su-nuevo-debate-sobre-la-energia-en-canarias\/\" \/>\n<meta property=\"og:site_name\" content=\"ULL - Noticias\" \/>\n<meta property=\"article:publisher\" content=\"https:\/\/www.facebook.com\/universidaddelalaguna\/\" \/>\n<meta property=\"article:published_time\" content=\"2012-12-10T13:41:26+00:00\" \/>\n<meta property=\"og:image\" content=\"https:\/\/www.ull.es\/portal\/noticias\/wp-content\/uploads\/sites\/13\/2015\/07\/cartel_debatePGC.jpg\" \/>\n\t<meta property=\"og:image:width\" content=\"566\" \/>\n\t<meta property=\"og:image:height\" content=\"800\" \/>\n\t<meta property=\"og:image:type\" content=\"image\/jpeg\" \/>\n<meta name=\"author\" content=\"prensa2\" \/>\n<meta name=\"twitter:card\" content=\"summary_large_image\" \/>\n<meta name=\"twitter:creator\" content=\"@CanalULL\" \/>\n<meta name=\"twitter:site\" content=\"@CanalULL\" \/>\n<meta name=\"twitter:label1\" content=\"Escrito por\" \/>\n\t<meta name=\"twitter:data1\" content=\"prensa2\" \/>\n\t<meta name=\"twitter:label2\" content=\"Tiempo de lectura\" \/>\n\t<meta name=\"twitter:data2\" content=\"3 minutos\" \/>\n<script type=\"application\/ld+json\" class=\"yoast-schema-graph\">{\"@context\":\"https:\/\/schema.org\",\"@graph\":[{\"@type\":\"WebPage\",\"@id\":\"https:\/\/www.ull.es\/portal\/noticias\/2012\/la-catedra-pedro-garcia-cabrera-invita-a-la-participacion-en-su-nuevo-debate-sobre-la-energia-en-canarias\/\",\"url\":\"https:\/\/www.ull.es\/portal\/noticias\/2012\/la-catedra-pedro-garcia-cabrera-invita-a-la-participacion-en-su-nuevo-debate-sobre-la-energia-en-canarias\/\",\"name\":\"La C\u00e1tedra Pedro Garc\u00eda Cabrera invita a la participaci\u00f3n en su nuevo debate sobre la energ\u00eda en Canarias - ULL - Noticias\",\"isPartOf\":{\"@id\":\"https:\/\/www.ull.es\/portal\/noticias\/#website\"},\"datePublished\":\"2012-12-10T13:41:26+00:00\",\"dateModified\":\"2012-12-10T13:41:26+00:00\",\"author\":{\"@id\":\"https:\/\/www.ull.es\/portal\/noticias\/#\/schema\/person\/c3b2aa857797592927a03740d6664376\"},\"breadcrumb\":{\"@id\":\"https:\/\/www.ull.es\/portal\/noticias\/2012\/la-catedra-pedro-garcia-cabrera-invita-a-la-participacion-en-su-nuevo-debate-sobre-la-energia-en-canarias\/#breadcrumb\"},\"inLanguage\":\"es\",\"potentialAction\":[{\"@type\":\"ReadAction\",\"target\":[\"https:\/\/www.ull.es\/portal\/noticias\/2012\/la-catedra-pedro-garcia-cabrera-invita-a-la-participacion-en-su-nuevo-debate-sobre-la-energia-en-canarias\/\"]}]},{\"@type\":\"BreadcrumbList\",\"@id\":\"https:\/\/www.ull.es\/portal\/noticias\/2012\/la-catedra-pedro-garcia-cabrera-invita-a-la-participacion-en-su-nuevo-debate-sobre-la-energia-en-canarias\/#breadcrumb\",\"itemListElement\":[{\"@type\":\"ListItem\",\"position\":1,\"name\":\"Portada\",\"item\":\"https:\/\/www.ull.es\/portal\/noticias\/\"},{\"@type\":\"ListItem\",\"position\":2,\"name\":\"La C\u00e1tedra Pedro Garc\u00eda Cabrera invita a la participaci\u00f3n en su nuevo debate sobre la energ\u00eda en Canarias\"}]},{\"@type\":\"WebSite\",\"@id\":\"https:\/\/www.ull.es\/portal\/noticias\/#website\",\"url\":\"https:\/\/www.ull.es\/portal\/noticias\/\",\"name\":\"ULL - Noticias\",\"description\":\"\",\"potentialAction\":[{\"@type\":\"SearchAction\",\"target\":{\"@type\":\"EntryPoint\",\"urlTemplate\":\"https:\/\/www.ull.es\/portal\/noticias\/?s={search_term_string}\"},\"query-input\":\"required name=search_term_string\"}],\"inLanguage\":\"es\"},{\"@type\":\"Person\",\"@id\":\"https:\/\/www.ull.es\/portal\/noticias\/#\/schema\/person\/c3b2aa857797592927a03740d6664376\",\"name\":\"prensa2\",\"image\":{\"@type\":\"ImageObject\",\"inLanguage\":\"es\",\"@id\":\"https:\/\/www.ull.es\/portal\/noticias\/#\/schema\/person\/image\/\",\"url\":\"https:\/\/secure.gravatar.com\/avatar\/b58f310a5de5feb33d1e026d2493f23c?s=96&d=mm&r=g\",\"contentUrl\":\"https:\/\/secure.gravatar.com\/avatar\/b58f310a5de5feb33d1e026d2493f23c?s=96&d=mm&r=g\",\"caption\":\"prensa2\"},\"url\":\"https:\/\/www.ull.es\/portal\/noticias\/author\/prensa2\/\"}]}<\/script>\n<!-- \/ Yoast SEO plugin. -->","yoast_head_json":{"title":"La C\u00e1tedra Pedro Garc\u00eda Cabrera invita a la participaci\u00f3n en su nuevo debate sobre la energ\u00eda en Canarias - ULL - Noticias","robots":{"index":"index","follow":"follow","max-snippet":"max-snippet:-1","max-image-preview":"max-image-preview:large","max-video-preview":"max-video-preview:-1"},"canonical":"https:\/\/www.ull.es\/portal\/noticias\/2012\/la-catedra-pedro-garcia-cabrera-invita-a-la-participacion-en-su-nuevo-debate-sobre-la-energia-en-canarias\/","og_locale":"es_ES","og_type":"article","og_title":"La C\u00e1tedra Pedro Garc\u00eda Cabrera invita a la participaci\u00f3n en su nuevo debate sobre la energ\u00eda en Canarias - ULL - Noticias","og_description":"Bajo la pregunta de si &ldquo;&iquest;Queremos una Canarias independiente energ&eacute;ticamente?&rdquo; se articula una jornada de di&aacute;logo y debate organizada por...","og_url":"https:\/\/www.ull.es\/portal\/noticias\/2012\/la-catedra-pedro-garcia-cabrera-invita-a-la-participacion-en-su-nuevo-debate-sobre-la-energia-en-canarias\/","og_site_name":"ULL - Noticias","article_publisher":"https:\/\/www.facebook.com\/universidaddelalaguna\/","article_published_time":"2012-12-10T13:41:26+00:00","og_image":[{"width":566,"height":800,"url":"https:\/\/www.ull.es\/portal\/noticias\/wp-content\/uploads\/sites\/13\/2015\/07\/cartel_debatePGC.jpg","type":"image\/jpeg"}],"author":"prensa2","twitter_card":"summary_large_image","twitter_creator":"@CanalULL","twitter_site":"@CanalULL","twitter_misc":{"Escrito por":"prensa2","Tiempo de lectura":"3 minutos"},"schema":{"@context":"https:\/\/schema.org","@graph":[{"@type":"WebPage","@id":"https:\/\/www.ull.es\/portal\/noticias\/2012\/la-catedra-pedro-garcia-cabrera-invita-a-la-participacion-en-su-nuevo-debate-sobre-la-energia-en-canarias\/","url":"https:\/\/www.ull.es\/portal\/noticias\/2012\/la-catedra-pedro-garcia-cabrera-invita-a-la-participacion-en-su-nuevo-debate-sobre-la-energia-en-canarias\/","name":"La C\u00e1tedra Pedro Garc\u00eda Cabrera invita a la participaci\u00f3n en su nuevo debate sobre la energ\u00eda en Canarias - ULL - Noticias","isPartOf":{"@id":"https:\/\/www.ull.es\/portal\/noticias\/#website"},"datePublished":"2012-12-10T13:41:26+00:00","dateModified":"2012-12-10T13:41:26+00:00","author":{"@id":"https:\/\/www.ull.es\/portal\/noticias\/#\/schema\/person\/c3b2aa857797592927a03740d6664376"},"breadcrumb":{"@id":"https:\/\/www.ull.es\/portal\/noticias\/2012\/la-catedra-pedro-garcia-cabrera-invita-a-la-participacion-en-su-nuevo-debate-sobre-la-energia-en-canarias\/#breadcrumb"},"inLanguage":"es","potentialAction":[{"@type":"ReadAction","target":["https:\/\/www.ull.es\/portal\/noticias\/2012\/la-catedra-pedro-garcia-cabrera-invita-a-la-participacion-en-su-nuevo-debate-sobre-la-energia-en-canarias\/"]}]},{"@type":"BreadcrumbList","@id":"https:\/\/www.ull.es\/portal\/noticias\/2012\/la-catedra-pedro-garcia-cabrera-invita-a-la-participacion-en-su-nuevo-debate-sobre-la-energia-en-canarias\/#breadcrumb","itemListElement":[{"@type":"ListItem","position":1,"name":"Portada","item":"https:\/\/www.ull.es\/portal\/noticias\/"},{"@type":"ListItem","position":2,"name":"La C\u00e1tedra Pedro Garc\u00eda Cabrera invita a la participaci\u00f3n en su nuevo debate sobre la energ\u00eda en Canarias"}]},{"@type":"WebSite","@id":"https:\/\/www.ull.es\/portal\/noticias\/#website","url":"https:\/\/www.ull.es\/portal\/noticias\/","name":"ULL - Noticias","description":"","potentialAction":[{"@type":"SearchAction","target":{"@type":"EntryPoint","urlTemplate":"https:\/\/www.ull.es\/portal\/noticias\/?s={search_term_string}"},"query-input":"required name=search_term_string"}],"inLanguage":"es"},{"@type":"Person","@id":"https:\/\/www.ull.es\/portal\/noticias\/#\/schema\/person\/c3b2aa857797592927a03740d6664376","name":"prensa2","image":{"@type":"ImageObject","inLanguage":"es","@id":"https:\/\/www.ull.es\/portal\/noticias\/#\/schema\/person\/image\/","url":"https:\/\/secure.gravatar.com\/avatar\/b58f310a5de5feb33d1e026d2493f23c?s=96&d=mm&r=g","contentUrl":"https:\/\/secure.gravatar.com\/avatar\/b58f310a5de5feb33d1e026d2493f23c?s=96&d=mm&r=g","caption":"prensa2"},"url":"https:\/\/www.ull.es\/portal\/noticias\/author\/prensa2\/"}]}},"primary_category":null,"featured_image_thumbnail_url":"https:\/\/www.ull.es\/portal\/noticias\/wp-content\/uploads\/sites\/13\/2015\/07\/cartel_debatePGC-212x300.jpg","_links":{"self":[{"href":"https:\/\/www.ull.es\/portal\/noticias\/wp-json\/wp\/v2\/posts\/20046"}],"collection":[{"href":"https:\/\/www.ull.es\/portal\/noticias\/wp-json\/wp\/v2\/posts"}],"about":[{"href":"https:\/\/www.ull.es\/portal\/noticias\/wp-json\/wp\/v2\/types\/post"}],"author":[{"embeddable":true,"href":"https:\/\/www.ull.es\/portal\/noticias\/wp-json\/wp\/v2\/users\/21"}],"replies":[{"embeddable":true,"href":"https:\/\/www.ull.es\/portal\/noticias\/wp-json\/wp\/v2\/comments?post=20046"}],"version-history":[{"count":0,"href":"https:\/\/www.ull.es\/portal\/noticias\/wp-json\/wp\/v2\/posts\/20046\/revisions"}],"wp:featuredmedia":[{"embeddable":true,"href":"https:\/\/www.ull.es\/portal\/noticias\/wp-json\/wp\/v2\/media\/20047"}],"wp:attachment":[{"href":"https:\/\/www.ull.es\/portal\/noticias\/wp-json\/wp\/v2\/media?parent=20046"}],"wp:term":[{"taxonomy":"category","embeddable":true,"href":"https:\/\/www.ull.es\/portal\/noticias\/wp-json\/wp\/v2\/categories?post=20046"},{"taxonomy":"post_tag","embeddable":true,"href":"https:\/\/www.ull.es\/portal\/noticias\/wp-json\/wp\/v2\/tags?post=20046"}],"curies":[{"name":"wp","href":"https:\/\/api.w.org\/{rel}","templated":true}]}}