{"id":20051,"date":"2012-12-10T15:40:10","date_gmt":"2012-12-10T15:40:10","guid":{"rendered":"http:\/\/ddigital.webs.ull.es\/las-universidades-publicas-espanolas-se-unen-en-un-manifiesto-en-contra-de-los-recortes-en-educacion\/"},"modified":"2012-12-10T15:40:10","modified_gmt":"2012-12-10T15:40:10","slug":"las-universidades-publicas-espanolas-se-unen-en-un-manifiesto-en-contra-de-los-recortes-en-educacion","status":"publish","type":"post","link":"https:\/\/www.ull.es\/portal\/noticias\/2012\/las-universidades-publicas-espanolas-se-unen-en-un-manifiesto-en-contra-de-los-recortes-en-educacion\/","title":{"rendered":"Las universidades p\u00fablicas espa\u00f1olas se unen en un manifiesto en contra de los recortes en educaci\u00f3n"},"content":{"rendered":"<p> \tTodas las universidades p&uacute;blicas espa&ntilde;olas han le&iacute;do hoy lunes 10 de diciembre un manifiesto en contra de los recortes en educaci&oacute;n. As&iacute;, se ha celebrado una convocatoria de prensa simult&aacute;nea en todo el pa&iacute;s que ha permitido conocer la opini&oacute;n que los rectores tienen acerca de la situaci&oacute;n de la educaci&oacute;n superior ante el presupuesto de 2013.<br \/> \t&nbsp;<\/p>\n<p> \tEn el caso de la Universidad de La Laguna, y ante la ausencia del rector por encontrarse fuera de la isla, la vicerrectora de Relaciones Universidad y Sociedad, N&eacute;lida Rancel, fue la encargada de leer el comunicado de la CRUE, acompa&ntilde;ada por el gerente de la instituci&oacute;n, Justo Artiles, y de la vicerrectora de Investigaci&oacute;n y Transferencia del Conocimiento, Catalina Ruiz-P&eacute;rez.<\/p>\n<p> \t&nbsp;<\/p>\n<p> \tEl texto, titulado &quot;La universidad, garant&iacute;a de futuro&quot;, dice literalmente lo siguiente:<\/p>\n<p> \tLas universidades somos plenamente conscientes de la complicada situaci&oacute;n econ&oacute;mica de nuestro pa&iacute;s, que tambi&eacute;n vivimos en primera persona. Es por ello, que valoramos los grandes esfuerzos que est&aacute; haciendo toda la ciudadan&iacute;a para seguir adelante.<\/p>\n<p> \tLas universidades, ahora m&aacute;s que nunca, estamos trabajando para mejorar nuestro rendimiento, a pesar de los recortes presupuestarios que estamos sufriendo desde hace unos a&ntilde;os. Hasta ahora, hemos hecho un esfuerzo para seguir manteniendo los est&aacute;ndares de calidad en las tres grandes funciones de la universidad: la docencia, la investigaci&oacute;n y la innovaci&oacute;n.<\/p>\n<p> \tSin embargo, ante la inminente aprobaci&oacute;n de los nuevos Presupuestos Generales del Estado, y los presupuestos correspondientes a cada una de las Comunidades Aut&oacute;nomas, nos encontramos en una situaci&oacute;n preocupante, que puede perjudicar a la Universidad espa&ntilde;ola tal y como la conocemos hasta ahora, impidiendo el desarrollo de las actividades esenciales. Por este motivo,<br \/> \tqueremos manifestar p&uacute;blicamente lo siguiente:<\/p>\n<p> \t1. La disminuci&oacute;n de los Presupuestos Generales del Estado para 2013 en un 18% en Educaci&oacute;n Superior, y en un 80% en los gastos no financieros en I+D+i, suponen un deterioro irreparable del sistema de I+D+i que, juntamente con la congelaci&oacute;n de las plantillas de recursos humanos, llevar&aacute; a nuestro pa&iacute;s a la p&eacute;rdida del tren del desarrollo tecnol&oacute;gico, hipotecando la investigaci&oacute;n y los mayores avances en la frontera del conocimiento.<\/p>\n<p> \t2. Los efectos del endeudamiento de las Comunidades Aut&oacute;nomas, junto con el deterioro de las transferencias de las partidas destinadas a las universidades, est&aacute;n conduciendo a nuestro sistema universitario a una situaci&oacute;n cercana a la asfixia econ&oacute;mica, que se traducir&aacute; en un deterioro irreparable. Esto se contradice con el discurso pol&iacute;tico, de que &ldquo;nuestro pa&iacute;s debe basar su progreso en el conocimiento&rdquo;. Sin inversi&oacute;n en educaci&oacute;n superior ni en I+D+i ser&aacute; inviable el funcionamiento de las universidades p&uacute;blicas. Y, sin conocimiento, no habr&aacute; progreso.<\/p>\n<p> \tAnte esta situaci&oacute;n, los Rectores y las Rectoras de las universidades espa&ntilde;olas solicitamos lo siguiente:<\/p>\n<p> \tQue la educaci&oacute;n superior, la investigaci&oacute;n, el desarrollo y la innovaci&oacute;n, que van intr&iacute;nsecamente unidas entre s&iacute;, sean consideradas como una inversi&oacute;n y no como un gasto y que las universidades espa&ntilde;olas, tal y como ha solicitado recientemente la Asociaci&oacute;n de la Universidad Europea (EUA) a los Jefes de Estado y de Gobierno europeos, tengan una financiaci&oacute;n p&uacute;blica suficiente y sostenible y se fortalezca la<br \/> \tautonom&iacute;a universitaria para que puedan diversificar sus fuentes de ingresos sin obst&aacute;culos.<\/p>\n<p> \tLas universidades nos comprometemos a incrementar la eficacia y la eficiencia de nuestras instituciones, y a continuar con la transparencia y la rendici&oacute;n de cuentas ante la sociedad, con el fin de que nuestras universidades sigan impulsando la cohesi&oacute;n social de nuestro pa&iacute;s y sean motores y fuentes de conocimiento y riqueza.<\/p>\n<p> \tEsta universidad manifiesta su voluntad de colaboraci&oacute;n con las Administraciones P&uacute;blicas para ayudar a resolver este grave problema econ&oacute;mico y para seguir trabajando por un futuro sostenible para las universidades espa&ntilde;olas. Si &eacute;stas pierden calidad, tambi&eacute;n lo har&aacute; la investigaci&oacute;n cient&iacute;fica, la innovaci&oacute;n tecnol&oacute;gica y, por supuesto, la formaci&oacute;n. No perder&aacute;n solamente las 2 universidades, sino que perderemos TODOS, el conjunto de la sociedad. Nos quedaremos sin una de las armas necesarias para avanzar y salir de la crisis econ&oacute;mica: el conocimiento.<\/p>\n<p> \tDada la gravedad de esta situaci&oacute;n, este comunicado se da a conocer de forma simult&aacute;nea en todas las universidades p&uacute;blicas espa&ntilde;olas.<br \/> \t<strong><br \/> \tSituaci&oacute;n de Canarias <\/strong><\/p>\n<p> \tLa situaci&oacute;n de las universidades canarias ante el presupuesto de 2013 es todav&iacute;a peor. Nos enfrentamos a un recorte sin precedentes que puede causar un da&ntilde;o irreparable al sistema p&uacute;blico de educaci&oacute;n superior en nuestra comunidad aut&oacute;noma, si no se corrige a tiempo.<br \/> \tSe nos recorta, en el caso de la Universidad de La Laguna, m&aacute;s de 9 millones y medio de euros, de lo que se deduce que nuestro normal funcionamiento en el pr&oacute;ximo ejercicio puede verse seriamente comprometido. As&iacute;, la inversi&oacute;n en infraestructuras queda reducida a cero, con el<br \/> \tconsiguiente deterioro de nuestros inmuebles y la paralizaci&oacute;n de algunas obras en marcha, mientras que la reducci&oacute;n en gasto corriente es de un 5%.<\/p>\n<p> \tEsta universidad ya lleva tiempo trabajando en aplicar un plan de racionalizaci&oacute;n del gasto corriente, y estamos al l&iacute;mite en el normal funcionamiento de la instituci&oacute;n y realizaremos todos los ajustes que sean necesarios con tal de mantener la platilla y ofrecer una formaci&oacute;n digna y de calidad.<\/p>\n<p> \tA este panorama se une ahora la desoladora noticia de los recortes en ciencia, empobreciendo a&uacute;n m&aacute;s el futuro de las universidades. Nos hemos quedado sin becas predoctorales y sin gestores en al Oficina de Apoyo a la Investigaci&oacute;n. Es decir, se ha cruzado la l&iacute;nea roja para mantener un sistema competitivo de investigaci&oacute;n.<\/p>\n<p> \tSolicitamos por tanto al Gobierno regional que sea sensible a esta situaci&oacute;n y que, todav&iacute;a en fase de tramitaci&oacute;n parlamentaria, atienda en el presupuesto de 2013 esta demanda. No podemos comprometer el futuro de nuestros j&oacute;venes investigadores, perder&iacute;amos una ocasi&oacute;n &uacute;nica, y no podemos hacer que las universidades, entendidas como la vanguardia del conocimiento, retrocedan a d&eacute;cadas pasadas.<\/p>\n","protected":false},"excerpt":{"rendered":"<p>Todas las universidades p&uacute;blicas espa&ntilde;olas han le&iacute;do hoy lunes 10 de diciembre un manifiesto en contra de los recortes en&#8230;<\/p>\n","protected":false},"author":21,"featured_media":20052,"comment_status":"open","ping_status":"open","sticky":false,"template":"","format":"standard","meta":{"inline_featured_image":false,"footnotes":""},"categories":[348,1],"tags":[],"acf":[],"yoast_head":"<!-- This site is optimized with the Yoast SEO plugin v21.3 - https:\/\/yoast.com\/wordpress\/plugins\/seo\/ -->\n<title>Las universidades p\u00fablicas espa\u00f1olas se unen en un manifiesto en contra de los recortes en educaci\u00f3n - ULL - Noticias<\/title>\n<meta name=\"robots\" content=\"index, follow, max-snippet:-1, max-image-preview:large, max-video-preview:-1\" \/>\n<link rel=\"canonical\" href=\"https:\/\/www.ull.es\/portal\/noticias\/2012\/las-universidades-publicas-espanolas-se-unen-en-un-manifiesto-en-contra-de-los-recortes-en-educacion\/\" \/>\n<meta property=\"og:locale\" content=\"es_ES\" \/>\n<meta property=\"og:type\" content=\"article\" \/>\n<meta property=\"og:title\" content=\"Las universidades p\u00fablicas espa\u00f1olas se unen en un manifiesto en contra de los recortes en educaci\u00f3n - ULL - Noticias\" \/>\n<meta property=\"og:description\" content=\"Todas las universidades p&uacute;blicas espa&ntilde;olas han le&iacute;do hoy lunes 10 de diciembre un manifiesto en contra de los recortes en...\" \/>\n<meta property=\"og:url\" content=\"https:\/\/www.ull.es\/portal\/noticias\/2012\/las-universidades-publicas-espanolas-se-unen-en-un-manifiesto-en-contra-de-los-recortes-en-educacion\/\" \/>\n<meta property=\"og:site_name\" content=\"ULL - Noticias\" \/>\n<meta property=\"article:publisher\" content=\"https:\/\/www.facebook.com\/universidaddelalaguna\/\" \/>\n<meta property=\"article:published_time\" content=\"2012-12-10T15:40:10+00:00\" \/>\n<meta property=\"og:image\" content=\"https:\/\/www.ull.es\/portal\/noticias\/wp-content\/uploads\/sites\/13\/2015\/07\/Comunicado-CRUE-03.jpg\" \/>\n\t<meta property=\"og:image:width\" content=\"1024\" \/>\n\t<meta property=\"og:image:height\" content=\"683\" \/>\n\t<meta property=\"og:image:type\" content=\"image\/jpeg\" \/>\n<meta name=\"author\" content=\"prensa2\" \/>\n<meta name=\"twitter:card\" content=\"summary_large_image\" \/>\n<meta name=\"twitter:creator\" content=\"@CanalULL\" \/>\n<meta name=\"twitter:site\" content=\"@CanalULL\" \/>\n<meta name=\"twitter:label1\" content=\"Escrito por\" \/>\n\t<meta name=\"twitter:data1\" content=\"prensa2\" \/>\n\t<meta name=\"twitter:label2\" content=\"Tiempo de lectura\" \/>\n\t<meta name=\"twitter:data2\" content=\"6 minutos\" \/>\n<script type=\"application\/ld+json\" class=\"yoast-schema-graph\">{\"@context\":\"https:\/\/schema.org\",\"@graph\":[{\"@type\":\"WebPage\",\"@id\":\"https:\/\/www.ull.es\/portal\/noticias\/2012\/las-universidades-publicas-espanolas-se-unen-en-un-manifiesto-en-contra-de-los-recortes-en-educacion\/\",\"url\":\"https:\/\/www.ull.es\/portal\/noticias\/2012\/las-universidades-publicas-espanolas-se-unen-en-un-manifiesto-en-contra-de-los-recortes-en-educacion\/\",\"name\":\"Las universidades p\u00fablicas espa\u00f1olas se unen en un manifiesto en contra de los recortes en educaci\u00f3n - ULL - Noticias\",\"isPartOf\":{\"@id\":\"https:\/\/www.ull.es\/portal\/noticias\/#website\"},\"datePublished\":\"2012-12-10T15:40:10+00:00\",\"dateModified\":\"2012-12-10T15:40:10+00:00\",\"author\":{\"@id\":\"https:\/\/www.ull.es\/portal\/noticias\/#\/schema\/person\/c3b2aa857797592927a03740d6664376\"},\"breadcrumb\":{\"@id\":\"https:\/\/www.ull.es\/portal\/noticias\/2012\/las-universidades-publicas-espanolas-se-unen-en-un-manifiesto-en-contra-de-los-recortes-en-educacion\/#breadcrumb\"},\"inLanguage\":\"es\",\"potentialAction\":[{\"@type\":\"ReadAction\",\"target\":[\"https:\/\/www.ull.es\/portal\/noticias\/2012\/las-universidades-publicas-espanolas-se-unen-en-un-manifiesto-en-contra-de-los-recortes-en-educacion\/\"]}]},{\"@type\":\"BreadcrumbList\",\"@id\":\"https:\/\/www.ull.es\/portal\/noticias\/2012\/las-universidades-publicas-espanolas-se-unen-en-un-manifiesto-en-contra-de-los-recortes-en-educacion\/#breadcrumb\",\"itemListElement\":[{\"@type\":\"ListItem\",\"position\":1,\"name\":\"Portada\",\"item\":\"https:\/\/www.ull.es\/portal\/noticias\/\"},{\"@type\":\"ListItem\",\"position\":2,\"name\":\"Las universidades p\u00fablicas espa\u00f1olas se unen en un manifiesto en contra de los recortes en educaci\u00f3n\"}]},{\"@type\":\"WebSite\",\"@id\":\"https:\/\/www.ull.es\/portal\/noticias\/#website\",\"url\":\"https:\/\/www.ull.es\/portal\/noticias\/\",\"name\":\"ULL - Noticias\",\"description\":\"\",\"potentialAction\":[{\"@type\":\"SearchAction\",\"target\":{\"@type\":\"EntryPoint\",\"urlTemplate\":\"https:\/\/www.ull.es\/portal\/noticias\/?s={search_term_string}\"},\"query-input\":\"required name=search_term_string\"}],\"inLanguage\":\"es\"},{\"@type\":\"Person\",\"@id\":\"https:\/\/www.ull.es\/portal\/noticias\/#\/schema\/person\/c3b2aa857797592927a03740d6664376\",\"name\":\"prensa2\",\"image\":{\"@type\":\"ImageObject\",\"inLanguage\":\"es\",\"@id\":\"https:\/\/www.ull.es\/portal\/noticias\/#\/schema\/person\/image\/\",\"url\":\"https:\/\/secure.gravatar.com\/avatar\/b58f310a5de5feb33d1e026d2493f23c?s=96&d=mm&r=g\",\"contentUrl\":\"https:\/\/secure.gravatar.com\/avatar\/b58f310a5de5feb33d1e026d2493f23c?s=96&d=mm&r=g\",\"caption\":\"prensa2\"},\"url\":\"https:\/\/www.ull.es\/portal\/noticias\/author\/prensa2\/\"}]}<\/script>\n<!-- \/ Yoast SEO plugin. -->","yoast_head_json":{"title":"Las universidades p\u00fablicas espa\u00f1olas se unen en un manifiesto en contra de los recortes en educaci\u00f3n - ULL - Noticias","robots":{"index":"index","follow":"follow","max-snippet":"max-snippet:-1","max-image-preview":"max-image-preview:large","max-video-preview":"max-video-preview:-1"},"canonical":"https:\/\/www.ull.es\/portal\/noticias\/2012\/las-universidades-publicas-espanolas-se-unen-en-un-manifiesto-en-contra-de-los-recortes-en-educacion\/","og_locale":"es_ES","og_type":"article","og_title":"Las universidades p\u00fablicas espa\u00f1olas se unen en un manifiesto en contra de los recortes en educaci\u00f3n - ULL - Noticias","og_description":"Todas las universidades p&uacute;blicas espa&ntilde;olas han le&iacute;do hoy lunes 10 de diciembre un manifiesto en contra de los recortes en...","og_url":"https:\/\/www.ull.es\/portal\/noticias\/2012\/las-universidades-publicas-espanolas-se-unen-en-un-manifiesto-en-contra-de-los-recortes-en-educacion\/","og_site_name":"ULL - Noticias","article_publisher":"https:\/\/www.facebook.com\/universidaddelalaguna\/","article_published_time":"2012-12-10T15:40:10+00:00","og_image":[{"width":1024,"height":683,"url":"https:\/\/www.ull.es\/portal\/noticias\/wp-content\/uploads\/sites\/13\/2015\/07\/Comunicado-CRUE-03.jpg","type":"image\/jpeg"}],"author":"prensa2","twitter_card":"summary_large_image","twitter_creator":"@CanalULL","twitter_site":"@CanalULL","twitter_misc":{"Escrito por":"prensa2","Tiempo de lectura":"6 minutos"},"schema":{"@context":"https:\/\/schema.org","@graph":[{"@type":"WebPage","@id":"https:\/\/www.ull.es\/portal\/noticias\/2012\/las-universidades-publicas-espanolas-se-unen-en-un-manifiesto-en-contra-de-los-recortes-en-educacion\/","url":"https:\/\/www.ull.es\/portal\/noticias\/2012\/las-universidades-publicas-espanolas-se-unen-en-un-manifiesto-en-contra-de-los-recortes-en-educacion\/","name":"Las universidades p\u00fablicas espa\u00f1olas se unen en un manifiesto en contra de los recortes en educaci\u00f3n - ULL - Noticias","isPartOf":{"@id":"https:\/\/www.ull.es\/portal\/noticias\/#website"},"datePublished":"2012-12-10T15:40:10+00:00","dateModified":"2012-12-10T15:40:10+00:00","author":{"@id":"https:\/\/www.ull.es\/portal\/noticias\/#\/schema\/person\/c3b2aa857797592927a03740d6664376"},"breadcrumb":{"@id":"https:\/\/www.ull.es\/portal\/noticias\/2012\/las-universidades-publicas-espanolas-se-unen-en-un-manifiesto-en-contra-de-los-recortes-en-educacion\/#breadcrumb"},"inLanguage":"es","potentialAction":[{"@type":"ReadAction","target":["https:\/\/www.ull.es\/portal\/noticias\/2012\/las-universidades-publicas-espanolas-se-unen-en-un-manifiesto-en-contra-de-los-recortes-en-educacion\/"]}]},{"@type":"BreadcrumbList","@id":"https:\/\/www.ull.es\/portal\/noticias\/2012\/las-universidades-publicas-espanolas-se-unen-en-un-manifiesto-en-contra-de-los-recortes-en-educacion\/#breadcrumb","itemListElement":[{"@type":"ListItem","position":1,"name":"Portada","item":"https:\/\/www.ull.es\/portal\/noticias\/"},{"@type":"ListItem","position":2,"name":"Las universidades p\u00fablicas espa\u00f1olas se unen en un manifiesto en contra de los recortes en educaci\u00f3n"}]},{"@type":"WebSite","@id":"https:\/\/www.ull.es\/portal\/noticias\/#website","url":"https:\/\/www.ull.es\/portal\/noticias\/","name":"ULL - Noticias","description":"","potentialAction":[{"@type":"SearchAction","target":{"@type":"EntryPoint","urlTemplate":"https:\/\/www.ull.es\/portal\/noticias\/?s={search_term_string}"},"query-input":"required name=search_term_string"}],"inLanguage":"es"},{"@type":"Person","@id":"https:\/\/www.ull.es\/portal\/noticias\/#\/schema\/person\/c3b2aa857797592927a03740d6664376","name":"prensa2","image":{"@type":"ImageObject","inLanguage":"es","@id":"https:\/\/www.ull.es\/portal\/noticias\/#\/schema\/person\/image\/","url":"https:\/\/secure.gravatar.com\/avatar\/b58f310a5de5feb33d1e026d2493f23c?s=96&d=mm&r=g","contentUrl":"https:\/\/secure.gravatar.com\/avatar\/b58f310a5de5feb33d1e026d2493f23c?s=96&d=mm&r=g","caption":"prensa2"},"url":"https:\/\/www.ull.es\/portal\/noticias\/author\/prensa2\/"}]}},"primary_category":null,"featured_image_thumbnail_url":"https:\/\/www.ull.es\/portal\/noticias\/wp-content\/uploads\/sites\/13\/2015\/07\/Comunicado-CRUE-03-300x200.jpg","_links":{"self":[{"href":"https:\/\/www.ull.es\/portal\/noticias\/wp-json\/wp\/v2\/posts\/20051"}],"collection":[{"href":"https:\/\/www.ull.es\/portal\/noticias\/wp-json\/wp\/v2\/posts"}],"about":[{"href":"https:\/\/www.ull.es\/portal\/noticias\/wp-json\/wp\/v2\/types\/post"}],"author":[{"embeddable":true,"href":"https:\/\/www.ull.es\/portal\/noticias\/wp-json\/wp\/v2\/users\/21"}],"replies":[{"embeddable":true,"href":"https:\/\/www.ull.es\/portal\/noticias\/wp-json\/wp\/v2\/comments?post=20051"}],"version-history":[{"count":0,"href":"https:\/\/www.ull.es\/portal\/noticias\/wp-json\/wp\/v2\/posts\/20051\/revisions"}],"wp:featuredmedia":[{"embeddable":true,"href":"https:\/\/www.ull.es\/portal\/noticias\/wp-json\/wp\/v2\/media\/20052"}],"wp:attachment":[{"href":"https:\/\/www.ull.es\/portal\/noticias\/wp-json\/wp\/v2\/media?parent=20051"}],"wp:term":[{"taxonomy":"category","embeddable":true,"href":"https:\/\/www.ull.es\/portal\/noticias\/wp-json\/wp\/v2\/categories?post=20051"},{"taxonomy":"post_tag","embeddable":true,"href":"https:\/\/www.ull.es\/portal\/noticias\/wp-json\/wp\/v2\/tags?post=20051"}],"curies":[{"name":"wp","href":"https:\/\/api.w.org\/{rel}","templated":true}]}}