{"id":20053,"date":"2012-12-11T14:20:22","date_gmt":"2012-12-11T14:20:22","guid":{"rendered":"http:\/\/ddigital.webs.ull.es\/el-colegio-de-enfermeria-de-tenerife-entrego-a-la-universidad-de-la-laguna-la-distincion-de-su-medalla-colegial\/"},"modified":"2012-12-11T14:20:22","modified_gmt":"2012-12-11T14:20:22","slug":"el-colegio-de-enfermeria-de-tenerife-entrego-a-la-universidad-de-la-laguna-la-distincion-de-su-medalla-colegial","status":"publish","type":"post","link":"https:\/\/www.ull.es\/portal\/noticias\/2012\/el-colegio-de-enfermeria-de-tenerife-entrego-a-la-universidad-de-la-laguna-la-distincion-de-su-medalla-colegial\/","title":{"rendered":"El Colegio de Enfermer\u00eda de Tenerife entreg\u00f3 a la Universidad de La Laguna la distinci\u00f3n de su medalla colegial"},"content":{"rendered":"<p> \tEl Colegio de Enfermer&iacute;a de Santa Cruz de Tenerife celebr&oacute; recientemente un acto con motivo de su centenario. En &eacute;ste se entregaron varios galardones entre los que se reconoci&oacute; a la Universidad de La Laguna con la Medalla Colegial de Enfermer&iacute;a &ldquo;por su relevante aportaci&oacute;n a la profesi&oacute;n y su apoyo al desarrollo de todos los niveles de la formaci&oacute;n enfermera, contribuyendo especialmente en la preparaci&oacute;n de enfermeros profesionales con acreditada calidad t&eacute;cnica y humana al servicio de las personas&rdquo;.<\/p>\n<p> \tEste galard&oacute;n para la instituci&oacute;n acad&eacute;mica representa una distinci&oacute;n de suma importancia porque supone la conexi&oacute;n del centro docente con su vertiente profesional, seg&uacute;n afirm&oacute; la vicerrectora de Relaciones Universidad y Sociedad, N&eacute;lida Rancel Torres, en el transcurso del acto.&nbsp;<\/p>\n<p> \tLa vicerrectora tambi&eacute;n manifest&oacute; que &ldquo;sin el apoyo y la implicaci&oacute;n del cuerpo de enfermer&iacute;a, la sanidad en nuestro pa&iacute;s ser&iacute;a otra cosa y desde luego no habr&iacute;a alcanzado los est&aacute;ndares de calidad y eficacia de los que hemos disfrutado todos. A ello contribuye sin duda el apoyo y el respaldo del colegio profesional, que defiende los intereses del colectivo, les ayuda en su proceso de formaci&oacute;n continua y evita intrusismos de advenedizos en al profesi&oacute;n&rdquo;.<\/p>\n<p> \tAsimismo, Rancel coment&oacute; que &ldquo;como universidad seguiremos formando con el mismo ah&iacute;nco a nuestros estudiantes de Enfermer&iacute;a ya que se trata de un colectivo de alumnos muy motivado, que cuenta con un cuerpo docente altamente capacitado y con una formaci&oacute;n pr&aacute;ctica competente y eficaz que les provee de los conocimientos necesarios para estar al servicio de las personas&rdquo;.<\/p>\n","protected":false},"excerpt":{"rendered":"<p>El Colegio de Enfermer&iacute;a de Santa Cruz de Tenerife celebr&oacute; recientemente un acto con motivo de su centenario. En &eacute;ste&#8230;<\/p>\n","protected":false},"author":21,"featured_media":14251,"comment_status":"open","ping_status":"open","sticky":false,"template":"","format":"standard","meta":{"inline_featured_image":false,"footnotes":""},"categories":[348,1],"tags":[],"acf":[],"yoast_head":"<!-- This site is optimized with the Yoast SEO plugin v21.3 - https:\/\/yoast.com\/wordpress\/plugins\/seo\/ -->\n<title>El Colegio de Enfermer\u00eda de Tenerife entreg\u00f3 a la Universidad de La Laguna la distinci\u00f3n de su medalla colegial - ULL - Noticias<\/title>\n<meta name=\"robots\" content=\"index, follow, max-snippet:-1, max-image-preview:large, max-video-preview:-1\" \/>\n<link rel=\"canonical\" href=\"https:\/\/www.ull.es\/portal\/noticias\/2012\/el-colegio-de-enfermeria-de-tenerife-entrego-a-la-universidad-de-la-laguna-la-distincion-de-su-medalla-colegial\/\" \/>\n<meta property=\"og:locale\" content=\"es_ES\" \/>\n<meta property=\"og:type\" content=\"article\" \/>\n<meta property=\"og:title\" content=\"El Colegio de Enfermer\u00eda de Tenerife entreg\u00f3 a la Universidad de La Laguna la distinci\u00f3n de su medalla colegial - ULL - Noticias\" \/>\n<meta property=\"og:description\" content=\"El Colegio de Enfermer&iacute;a de Santa Cruz de Tenerife celebr&oacute; recientemente un acto con motivo de su centenario. En &eacute;ste...\" \/>\n<meta property=\"og:url\" content=\"https:\/\/www.ull.es\/portal\/noticias\/2012\/el-colegio-de-enfermeria-de-tenerife-entrego-a-la-universidad-de-la-laguna-la-distincion-de-su-medalla-colegial\/\" \/>\n<meta property=\"og:site_name\" content=\"ULL - Noticias\" \/>\n<meta property=\"article:publisher\" content=\"https:\/\/www.facebook.com\/universidaddelalaguna\/\" \/>\n<meta property=\"article:published_time\" content=\"2012-12-11T14:20:22+00:00\" \/>\n<meta property=\"og:image\" content=\"https:\/\/www.ull.es\/portal\/noticias\/wp-content\/uploads\/sites\/13\/2015\/07\/medalla.jpg\" \/>\n\t<meta property=\"og:image:width\" content=\"600\" \/>\n\t<meta property=\"og:image:height\" content=\"800\" \/>\n\t<meta property=\"og:image:type\" content=\"image\/jpeg\" \/>\n<meta name=\"author\" content=\"prensa2\" \/>\n<meta name=\"twitter:card\" content=\"summary_large_image\" \/>\n<meta name=\"twitter:creator\" content=\"@CanalULL\" \/>\n<meta name=\"twitter:site\" content=\"@CanalULL\" \/>\n<meta name=\"twitter:label1\" content=\"Escrito por\" \/>\n\t<meta name=\"twitter:data1\" content=\"prensa2\" \/>\n\t<meta name=\"twitter:label2\" content=\"Tiempo de lectura\" \/>\n\t<meta name=\"twitter:data2\" content=\"2 minutos\" \/>\n<script type=\"application\/ld+json\" class=\"yoast-schema-graph\">{\"@context\":\"https:\/\/schema.org\",\"@graph\":[{\"@type\":\"WebPage\",\"@id\":\"https:\/\/www.ull.es\/portal\/noticias\/2012\/el-colegio-de-enfermeria-de-tenerife-entrego-a-la-universidad-de-la-laguna-la-distincion-de-su-medalla-colegial\/\",\"url\":\"https:\/\/www.ull.es\/portal\/noticias\/2012\/el-colegio-de-enfermeria-de-tenerife-entrego-a-la-universidad-de-la-laguna-la-distincion-de-su-medalla-colegial\/\",\"name\":\"El Colegio de Enfermer\u00eda de Tenerife entreg\u00f3 a la Universidad de La Laguna la distinci\u00f3n de su medalla colegial - ULL - Noticias\",\"isPartOf\":{\"@id\":\"https:\/\/www.ull.es\/portal\/noticias\/#website\"},\"datePublished\":\"2012-12-11T14:20:22+00:00\",\"dateModified\":\"2012-12-11T14:20:22+00:00\",\"author\":{\"@id\":\"https:\/\/www.ull.es\/portal\/noticias\/#\/schema\/person\/c3b2aa857797592927a03740d6664376\"},\"breadcrumb\":{\"@id\":\"https:\/\/www.ull.es\/portal\/noticias\/2012\/el-colegio-de-enfermeria-de-tenerife-entrego-a-la-universidad-de-la-laguna-la-distincion-de-su-medalla-colegial\/#breadcrumb\"},\"inLanguage\":\"es\",\"potentialAction\":[{\"@type\":\"ReadAction\",\"target\":[\"https:\/\/www.ull.es\/portal\/noticias\/2012\/el-colegio-de-enfermeria-de-tenerife-entrego-a-la-universidad-de-la-laguna-la-distincion-de-su-medalla-colegial\/\"]}]},{\"@type\":\"BreadcrumbList\",\"@id\":\"https:\/\/www.ull.es\/portal\/noticias\/2012\/el-colegio-de-enfermeria-de-tenerife-entrego-a-la-universidad-de-la-laguna-la-distincion-de-su-medalla-colegial\/#breadcrumb\",\"itemListElement\":[{\"@type\":\"ListItem\",\"position\":1,\"name\":\"Portada\",\"item\":\"https:\/\/www.ull.es\/portal\/noticias\/\"},{\"@type\":\"ListItem\",\"position\":2,\"name\":\"El Colegio de Enfermer\u00eda de Tenerife entreg\u00f3 a la Universidad de La Laguna la distinci\u00f3n de su medalla colegial\"}]},{\"@type\":\"WebSite\",\"@id\":\"https:\/\/www.ull.es\/portal\/noticias\/#website\",\"url\":\"https:\/\/www.ull.es\/portal\/noticias\/\",\"name\":\"ULL - Noticias\",\"description\":\"\",\"potentialAction\":[{\"@type\":\"SearchAction\",\"target\":{\"@type\":\"EntryPoint\",\"urlTemplate\":\"https:\/\/www.ull.es\/portal\/noticias\/?s={search_term_string}\"},\"query-input\":\"required name=search_term_string\"}],\"inLanguage\":\"es\"},{\"@type\":\"Person\",\"@id\":\"https:\/\/www.ull.es\/portal\/noticias\/#\/schema\/person\/c3b2aa857797592927a03740d6664376\",\"name\":\"prensa2\",\"image\":{\"@type\":\"ImageObject\",\"inLanguage\":\"es\",\"@id\":\"https:\/\/www.ull.es\/portal\/noticias\/#\/schema\/person\/image\/\",\"url\":\"https:\/\/secure.gravatar.com\/avatar\/b58f310a5de5feb33d1e026d2493f23c?s=96&d=mm&r=g\",\"contentUrl\":\"https:\/\/secure.gravatar.com\/avatar\/b58f310a5de5feb33d1e026d2493f23c?s=96&d=mm&r=g\",\"caption\":\"prensa2\"},\"url\":\"https:\/\/www.ull.es\/portal\/noticias\/author\/prensa2\/\"}]}<\/script>\n<!-- \/ Yoast SEO plugin. -->","yoast_head_json":{"title":"El Colegio de Enfermer\u00eda de Tenerife entreg\u00f3 a la Universidad de La Laguna la distinci\u00f3n de su medalla colegial - ULL - Noticias","robots":{"index":"index","follow":"follow","max-snippet":"max-snippet:-1","max-image-preview":"max-image-preview:large","max-video-preview":"max-video-preview:-1"},"canonical":"https:\/\/www.ull.es\/portal\/noticias\/2012\/el-colegio-de-enfermeria-de-tenerife-entrego-a-la-universidad-de-la-laguna-la-distincion-de-su-medalla-colegial\/","og_locale":"es_ES","og_type":"article","og_title":"El Colegio de Enfermer\u00eda de Tenerife entreg\u00f3 a la Universidad de La Laguna la distinci\u00f3n de su medalla colegial - ULL - Noticias","og_description":"El Colegio de Enfermer&iacute;a de Santa Cruz de Tenerife celebr&oacute; recientemente un acto con motivo de su centenario. En &eacute;ste...","og_url":"https:\/\/www.ull.es\/portal\/noticias\/2012\/el-colegio-de-enfermeria-de-tenerife-entrego-a-la-universidad-de-la-laguna-la-distincion-de-su-medalla-colegial\/","og_site_name":"ULL - Noticias","article_publisher":"https:\/\/www.facebook.com\/universidaddelalaguna\/","article_published_time":"2012-12-11T14:20:22+00:00","og_image":[{"width":600,"height":800,"url":"https:\/\/www.ull.es\/portal\/noticias\/wp-content\/uploads\/sites\/13\/2015\/07\/medalla.jpg","type":"image\/jpeg"}],"author":"prensa2","twitter_card":"summary_large_image","twitter_creator":"@CanalULL","twitter_site":"@CanalULL","twitter_misc":{"Escrito por":"prensa2","Tiempo de lectura":"2 minutos"},"schema":{"@context":"https:\/\/schema.org","@graph":[{"@type":"WebPage","@id":"https:\/\/www.ull.es\/portal\/noticias\/2012\/el-colegio-de-enfermeria-de-tenerife-entrego-a-la-universidad-de-la-laguna-la-distincion-de-su-medalla-colegial\/","url":"https:\/\/www.ull.es\/portal\/noticias\/2012\/el-colegio-de-enfermeria-de-tenerife-entrego-a-la-universidad-de-la-laguna-la-distincion-de-su-medalla-colegial\/","name":"El Colegio de Enfermer\u00eda de Tenerife entreg\u00f3 a la Universidad de La Laguna la distinci\u00f3n de su medalla colegial - ULL - Noticias","isPartOf":{"@id":"https:\/\/www.ull.es\/portal\/noticias\/#website"},"datePublished":"2012-12-11T14:20:22+00:00","dateModified":"2012-12-11T14:20:22+00:00","author":{"@id":"https:\/\/www.ull.es\/portal\/noticias\/#\/schema\/person\/c3b2aa857797592927a03740d6664376"},"breadcrumb":{"@id":"https:\/\/www.ull.es\/portal\/noticias\/2012\/el-colegio-de-enfermeria-de-tenerife-entrego-a-la-universidad-de-la-laguna-la-distincion-de-su-medalla-colegial\/#breadcrumb"},"inLanguage":"es","potentialAction":[{"@type":"ReadAction","target":["https:\/\/www.ull.es\/portal\/noticias\/2012\/el-colegio-de-enfermeria-de-tenerife-entrego-a-la-universidad-de-la-laguna-la-distincion-de-su-medalla-colegial\/"]}]},{"@type":"BreadcrumbList","@id":"https:\/\/www.ull.es\/portal\/noticias\/2012\/el-colegio-de-enfermeria-de-tenerife-entrego-a-la-universidad-de-la-laguna-la-distincion-de-su-medalla-colegial\/#breadcrumb","itemListElement":[{"@type":"ListItem","position":1,"name":"Portada","item":"https:\/\/www.ull.es\/portal\/noticias\/"},{"@type":"ListItem","position":2,"name":"El Colegio de Enfermer\u00eda de Tenerife entreg\u00f3 a la Universidad de La Laguna la distinci\u00f3n de su medalla colegial"}]},{"@type":"WebSite","@id":"https:\/\/www.ull.es\/portal\/noticias\/#website","url":"https:\/\/www.ull.es\/portal\/noticias\/","name":"ULL - Noticias","description":"","potentialAction":[{"@type":"SearchAction","target":{"@type":"EntryPoint","urlTemplate":"https:\/\/www.ull.es\/portal\/noticias\/?s={search_term_string}"},"query-input":"required name=search_term_string"}],"inLanguage":"es"},{"@type":"Person","@id":"https:\/\/www.ull.es\/portal\/noticias\/#\/schema\/person\/c3b2aa857797592927a03740d6664376","name":"prensa2","image":{"@type":"ImageObject","inLanguage":"es","@id":"https:\/\/www.ull.es\/portal\/noticias\/#\/schema\/person\/image\/","url":"https:\/\/secure.gravatar.com\/avatar\/b58f310a5de5feb33d1e026d2493f23c?s=96&d=mm&r=g","contentUrl":"https:\/\/secure.gravatar.com\/avatar\/b58f310a5de5feb33d1e026d2493f23c?s=96&d=mm&r=g","caption":"prensa2"},"url":"https:\/\/www.ull.es\/portal\/noticias\/author\/prensa2\/"}]}},"primary_category":null,"featured_image_thumbnail_url":"https:\/\/www.ull.es\/portal\/noticias\/wp-content\/uploads\/sites\/13\/2015\/07\/medalla-225x300.jpg","_links":{"self":[{"href":"https:\/\/www.ull.es\/portal\/noticias\/wp-json\/wp\/v2\/posts\/20053"}],"collection":[{"href":"https:\/\/www.ull.es\/portal\/noticias\/wp-json\/wp\/v2\/posts"}],"about":[{"href":"https:\/\/www.ull.es\/portal\/noticias\/wp-json\/wp\/v2\/types\/post"}],"author":[{"embeddable":true,"href":"https:\/\/www.ull.es\/portal\/noticias\/wp-json\/wp\/v2\/users\/21"}],"replies":[{"embeddable":true,"href":"https:\/\/www.ull.es\/portal\/noticias\/wp-json\/wp\/v2\/comments?post=20053"}],"version-history":[{"count":0,"href":"https:\/\/www.ull.es\/portal\/noticias\/wp-json\/wp\/v2\/posts\/20053\/revisions"}],"wp:featuredmedia":[{"embeddable":true,"href":"https:\/\/www.ull.es\/portal\/noticias\/wp-json\/wp\/v2\/media\/14251"}],"wp:attachment":[{"href":"https:\/\/www.ull.es\/portal\/noticias\/wp-json\/wp\/v2\/media?parent=20053"}],"wp:term":[{"taxonomy":"category","embeddable":true,"href":"https:\/\/www.ull.es\/portal\/noticias\/wp-json\/wp\/v2\/categories?post=20053"},{"taxonomy":"post_tag","embeddable":true,"href":"https:\/\/www.ull.es\/portal\/noticias\/wp-json\/wp\/v2\/tags?post=20053"}],"curies":[{"name":"wp","href":"https:\/\/api.w.org\/{rel}","templated":true}]}}