{"id":20061,"date":"2012-12-12T14:52:50","date_gmt":"2012-12-12T14:52:50","guid":{"rendered":"http:\/\/ddigital.webs.ull.es\/la-fundacion-tenerife-rural-premia-a-un-profesor-y-a-una-agrupacion-folclorica-de-la-ull\/"},"modified":"2012-12-12T14:52:50","modified_gmt":"2012-12-12T14:52:50","slug":"la-fundacion-tenerife-rural-premia-a-un-profesor-y-a-una-agrupacion-folclorica-de-la-ull","status":"publish","type":"post","link":"https:\/\/www.ull.es\/portal\/noticias\/2012\/la-fundacion-tenerife-rural-premia-a-un-profesor-y-a-una-agrupacion-folclorica-de-la-ull\/","title":{"rendered":"La Fundaci\u00f3n Tenerife Rural premia a un profesor y a una agrupaci\u00f3n folcl\u00f3rica de la ULL"},"content":{"rendered":"<p> \tLa Fundaci&oacute;n Tenerife Rural, patrocinada por el Cabildo Insular de Tenerife, ha otorgado sus premios anuales a las actividades de conservaci&oacute;n de la biodiversidad, el patrimonio, la innovaci&oacute;n y las tradiciones rurales vinculadas a la actividad agraria. Estos galardones tienen como principal objetivo reconocer la trayectoria de aquellas personas o entidades que destacan por su aportaci&oacute;n a la preservaci&oacute;n de la biodiversidad agr&iacute;cola y ganadera, al mantenimiento de las pr&aacute;cticas agrarias tradicionales de alto valor ambiental, a la recuperaci&oacute;n y conservaci&oacute;n del patrimonio rural vinculado a la actividad agraria de Tenerife, a la labor de investigaci&oacute;n y difusi&oacute;n de las tradiciones y a la innovaci&oacute;n empresarial sostenible en el medio rural. Dos distinciones fueron a parar a la Universidad de La Laguna.<\/p>\n<p> \tEl jurado acord&oacute; conceder el Premio Tenerife Rural a la Labor de Investigaci&oacute;n de los Valores del Mundo Rural de Tenerife al grupo folcl&oacute;rico de la Facultad de Educaci&oacute;n de la ULL, tras la propuesta presentada por la Sociedad Cooperativa del Campo La Candelaria, mientras que el Premio a la Labor de Promoci&oacute;n y Difusi&oacute;n de los Valores del Mundo Rural de Tenerife recay&oacute; en el profesor Vicente Manuel Zapata, director del Aula de Turismo Cultural de la ULL, a propuesta de la Asociaci&oacute;n Foro Prebendado de Tegueste.<\/p>\n<p> \tEl galard&oacute;n a la Conservaci&oacute;n de la Biodiversidad y Mantenimiento de Pr&aacute;cticas Agrarias Tradicionales fue para &Aacute;ngel Amaro y Francisca Hern&aacute;ndez, propuestos por el Ayuntamiento de La Orotava; y el Premio a la Conservaci&oacute;n del Patrimonio Agrario y de las Tradiciones Rurales ha sido otorgado a los hijos de Wenceslao Yanes, propuestos por la Sociedad Cooperativa del Campo La Candelaria. En cuanto al Premio a la Iniciativa Empresarial Innovadora y Sostenible en el Medio Rural, ha sido concedido, a propuesta del Ayuntamiento de Gu&iacute;a de Isora, a Canarias Forestal.<\/p>\n<p> \tEl jurado tambi&eacute;n acord&oacute; conceder una menci&oacute;n especial a t&iacute;tulo p&oacute;stumo a Fernando Jim&eacute;nez, presidente de Asaga Canarias durante 14 a&ntilde;os.<\/p>\n<p> \tEl profesor de la ULL Vicente Zapata, tras agradecer el premio, aprovech&oacute; la ocasi&oacute;n para reivindicar &quot;la invalorable contribuci&oacute;n&quot; de los abuelos y abuelas al mantenimiento de muchos de los valores fundamentales del mundo rural.&nbsp; &quot;Son personas clave en nuestro recorrido como sociedad, que nos legaron y siguen transmiti&eacute;ndonos hoy en d&iacute;a su apego y amor por la tierra, por el campo, por lo rural&rdquo;, manifest&oacute;.&nbsp;<\/p>\n<p> \t(Nota cedida)<\/p>\n","protected":false},"excerpt":{"rendered":"<p>La Fundaci&oacute;n Tenerife Rural, patrocinada por el Cabildo Insular de Tenerife, ha otorgado sus premios anuales a las actividades de&#8230;<\/p>\n","protected":false},"author":21,"featured_media":20062,"comment_status":"open","ping_status":"open","sticky":false,"template":"","format":"standard","meta":{"inline_featured_image":false,"footnotes":""},"categories":[344,1],"tags":[],"acf":[],"yoast_head":"<!-- This site is optimized with the Yoast SEO plugin v21.3 - https:\/\/yoast.com\/wordpress\/plugins\/seo\/ -->\n<title>La Fundaci\u00f3n Tenerife Rural premia a un profesor y a una agrupaci\u00f3n folcl\u00f3rica de la ULL - ULL - Noticias<\/title>\n<meta name=\"robots\" content=\"index, follow, max-snippet:-1, max-image-preview:large, max-video-preview:-1\" \/>\n<link rel=\"canonical\" href=\"https:\/\/www.ull.es\/portal\/noticias\/2012\/la-fundacion-tenerife-rural-premia-a-un-profesor-y-a-una-agrupacion-folclorica-de-la-ull\/\" \/>\n<meta property=\"og:locale\" content=\"es_ES\" \/>\n<meta property=\"og:type\" content=\"article\" \/>\n<meta property=\"og:title\" content=\"La Fundaci\u00f3n Tenerife Rural premia a un profesor y a una agrupaci\u00f3n folcl\u00f3rica de la ULL - ULL - Noticias\" \/>\n<meta property=\"og:description\" content=\"La Fundaci&oacute;n Tenerife Rural, patrocinada por el Cabildo Insular de Tenerife, ha otorgado sus premios anuales a las actividades de...\" \/>\n<meta property=\"og:url\" content=\"https:\/\/www.ull.es\/portal\/noticias\/2012\/la-fundacion-tenerife-rural-premia-a-un-profesor-y-a-una-agrupacion-folclorica-de-la-ull\/\" \/>\n<meta property=\"og:site_name\" content=\"ULL - Noticias\" \/>\n<meta property=\"article:publisher\" content=\"https:\/\/www.facebook.com\/universidaddelalaguna\/\" \/>\n<meta property=\"article:published_time\" content=\"2012-12-12T14:52:50+00:00\" \/>\n<meta property=\"og:image\" content=\"https:\/\/www.ull.es\/portal\/noticias\/wp-content\/uploads\/sites\/13\/2015\/07\/premios_tenerife.jpg\" \/>\n\t<meta property=\"og:image:width\" content=\"800\" \/>\n\t<meta property=\"og:image:height\" content=\"600\" \/>\n\t<meta property=\"og:image:type\" content=\"image\/jpeg\" \/>\n<meta name=\"author\" content=\"prensa2\" \/>\n<meta name=\"twitter:card\" content=\"summary_large_image\" \/>\n<meta name=\"twitter:creator\" content=\"@CanalULL\" \/>\n<meta name=\"twitter:site\" content=\"@CanalULL\" \/>\n<meta name=\"twitter:label1\" content=\"Escrito por\" \/>\n\t<meta name=\"twitter:data1\" content=\"prensa2\" \/>\n\t<meta name=\"twitter:label2\" content=\"Tiempo de lectura\" \/>\n\t<meta name=\"twitter:data2\" content=\"2 minutos\" \/>\n<script type=\"application\/ld+json\" class=\"yoast-schema-graph\">{\"@context\":\"https:\/\/schema.org\",\"@graph\":[{\"@type\":\"WebPage\",\"@id\":\"https:\/\/www.ull.es\/portal\/noticias\/2012\/la-fundacion-tenerife-rural-premia-a-un-profesor-y-a-una-agrupacion-folclorica-de-la-ull\/\",\"url\":\"https:\/\/www.ull.es\/portal\/noticias\/2012\/la-fundacion-tenerife-rural-premia-a-un-profesor-y-a-una-agrupacion-folclorica-de-la-ull\/\",\"name\":\"La Fundaci\u00f3n Tenerife Rural premia a un profesor y a una agrupaci\u00f3n folcl\u00f3rica de la ULL - ULL - Noticias\",\"isPartOf\":{\"@id\":\"https:\/\/www.ull.es\/portal\/noticias\/#website\"},\"datePublished\":\"2012-12-12T14:52:50+00:00\",\"dateModified\":\"2012-12-12T14:52:50+00:00\",\"author\":{\"@id\":\"https:\/\/www.ull.es\/portal\/noticias\/#\/schema\/person\/c3b2aa857797592927a03740d6664376\"},\"breadcrumb\":{\"@id\":\"https:\/\/www.ull.es\/portal\/noticias\/2012\/la-fundacion-tenerife-rural-premia-a-un-profesor-y-a-una-agrupacion-folclorica-de-la-ull\/#breadcrumb\"},\"inLanguage\":\"es\",\"potentialAction\":[{\"@type\":\"ReadAction\",\"target\":[\"https:\/\/www.ull.es\/portal\/noticias\/2012\/la-fundacion-tenerife-rural-premia-a-un-profesor-y-a-una-agrupacion-folclorica-de-la-ull\/\"]}]},{\"@type\":\"BreadcrumbList\",\"@id\":\"https:\/\/www.ull.es\/portal\/noticias\/2012\/la-fundacion-tenerife-rural-premia-a-un-profesor-y-a-una-agrupacion-folclorica-de-la-ull\/#breadcrumb\",\"itemListElement\":[{\"@type\":\"ListItem\",\"position\":1,\"name\":\"Portada\",\"item\":\"https:\/\/www.ull.es\/portal\/noticias\/\"},{\"@type\":\"ListItem\",\"position\":2,\"name\":\"La Fundaci\u00f3n Tenerife Rural premia a un profesor y a una agrupaci\u00f3n folcl\u00f3rica de la ULL\"}]},{\"@type\":\"WebSite\",\"@id\":\"https:\/\/www.ull.es\/portal\/noticias\/#website\",\"url\":\"https:\/\/www.ull.es\/portal\/noticias\/\",\"name\":\"ULL - Noticias\",\"description\":\"\",\"potentialAction\":[{\"@type\":\"SearchAction\",\"target\":{\"@type\":\"EntryPoint\",\"urlTemplate\":\"https:\/\/www.ull.es\/portal\/noticias\/?s={search_term_string}\"},\"query-input\":\"required name=search_term_string\"}],\"inLanguage\":\"es\"},{\"@type\":\"Person\",\"@id\":\"https:\/\/www.ull.es\/portal\/noticias\/#\/schema\/person\/c3b2aa857797592927a03740d6664376\",\"name\":\"prensa2\",\"image\":{\"@type\":\"ImageObject\",\"inLanguage\":\"es\",\"@id\":\"https:\/\/www.ull.es\/portal\/noticias\/#\/schema\/person\/image\/\",\"url\":\"https:\/\/secure.gravatar.com\/avatar\/b58f310a5de5feb33d1e026d2493f23c?s=96&d=mm&r=g\",\"contentUrl\":\"https:\/\/secure.gravatar.com\/avatar\/b58f310a5de5feb33d1e026d2493f23c?s=96&d=mm&r=g\",\"caption\":\"prensa2\"},\"url\":\"https:\/\/www.ull.es\/portal\/noticias\/author\/prensa2\/\"}]}<\/script>\n<!-- \/ Yoast SEO plugin. -->","yoast_head_json":{"title":"La Fundaci\u00f3n Tenerife Rural premia a un profesor y a una agrupaci\u00f3n folcl\u00f3rica de la ULL - ULL - Noticias","robots":{"index":"index","follow":"follow","max-snippet":"max-snippet:-1","max-image-preview":"max-image-preview:large","max-video-preview":"max-video-preview:-1"},"canonical":"https:\/\/www.ull.es\/portal\/noticias\/2012\/la-fundacion-tenerife-rural-premia-a-un-profesor-y-a-una-agrupacion-folclorica-de-la-ull\/","og_locale":"es_ES","og_type":"article","og_title":"La Fundaci\u00f3n Tenerife Rural premia a un profesor y a una agrupaci\u00f3n folcl\u00f3rica de la ULL - ULL - Noticias","og_description":"La Fundaci&oacute;n Tenerife Rural, patrocinada por el Cabildo Insular de Tenerife, ha otorgado sus premios anuales a las actividades de...","og_url":"https:\/\/www.ull.es\/portal\/noticias\/2012\/la-fundacion-tenerife-rural-premia-a-un-profesor-y-a-una-agrupacion-folclorica-de-la-ull\/","og_site_name":"ULL - Noticias","article_publisher":"https:\/\/www.facebook.com\/universidaddelalaguna\/","article_published_time":"2012-12-12T14:52:50+00:00","og_image":[{"width":800,"height":600,"url":"https:\/\/www.ull.es\/portal\/noticias\/wp-content\/uploads\/sites\/13\/2015\/07\/premios_tenerife.jpg","type":"image\/jpeg"}],"author":"prensa2","twitter_card":"summary_large_image","twitter_creator":"@CanalULL","twitter_site":"@CanalULL","twitter_misc":{"Escrito por":"prensa2","Tiempo de lectura":"2 minutos"},"schema":{"@context":"https:\/\/schema.org","@graph":[{"@type":"WebPage","@id":"https:\/\/www.ull.es\/portal\/noticias\/2012\/la-fundacion-tenerife-rural-premia-a-un-profesor-y-a-una-agrupacion-folclorica-de-la-ull\/","url":"https:\/\/www.ull.es\/portal\/noticias\/2012\/la-fundacion-tenerife-rural-premia-a-un-profesor-y-a-una-agrupacion-folclorica-de-la-ull\/","name":"La Fundaci\u00f3n Tenerife Rural premia a un profesor y a una agrupaci\u00f3n folcl\u00f3rica de la ULL - ULL - Noticias","isPartOf":{"@id":"https:\/\/www.ull.es\/portal\/noticias\/#website"},"datePublished":"2012-12-12T14:52:50+00:00","dateModified":"2012-12-12T14:52:50+00:00","author":{"@id":"https:\/\/www.ull.es\/portal\/noticias\/#\/schema\/person\/c3b2aa857797592927a03740d6664376"},"breadcrumb":{"@id":"https:\/\/www.ull.es\/portal\/noticias\/2012\/la-fundacion-tenerife-rural-premia-a-un-profesor-y-a-una-agrupacion-folclorica-de-la-ull\/#breadcrumb"},"inLanguage":"es","potentialAction":[{"@type":"ReadAction","target":["https:\/\/www.ull.es\/portal\/noticias\/2012\/la-fundacion-tenerife-rural-premia-a-un-profesor-y-a-una-agrupacion-folclorica-de-la-ull\/"]}]},{"@type":"BreadcrumbList","@id":"https:\/\/www.ull.es\/portal\/noticias\/2012\/la-fundacion-tenerife-rural-premia-a-un-profesor-y-a-una-agrupacion-folclorica-de-la-ull\/#breadcrumb","itemListElement":[{"@type":"ListItem","position":1,"name":"Portada","item":"https:\/\/www.ull.es\/portal\/noticias\/"},{"@type":"ListItem","position":2,"name":"La Fundaci\u00f3n Tenerife Rural premia a un profesor y a una agrupaci\u00f3n folcl\u00f3rica de la ULL"}]},{"@type":"WebSite","@id":"https:\/\/www.ull.es\/portal\/noticias\/#website","url":"https:\/\/www.ull.es\/portal\/noticias\/","name":"ULL - Noticias","description":"","potentialAction":[{"@type":"SearchAction","target":{"@type":"EntryPoint","urlTemplate":"https:\/\/www.ull.es\/portal\/noticias\/?s={search_term_string}"},"query-input":"required name=search_term_string"}],"inLanguage":"es"},{"@type":"Person","@id":"https:\/\/www.ull.es\/portal\/noticias\/#\/schema\/person\/c3b2aa857797592927a03740d6664376","name":"prensa2","image":{"@type":"ImageObject","inLanguage":"es","@id":"https:\/\/www.ull.es\/portal\/noticias\/#\/schema\/person\/image\/","url":"https:\/\/secure.gravatar.com\/avatar\/b58f310a5de5feb33d1e026d2493f23c?s=96&d=mm&r=g","contentUrl":"https:\/\/secure.gravatar.com\/avatar\/b58f310a5de5feb33d1e026d2493f23c?s=96&d=mm&r=g","caption":"prensa2"},"url":"https:\/\/www.ull.es\/portal\/noticias\/author\/prensa2\/"}]}},"primary_category":null,"featured_image_thumbnail_url":"https:\/\/www.ull.es\/portal\/noticias\/wp-content\/uploads\/sites\/13\/2015\/07\/premios_tenerife-300x225.jpg","_links":{"self":[{"href":"https:\/\/www.ull.es\/portal\/noticias\/wp-json\/wp\/v2\/posts\/20061"}],"collection":[{"href":"https:\/\/www.ull.es\/portal\/noticias\/wp-json\/wp\/v2\/posts"}],"about":[{"href":"https:\/\/www.ull.es\/portal\/noticias\/wp-json\/wp\/v2\/types\/post"}],"author":[{"embeddable":true,"href":"https:\/\/www.ull.es\/portal\/noticias\/wp-json\/wp\/v2\/users\/21"}],"replies":[{"embeddable":true,"href":"https:\/\/www.ull.es\/portal\/noticias\/wp-json\/wp\/v2\/comments?post=20061"}],"version-history":[{"count":0,"href":"https:\/\/www.ull.es\/portal\/noticias\/wp-json\/wp\/v2\/posts\/20061\/revisions"}],"wp:featuredmedia":[{"embeddable":true,"href":"https:\/\/www.ull.es\/portal\/noticias\/wp-json\/wp\/v2\/media\/20062"}],"wp:attachment":[{"href":"https:\/\/www.ull.es\/portal\/noticias\/wp-json\/wp\/v2\/media?parent=20061"}],"wp:term":[{"taxonomy":"category","embeddable":true,"href":"https:\/\/www.ull.es\/portal\/noticias\/wp-json\/wp\/v2\/categories?post=20061"},{"taxonomy":"post_tag","embeddable":true,"href":"https:\/\/www.ull.es\/portal\/noticias\/wp-json\/wp\/v2\/tags?post=20061"}],"curies":[{"name":"wp","href":"https:\/\/api.w.org\/{rel}","templated":true}]}}