{"id":20069,"date":"2012-12-13T15:34:42","date_gmt":"2012-12-13T15:34:42","guid":{"rendered":"http:\/\/ddigital.webs.ull.es\/la-red-espanola-de-filosofia-manifiesta-su-alarma-por-la-eliminacion-de-esta-materia-en-la-nueva-ley-de-educacion\/"},"modified":"2012-12-13T15:34:42","modified_gmt":"2012-12-13T15:34:42","slug":"la-red-espanola-de-filosofia-manifiesta-su-alarma-por-la-eliminacion-de-esta-materia-en-la-nueva-ley-de-educacion","status":"publish","type":"post","link":"https:\/\/www.ull.es\/portal\/noticias\/2012\/la-red-espanola-de-filosofia-manifiesta-su-alarma-por-la-eliminacion-de-esta-materia-en-la-nueva-ley-de-educacion\/","title":{"rendered":"La Red Espa\u00f1ola de Filosof\u00eda manifiesta su alarma por la eliminaci\u00f3n de esta materia en la nueva Ley de Educaci\u00f3n"},"content":{"rendered":"<p> \tLa Red Espa&ntilde;ola de Filosof&iacute;a, &oacute;rgano del cual forman parte los decanatos de las facultades de Filosof&iacute;a, incluyendo el de la Universidad de La Laguna, emiti&oacute; el pasado 12 de diciembre un comunicado en el que manifiesta su alarma por la supresi&oacute;n de horas que se va a dedicar a esta materia seg&uacute;n la nueva la Ley Org&aacute;nica de Mejora de la Calidad Educativa (LOMCE). A continuaci&oacute;n se reproduce &iacute;ntegramente el texto:<\/p>\n<p> \t&ldquo;Tras conocer el segundo borrador de la Ley Org&aacute;nica de Mejora de la Calidad Educativa (LOMCE), la RED ESPA&Ntilde;OLA DE FILOSOF&Iacute;A -que agrupa a la Conferencia Espa&ntilde;ola de Decanatos de Filosof&iacute;a, el Instituto de Filosof&iacute;a del CSIC y treinta y cinco asociaciones de profesionales de la Filosof&iacute;a de todos los niveles educativos y comunidades aut&oacute;nomas- considera necesario informar a la opini&oacute;n p&uacute;blica de lo siguiente:<\/p>\n<p> \t1.&nbsp;&nbsp;&nbsp; La LOMCE elimina dos de las tres materias obligatorias que componen el ciclo de los estudios de Filosof&iacute;a en la Educaci&oacute;n Secundaria (la &Eacute;tica de 4&ordm; de ESO, denominada actualmente &ldquo;Educaci&oacute;n &Eacute;tico-C&iacute;vica&rdquo;, y la &quot;Historia de la Filosof&iacute;a&quot; de 2&ordm; de Bachillerato), y deja solamente una materia obligatoria (la &quot;Filosof&iacute;a&quot; de 1&ordm; de Bachillerato), lo que supone una reducci&oacute;n del 66,6% del curr&iacute;culum de Filosof&iacute;a. Es el recorte m&aacute;s brutal que sufren los estudios de Filosof&iacute;a en toda la historia de la democracia espa&ntilde;ola.<\/p>\n<p> \t2.&nbsp;&nbsp;&nbsp; Este recorte destruye lo que ha sido un pilar b&aacute;sico del sistema educativo espa&ntilde;ol durante las tres &uacute;ltimas d&eacute;cadas. Adem&aacute;s, entra en contradicci&oacute;n con los objetivos formativos declarados en el pre&aacute;mbulo de la LOMCE y contradice tambi&eacute;n las recomendaciones de la UNESCO, que en su informe La Filosof&iacute;a, una escuela de libertad (2007), atribuye a la Filosof&iacute;a un papel formativo fundamental y por ello considera que debe formar parte del curr&iacute;culum b&aacute;sico del alumnado en todos los sistemas educativos del mundo.<\/p>\n<p> \t3.&nbsp;&nbsp;&nbsp; Los estudios de Filosof&iacute;a proporcionan al alumnado una triple formaci&oacute;n: a) una formaci&oacute;n instrumental en el uso del lenguaje oral y escrito, que le ayuda a mejorar sus capacidades de razonamiento, comprensi&oacute;n y comunicaci&oacute;n; b) una formaci&oacute;n transversal e interdisciplinar, que le permite conectar los diversos saberes del curr&iacute;culum y contar con una mayor capacidad de juicio para afrontar la complejidad del mundo contempor&aacute;neo; c) una formaci&oacute;n integral, que le ayuda a conciliar el conocimiento, la moral y la sensibilidad, y que es imprescindible para su maduraci&oacute;n personal y su cualificaci&oacute;n profesional.<\/p>\n<p> \t4.&nbsp;&nbsp;&nbsp; Por todo ello, pedimos al Ministerio de Educaci&oacute;n que se mantengan las tres materias obligatorias de Filosof&iacute;a en los tres &uacute;ltimos cursos de la Educaci&oacute;n Secundaria (4&ordm; de ESO, 1&ordm; y 2&ordm; de Bachillerato), puesto que entre las tres componen un ciclo formativo completo y coherente, acad&eacute;micamente equiparable al de las otras materias que han sido reconocidas por la LOMCE como materias troncales: Lengua, Matem&aacute;ticas, Historia e Ingl&eacute;s.<\/p>\n<p> \t5.&nbsp;&nbsp;&nbsp; Rechazamos que la Filosof&iacute;a sea utilizada una y otra vez, por los sucesivos gobiernos de Espa&ntilde;a, como un comod&iacute;n que se estira y se encoge caprichosamente, con cada nueva reforma educativa; como un arma arrojadiza en la lucha ideol&oacute;gica entre los dos partidos mayoritarios; o como una moneda de cambio susceptible de ser intercambiada por la ense&ntilde;anza de la Religi&oacute;n cat&oacute;lica. La Filosof&iacute;a tiene una larga y s&oacute;lida tradici&oacute;n acad&eacute;mica, que es independiente de las diversas ideolog&iacute;as pol&iacute;ticas y de las diversas confesiones religiosas, y que constituye una se&ntilde;a de identidad imprescindible de la cultura occidental.<\/p>\n<p> \t6.&nbsp;&nbsp;&nbsp; Hemos enviado una carta al Ministro de Educaci&oacute;n, Jos&eacute; Ignacio Wert, solicit&aacute;ndole una entrevista y manifest&aacute;ndole nuestra disposici&oacute;n a cooperar con su equipo ministerial para dise&ntilde;ar el curr&iacute;culum de las tres materias obligatorias que componen actualmente el ciclo de los estudios de Filosof&iacute;a en la ense&ntilde;anza secundaria, con el fin de asegurar que sea un ciclo progresivo, coherente y riguroso, y que est&eacute; a la altura del mundo en que vivimos.<\/p>\n<p> \tMadrid, 12 de diciembre de 2012&rdquo;<br \/> \t&nbsp;<\/p>\n","protected":false},"excerpt":{"rendered":"<p>La Red Espa&ntilde;ola de Filosof&iacute;a, &oacute;rgano del cual forman parte los decanatos de las facultades de Filosof&iacute;a, incluyendo el de&#8230;<\/p>\n","protected":false},"author":21,"featured_media":17586,"comment_status":"open","ping_status":"open","sticky":false,"template":"","format":"standard","meta":{"inline_featured_image":false,"footnotes":""},"categories":[348,1],"tags":[],"acf":[],"yoast_head":"<!-- This site is optimized with the Yoast SEO plugin v21.3 - https:\/\/yoast.com\/wordpress\/plugins\/seo\/ -->\n<title>La Red Espa\u00f1ola de Filosof\u00eda manifiesta su alarma por la eliminaci\u00f3n de esta materia en la nueva Ley de Educaci\u00f3n - ULL - Noticias<\/title>\n<meta name=\"robots\" content=\"index, follow, max-snippet:-1, max-image-preview:large, max-video-preview:-1\" \/>\n<link rel=\"canonical\" href=\"https:\/\/www.ull.es\/portal\/noticias\/2012\/la-red-espanola-de-filosofia-manifiesta-su-alarma-por-la-eliminacion-de-esta-materia-en-la-nueva-ley-de-educacion\/\" \/>\n<meta property=\"og:locale\" content=\"es_ES\" \/>\n<meta property=\"og:type\" content=\"article\" \/>\n<meta property=\"og:title\" content=\"La Red Espa\u00f1ola de Filosof\u00eda manifiesta su alarma por la eliminaci\u00f3n de esta materia en la nueva Ley de Educaci\u00f3n - ULL - Noticias\" \/>\n<meta property=\"og:description\" content=\"La Red Espa&ntilde;ola de Filosof&iacute;a, &oacute;rgano del cual forman parte los decanatos de las facultades de Filosof&iacute;a, incluyendo el de...\" \/>\n<meta property=\"og:url\" content=\"https:\/\/www.ull.es\/portal\/noticias\/2012\/la-red-espanola-de-filosofia-manifiesta-su-alarma-por-la-eliminacion-de-esta-materia-en-la-nueva-ley-de-educacion\/\" \/>\n<meta property=\"og:site_name\" content=\"ULL - Noticias\" \/>\n<meta property=\"article:publisher\" content=\"https:\/\/www.facebook.com\/universidaddelalaguna\/\" \/>\n<meta property=\"article:published_time\" content=\"2012-12-13T15:34:42+00:00\" \/>\n<meta property=\"og:image\" content=\"https:\/\/www.ull.es\/portal\/noticias\/wp-content\/uploads\/sites\/13\/2015\/07\/filosofia.jpg\" \/>\n\t<meta property=\"og:image:width\" content=\"260\" \/>\n\t<meta property=\"og:image:height\" content=\"173\" \/>\n\t<meta property=\"og:image:type\" content=\"image\/jpeg\" \/>\n<meta name=\"author\" content=\"prensa2\" \/>\n<meta name=\"twitter:card\" content=\"summary_large_image\" \/>\n<meta name=\"twitter:creator\" content=\"@CanalULL\" \/>\n<meta name=\"twitter:site\" content=\"@CanalULL\" \/>\n<meta name=\"twitter:label1\" content=\"Escrito por\" \/>\n\t<meta name=\"twitter:data1\" content=\"prensa2\" \/>\n\t<meta name=\"twitter:label2\" content=\"Tiempo de lectura\" \/>\n\t<meta name=\"twitter:data2\" content=\"4 minutos\" \/>\n<script type=\"application\/ld+json\" class=\"yoast-schema-graph\">{\"@context\":\"https:\/\/schema.org\",\"@graph\":[{\"@type\":\"WebPage\",\"@id\":\"https:\/\/www.ull.es\/portal\/noticias\/2012\/la-red-espanola-de-filosofia-manifiesta-su-alarma-por-la-eliminacion-de-esta-materia-en-la-nueva-ley-de-educacion\/\",\"url\":\"https:\/\/www.ull.es\/portal\/noticias\/2012\/la-red-espanola-de-filosofia-manifiesta-su-alarma-por-la-eliminacion-de-esta-materia-en-la-nueva-ley-de-educacion\/\",\"name\":\"La Red Espa\u00f1ola de Filosof\u00eda manifiesta su alarma por la eliminaci\u00f3n de esta materia en la nueva Ley de Educaci\u00f3n - ULL - Noticias\",\"isPartOf\":{\"@id\":\"https:\/\/www.ull.es\/portal\/noticias\/#website\"},\"datePublished\":\"2012-12-13T15:34:42+00:00\",\"dateModified\":\"2012-12-13T15:34:42+00:00\",\"author\":{\"@id\":\"https:\/\/www.ull.es\/portal\/noticias\/#\/schema\/person\/c3b2aa857797592927a03740d6664376\"},\"breadcrumb\":{\"@id\":\"https:\/\/www.ull.es\/portal\/noticias\/2012\/la-red-espanola-de-filosofia-manifiesta-su-alarma-por-la-eliminacion-de-esta-materia-en-la-nueva-ley-de-educacion\/#breadcrumb\"},\"inLanguage\":\"es\",\"potentialAction\":[{\"@type\":\"ReadAction\",\"target\":[\"https:\/\/www.ull.es\/portal\/noticias\/2012\/la-red-espanola-de-filosofia-manifiesta-su-alarma-por-la-eliminacion-de-esta-materia-en-la-nueva-ley-de-educacion\/\"]}]},{\"@type\":\"BreadcrumbList\",\"@id\":\"https:\/\/www.ull.es\/portal\/noticias\/2012\/la-red-espanola-de-filosofia-manifiesta-su-alarma-por-la-eliminacion-de-esta-materia-en-la-nueva-ley-de-educacion\/#breadcrumb\",\"itemListElement\":[{\"@type\":\"ListItem\",\"position\":1,\"name\":\"Portada\",\"item\":\"https:\/\/www.ull.es\/portal\/noticias\/\"},{\"@type\":\"ListItem\",\"position\":2,\"name\":\"La Red Espa\u00f1ola de Filosof\u00eda manifiesta su alarma por la eliminaci\u00f3n de esta materia en la nueva Ley de Educaci\u00f3n\"}]},{\"@type\":\"WebSite\",\"@id\":\"https:\/\/www.ull.es\/portal\/noticias\/#website\",\"url\":\"https:\/\/www.ull.es\/portal\/noticias\/\",\"name\":\"ULL - Noticias\",\"description\":\"\",\"potentialAction\":[{\"@type\":\"SearchAction\",\"target\":{\"@type\":\"EntryPoint\",\"urlTemplate\":\"https:\/\/www.ull.es\/portal\/noticias\/?s={search_term_string}\"},\"query-input\":\"required name=search_term_string\"}],\"inLanguage\":\"es\"},{\"@type\":\"Person\",\"@id\":\"https:\/\/www.ull.es\/portal\/noticias\/#\/schema\/person\/c3b2aa857797592927a03740d6664376\",\"name\":\"prensa2\",\"image\":{\"@type\":\"ImageObject\",\"inLanguage\":\"es\",\"@id\":\"https:\/\/www.ull.es\/portal\/noticias\/#\/schema\/person\/image\/\",\"url\":\"https:\/\/secure.gravatar.com\/avatar\/b58f310a5de5feb33d1e026d2493f23c?s=96&d=mm&r=g\",\"contentUrl\":\"https:\/\/secure.gravatar.com\/avatar\/b58f310a5de5feb33d1e026d2493f23c?s=96&d=mm&r=g\",\"caption\":\"prensa2\"},\"url\":\"https:\/\/www.ull.es\/portal\/noticias\/author\/prensa2\/\"}]}<\/script>\n<!-- \/ Yoast SEO plugin. -->","yoast_head_json":{"title":"La Red Espa\u00f1ola de Filosof\u00eda manifiesta su alarma por la eliminaci\u00f3n de esta materia en la nueva Ley de Educaci\u00f3n - ULL - Noticias","robots":{"index":"index","follow":"follow","max-snippet":"max-snippet:-1","max-image-preview":"max-image-preview:large","max-video-preview":"max-video-preview:-1"},"canonical":"https:\/\/www.ull.es\/portal\/noticias\/2012\/la-red-espanola-de-filosofia-manifiesta-su-alarma-por-la-eliminacion-de-esta-materia-en-la-nueva-ley-de-educacion\/","og_locale":"es_ES","og_type":"article","og_title":"La Red Espa\u00f1ola de Filosof\u00eda manifiesta su alarma por la eliminaci\u00f3n de esta materia en la nueva Ley de Educaci\u00f3n - ULL - Noticias","og_description":"La Red Espa&ntilde;ola de Filosof&iacute;a, &oacute;rgano del cual forman parte los decanatos de las facultades de Filosof&iacute;a, incluyendo el de...","og_url":"https:\/\/www.ull.es\/portal\/noticias\/2012\/la-red-espanola-de-filosofia-manifiesta-su-alarma-por-la-eliminacion-de-esta-materia-en-la-nueva-ley-de-educacion\/","og_site_name":"ULL - Noticias","article_publisher":"https:\/\/www.facebook.com\/universidaddelalaguna\/","article_published_time":"2012-12-13T15:34:42+00:00","og_image":[{"width":260,"height":173,"url":"https:\/\/www.ull.es\/portal\/noticias\/wp-content\/uploads\/sites\/13\/2015\/07\/filosofia.jpg","type":"image\/jpeg"}],"author":"prensa2","twitter_card":"summary_large_image","twitter_creator":"@CanalULL","twitter_site":"@CanalULL","twitter_misc":{"Escrito por":"prensa2","Tiempo de lectura":"4 minutos"},"schema":{"@context":"https:\/\/schema.org","@graph":[{"@type":"WebPage","@id":"https:\/\/www.ull.es\/portal\/noticias\/2012\/la-red-espanola-de-filosofia-manifiesta-su-alarma-por-la-eliminacion-de-esta-materia-en-la-nueva-ley-de-educacion\/","url":"https:\/\/www.ull.es\/portal\/noticias\/2012\/la-red-espanola-de-filosofia-manifiesta-su-alarma-por-la-eliminacion-de-esta-materia-en-la-nueva-ley-de-educacion\/","name":"La Red Espa\u00f1ola de Filosof\u00eda manifiesta su alarma por la eliminaci\u00f3n de esta materia en la nueva Ley de Educaci\u00f3n - ULL - Noticias","isPartOf":{"@id":"https:\/\/www.ull.es\/portal\/noticias\/#website"},"datePublished":"2012-12-13T15:34:42+00:00","dateModified":"2012-12-13T15:34:42+00:00","author":{"@id":"https:\/\/www.ull.es\/portal\/noticias\/#\/schema\/person\/c3b2aa857797592927a03740d6664376"},"breadcrumb":{"@id":"https:\/\/www.ull.es\/portal\/noticias\/2012\/la-red-espanola-de-filosofia-manifiesta-su-alarma-por-la-eliminacion-de-esta-materia-en-la-nueva-ley-de-educacion\/#breadcrumb"},"inLanguage":"es","potentialAction":[{"@type":"ReadAction","target":["https:\/\/www.ull.es\/portal\/noticias\/2012\/la-red-espanola-de-filosofia-manifiesta-su-alarma-por-la-eliminacion-de-esta-materia-en-la-nueva-ley-de-educacion\/"]}]},{"@type":"BreadcrumbList","@id":"https:\/\/www.ull.es\/portal\/noticias\/2012\/la-red-espanola-de-filosofia-manifiesta-su-alarma-por-la-eliminacion-de-esta-materia-en-la-nueva-ley-de-educacion\/#breadcrumb","itemListElement":[{"@type":"ListItem","position":1,"name":"Portada","item":"https:\/\/www.ull.es\/portal\/noticias\/"},{"@type":"ListItem","position":2,"name":"La Red Espa\u00f1ola de Filosof\u00eda manifiesta su alarma por la eliminaci\u00f3n de esta materia en la nueva Ley de Educaci\u00f3n"}]},{"@type":"WebSite","@id":"https:\/\/www.ull.es\/portal\/noticias\/#website","url":"https:\/\/www.ull.es\/portal\/noticias\/","name":"ULL - Noticias","description":"","potentialAction":[{"@type":"SearchAction","target":{"@type":"EntryPoint","urlTemplate":"https:\/\/www.ull.es\/portal\/noticias\/?s={search_term_string}"},"query-input":"required name=search_term_string"}],"inLanguage":"es"},{"@type":"Person","@id":"https:\/\/www.ull.es\/portal\/noticias\/#\/schema\/person\/c3b2aa857797592927a03740d6664376","name":"prensa2","image":{"@type":"ImageObject","inLanguage":"es","@id":"https:\/\/www.ull.es\/portal\/noticias\/#\/schema\/person\/image\/","url":"https:\/\/secure.gravatar.com\/avatar\/b58f310a5de5feb33d1e026d2493f23c?s=96&d=mm&r=g","contentUrl":"https:\/\/secure.gravatar.com\/avatar\/b58f310a5de5feb33d1e026d2493f23c?s=96&d=mm&r=g","caption":"prensa2"},"url":"https:\/\/www.ull.es\/portal\/noticias\/author\/prensa2\/"}]}},"primary_category":null,"featured_image_thumbnail_url":"https:\/\/www.ull.es\/portal\/noticias\/wp-content\/uploads\/sites\/13\/2015\/07\/filosofia.jpg","_links":{"self":[{"href":"https:\/\/www.ull.es\/portal\/noticias\/wp-json\/wp\/v2\/posts\/20069"}],"collection":[{"href":"https:\/\/www.ull.es\/portal\/noticias\/wp-json\/wp\/v2\/posts"}],"about":[{"href":"https:\/\/www.ull.es\/portal\/noticias\/wp-json\/wp\/v2\/types\/post"}],"author":[{"embeddable":true,"href":"https:\/\/www.ull.es\/portal\/noticias\/wp-json\/wp\/v2\/users\/21"}],"replies":[{"embeddable":true,"href":"https:\/\/www.ull.es\/portal\/noticias\/wp-json\/wp\/v2\/comments?post=20069"}],"version-history":[{"count":0,"href":"https:\/\/www.ull.es\/portal\/noticias\/wp-json\/wp\/v2\/posts\/20069\/revisions"}],"wp:featuredmedia":[{"embeddable":true,"href":"https:\/\/www.ull.es\/portal\/noticias\/wp-json\/wp\/v2\/media\/17586"}],"wp:attachment":[{"href":"https:\/\/www.ull.es\/portal\/noticias\/wp-json\/wp\/v2\/media?parent=20069"}],"wp:term":[{"taxonomy":"category","embeddable":true,"href":"https:\/\/www.ull.es\/portal\/noticias\/wp-json\/wp\/v2\/categories?post=20069"},{"taxonomy":"post_tag","embeddable":true,"href":"https:\/\/www.ull.es\/portal\/noticias\/wp-json\/wp\/v2\/tags?post=20069"}],"curies":[{"name":"wp","href":"https:\/\/api.w.org\/{rel}","templated":true}]}}