{"id":20079,"date":"2012-12-15T11:02:48","date_gmt":"2012-12-15T11:02:48","guid":{"rendered":"http:\/\/ddigital.webs.ull.es\/el-paraninfo-acogio-la-gala-de-entrega-de-sus-premios-culturales-2012\/"},"modified":"2012-12-15T11:02:48","modified_gmt":"2012-12-15T11:02:48","slug":"el-paraninfo-acogio-la-gala-de-entrega-de-sus-premios-culturales-2012","status":"publish","type":"post","link":"https:\/\/www.ull.es\/portal\/noticias\/2012\/el-paraninfo-acogio-la-gala-de-entrega-de-sus-premios-culturales-2012\/","title":{"rendered":"El Paraninfo acogi\u00f3 la gala de entrega de sus Premios Culturales 2012"},"content":{"rendered":"<p align=\"justify\"><span lang=\"ES-MODERN\">El Paraninfo de la Universidad de La Laguna acogi\u00f3 la noche de ayer, viernes 14 de diciembre, su ya tradicional gala de entrega de los galardones culturales que anualmente convoca la instituci\u00f3n acad\u00e9mica. La velada estuvo presentada por la periodista Irma Cervino y cont\u00f3 con la actuaci\u00f3n musical del d\u00fao de flauta y violonchelo Contempor\u00e1neo, al final de la sesi\u00f3n.<\/span><\/p>\n<p align=\"justify\"><span lang=\"ES-MODERN\">Estos cert\u00e1menes nacieron en 1996 y poco a poco han ido incorporando diferentes modalidades hasta abarcar pr\u00e1cticamente todas las disciplinas art\u00edsticas, y han alcanzado rango internacional. As\u00ed, en esta convocatoria hubo representantes de toda Espa\u00f1a y de dieciocho pa\u00edses diferente: Argentina, Cuba, M\u00e9xico, Uruguay, Chile, El Salvador, Per\u00fa, Panam\u00e1, Rep\u00fablica Dominicana, Ecuador, Venezuela, Reino Unido, Rumania, Alemania, Estados Unidos, Canad\u00e1 y Nueva Zelanda.<\/span><\/p>\n<p align=\"justify\"><span lang=\"ES-MODERN\">El objetivo de estos premios es, sobre todo, promocionar la obra de los nuevos creadores, por lo que la organizaci\u00f3n considera que, m\u00e1s importante que la remuneraci\u00f3n econ\u00f3mica otorgada, es la publicaci\u00f3n de las obras ganadoras, as\u00ed como su difusi\u00f3n p\u00fablica mediante muestras y exposiciones.<\/span><\/p>\n<p align=\"justify\"><span lang=\"ES-MODERN\">En el acto estuvieron presentes el rector de la ULL, Eduardo Dom\u00e9nech; el alcalde San Crist\u00f3bal de La Laguna, Fernando Clavijo; el director general de Cultura del Gobierno de Canarias, Aurelio Gonz\u00e1lez; la vicerrectora de Relaciones Universidad y Sociedad, N\u00e9lida Rancel; y la directora del Secretariado de Cultura de la ULL; Mar\u00eda Luisa Hodgson.<\/span><\/p>\n<p align=\"justify\"><span lang=\"ES-MODERN\"><b>Premiados<\/b><\/span><\/p>\n<p align=\"justify\"><span lang=\"ES-MODERN\">El primer galard\u00f3n que se entreg\u00f3 fue el correspondiente al XIV Premio Internacional de Poes\u00eda Luis Feria, al que concurrieron 49 trabajos y cuyo ganador fue Bernardo Santos Ramos con el poemario titulado \u00abGlobal y Roto\u00bb. El jurado que lo concedi\u00f3 estuvo presidido por Javier de la Rosa y cont\u00f3 con Elica Ramos como vocal.<\/span><\/p>\n<p align=\"justify\"><span lang=\"ES-MODERN\">A continuaci\u00f3n se entreg\u00f3 el XV Premio Internacional de Teatro de Autor Domingo P\u00e9rez Minik, en el que participaron 47 obras y result\u00f3 ganadora la pieza \u00abNada entre la luna y yo\u00bb, de Victoria Oramas Monta\u00f1ez. El jurado estuvo presidido Rafael Fern\u00e1ndez Hern\u00e1ndez y cont\u00f3 con Carmen M\u00e1rquez Montes y Enzo Scala como vocales.<\/span><\/p>\n<p align=\"justify\"><span lang=\"ES-MODERN\">El ganador del XVII Premio Internacional de Fotograf\u00eda Rafael Ramos Garc\u00eda fue F\u00e9lix Capote, en la modalidad individual por el trabajo titulado \u00abRetrato\u00bb, y Fernando Flores Hueca en la modalidad de serie, por el grupo de cuatro im\u00e1genes \u00abDeshabitados\u00bb. El jurado de este premio estuvo integrado por Carmelo Vega de la Rosa como presidente, y Francisco Acosta y Narciso Ramos como vocales. Se registr\u00f3 una participaci\u00f3n de 317 im\u00e1genes entre las dos modalidades.<\/span><\/p>\n<p align=\"justify\"><span lang=\"ES-MODERN\">Seguidamente, se dio paso al XVI Premio Internacional Julio Cort\u00e1zar de Relato Breve, al que se presentaron 254 escritos y fue nombrado ganador Jaime Leonardo Kleidermacher por \u00abObsesi\u00f3n\u00bb. Adem\u00e1s, el jurado compuesto por Ricardo Garc\u00eda Luis como presidente, y Quint\u00edn Alonso y Juan P\u00e9rez Rosales como vocales, decidi\u00f3 entregar acc\u00e9sit a los trabajos \u00abFrancino\u00bb, de Jos\u00e9 Enrique Campillo \u00c1lvarez; \u00abAgua Hundida\u00bb, de Manuel Sosa Alonso; \u00abEn familia\u00bb, de N\u00e9stor Portnoy Gordon; \u00abEl avioncito \u00c1lvarez\u00bb, de Miguel Ruiz Poo; y \u00abHerm\u00e9tica\u00bb, de Pablo Jos\u00e9 Maronda Ruiz.<\/span><\/p>\n<p align=\"justify\"><span lang=\"ES-MODERN\">A continuaci\u00f3n se dio paso a VII Premio de M\u00fasica de la Universidad de La Laguna, cuyo jurado estuvo compuesto por Enrique Perdomo como presidente y David \u00c1lvarez P\u00e9rez, Sergio Negr\u00edn y Yolanda Cordob\u00e9s como vocales. Este certamen tiene una mec\u00e1nica particular, pues se decide durante la celebraci\u00f3n del Festival ULL Rock, en el que act\u00faan los seis grupos finalistas, seleccionados de entre los 13 presentados, y sirve para designar a los vencedores. En primera posici\u00f3n qued\u00f3 el grupo Gasusa, mientras que Gingerbread Soldiers se clasific\u00f3 en segundo lugar.<\/span><\/p>\n<p align=\"justify\"><span lang=\"ES-MODERN\">Otros de los galardones con un desarrollo diferente es el VIII Premio de Relato Breve D\u00eda del Libro, pues los trabajos presentados deben escribirse a mano en la Biblioteca de la Universidad de La Laguna en un d\u00eda determinado. El jurado, compuesto por Fernando Rodr\u00edguez Junco y F\u00e9lix R\u00edos Torres como co-presidentes; Ana Criado Pe\u00f1a y Juan Manuel Torres Vera como vocales, decidi\u00f3 declarar ganador a \u00abLos due\u00f1os del mar\u00bb, de Sergio Mir Rivero. Como finalistas fueron designados \u00abEl silencio de Dios\u00bb, de Paulo J. Hern\u00e1ndez Plasencia; \u00abPrisionero de un mundo feliz\u00bb, de Carlos Javier Eguren Hern\u00e1ndez; \u00abPulso\u00bb, de Rodrigo Delgado Salvador; y \u00abEl ascenso\u00bb, de Daniel Hern\u00e1ndez Rodr\u00edguez.<\/span><\/p>\n<p align=\"justify\"><span lang=\"ES-MODERN\">En el XVI Premio Nacional de Pintura Enrique Lite participaron 58 trabajos. El jurado, presidido por Maribel Nazco Hern\u00e1ndez y con Sabina Gau Pudelco y Severo Acosta como vocales, decidi\u00f3 entregar el primer premio a la obra \u00abMina\u00bb de Dus\u00e1n G\u00f3mez D\u00e9niz; el segundo a \u00abBa\u00f1o blanco con suelo hidr\u00e1ulico\u00bb de Alejandro Casanova; y el tercero a \u00abDesde las plataneras V\u00bb, de Greta L\u00f3pez- Chicheri Garc\u00eda.<\/span><\/p>\n<p align=\"justify\"><span lang=\"ES-MODERN\">En el XVII Certamen Internacional de Guiones Cinematogr\u00e1ficos de Cortometraje particip\u00f3 un total de 94 trabajos, de los cuales result\u00f3 ganador \u00abSupertivolino\u00bb, de Isabel S\u00e1nchez Castro. El jurado estuvo presidido por Antonio Herrera Tom\u00e1s y Jos\u00e9 \u00c1ngel Alay\u00f3n D\u00e9bora actu\u00f3 como vocal.<\/span><\/p>\n<p align=\"justify\"><span lang=\"ES-MODERN\">En cuanto al X Premio Internacional de Cortometrajes de la ULL, el jurado presidido por Alberto Omar Walls y los vocales Luis Adern Ortoll y Mar\u00eda del Rosario Gonz\u00e1lez-Calimano Espinosa, concedieron un premio al cortometraje \u00abAquel no era yo\u00bb, del director Esteban Crespo, y una menci\u00f3n al lenguaje cinematogr\u00e1fico m\u00e1s innovador a \u00abLa hu\u00edda\u00bb de V\u00edctor Carrey. Tambi\u00e9n se concedieron menciones especiales al mejor corto de animaci\u00f3n a \u00abElla\u00bb, de Juan Montes de Oca; a la mejor interpretaci\u00f3n a Gustavo Salmer\u00f3n por su trabajo en \u00abAquel no era yo\u00bb y a Cecilia Palacios y Melina Alejandra R\u00faa por su labor en \u00abAbril\u00bb; y a la mejor direcci\u00f3n, a Haritz Zubillaga, por \u00abShe\u2019s lost control\u00bb. En total participaron 188 pel\u00edculas.<\/span><\/p>\n<p align=\"justify\"><span lang=\"ES-MODERN\">El \u00faltimo galard\u00f3n de la noche fue el IV Premio a la Creatividad Social de la Universidad de La Laguna. El jurado presidido por<\/span><span lang=\"ES\">Antonio Rodr\u00edguez Hern\u00e1ndez<\/span><span lang=\"ES-MODERN\"> y los vocales <\/span><span lang=\"ES\">Bego\u00f1a N\u00f3brega Carri\u00f3n, F\u00e9lix Herrera Priano, Antonio Younis Hern\u00e1ndez, y \u00c1ngel Arenas Haro<\/span><span lang=\"ES-MODERN\"> seleccion\u00f3 de entre las siete candidaturas a la de Foro Anticrisis del Municipio de San Crist\u00f3bal de La Laguna. El alcalde de la ciudad, Fernando Clavijo, fue el encargado de recibir el galard\u00f3n, quien hab\u00eda asistido previamente a un acto de reconocimiento de este premio, esa misma ma\u00f1ana, por parte del centro acad\u00e9mico.<\/span><\/p>\n","protected":false},"excerpt":{"rendered":"<p>El Paraninfo de la Universidad de La Laguna acogi\u00f3 la noche de ayer, viernes 14 de diciembre, su ya tradicional&#8230;<\/p>\n","protected":false},"author":21,"featured_media":20088,"comment_status":"open","ping_status":"open","sticky":false,"template":"","format":"standard","meta":{"inline_featured_image":false,"footnotes":""},"categories":[344,1,352],"tags":[1963,2050,2150,2527,2560],"acf":[],"yoast_head":"<!-- This site is optimized with the Yoast SEO plugin v21.3 - https:\/\/yoast.com\/wordpress\/plugins\/seo\/ -->\n<title>El Paraninfo acogi\u00f3 la gala de entrega de sus Premios Culturales 2012 - ULL - Noticias<\/title>\n<meta name=\"robots\" content=\"index, follow, max-snippet:-1, max-image-preview:large, max-video-preview:-1\" \/>\n<link rel=\"canonical\" href=\"https:\/\/www.ull.es\/portal\/noticias\/2012\/el-paraninfo-acogio-la-gala-de-entrega-de-sus-premios-culturales-2012\/\" \/>\n<meta property=\"og:locale\" content=\"es_ES\" \/>\n<meta property=\"og:type\" content=\"article\" \/>\n<meta property=\"og:title\" content=\"El Paraninfo acogi\u00f3 la gala de entrega de sus Premios Culturales 2012 - ULL - Noticias\" \/>\n<meta property=\"og:description\" content=\"El Paraninfo de la Universidad de La Laguna acogi\u00f3 la noche de ayer, viernes 14 de diciembre, su ya tradicional...\" \/>\n<meta property=\"og:url\" content=\"https:\/\/www.ull.es\/portal\/noticias\/2012\/el-paraninfo-acogio-la-gala-de-entrega-de-sus-premios-culturales-2012\/\" \/>\n<meta property=\"og:site_name\" content=\"ULL - Noticias\" \/>\n<meta property=\"article:publisher\" content=\"https:\/\/www.facebook.com\/universidaddelalaguna\/\" \/>\n<meta property=\"article:published_time\" content=\"2012-12-15T11:02:48+00:00\" \/>\n<meta property=\"og:image\" content=\"https:\/\/www.ull.es\/portal\/noticias\/wp-content\/uploads\/sites\/13\/2015\/07\/teatro_autor.jpg\" \/>\n\t<meta property=\"og:image:width\" content=\"683\" \/>\n\t<meta property=\"og:image:height\" content=\"1024\" \/>\n\t<meta property=\"og:image:type\" content=\"image\/jpeg\" \/>\n<meta name=\"author\" content=\"prensa2\" \/>\n<meta name=\"twitter:card\" content=\"summary_large_image\" \/>\n<meta name=\"twitter:creator\" content=\"@CanalULL\" \/>\n<meta name=\"twitter:site\" content=\"@CanalULL\" \/>\n<meta name=\"twitter:label1\" content=\"Escrito por\" \/>\n\t<meta name=\"twitter:data1\" content=\"prensa2\" \/>\n\t<meta name=\"twitter:label2\" content=\"Tiempo de lectura\" \/>\n\t<meta name=\"twitter:data2\" content=\"6 minutos\" \/>\n<script type=\"application\/ld+json\" class=\"yoast-schema-graph\">{\"@context\":\"https:\/\/schema.org\",\"@graph\":[{\"@type\":\"WebPage\",\"@id\":\"https:\/\/www.ull.es\/portal\/noticias\/2012\/el-paraninfo-acogio-la-gala-de-entrega-de-sus-premios-culturales-2012\/\",\"url\":\"https:\/\/www.ull.es\/portal\/noticias\/2012\/el-paraninfo-acogio-la-gala-de-entrega-de-sus-premios-culturales-2012\/\",\"name\":\"El Paraninfo acogi\u00f3 la gala de entrega de sus Premios Culturales 2012 - ULL - Noticias\",\"isPartOf\":{\"@id\":\"https:\/\/www.ull.es\/portal\/noticias\/#website\"},\"datePublished\":\"2012-12-15T11:02:48+00:00\",\"dateModified\":\"2012-12-15T11:02:48+00:00\",\"author\":{\"@id\":\"https:\/\/www.ull.es\/portal\/noticias\/#\/schema\/person\/c3b2aa857797592927a03740d6664376\"},\"breadcrumb\":{\"@id\":\"https:\/\/www.ull.es\/portal\/noticias\/2012\/el-paraninfo-acogio-la-gala-de-entrega-de-sus-premios-culturales-2012\/#breadcrumb\"},\"inLanguage\":\"es\",\"potentialAction\":[{\"@type\":\"ReadAction\",\"target\":[\"https:\/\/www.ull.es\/portal\/noticias\/2012\/el-paraninfo-acogio-la-gala-de-entrega-de-sus-premios-culturales-2012\/\"]}]},{\"@type\":\"BreadcrumbList\",\"@id\":\"https:\/\/www.ull.es\/portal\/noticias\/2012\/el-paraninfo-acogio-la-gala-de-entrega-de-sus-premios-culturales-2012\/#breadcrumb\",\"itemListElement\":[{\"@type\":\"ListItem\",\"position\":1,\"name\":\"Portada\",\"item\":\"https:\/\/www.ull.es\/portal\/noticias\/\"},{\"@type\":\"ListItem\",\"position\":2,\"name\":\"El Paraninfo acogi\u00f3 la gala de entrega de sus Premios Culturales 2012\"}]},{\"@type\":\"WebSite\",\"@id\":\"https:\/\/www.ull.es\/portal\/noticias\/#website\",\"url\":\"https:\/\/www.ull.es\/portal\/noticias\/\",\"name\":\"ULL - Noticias\",\"description\":\"\",\"potentialAction\":[{\"@type\":\"SearchAction\",\"target\":{\"@type\":\"EntryPoint\",\"urlTemplate\":\"https:\/\/www.ull.es\/portal\/noticias\/?s={search_term_string}\"},\"query-input\":\"required name=search_term_string\"}],\"inLanguage\":\"es\"},{\"@type\":\"Person\",\"@id\":\"https:\/\/www.ull.es\/portal\/noticias\/#\/schema\/person\/c3b2aa857797592927a03740d6664376\",\"name\":\"prensa2\",\"image\":{\"@type\":\"ImageObject\",\"inLanguage\":\"es\",\"@id\":\"https:\/\/www.ull.es\/portal\/noticias\/#\/schema\/person\/image\/\",\"url\":\"https:\/\/secure.gravatar.com\/avatar\/b58f310a5de5feb33d1e026d2493f23c?s=96&d=mm&r=g\",\"contentUrl\":\"https:\/\/secure.gravatar.com\/avatar\/b58f310a5de5feb33d1e026d2493f23c?s=96&d=mm&r=g\",\"caption\":\"prensa2\"},\"url\":\"https:\/\/www.ull.es\/portal\/noticias\/author\/prensa2\/\"}]}<\/script>\n<!-- \/ Yoast SEO plugin. -->","yoast_head_json":{"title":"El Paraninfo acogi\u00f3 la gala de entrega de sus Premios Culturales 2012 - ULL - Noticias","robots":{"index":"index","follow":"follow","max-snippet":"max-snippet:-1","max-image-preview":"max-image-preview:large","max-video-preview":"max-video-preview:-1"},"canonical":"https:\/\/www.ull.es\/portal\/noticias\/2012\/el-paraninfo-acogio-la-gala-de-entrega-de-sus-premios-culturales-2012\/","og_locale":"es_ES","og_type":"article","og_title":"El Paraninfo acogi\u00f3 la gala de entrega de sus Premios Culturales 2012 - ULL - Noticias","og_description":"El Paraninfo de la Universidad de La Laguna acogi\u00f3 la noche de ayer, viernes 14 de diciembre, su ya tradicional...","og_url":"https:\/\/www.ull.es\/portal\/noticias\/2012\/el-paraninfo-acogio-la-gala-de-entrega-de-sus-premios-culturales-2012\/","og_site_name":"ULL - Noticias","article_publisher":"https:\/\/www.facebook.com\/universidaddelalaguna\/","article_published_time":"2012-12-15T11:02:48+00:00","og_image":[{"width":683,"height":1024,"url":"https:\/\/www.ull.es\/portal\/noticias\/wp-content\/uploads\/sites\/13\/2015\/07\/teatro_autor.jpg","type":"image\/jpeg"}],"author":"prensa2","twitter_card":"summary_large_image","twitter_creator":"@CanalULL","twitter_site":"@CanalULL","twitter_misc":{"Escrito por":"prensa2","Tiempo de lectura":"6 minutos"},"schema":{"@context":"https:\/\/schema.org","@graph":[{"@type":"WebPage","@id":"https:\/\/www.ull.es\/portal\/noticias\/2012\/el-paraninfo-acogio-la-gala-de-entrega-de-sus-premios-culturales-2012\/","url":"https:\/\/www.ull.es\/portal\/noticias\/2012\/el-paraninfo-acogio-la-gala-de-entrega-de-sus-premios-culturales-2012\/","name":"El Paraninfo acogi\u00f3 la gala de entrega de sus Premios Culturales 2012 - ULL - Noticias","isPartOf":{"@id":"https:\/\/www.ull.es\/portal\/noticias\/#website"},"datePublished":"2012-12-15T11:02:48+00:00","dateModified":"2012-12-15T11:02:48+00:00","author":{"@id":"https:\/\/www.ull.es\/portal\/noticias\/#\/schema\/person\/c3b2aa857797592927a03740d6664376"},"breadcrumb":{"@id":"https:\/\/www.ull.es\/portal\/noticias\/2012\/el-paraninfo-acogio-la-gala-de-entrega-de-sus-premios-culturales-2012\/#breadcrumb"},"inLanguage":"es","potentialAction":[{"@type":"ReadAction","target":["https:\/\/www.ull.es\/portal\/noticias\/2012\/el-paraninfo-acogio-la-gala-de-entrega-de-sus-premios-culturales-2012\/"]}]},{"@type":"BreadcrumbList","@id":"https:\/\/www.ull.es\/portal\/noticias\/2012\/el-paraninfo-acogio-la-gala-de-entrega-de-sus-premios-culturales-2012\/#breadcrumb","itemListElement":[{"@type":"ListItem","position":1,"name":"Portada","item":"https:\/\/www.ull.es\/portal\/noticias\/"},{"@type":"ListItem","position":2,"name":"El Paraninfo acogi\u00f3 la gala de entrega de sus Premios Culturales 2012"}]},{"@type":"WebSite","@id":"https:\/\/www.ull.es\/portal\/noticias\/#website","url":"https:\/\/www.ull.es\/portal\/noticias\/","name":"ULL - Noticias","description":"","potentialAction":[{"@type":"SearchAction","target":{"@type":"EntryPoint","urlTemplate":"https:\/\/www.ull.es\/portal\/noticias\/?s={search_term_string}"},"query-input":"required name=search_term_string"}],"inLanguage":"es"},{"@type":"Person","@id":"https:\/\/www.ull.es\/portal\/noticias\/#\/schema\/person\/c3b2aa857797592927a03740d6664376","name":"prensa2","image":{"@type":"ImageObject","inLanguage":"es","@id":"https:\/\/www.ull.es\/portal\/noticias\/#\/schema\/person\/image\/","url":"https:\/\/secure.gravatar.com\/avatar\/b58f310a5de5feb33d1e026d2493f23c?s=96&d=mm&r=g","contentUrl":"https:\/\/secure.gravatar.com\/avatar\/b58f310a5de5feb33d1e026d2493f23c?s=96&d=mm&r=g","caption":"prensa2"},"url":"https:\/\/www.ull.es\/portal\/noticias\/author\/prensa2\/"}]}},"primary_category":null,"featured_image_thumbnail_url":"https:\/\/www.ull.es\/portal\/noticias\/wp-content\/uploads\/sites\/13\/2015\/07\/teatro_autor-200x300.jpg","_links":{"self":[{"href":"https:\/\/www.ull.es\/portal\/noticias\/wp-json\/wp\/v2\/posts\/20079"}],"collection":[{"href":"https:\/\/www.ull.es\/portal\/noticias\/wp-json\/wp\/v2\/posts"}],"about":[{"href":"https:\/\/www.ull.es\/portal\/noticias\/wp-json\/wp\/v2\/types\/post"}],"author":[{"embeddable":true,"href":"https:\/\/www.ull.es\/portal\/noticias\/wp-json\/wp\/v2\/users\/21"}],"replies":[{"embeddable":true,"href":"https:\/\/www.ull.es\/portal\/noticias\/wp-json\/wp\/v2\/comments?post=20079"}],"version-history":[{"count":0,"href":"https:\/\/www.ull.es\/portal\/noticias\/wp-json\/wp\/v2\/posts\/20079\/revisions"}],"wp:featuredmedia":[{"embeddable":true,"href":"https:\/\/www.ull.es\/portal\/noticias\/wp-json\/wp\/v2\/media\/20088"}],"wp:attachment":[{"href":"https:\/\/www.ull.es\/portal\/noticias\/wp-json\/wp\/v2\/media?parent=20079"}],"wp:term":[{"taxonomy":"category","embeddable":true,"href":"https:\/\/www.ull.es\/portal\/noticias\/wp-json\/wp\/v2\/categories?post=20079"},{"taxonomy":"post_tag","embeddable":true,"href":"https:\/\/www.ull.es\/portal\/noticias\/wp-json\/wp\/v2\/tags?post=20079"}],"curies":[{"name":"wp","href":"https:\/\/api.w.org\/{rel}","templated":true}]}}