{"id":20124,"date":"2012-12-20T13:50:19","date_gmt":"2012-12-20T13:50:19","guid":{"rendered":"http:\/\/ddigital.webs.ull.es\/el-tercer-concierto-navideno-de-la-universidad-de-la-laguna-tendra-caracter-solidario\/"},"modified":"2012-12-20T13:50:19","modified_gmt":"2012-12-20T13:50:19","slug":"el-tercer-concierto-navideno-de-la-universidad-de-la-laguna-tendra-caracter-solidario","status":"publish","type":"post","link":"https:\/\/www.ull.es\/portal\/noticias\/2012\/el-tercer-concierto-navideno-de-la-universidad-de-la-laguna-tendra-caracter-solidario\/","title":{"rendered":"El tercer concierto navide\u00f1o de la Universidad de La Laguna tendr\u00e1 car\u00e1cter solidario"},"content":{"rendered":"<p> \tEl Paraninfo de la Universidad de La Laguna acoger&aacute; ma&ntilde;ana, viernes 21 de diciembre, a las 21:00 horas su III Concierto Navide&ntilde;o, que en esta edici&oacute;n servir&aacute;, adem&aacute;s, para colaborar con la labor de atenci&oacute;n a los ni&ntilde;os de la Asociaci&oacute;n Padre Lara&ntilde;a, a trav&eacute;s del proyecto institucional ULL Solidaria.<\/p>\n<p> \tEl concierto reunir&aacute; a la Camerata Lacunensis, la Coral Universitaria y el Coro Polif&oacute;nico, agrupaciones que han formado parte a lo largo del a&ntilde;o de la programaci&oacute;n cultural del Paraninfo. Como en ediciones anteriores, cada grupo tendr&aacute; desarrollar&aacute; individualmente una parte del programa y para finalizar se unir&aacute;n los tres en un canto com&uacute;n con piezas tan conocidas como &ldquo;Noche de paz&rdquo;, &ldquo;White Christmas&rdquo; y &ldquo;Adeste Fideles&rdquo;.<\/p>\n<p> \tEl proyecto ULL Solidaria se suma a este concierto navide&ntilde;o para contribuir con la Asociaci&oacute;n Padre Lara&ntilde;a, la cual necesita material para impartir talleres de manualidades a los ni&ntilde;os que acuden a su comedor. A la entrada del Paraninfo se pondr&aacute;n a la venta los materiales solicitados por la asociaci&oacute;n y el p&uacute;blico asistente podr&aacute; adquirirlos en el momento de acceder al concierto, y depositarlos en las cajas que se dispondr&aacute;n en el vest&iacute;bulo de la sala. Las personas que lo deseen pueden comprar en cualquier otro lugar los materiales que la asociaci&oacute;n requiere y llevarlos el d&iacute;a del concierto al Paraninfo. Pueden consultar m&aacute;s detalles sobre esta acci&oacute;n en la web <a href=\"http:\/\/www.ull.es\/solidaridad\" target=\"_blank\" target=\"_blank\" rel=\"noopener\">www.ull.es\/solidaridad<\/a>.<\/p>\n<p> \tLa Asociaci&oacute;n Padre Lara&ntilde;a es una organizaci&oacute;n no gubernamental sin &aacute;nimo de lucro que destina sus recursos a la atenci&oacute;n de menores y familias y que, adem&aacute;s, en 2012 cumple sus primeros 30 a&ntilde;os ayudando a los m&aacute;s desfavorecidos. <\/p>\n<p> \tLa entrada de este concierto navide&ntilde;o tendr&aacute; un precio de 5 euros y se puede adquirir en la cafeter&iacute;a del Edificio Central de lunes a viernes, de 8 a 20 horas; en el Vicerrectorado de Relaciones Universidad y Sociedad en horario de oficina; en la cafeter&iacute;a del Orfe&oacute;n La Paz de La Laguna, de lunes a viernes de 8 a 20 horas, y el mismo d&iacute;a de la actuaci&oacute;n en la taquilla del Edificio Central, 90 minutos antes de la actuaci&oacute;n. Los asistentes al espect&aacute;culo disponen de estacionamiento gratuito en el aparcamiento del Edificio Central.<br \/> \t&nbsp;<\/p>\n","protected":false},"excerpt":{"rendered":"<p>El Paraninfo de la Universidad de La Laguna acoger&aacute; ma&ntilde;ana, viernes 21 de diciembre, a las 21:00 horas su III&#8230;<\/p>\n","protected":false},"author":21,"featured_media":20125,"comment_status":"open","ping_status":"open","sticky":false,"template":"","format":"standard","meta":{"inline_featured_image":false,"footnotes":""},"categories":[344,1],"tags":[],"acf":[],"yoast_head":"<!-- This site is optimized with the Yoast SEO plugin v21.3 - https:\/\/yoast.com\/wordpress\/plugins\/seo\/ -->\n<title>El tercer concierto navide\u00f1o de la Universidad de La Laguna tendr\u00e1 car\u00e1cter solidario - ULL - Noticias<\/title>\n<meta name=\"robots\" content=\"index, follow, max-snippet:-1, max-image-preview:large, max-video-preview:-1\" \/>\n<link rel=\"canonical\" href=\"https:\/\/www.ull.es\/portal\/noticias\/2012\/el-tercer-concierto-navideno-de-la-universidad-de-la-laguna-tendra-caracter-solidario\/\" \/>\n<meta property=\"og:locale\" content=\"es_ES\" \/>\n<meta property=\"og:type\" content=\"article\" \/>\n<meta property=\"og:title\" content=\"El tercer concierto navide\u00f1o de la Universidad de La Laguna tendr\u00e1 car\u00e1cter solidario - ULL - Noticias\" \/>\n<meta property=\"og:description\" content=\"El Paraninfo de la Universidad de La Laguna acoger&aacute; ma&ntilde;ana, viernes 21 de diciembre, a las 21:00 horas su III...\" \/>\n<meta property=\"og:url\" content=\"https:\/\/www.ull.es\/portal\/noticias\/2012\/el-tercer-concierto-navideno-de-la-universidad-de-la-laguna-tendra-caracter-solidario\/\" \/>\n<meta property=\"og:site_name\" content=\"ULL - Noticias\" \/>\n<meta property=\"article:publisher\" content=\"https:\/\/www.facebook.com\/universidaddelalaguna\/\" \/>\n<meta property=\"article:published_time\" content=\"2012-12-20T13:50:19+00:00\" \/>\n<meta property=\"og:image\" content=\"https:\/\/www.ull.es\/portal\/noticias\/wp-content\/uploads\/sites\/13\/2015\/07\/conciertonavidadweb.jpg\" \/>\n\t<meta property=\"og:image:width\" content=\"300\" \/>\n\t<meta property=\"og:image:height\" content=\"450\" \/>\n\t<meta property=\"og:image:type\" content=\"image\/jpeg\" \/>\n<meta name=\"author\" content=\"prensa2\" \/>\n<meta name=\"twitter:card\" content=\"summary_large_image\" \/>\n<meta name=\"twitter:creator\" content=\"@CanalULL\" \/>\n<meta name=\"twitter:site\" content=\"@CanalULL\" \/>\n<meta name=\"twitter:label1\" content=\"Escrito por\" \/>\n\t<meta name=\"twitter:data1\" content=\"prensa2\" \/>\n\t<meta name=\"twitter:label2\" content=\"Tiempo de lectura\" \/>\n\t<meta name=\"twitter:data2\" content=\"2 minutos\" \/>\n<script type=\"application\/ld+json\" class=\"yoast-schema-graph\">{\"@context\":\"https:\/\/schema.org\",\"@graph\":[{\"@type\":\"WebPage\",\"@id\":\"https:\/\/www.ull.es\/portal\/noticias\/2012\/el-tercer-concierto-navideno-de-la-universidad-de-la-laguna-tendra-caracter-solidario\/\",\"url\":\"https:\/\/www.ull.es\/portal\/noticias\/2012\/el-tercer-concierto-navideno-de-la-universidad-de-la-laguna-tendra-caracter-solidario\/\",\"name\":\"El tercer concierto navide\u00f1o de la Universidad de La Laguna tendr\u00e1 car\u00e1cter solidario - ULL - Noticias\",\"isPartOf\":{\"@id\":\"https:\/\/www.ull.es\/portal\/noticias\/#website\"},\"datePublished\":\"2012-12-20T13:50:19+00:00\",\"dateModified\":\"2012-12-20T13:50:19+00:00\",\"author\":{\"@id\":\"https:\/\/www.ull.es\/portal\/noticias\/#\/schema\/person\/c3b2aa857797592927a03740d6664376\"},\"breadcrumb\":{\"@id\":\"https:\/\/www.ull.es\/portal\/noticias\/2012\/el-tercer-concierto-navideno-de-la-universidad-de-la-laguna-tendra-caracter-solidario\/#breadcrumb\"},\"inLanguage\":\"es\",\"potentialAction\":[{\"@type\":\"ReadAction\",\"target\":[\"https:\/\/www.ull.es\/portal\/noticias\/2012\/el-tercer-concierto-navideno-de-la-universidad-de-la-laguna-tendra-caracter-solidario\/\"]}]},{\"@type\":\"BreadcrumbList\",\"@id\":\"https:\/\/www.ull.es\/portal\/noticias\/2012\/el-tercer-concierto-navideno-de-la-universidad-de-la-laguna-tendra-caracter-solidario\/#breadcrumb\",\"itemListElement\":[{\"@type\":\"ListItem\",\"position\":1,\"name\":\"Portada\",\"item\":\"https:\/\/www.ull.es\/portal\/noticias\/\"},{\"@type\":\"ListItem\",\"position\":2,\"name\":\"El tercer concierto navide\u00f1o de la Universidad de La Laguna tendr\u00e1 car\u00e1cter solidario\"}]},{\"@type\":\"WebSite\",\"@id\":\"https:\/\/www.ull.es\/portal\/noticias\/#website\",\"url\":\"https:\/\/www.ull.es\/portal\/noticias\/\",\"name\":\"ULL - Noticias\",\"description\":\"\",\"potentialAction\":[{\"@type\":\"SearchAction\",\"target\":{\"@type\":\"EntryPoint\",\"urlTemplate\":\"https:\/\/www.ull.es\/portal\/noticias\/?s={search_term_string}\"},\"query-input\":\"required name=search_term_string\"}],\"inLanguage\":\"es\"},{\"@type\":\"Person\",\"@id\":\"https:\/\/www.ull.es\/portal\/noticias\/#\/schema\/person\/c3b2aa857797592927a03740d6664376\",\"name\":\"prensa2\",\"image\":{\"@type\":\"ImageObject\",\"inLanguage\":\"es\",\"@id\":\"https:\/\/www.ull.es\/portal\/noticias\/#\/schema\/person\/image\/\",\"url\":\"https:\/\/secure.gravatar.com\/avatar\/b58f310a5de5feb33d1e026d2493f23c?s=96&d=mm&r=g\",\"contentUrl\":\"https:\/\/secure.gravatar.com\/avatar\/b58f310a5de5feb33d1e026d2493f23c?s=96&d=mm&r=g\",\"caption\":\"prensa2\"},\"url\":\"https:\/\/www.ull.es\/portal\/noticias\/author\/prensa2\/\"}]}<\/script>\n<!-- \/ Yoast SEO plugin. -->","yoast_head_json":{"title":"El tercer concierto navide\u00f1o de la Universidad de La Laguna tendr\u00e1 car\u00e1cter solidario - ULL - Noticias","robots":{"index":"index","follow":"follow","max-snippet":"max-snippet:-1","max-image-preview":"max-image-preview:large","max-video-preview":"max-video-preview:-1"},"canonical":"https:\/\/www.ull.es\/portal\/noticias\/2012\/el-tercer-concierto-navideno-de-la-universidad-de-la-laguna-tendra-caracter-solidario\/","og_locale":"es_ES","og_type":"article","og_title":"El tercer concierto navide\u00f1o de la Universidad de La Laguna tendr\u00e1 car\u00e1cter solidario - ULL - Noticias","og_description":"El Paraninfo de la Universidad de La Laguna acoger&aacute; ma&ntilde;ana, viernes 21 de diciembre, a las 21:00 horas su III...","og_url":"https:\/\/www.ull.es\/portal\/noticias\/2012\/el-tercer-concierto-navideno-de-la-universidad-de-la-laguna-tendra-caracter-solidario\/","og_site_name":"ULL - Noticias","article_publisher":"https:\/\/www.facebook.com\/universidaddelalaguna\/","article_published_time":"2012-12-20T13:50:19+00:00","og_image":[{"width":300,"height":450,"url":"https:\/\/www.ull.es\/portal\/noticias\/wp-content\/uploads\/sites\/13\/2015\/07\/conciertonavidadweb.jpg","type":"image\/jpeg"}],"author":"prensa2","twitter_card":"summary_large_image","twitter_creator":"@CanalULL","twitter_site":"@CanalULL","twitter_misc":{"Escrito por":"prensa2","Tiempo de lectura":"2 minutos"},"schema":{"@context":"https:\/\/schema.org","@graph":[{"@type":"WebPage","@id":"https:\/\/www.ull.es\/portal\/noticias\/2012\/el-tercer-concierto-navideno-de-la-universidad-de-la-laguna-tendra-caracter-solidario\/","url":"https:\/\/www.ull.es\/portal\/noticias\/2012\/el-tercer-concierto-navideno-de-la-universidad-de-la-laguna-tendra-caracter-solidario\/","name":"El tercer concierto navide\u00f1o de la Universidad de La Laguna tendr\u00e1 car\u00e1cter solidario - ULL - Noticias","isPartOf":{"@id":"https:\/\/www.ull.es\/portal\/noticias\/#website"},"datePublished":"2012-12-20T13:50:19+00:00","dateModified":"2012-12-20T13:50:19+00:00","author":{"@id":"https:\/\/www.ull.es\/portal\/noticias\/#\/schema\/person\/c3b2aa857797592927a03740d6664376"},"breadcrumb":{"@id":"https:\/\/www.ull.es\/portal\/noticias\/2012\/el-tercer-concierto-navideno-de-la-universidad-de-la-laguna-tendra-caracter-solidario\/#breadcrumb"},"inLanguage":"es","potentialAction":[{"@type":"ReadAction","target":["https:\/\/www.ull.es\/portal\/noticias\/2012\/el-tercer-concierto-navideno-de-la-universidad-de-la-laguna-tendra-caracter-solidario\/"]}]},{"@type":"BreadcrumbList","@id":"https:\/\/www.ull.es\/portal\/noticias\/2012\/el-tercer-concierto-navideno-de-la-universidad-de-la-laguna-tendra-caracter-solidario\/#breadcrumb","itemListElement":[{"@type":"ListItem","position":1,"name":"Portada","item":"https:\/\/www.ull.es\/portal\/noticias\/"},{"@type":"ListItem","position":2,"name":"El tercer concierto navide\u00f1o de la Universidad de La Laguna tendr\u00e1 car\u00e1cter solidario"}]},{"@type":"WebSite","@id":"https:\/\/www.ull.es\/portal\/noticias\/#website","url":"https:\/\/www.ull.es\/portal\/noticias\/","name":"ULL - Noticias","description":"","potentialAction":[{"@type":"SearchAction","target":{"@type":"EntryPoint","urlTemplate":"https:\/\/www.ull.es\/portal\/noticias\/?s={search_term_string}"},"query-input":"required name=search_term_string"}],"inLanguage":"es"},{"@type":"Person","@id":"https:\/\/www.ull.es\/portal\/noticias\/#\/schema\/person\/c3b2aa857797592927a03740d6664376","name":"prensa2","image":{"@type":"ImageObject","inLanguage":"es","@id":"https:\/\/www.ull.es\/portal\/noticias\/#\/schema\/person\/image\/","url":"https:\/\/secure.gravatar.com\/avatar\/b58f310a5de5feb33d1e026d2493f23c?s=96&d=mm&r=g","contentUrl":"https:\/\/secure.gravatar.com\/avatar\/b58f310a5de5feb33d1e026d2493f23c?s=96&d=mm&r=g","caption":"prensa2"},"url":"https:\/\/www.ull.es\/portal\/noticias\/author\/prensa2\/"}]}},"primary_category":null,"featured_image_thumbnail_url":"https:\/\/www.ull.es\/portal\/noticias\/wp-content\/uploads\/sites\/13\/2015\/07\/conciertonavidadweb-200x300.jpg","_links":{"self":[{"href":"https:\/\/www.ull.es\/portal\/noticias\/wp-json\/wp\/v2\/posts\/20124"}],"collection":[{"href":"https:\/\/www.ull.es\/portal\/noticias\/wp-json\/wp\/v2\/posts"}],"about":[{"href":"https:\/\/www.ull.es\/portal\/noticias\/wp-json\/wp\/v2\/types\/post"}],"author":[{"embeddable":true,"href":"https:\/\/www.ull.es\/portal\/noticias\/wp-json\/wp\/v2\/users\/21"}],"replies":[{"embeddable":true,"href":"https:\/\/www.ull.es\/portal\/noticias\/wp-json\/wp\/v2\/comments?post=20124"}],"version-history":[{"count":0,"href":"https:\/\/www.ull.es\/portal\/noticias\/wp-json\/wp\/v2\/posts\/20124\/revisions"}],"wp:featuredmedia":[{"embeddable":true,"href":"https:\/\/www.ull.es\/portal\/noticias\/wp-json\/wp\/v2\/media\/20125"}],"wp:attachment":[{"href":"https:\/\/www.ull.es\/portal\/noticias\/wp-json\/wp\/v2\/media?parent=20124"}],"wp:term":[{"taxonomy":"category","embeddable":true,"href":"https:\/\/www.ull.es\/portal\/noticias\/wp-json\/wp\/v2\/categories?post=20124"},{"taxonomy":"post_tag","embeddable":true,"href":"https:\/\/www.ull.es\/portal\/noticias\/wp-json\/wp\/v2\/tags?post=20124"}],"curies":[{"name":"wp","href":"https:\/\/api.w.org\/{rel}","templated":true}]}}