{"id":20137,"date":"2013-01-02T11:53:50","date_gmt":"2013-01-02T11:53:50","guid":{"rendered":"http:\/\/ddigital.webs.ull.es\/el-cei-canarias-es-valorado-positivamente-en-sus-dos-primeros-anos-de-vigencia-por-la-comision-internacional-de-evaluacion-designada-por-el-mec\/"},"modified":"2013-01-02T11:53:50","modified_gmt":"2013-01-02T11:53:50","slug":"el-cei-canarias-es-valorado-positivamente-en-sus-dos-primeros-anos-de-vigencia-por-la-comision-internacional-de-evaluacion-designada-por-el-mec","status":"publish","type":"post","link":"https:\/\/www.ull.es\/portal\/noticias\/2013\/el-cei-canarias-es-valorado-positivamente-en-sus-dos-primeros-anos-de-vigencia-por-la-comision-internacional-de-evaluacion-designada-por-el-mec\/","title":{"rendered":"El CEI Canarias es valorado positivamente en sus dos primeros a\u00f1os de vigencia por la comisi\u00f3n internacional de evaluaci\u00f3n designada por el MEC"},"content":{"rendered":"<p> \tEl Campus Atl&aacute;ntico Tricontinental, propuesta de las dos universidades canarias que obtuvo en 2010 la categor&iacute;a de Campus de Excelencia Internacional (CEI) de &Aacute;mbito Regional, en la convocatoria del Ministerio de Educaci&oacute;n, acaba de ser evaluado positivamente en sus dos primeros a&ntilde;os de vigencia por la Comisi&oacute;n Internacional designada al efecto por el Ministerio de Educaci&oacute;n, Cultura y Deporte.<br \/> \t&nbsp;<\/p>\n<p> \tEn esta evaluaci&oacute;n parcial han sido requeridos todos los campus reconocidos en las convocatorias de 2009 y 2010. Los evaluadores destacan como fortaleza cuantificable los esfuerzos enormes realizados para obtener fondos externos al programa CEI (ya sin financiaci&oacute;n desde 2011), que, desde 2010, han supuesto captar fondos en convocatorias competitivas por valor de 21,34 M&euro; para el desarrollo de actuaciones adscritas al programa. As&iacute; mismo, se han puesto de relieve los esfuerzos de consolidaci&oacute;n de algunos de los centros de excelencia vinculados a las &aacute;reas del CEI.<\/p>\n<p> \tFinalmente, como principal fortaleza de impacto potencial, los evaluadores han resaltado que la especializaci&oacute;n e internacionalizaci&oacute;n del CEI CANARIAS debe aprovechar la posici&oacute;n de las Islas Canarias como laboratorio natural y consolidar a toda la regi&oacute;n como un polo de excelencia en las &aacute;reas prioritarias.<\/p>\n<p> \tLas incertidumbres sobre el futuro del programa, la ausencia de convocatorias de financiaci&oacute;n de las acciones y las duras condiciones econ&oacute;micas impuestas a las universidades destinatarias por medio de fondos reembolsables ha sido para las dos universidades canarias un escenario poco propicio para desarrollar el proyecto, pero los evaluadores han reconocido que ambas instituciones proyectan el CEI CANARIAS hacia el futuro desarrollo de la actividad cient&iacute;fica y acad&eacute;mica como un medio de mejora y no como un fin ya conseguido. El desarrollo de un sistema de gobernanza que d&eacute; proyecci&oacute;n y continuidad a la agregaci&oacute;n es uno de los hitos que se deben conseguir en este 2013, una vez que se han alineado estructuras propias de las universidades, se han establecido mecanismos de coordinaci&oacute;n y se inicia un nuevo periodo de explotaci&oacute;n de las inversiones iniciales hechas en materia de infraestructuras y capital humano.<\/p>\n<p> \tLa calificaci&oacute;n asignada al CEI CANARIAS muestra el correcto desarrollo del proyecto conjunto de las dos universidades canarias, teniendo siempre presente el enorme retraso que se acumul&oacute; en la recepci&oacute;n de los fondos. El informe indica que, en el meridiano de desarrollo del proyecto, el pr&oacute;ximo a&ntilde;o 2013 se deber&aacute; presentar un informe m&aacute;s detallado de desarrollo, donde se verifiquen algunas de las recomendaciones hechas a todos los miembros de la agregaci&oacute;n durante el proceso de comunicaci&oacute;n con los evaluadores.<\/p>\n<p> \tEntre las recomendaciones se destaca la necesidad de acelerar la implementaci&oacute;n de las actividades conjuntas a nivel acad&eacute;mico, a la luz de la reciente aprobaci&oacute;n de sus normativas&nbsp; para la creaci&oacute;n de sus escuelas de doctorado. Por otro lado, como muestra de la proyecci&oacute;n de futuro del CEI CANARIAS en el contexto regional, se sugiere definir muy bien el papel de las universidades canarias en el desarrollo regional de la estrategia RIS3 de Especializaci&oacute;n Inteligente de las regiones, plan estrat&eacute;gico que demanda la UE para el acceso a los fondos estructurales del periodo 2014-2020 y en el que las Universidades canarias est&aacute;n trabajando con la Agencia Canaria de Investigaci&oacute;n, Innovaci&oacute;n y Sociedad de la Informaci&oacute;n. A nivel internacional, anima a los agentes del CEI CANARIAS a consolidar programas de movilidad y a aumentar su participaci&oacute;n en proyectos y redes supranacionales.<\/p>\n","protected":false},"excerpt":{"rendered":"<p>El Campus Atl&aacute;ntico Tricontinental, propuesta de las dos universidades canarias que obtuvo en 2010 la categor&iacute;a de Campus de Excelencia&#8230;<\/p>\n","protected":false},"author":21,"featured_media":0,"comment_status":"open","ping_status":"open","sticky":false,"template":"","format":"standard","meta":{"inline_featured_image":false,"footnotes":""},"categories":[348,1],"tags":[],"acf":[],"yoast_head":"<!-- This site is optimized with the Yoast SEO plugin v21.3 - https:\/\/yoast.com\/wordpress\/plugins\/seo\/ -->\n<title>El CEI Canarias es valorado positivamente en sus dos primeros a\u00f1os de vigencia por la comisi\u00f3n internacional de evaluaci\u00f3n designada por el MEC - ULL - Noticias<\/title>\n<meta name=\"robots\" content=\"index, follow, max-snippet:-1, max-image-preview:large, max-video-preview:-1\" \/>\n<link rel=\"canonical\" href=\"https:\/\/www.ull.es\/portal\/noticias\/2013\/el-cei-canarias-es-valorado-positivamente-en-sus-dos-primeros-anos-de-vigencia-por-la-comision-internacional-de-evaluacion-designada-por-el-mec\/\" \/>\n<meta property=\"og:locale\" content=\"es_ES\" \/>\n<meta property=\"og:type\" content=\"article\" \/>\n<meta property=\"og:title\" content=\"El CEI Canarias es valorado positivamente en sus dos primeros a\u00f1os de vigencia por la comisi\u00f3n internacional de evaluaci\u00f3n designada por el MEC - ULL - Noticias\" \/>\n<meta property=\"og:description\" content=\"El Campus Atl&aacute;ntico Tricontinental, propuesta de las dos universidades canarias que obtuvo en 2010 la categor&iacute;a de Campus de Excelencia...\" \/>\n<meta property=\"og:url\" content=\"https:\/\/www.ull.es\/portal\/noticias\/2013\/el-cei-canarias-es-valorado-positivamente-en-sus-dos-primeros-anos-de-vigencia-por-la-comision-internacional-de-evaluacion-designada-por-el-mec\/\" \/>\n<meta property=\"og:site_name\" content=\"ULL - Noticias\" \/>\n<meta property=\"article:publisher\" content=\"https:\/\/www.facebook.com\/universidaddelalaguna\/\" \/>\n<meta property=\"article:published_time\" content=\"2013-01-02T11:53:50+00:00\" \/>\n<meta property=\"og:image\" content=\"https:\/\/www.ull.es\/portal\/noticias\/wp-content\/uploads\/sites\/13\/2023\/06\/logo-redimensionado.png\" \/>\n\t<meta property=\"og:image:width\" content=\"1200\" \/>\n\t<meta property=\"og:image:height\" content=\"630\" \/>\n\t<meta property=\"og:image:type\" content=\"image\/png\" \/>\n<meta name=\"author\" content=\"prensa2\" \/>\n<meta name=\"twitter:card\" content=\"summary_large_image\" \/>\n<meta name=\"twitter:creator\" content=\"@CanalULL\" \/>\n<meta name=\"twitter:site\" content=\"@CanalULL\" \/>\n<meta name=\"twitter:label1\" content=\"Escrito por\" \/>\n\t<meta name=\"twitter:data1\" content=\"prensa2\" \/>\n\t<meta name=\"twitter:label2\" content=\"Tiempo de lectura\" \/>\n\t<meta name=\"twitter:data2\" content=\"3 minutos\" \/>\n<script type=\"application\/ld+json\" class=\"yoast-schema-graph\">{\"@context\":\"https:\/\/schema.org\",\"@graph\":[{\"@type\":\"WebPage\",\"@id\":\"https:\/\/www.ull.es\/portal\/noticias\/2013\/el-cei-canarias-es-valorado-positivamente-en-sus-dos-primeros-anos-de-vigencia-por-la-comision-internacional-de-evaluacion-designada-por-el-mec\/\",\"url\":\"https:\/\/www.ull.es\/portal\/noticias\/2013\/el-cei-canarias-es-valorado-positivamente-en-sus-dos-primeros-anos-de-vigencia-por-la-comision-internacional-de-evaluacion-designada-por-el-mec\/\",\"name\":\"El CEI Canarias es valorado positivamente en sus dos primeros a\u00f1os de vigencia por la comisi\u00f3n internacional de evaluaci\u00f3n designada por el MEC - ULL - Noticias\",\"isPartOf\":{\"@id\":\"https:\/\/www.ull.es\/portal\/noticias\/#website\"},\"datePublished\":\"2013-01-02T11:53:50+00:00\",\"dateModified\":\"2013-01-02T11:53:50+00:00\",\"author\":{\"@id\":\"https:\/\/www.ull.es\/portal\/noticias\/#\/schema\/person\/c3b2aa857797592927a03740d6664376\"},\"breadcrumb\":{\"@id\":\"https:\/\/www.ull.es\/portal\/noticias\/2013\/el-cei-canarias-es-valorado-positivamente-en-sus-dos-primeros-anos-de-vigencia-por-la-comision-internacional-de-evaluacion-designada-por-el-mec\/#breadcrumb\"},\"inLanguage\":\"es\",\"potentialAction\":[{\"@type\":\"ReadAction\",\"target\":[\"https:\/\/www.ull.es\/portal\/noticias\/2013\/el-cei-canarias-es-valorado-positivamente-en-sus-dos-primeros-anos-de-vigencia-por-la-comision-internacional-de-evaluacion-designada-por-el-mec\/\"]}]},{\"@type\":\"BreadcrumbList\",\"@id\":\"https:\/\/www.ull.es\/portal\/noticias\/2013\/el-cei-canarias-es-valorado-positivamente-en-sus-dos-primeros-anos-de-vigencia-por-la-comision-internacional-de-evaluacion-designada-por-el-mec\/#breadcrumb\",\"itemListElement\":[{\"@type\":\"ListItem\",\"position\":1,\"name\":\"Portada\",\"item\":\"https:\/\/www.ull.es\/portal\/noticias\/\"},{\"@type\":\"ListItem\",\"position\":2,\"name\":\"El CEI Canarias es valorado positivamente en sus dos primeros a\u00f1os de vigencia por la comisi\u00f3n internacional de evaluaci\u00f3n designada por el MEC\"}]},{\"@type\":\"WebSite\",\"@id\":\"https:\/\/www.ull.es\/portal\/noticias\/#website\",\"url\":\"https:\/\/www.ull.es\/portal\/noticias\/\",\"name\":\"ULL - Noticias\",\"description\":\"\",\"potentialAction\":[{\"@type\":\"SearchAction\",\"target\":{\"@type\":\"EntryPoint\",\"urlTemplate\":\"https:\/\/www.ull.es\/portal\/noticias\/?s={search_term_string}\"},\"query-input\":\"required name=search_term_string\"}],\"inLanguage\":\"es\"},{\"@type\":\"Person\",\"@id\":\"https:\/\/www.ull.es\/portal\/noticias\/#\/schema\/person\/c3b2aa857797592927a03740d6664376\",\"name\":\"prensa2\",\"image\":{\"@type\":\"ImageObject\",\"inLanguage\":\"es\",\"@id\":\"https:\/\/www.ull.es\/portal\/noticias\/#\/schema\/person\/image\/\",\"url\":\"https:\/\/secure.gravatar.com\/avatar\/b58f310a5de5feb33d1e026d2493f23c?s=96&d=mm&r=g\",\"contentUrl\":\"https:\/\/secure.gravatar.com\/avatar\/b58f310a5de5feb33d1e026d2493f23c?s=96&d=mm&r=g\",\"caption\":\"prensa2\"},\"url\":\"https:\/\/www.ull.es\/portal\/noticias\/author\/prensa2\/\"}]}<\/script>\n<!-- \/ Yoast SEO plugin. -->","yoast_head_json":{"title":"El CEI Canarias es valorado positivamente en sus dos primeros a\u00f1os de vigencia por la comisi\u00f3n internacional de evaluaci\u00f3n designada por el MEC - ULL - Noticias","robots":{"index":"index","follow":"follow","max-snippet":"max-snippet:-1","max-image-preview":"max-image-preview:large","max-video-preview":"max-video-preview:-1"},"canonical":"https:\/\/www.ull.es\/portal\/noticias\/2013\/el-cei-canarias-es-valorado-positivamente-en-sus-dos-primeros-anos-de-vigencia-por-la-comision-internacional-de-evaluacion-designada-por-el-mec\/","og_locale":"es_ES","og_type":"article","og_title":"El CEI Canarias es valorado positivamente en sus dos primeros a\u00f1os de vigencia por la comisi\u00f3n internacional de evaluaci\u00f3n designada por el MEC - ULL - Noticias","og_description":"El Campus Atl&aacute;ntico Tricontinental, propuesta de las dos universidades canarias que obtuvo en 2010 la categor&iacute;a de Campus de Excelencia...","og_url":"https:\/\/www.ull.es\/portal\/noticias\/2013\/el-cei-canarias-es-valorado-positivamente-en-sus-dos-primeros-anos-de-vigencia-por-la-comision-internacional-de-evaluacion-designada-por-el-mec\/","og_site_name":"ULL - Noticias","article_publisher":"https:\/\/www.facebook.com\/universidaddelalaguna\/","article_published_time":"2013-01-02T11:53:50+00:00","og_image":[{"width":1200,"height":630,"url":"https:\/\/www.ull.es\/portal\/noticias\/wp-content\/uploads\/sites\/13\/2023\/06\/logo-redimensionado.png","type":"image\/png"}],"author":"prensa2","twitter_card":"summary_large_image","twitter_creator":"@CanalULL","twitter_site":"@CanalULL","twitter_misc":{"Escrito por":"prensa2","Tiempo de lectura":"3 minutos"},"schema":{"@context":"https:\/\/schema.org","@graph":[{"@type":"WebPage","@id":"https:\/\/www.ull.es\/portal\/noticias\/2013\/el-cei-canarias-es-valorado-positivamente-en-sus-dos-primeros-anos-de-vigencia-por-la-comision-internacional-de-evaluacion-designada-por-el-mec\/","url":"https:\/\/www.ull.es\/portal\/noticias\/2013\/el-cei-canarias-es-valorado-positivamente-en-sus-dos-primeros-anos-de-vigencia-por-la-comision-internacional-de-evaluacion-designada-por-el-mec\/","name":"El CEI Canarias es valorado positivamente en sus dos primeros a\u00f1os de vigencia por la comisi\u00f3n internacional de evaluaci\u00f3n designada por el MEC - ULL - Noticias","isPartOf":{"@id":"https:\/\/www.ull.es\/portal\/noticias\/#website"},"datePublished":"2013-01-02T11:53:50+00:00","dateModified":"2013-01-02T11:53:50+00:00","author":{"@id":"https:\/\/www.ull.es\/portal\/noticias\/#\/schema\/person\/c3b2aa857797592927a03740d6664376"},"breadcrumb":{"@id":"https:\/\/www.ull.es\/portal\/noticias\/2013\/el-cei-canarias-es-valorado-positivamente-en-sus-dos-primeros-anos-de-vigencia-por-la-comision-internacional-de-evaluacion-designada-por-el-mec\/#breadcrumb"},"inLanguage":"es","potentialAction":[{"@type":"ReadAction","target":["https:\/\/www.ull.es\/portal\/noticias\/2013\/el-cei-canarias-es-valorado-positivamente-en-sus-dos-primeros-anos-de-vigencia-por-la-comision-internacional-de-evaluacion-designada-por-el-mec\/"]}]},{"@type":"BreadcrumbList","@id":"https:\/\/www.ull.es\/portal\/noticias\/2013\/el-cei-canarias-es-valorado-positivamente-en-sus-dos-primeros-anos-de-vigencia-por-la-comision-internacional-de-evaluacion-designada-por-el-mec\/#breadcrumb","itemListElement":[{"@type":"ListItem","position":1,"name":"Portada","item":"https:\/\/www.ull.es\/portal\/noticias\/"},{"@type":"ListItem","position":2,"name":"El CEI Canarias es valorado positivamente en sus dos primeros a\u00f1os de vigencia por la comisi\u00f3n internacional de evaluaci\u00f3n designada por el MEC"}]},{"@type":"WebSite","@id":"https:\/\/www.ull.es\/portal\/noticias\/#website","url":"https:\/\/www.ull.es\/portal\/noticias\/","name":"ULL - Noticias","description":"","potentialAction":[{"@type":"SearchAction","target":{"@type":"EntryPoint","urlTemplate":"https:\/\/www.ull.es\/portal\/noticias\/?s={search_term_string}"},"query-input":"required name=search_term_string"}],"inLanguage":"es"},{"@type":"Person","@id":"https:\/\/www.ull.es\/portal\/noticias\/#\/schema\/person\/c3b2aa857797592927a03740d6664376","name":"prensa2","image":{"@type":"ImageObject","inLanguage":"es","@id":"https:\/\/www.ull.es\/portal\/noticias\/#\/schema\/person\/image\/","url":"https:\/\/secure.gravatar.com\/avatar\/b58f310a5de5feb33d1e026d2493f23c?s=96&d=mm&r=g","contentUrl":"https:\/\/secure.gravatar.com\/avatar\/b58f310a5de5feb33d1e026d2493f23c?s=96&d=mm&r=g","caption":"prensa2"},"url":"https:\/\/www.ull.es\/portal\/noticias\/author\/prensa2\/"}]}},"primary_category":null,"featured_image_thumbnail_url":null,"_links":{"self":[{"href":"https:\/\/www.ull.es\/portal\/noticias\/wp-json\/wp\/v2\/posts\/20137"}],"collection":[{"href":"https:\/\/www.ull.es\/portal\/noticias\/wp-json\/wp\/v2\/posts"}],"about":[{"href":"https:\/\/www.ull.es\/portal\/noticias\/wp-json\/wp\/v2\/types\/post"}],"author":[{"embeddable":true,"href":"https:\/\/www.ull.es\/portal\/noticias\/wp-json\/wp\/v2\/users\/21"}],"replies":[{"embeddable":true,"href":"https:\/\/www.ull.es\/portal\/noticias\/wp-json\/wp\/v2\/comments?post=20137"}],"version-history":[{"count":0,"href":"https:\/\/www.ull.es\/portal\/noticias\/wp-json\/wp\/v2\/posts\/20137\/revisions"}],"wp:attachment":[{"href":"https:\/\/www.ull.es\/portal\/noticias\/wp-json\/wp\/v2\/media?parent=20137"}],"wp:term":[{"taxonomy":"category","embeddable":true,"href":"https:\/\/www.ull.es\/portal\/noticias\/wp-json\/wp\/v2\/categories?post=20137"},{"taxonomy":"post_tag","embeddable":true,"href":"https:\/\/www.ull.es\/portal\/noticias\/wp-json\/wp\/v2\/tags?post=20137"}],"curies":[{"name":"wp","href":"https:\/\/api.w.org\/{rel}","templated":true}]}}