{"id":20160,"date":"2013-01-15T15:06:50","date_gmt":"2013-01-15T15:06:50","guid":{"rendered":"http:\/\/ddigital.webs.ull.es\/la-sede-electronica-de-la-ull-cumple-su-primer-ano-con-7-000-usuarios-y-4-100-tramites-realizados\/"},"modified":"2013-01-15T15:06:50","modified_gmt":"2013-01-15T15:06:50","slug":"la-sede-electronica-de-la-ull-cumple-su-primer-ano-con-7-000-usuarios-y-4-100-tramites-realizados","status":"publish","type":"post","link":"https:\/\/www.ull.es\/portal\/noticias\/2013\/la-sede-electronica-de-la-ull-cumple-su-primer-ano-con-7-000-usuarios-y-4-100-tramites-realizados\/","title":{"rendered":"La Sede Electr\u00f3nica de la ULL cumple su primer a\u00f1o con 7.000 usuarios y 4.100 tr\u00e1mites realizados"},"content":{"rendered":"<p> \tEl 11 de enero de 2012 la Universidad de La Laguna puso en marcha su <a href=\"https:\/\/sede.ull.es\" target=\"_blank\" target=\"_blank\" rel=\"noopener\">Sede Electr&oacute;nica<\/a>, con el fin de facilitar a los usuarios una interacci&oacute;n m&aacute;s directa y transparente con la instituci&oacute;n acad&eacute;mica al permitir formalizar desde cualquier ordenador los tr&aacute;mites que hasta ahora se hac&iacute;an a trav&eacute;s de las ventanillas. Un a&ntilde;o despu&eacute;s, este servicio ha crecido de manera exponencial, pues ya cuenta con 6.921 usuarios validados, de los cuales 3.005 lo han utilizado para realizar un total de 4.114 tr&aacute;mites.<\/p>\n<p> \t&nbsp;<\/p>\n<p> \tEn su inauguraci&oacute;n, la sede contaba con una oferta de solamente cinco procedimientos que el usuario pod&iacute;a realizar telem&aacute;ticamente, y en este primer a&ntilde;o de implantaci&oacute;n ha aumentado hasta los cuarenta. Esta cifra cumple perfectamente las expectativas de desarrollo previstas y augura un buen ritmo de agregaci&oacute;n de tr&aacute;mites en 2013. El objetivo es realizar una incorporaci&oacute;n progresiva hasta llegar a los aproximadamente 200 procedimientos que actualmente oferta la Universidad de La Laguna.<\/p>\n<p> \tPara la ocasi&oacute;n, la ULL ha preparado una nueva secci&oacute;n a la que se accede a trav&eacute;s de la portada de su <a href=\"http:\/\/www.ull.es\" target=\"_blank\" target=\"_blank\" rel=\"noopener\">p&aacute;gina web<\/a> en la que se ofrece un resumen del cat&aacute;logo de tr&aacute;mites actualmente disponibles en la sede, categorizados seg&uacute;n su unidad responsable.<\/p>\n<p> \tEl grado de uso de los tr&aacute;mites ofertados en la sede ha sido desigual, pero hay que tener en cuenta que algunos de ellos solamente ten&iacute;an una duraci&oacute;n concreta y cerraron una vez finalizado su plazo, mientras que otros est&aacute;n siempre disponibles. A principios de 2013, los m&aacute;s solicitados son el procedimiento de acceso y admisi&oacute;n al t&iacute;tulo oficial de M&aacute;ster Universitario, con 1.384 solicitudes; la instancia de solicitud general, con 660; la aportaci&oacute;n de documentaci&oacute;n anexa a la solicitud de preinscripci&oacute;n en la ULL, con 504; y el acceso y admisi&oacute;n a doctorado, con 325.<\/p>\n<p> \tLa implantaci&oacute;n de la Sede Electr&oacute;nica es un proyecto institucional liderado por la Gerencia y el Vicerrectorado de Tecnolog&iacute;as de la Informaci&oacute;n y las Comunicaciones, y ejecutado por el Gabinete de An&aacute;lisis y Planificaci&oacute;n y el Servicio TIC, con el apoyo del Gabinete de Comunicaci&oacute;n.<\/p>\n","protected":false},"excerpt":{"rendered":"<p>El 11 de enero de 2012 la Universidad de La Laguna puso en marcha su Sede Electr&oacute;nica, con el fin&#8230;<\/p>\n","protected":false},"author":21,"featured_media":20161,"comment_status":"open","ping_status":"open","sticky":false,"template":"","format":"standard","meta":{"inline_featured_image":false,"footnotes":""},"categories":[348,1],"tags":[],"acf":[],"yoast_head":"<!-- This site is optimized with the Yoast SEO plugin v21.3 - https:\/\/yoast.com\/wordpress\/plugins\/seo\/ -->\n<title>La Sede Electr\u00f3nica de la ULL cumple su primer a\u00f1o con 7.000 usuarios y 4.100 tr\u00e1mites realizados - ULL - Noticias<\/title>\n<meta name=\"robots\" content=\"index, follow, max-snippet:-1, max-image-preview:large, max-video-preview:-1\" \/>\n<link rel=\"canonical\" href=\"https:\/\/www.ull.es\/portal\/noticias\/2013\/la-sede-electronica-de-la-ull-cumple-su-primer-ano-con-7-000-usuarios-y-4-100-tramites-realizados\/\" \/>\n<meta property=\"og:locale\" content=\"es_ES\" \/>\n<meta property=\"og:type\" content=\"article\" \/>\n<meta property=\"og:title\" content=\"La Sede Electr\u00f3nica de la ULL cumple su primer a\u00f1o con 7.000 usuarios y 4.100 tr\u00e1mites realizados - ULL - Noticias\" \/>\n<meta property=\"og:description\" content=\"El 11 de enero de 2012 la Universidad de La Laguna puso en marcha su Sede Electr&oacute;nica, con el fin...\" \/>\n<meta property=\"og:url\" content=\"https:\/\/www.ull.es\/portal\/noticias\/2013\/la-sede-electronica-de-la-ull-cumple-su-primer-ano-con-7-000-usuarios-y-4-100-tramites-realizados\/\" \/>\n<meta property=\"og:site_name\" content=\"ULL - Noticias\" \/>\n<meta property=\"article:publisher\" content=\"https:\/\/www.facebook.com\/universidaddelalaguna\/\" \/>\n<meta property=\"article:published_time\" content=\"2013-01-15T15:06:50+00:00\" \/>\n<meta property=\"og:image\" content=\"https:\/\/www.ull.es\/portal\/noticias\/wp-content\/uploads\/sites\/13\/2015\/07\/banner-portada-aniversario-sede.png\" \/>\n\t<meta property=\"og:image:width\" content=\"292\" \/>\n\t<meta property=\"og:image:height\" content=\"135\" \/>\n\t<meta property=\"og:image:type\" content=\"image\/png\" \/>\n<meta name=\"author\" content=\"prensa2\" \/>\n<meta name=\"twitter:card\" content=\"summary_large_image\" \/>\n<meta name=\"twitter:creator\" content=\"@CanalULL\" \/>\n<meta name=\"twitter:site\" content=\"@CanalULL\" \/>\n<meta name=\"twitter:label1\" content=\"Escrito por\" \/>\n\t<meta name=\"twitter:data1\" content=\"prensa2\" \/>\n\t<meta name=\"twitter:label2\" content=\"Tiempo de lectura\" \/>\n\t<meta name=\"twitter:data2\" content=\"2 minutos\" \/>\n<script type=\"application\/ld+json\" class=\"yoast-schema-graph\">{\"@context\":\"https:\/\/schema.org\",\"@graph\":[{\"@type\":\"WebPage\",\"@id\":\"https:\/\/www.ull.es\/portal\/noticias\/2013\/la-sede-electronica-de-la-ull-cumple-su-primer-ano-con-7-000-usuarios-y-4-100-tramites-realizados\/\",\"url\":\"https:\/\/www.ull.es\/portal\/noticias\/2013\/la-sede-electronica-de-la-ull-cumple-su-primer-ano-con-7-000-usuarios-y-4-100-tramites-realizados\/\",\"name\":\"La Sede Electr\u00f3nica de la ULL cumple su primer a\u00f1o con 7.000 usuarios y 4.100 tr\u00e1mites realizados - ULL - Noticias\",\"isPartOf\":{\"@id\":\"https:\/\/www.ull.es\/portal\/noticias\/#website\"},\"datePublished\":\"2013-01-15T15:06:50+00:00\",\"dateModified\":\"2013-01-15T15:06:50+00:00\",\"author\":{\"@id\":\"https:\/\/www.ull.es\/portal\/noticias\/#\/schema\/person\/c3b2aa857797592927a03740d6664376\"},\"breadcrumb\":{\"@id\":\"https:\/\/www.ull.es\/portal\/noticias\/2013\/la-sede-electronica-de-la-ull-cumple-su-primer-ano-con-7-000-usuarios-y-4-100-tramites-realizados\/#breadcrumb\"},\"inLanguage\":\"es\",\"potentialAction\":[{\"@type\":\"ReadAction\",\"target\":[\"https:\/\/www.ull.es\/portal\/noticias\/2013\/la-sede-electronica-de-la-ull-cumple-su-primer-ano-con-7-000-usuarios-y-4-100-tramites-realizados\/\"]}]},{\"@type\":\"BreadcrumbList\",\"@id\":\"https:\/\/www.ull.es\/portal\/noticias\/2013\/la-sede-electronica-de-la-ull-cumple-su-primer-ano-con-7-000-usuarios-y-4-100-tramites-realizados\/#breadcrumb\",\"itemListElement\":[{\"@type\":\"ListItem\",\"position\":1,\"name\":\"Portada\",\"item\":\"https:\/\/www.ull.es\/portal\/noticias\/\"},{\"@type\":\"ListItem\",\"position\":2,\"name\":\"La Sede Electr\u00f3nica de la ULL cumple su primer a\u00f1o con 7.000 usuarios y 4.100 tr\u00e1mites realizados\"}]},{\"@type\":\"WebSite\",\"@id\":\"https:\/\/www.ull.es\/portal\/noticias\/#website\",\"url\":\"https:\/\/www.ull.es\/portal\/noticias\/\",\"name\":\"ULL - Noticias\",\"description\":\"\",\"potentialAction\":[{\"@type\":\"SearchAction\",\"target\":{\"@type\":\"EntryPoint\",\"urlTemplate\":\"https:\/\/www.ull.es\/portal\/noticias\/?s={search_term_string}\"},\"query-input\":\"required name=search_term_string\"}],\"inLanguage\":\"es\"},{\"@type\":\"Person\",\"@id\":\"https:\/\/www.ull.es\/portal\/noticias\/#\/schema\/person\/c3b2aa857797592927a03740d6664376\",\"name\":\"prensa2\",\"image\":{\"@type\":\"ImageObject\",\"inLanguage\":\"es\",\"@id\":\"https:\/\/www.ull.es\/portal\/noticias\/#\/schema\/person\/image\/\",\"url\":\"https:\/\/secure.gravatar.com\/avatar\/b58f310a5de5feb33d1e026d2493f23c?s=96&d=mm&r=g\",\"contentUrl\":\"https:\/\/secure.gravatar.com\/avatar\/b58f310a5de5feb33d1e026d2493f23c?s=96&d=mm&r=g\",\"caption\":\"prensa2\"},\"url\":\"https:\/\/www.ull.es\/portal\/noticias\/author\/prensa2\/\"}]}<\/script>\n<!-- \/ Yoast SEO plugin. -->","yoast_head_json":{"title":"La Sede Electr\u00f3nica de la ULL cumple su primer a\u00f1o con 7.000 usuarios y 4.100 tr\u00e1mites realizados - ULL - Noticias","robots":{"index":"index","follow":"follow","max-snippet":"max-snippet:-1","max-image-preview":"max-image-preview:large","max-video-preview":"max-video-preview:-1"},"canonical":"https:\/\/www.ull.es\/portal\/noticias\/2013\/la-sede-electronica-de-la-ull-cumple-su-primer-ano-con-7-000-usuarios-y-4-100-tramites-realizados\/","og_locale":"es_ES","og_type":"article","og_title":"La Sede Electr\u00f3nica de la ULL cumple su primer a\u00f1o con 7.000 usuarios y 4.100 tr\u00e1mites realizados - ULL - Noticias","og_description":"El 11 de enero de 2012 la Universidad de La Laguna puso en marcha su Sede Electr&oacute;nica, con el fin...","og_url":"https:\/\/www.ull.es\/portal\/noticias\/2013\/la-sede-electronica-de-la-ull-cumple-su-primer-ano-con-7-000-usuarios-y-4-100-tramites-realizados\/","og_site_name":"ULL - Noticias","article_publisher":"https:\/\/www.facebook.com\/universidaddelalaguna\/","article_published_time":"2013-01-15T15:06:50+00:00","og_image":[{"width":292,"height":135,"url":"https:\/\/www.ull.es\/portal\/noticias\/wp-content\/uploads\/sites\/13\/2015\/07\/banner-portada-aniversario-sede.png","type":"image\/png"}],"author":"prensa2","twitter_card":"summary_large_image","twitter_creator":"@CanalULL","twitter_site":"@CanalULL","twitter_misc":{"Escrito por":"prensa2","Tiempo de lectura":"2 minutos"},"schema":{"@context":"https:\/\/schema.org","@graph":[{"@type":"WebPage","@id":"https:\/\/www.ull.es\/portal\/noticias\/2013\/la-sede-electronica-de-la-ull-cumple-su-primer-ano-con-7-000-usuarios-y-4-100-tramites-realizados\/","url":"https:\/\/www.ull.es\/portal\/noticias\/2013\/la-sede-electronica-de-la-ull-cumple-su-primer-ano-con-7-000-usuarios-y-4-100-tramites-realizados\/","name":"La Sede Electr\u00f3nica de la ULL cumple su primer a\u00f1o con 7.000 usuarios y 4.100 tr\u00e1mites realizados - ULL - Noticias","isPartOf":{"@id":"https:\/\/www.ull.es\/portal\/noticias\/#website"},"datePublished":"2013-01-15T15:06:50+00:00","dateModified":"2013-01-15T15:06:50+00:00","author":{"@id":"https:\/\/www.ull.es\/portal\/noticias\/#\/schema\/person\/c3b2aa857797592927a03740d6664376"},"breadcrumb":{"@id":"https:\/\/www.ull.es\/portal\/noticias\/2013\/la-sede-electronica-de-la-ull-cumple-su-primer-ano-con-7-000-usuarios-y-4-100-tramites-realizados\/#breadcrumb"},"inLanguage":"es","potentialAction":[{"@type":"ReadAction","target":["https:\/\/www.ull.es\/portal\/noticias\/2013\/la-sede-electronica-de-la-ull-cumple-su-primer-ano-con-7-000-usuarios-y-4-100-tramites-realizados\/"]}]},{"@type":"BreadcrumbList","@id":"https:\/\/www.ull.es\/portal\/noticias\/2013\/la-sede-electronica-de-la-ull-cumple-su-primer-ano-con-7-000-usuarios-y-4-100-tramites-realizados\/#breadcrumb","itemListElement":[{"@type":"ListItem","position":1,"name":"Portada","item":"https:\/\/www.ull.es\/portal\/noticias\/"},{"@type":"ListItem","position":2,"name":"La Sede Electr\u00f3nica de la ULL cumple su primer a\u00f1o con 7.000 usuarios y 4.100 tr\u00e1mites realizados"}]},{"@type":"WebSite","@id":"https:\/\/www.ull.es\/portal\/noticias\/#website","url":"https:\/\/www.ull.es\/portal\/noticias\/","name":"ULL - Noticias","description":"","potentialAction":[{"@type":"SearchAction","target":{"@type":"EntryPoint","urlTemplate":"https:\/\/www.ull.es\/portal\/noticias\/?s={search_term_string}"},"query-input":"required name=search_term_string"}],"inLanguage":"es"},{"@type":"Person","@id":"https:\/\/www.ull.es\/portal\/noticias\/#\/schema\/person\/c3b2aa857797592927a03740d6664376","name":"prensa2","image":{"@type":"ImageObject","inLanguage":"es","@id":"https:\/\/www.ull.es\/portal\/noticias\/#\/schema\/person\/image\/","url":"https:\/\/secure.gravatar.com\/avatar\/b58f310a5de5feb33d1e026d2493f23c?s=96&d=mm&r=g","contentUrl":"https:\/\/secure.gravatar.com\/avatar\/b58f310a5de5feb33d1e026d2493f23c?s=96&d=mm&r=g","caption":"prensa2"},"url":"https:\/\/www.ull.es\/portal\/noticias\/author\/prensa2\/"}]}},"primary_category":null,"featured_image_thumbnail_url":"https:\/\/www.ull.es\/portal\/noticias\/wp-content\/uploads\/sites\/13\/2015\/07\/banner-portada-aniversario-sede.png","_links":{"self":[{"href":"https:\/\/www.ull.es\/portal\/noticias\/wp-json\/wp\/v2\/posts\/20160"}],"collection":[{"href":"https:\/\/www.ull.es\/portal\/noticias\/wp-json\/wp\/v2\/posts"}],"about":[{"href":"https:\/\/www.ull.es\/portal\/noticias\/wp-json\/wp\/v2\/types\/post"}],"author":[{"embeddable":true,"href":"https:\/\/www.ull.es\/portal\/noticias\/wp-json\/wp\/v2\/users\/21"}],"replies":[{"embeddable":true,"href":"https:\/\/www.ull.es\/portal\/noticias\/wp-json\/wp\/v2\/comments?post=20160"}],"version-history":[{"count":0,"href":"https:\/\/www.ull.es\/portal\/noticias\/wp-json\/wp\/v2\/posts\/20160\/revisions"}],"wp:featuredmedia":[{"embeddable":true,"href":"https:\/\/www.ull.es\/portal\/noticias\/wp-json\/wp\/v2\/media\/20161"}],"wp:attachment":[{"href":"https:\/\/www.ull.es\/portal\/noticias\/wp-json\/wp\/v2\/media?parent=20160"}],"wp:term":[{"taxonomy":"category","embeddable":true,"href":"https:\/\/www.ull.es\/portal\/noticias\/wp-json\/wp\/v2\/categories?post=20160"},{"taxonomy":"post_tag","embeddable":true,"href":"https:\/\/www.ull.es\/portal\/noticias\/wp-json\/wp\/v2\/tags?post=20160"}],"curies":[{"name":"wp","href":"https:\/\/api.w.org\/{rel}","templated":true}]}}