{"id":20179,"date":"2013-01-21T14:49:06","date_gmt":"2013-01-21T14:49:06","guid":{"rendered":"http:\/\/ddigital.webs.ull.es\/la-facultad-de-matematicas-de-la-ull-recibira-esta-semana-la-visita-de-17-institutos-de-ensenanza-secundaria\/"},"modified":"2013-01-21T14:49:06","modified_gmt":"2013-01-21T14:49:06","slug":"la-facultad-de-matematicas-de-la-ull-recibira-esta-semana-la-visita-de-17-institutos-de-ensenanza-secundaria","status":"publish","type":"post","link":"https:\/\/www.ull.es\/portal\/noticias\/2013\/la-facultad-de-matematicas-de-la-ull-recibira-esta-semana-la-visita-de-17-institutos-de-ensenanza-secundaria\/","title":{"rendered":"La Facultad de Matem\u00e1ticas de la ULL recibir\u00e1 esta semana la visita de 17 institutos de ense\u00f1anza secundaria"},"content":{"rendered":"<p> \tLa Facultad de Matem&aacute;ticas de la Universidad de La Laguna ha organizado su sexta semana conmemorativa, que se celebrar&aacute; entre el 21 y el 25 de enero. Como en las ediciones anteriores, numerosos alumnos de diecisiete centros de ense&ntilde;anza secundaria visitar&aacute;n el centro para asistir a diferentes charlas, participar en talleres y visitar exposiciones divulgativas sobre las ciencias exactas.&nbsp;<\/p>\n<p> \t&nbsp;<\/p>\n<p> \tComo novedad, en esta nueva edici&oacute;n los propios alumnos de secundaria explicar&aacute;n a sus compa&ntilde;eros algunos trabajos matem&aacute;ticos que han desarrollado en sus centros, de manera que se abre a los alumnos desde temprana edad la puerta al pensamiento creativo y la experimentaci&oacute;n cient&iacute;fica.&nbsp;<\/p>\n<p> \tEn total se espera la afluencia de unos 950 alumnos, que asistir&aacute;n acompa&ntilde;ados de sus profesores, procedentes de centros educativos de Santa Cruz de Tenerife, La Laguna, San Sebasti&aacute;n de la Gomera, La Orotava, Puerto de la Cruz, Los Realejos, San Juan de la Rambla, Gu&iacute;a de Isora y Las Galletas. En la Facultad de Matem&aacute;ticas una veintena de profesores, con la colaboraci&oacute;n de los alumnos de los &uacute;ltimos cursos, estar&aacute;n al cuidado de que todo se desarrolle con &eacute;xito.&nbsp;<\/p>\n<p> \t<strong>Programa&nbsp;<\/strong><\/p>\n<p> \tEl lunes 21 la Semana Matem&aacute;tica comenz&oacute; con la charla &ldquo;Matem&aacute;ticas y m&uacute;sica&rdquo;, impartida por la profesora In&eacute;s M&aacute;rquez, y m&aacute;s tarde se celebr&oacute; el taller &ldquo;Las matem&aacute;ticas en los trucos de magia&rdquo;, a cargo de Pedro Marrero Santana, miembro de la Asociaci&oacute;n Tertulias M&aacute;gicas de Canarias.&nbsp;<\/p>\n<p> \tEl martes 22, alumnos de 3&ordm; y 4&ordm; de la ESO del centro Leoncio Rodr&iacute;guez, bajo la direcci&oacute;n de la profesora Macarena Berm&uacute;dez, impartir&aacute;n las charlas &ldquo;El proceso que se sigue en estad&iacute;stica: h&aacute;bitos deportivos&rdquo;, &ldquo;El n&uacute;mero pi&rdquo; y &ldquo;Otras formas de contar: Yupana, quipus&rdquo;. Ese mismo d&iacute;a, los profesores Manuel Garc&iacute;a D&eacute;niz y Jos&eacute; A. Rup&eacute;rez Padr&oacute;n, de la Sociedad Canaria Isaac Newton de Profesores de Matem&aacute;ticas, impartir&aacute;n el taller &ldquo;Juegos matem&aacute;ticos&rdquo;.&nbsp;<\/p>\n<p> \tEl mi&eacute;rcoles 23, el profesor Ernesto Pereda, director de la Escuela de T&eacute;cnica Superior de Ingenier&iacute;a Civil e Industrial de la ULL, hablar&aacute; sobre &ldquo;Las Matem&aacute;ticas del ajedrez&rdquo; y los alumnos participar&aacute;n en un taller de &ldquo;Papiroflexia&rdquo; a cargo del grupo Tinerflacta.<\/p>\n<p> \tEl jueves 24 tendr&aacute; lugar la charla &ldquo;Matem&aacute;ticas en la toma de decisiones&rdquo;, por los profesores Mercedes Su&aacute;rez y Carlos Gonz&aacute;lez Alc&oacute;n, y el taller &ldquo;Geometr&iacute;a informal&rdquo;, por el profesor Jacobo Gonz&aacute;lez.&nbsp;<\/p>\n<p> \tFinalmente, el viernes 25, los alumnos de 1&ordm; y 2&ordm; de Bachillerato del Instituto C&eacute;sar Manrique, bajo la direcci&oacute;n de su profesor Juan Agust&iacute;n Noda, hablar&aacute;n de &ldquo;Ecuaciones de desplazamiento, velocidad y aceleraci&oacute;n de un coche en un circuito de Scalextrix&rdquo;. A continuaci&oacute;n, los alumnos de 1&ordm; de Bachillerato del Instituto San Sebasti&aacute;n de la Gomera, con sus profesores Raquel M&eacute;ndez, Bibiana Esther Su&aacute;rez y Juan Jos&eacute; Francisco, desarrollar&aacute;n el taller &ldquo;C&oacute;nicas, construcci&oacute;n y aplicaciones&rdquo;.&nbsp;<\/p>\n<p> \tTodos los d&iacute;as, despu&eacute;s de la charla, los alumnos visitar&aacute;n las exposiciones &ldquo;Matem&aacute;ticas 2000&rdquo; y &ldquo;Matem&aacute;ticas y calados&rdquo;.&nbsp;<\/p>\n<p> \t<strong>Acto institucional<\/strong><\/p>\n<p> \tEl mismo viernes 25 se celebrar&aacute; el D&iacute;a de la Facultad de Matem&aacute;ticas, que ser&aacute; presidido por el rector de la ULL, Eduardo Dom&eacute;nech, acompa&ntilde;ado por el equipo decanal del centro organizador. El profesor Ram&oacute;n P&eacute;rez Gonz&aacute;lez, catedr&aacute;tico de An&aacute;lisis Geogr&aacute;fico Regional, impartir&aacute; la conferencia titulada &ldquo;La transferencia de la informaci&oacute;n al sistema gr&aacute;fico: conceptos y reglas b&aacute;sicas&rdquo;.&nbsp;<\/p>\n<p> \tPosteriormente tendr&aacute; lugar el reconocimiento y gratitud de la Facultad de Matem&aacute;ticas a la profesora Ana Mar&iacute;a S&aacute;nchez Quintana, del Departamento de An&aacute;lisis Matem&aacute;tico, con motivo de su jubilaci&oacute;n. A continuaci&oacute;n, intervendr&aacute; el profesor V&iacute;ctor Almeida Lozano, presidente de la Comisi&oacute;n de la Semana Matem&aacute;tica, para entregar los diplomas a los centros de educaci&oacute;n secundaria que han presentado trabajos durante la semana.<\/p>\n","protected":false},"excerpt":{"rendered":"<p>La Facultad de Matem&aacute;ticas de la Universidad de La Laguna ha organizado su sexta semana conmemorativa, que se celebrar&aacute; entre&#8230;<\/p>\n","protected":false},"author":21,"featured_media":20183,"comment_status":"open","ping_status":"open","sticky":false,"template":"","format":"standard","meta":{"inline_featured_image":false,"footnotes":""},"categories":[346,1],"tags":[],"acf":[],"yoast_head":"<!-- This site is optimized with the Yoast SEO plugin v21.3 - https:\/\/yoast.com\/wordpress\/plugins\/seo\/ -->\n<title>La Facultad de Matem\u00e1ticas de la ULL recibir\u00e1 esta semana la visita de 17 institutos de ense\u00f1anza secundaria - ULL - Noticias<\/title>\n<meta name=\"robots\" content=\"index, follow, max-snippet:-1, max-image-preview:large, max-video-preview:-1\" \/>\n<link rel=\"canonical\" href=\"https:\/\/www.ull.es\/portal\/noticias\/2013\/la-facultad-de-matematicas-de-la-ull-recibira-esta-semana-la-visita-de-17-institutos-de-ensenanza-secundaria\/\" \/>\n<meta property=\"og:locale\" content=\"es_ES\" \/>\n<meta property=\"og:type\" content=\"article\" \/>\n<meta property=\"og:title\" content=\"La Facultad de Matem\u00e1ticas de la ULL recibir\u00e1 esta semana la visita de 17 institutos de ense\u00f1anza secundaria - ULL - Noticias\" \/>\n<meta property=\"og:description\" content=\"La Facultad de Matem&aacute;ticas de la Universidad de La Laguna ha organizado su sexta semana conmemorativa, que se celebrar&aacute; entre...\" \/>\n<meta property=\"og:url\" content=\"https:\/\/www.ull.es\/portal\/noticias\/2013\/la-facultad-de-matematicas-de-la-ull-recibira-esta-semana-la-visita-de-17-institutos-de-ensenanza-secundaria\/\" \/>\n<meta property=\"og:site_name\" content=\"ULL - Noticias\" \/>\n<meta property=\"article:publisher\" content=\"https:\/\/www.facebook.com\/universidaddelalaguna\/\" \/>\n<meta property=\"article:published_time\" content=\"2013-01-21T14:49:06+00:00\" \/>\n<meta property=\"og:image\" content=\"https:\/\/www.ull.es\/portal\/noticias\/wp-content\/uploads\/sites\/13\/2015\/07\/Semana-Matematica-13-21.jpg\" \/>\n\t<meta property=\"og:image:width\" content=\"1034\" \/>\n\t<meta property=\"og:image:height\" content=\"708\" \/>\n\t<meta property=\"og:image:type\" content=\"image\/jpeg\" \/>\n<meta name=\"author\" content=\"prensa2\" \/>\n<meta name=\"twitter:card\" content=\"summary_large_image\" \/>\n<meta name=\"twitter:creator\" content=\"@CanalULL\" \/>\n<meta name=\"twitter:site\" content=\"@CanalULL\" \/>\n<meta name=\"twitter:label1\" content=\"Escrito por\" \/>\n\t<meta name=\"twitter:data1\" content=\"prensa2\" \/>\n\t<meta name=\"twitter:label2\" content=\"Tiempo de lectura\" \/>\n\t<meta name=\"twitter:data2\" content=\"4 minutos\" \/>\n<script type=\"application\/ld+json\" class=\"yoast-schema-graph\">{\"@context\":\"https:\/\/schema.org\",\"@graph\":[{\"@type\":\"WebPage\",\"@id\":\"https:\/\/www.ull.es\/portal\/noticias\/2013\/la-facultad-de-matematicas-de-la-ull-recibira-esta-semana-la-visita-de-17-institutos-de-ensenanza-secundaria\/\",\"url\":\"https:\/\/www.ull.es\/portal\/noticias\/2013\/la-facultad-de-matematicas-de-la-ull-recibira-esta-semana-la-visita-de-17-institutos-de-ensenanza-secundaria\/\",\"name\":\"La Facultad de Matem\u00e1ticas de la ULL recibir\u00e1 esta semana la visita de 17 institutos de ense\u00f1anza secundaria - ULL - Noticias\",\"isPartOf\":{\"@id\":\"https:\/\/www.ull.es\/portal\/noticias\/#website\"},\"datePublished\":\"2013-01-21T14:49:06+00:00\",\"dateModified\":\"2013-01-21T14:49:06+00:00\",\"author\":{\"@id\":\"https:\/\/www.ull.es\/portal\/noticias\/#\/schema\/person\/c3b2aa857797592927a03740d6664376\"},\"breadcrumb\":{\"@id\":\"https:\/\/www.ull.es\/portal\/noticias\/2013\/la-facultad-de-matematicas-de-la-ull-recibira-esta-semana-la-visita-de-17-institutos-de-ensenanza-secundaria\/#breadcrumb\"},\"inLanguage\":\"es\",\"potentialAction\":[{\"@type\":\"ReadAction\",\"target\":[\"https:\/\/www.ull.es\/portal\/noticias\/2013\/la-facultad-de-matematicas-de-la-ull-recibira-esta-semana-la-visita-de-17-institutos-de-ensenanza-secundaria\/\"]}]},{\"@type\":\"BreadcrumbList\",\"@id\":\"https:\/\/www.ull.es\/portal\/noticias\/2013\/la-facultad-de-matematicas-de-la-ull-recibira-esta-semana-la-visita-de-17-institutos-de-ensenanza-secundaria\/#breadcrumb\",\"itemListElement\":[{\"@type\":\"ListItem\",\"position\":1,\"name\":\"Portada\",\"item\":\"https:\/\/www.ull.es\/portal\/noticias\/\"},{\"@type\":\"ListItem\",\"position\":2,\"name\":\"La Facultad de Matem\u00e1ticas de la ULL recibir\u00e1 esta semana la visita de 17 institutos de ense\u00f1anza secundaria\"}]},{\"@type\":\"WebSite\",\"@id\":\"https:\/\/www.ull.es\/portal\/noticias\/#website\",\"url\":\"https:\/\/www.ull.es\/portal\/noticias\/\",\"name\":\"ULL - Noticias\",\"description\":\"\",\"potentialAction\":[{\"@type\":\"SearchAction\",\"target\":{\"@type\":\"EntryPoint\",\"urlTemplate\":\"https:\/\/www.ull.es\/portal\/noticias\/?s={search_term_string}\"},\"query-input\":\"required name=search_term_string\"}],\"inLanguage\":\"es\"},{\"@type\":\"Person\",\"@id\":\"https:\/\/www.ull.es\/portal\/noticias\/#\/schema\/person\/c3b2aa857797592927a03740d6664376\",\"name\":\"prensa2\",\"image\":{\"@type\":\"ImageObject\",\"inLanguage\":\"es\",\"@id\":\"https:\/\/www.ull.es\/portal\/noticias\/#\/schema\/person\/image\/\",\"url\":\"https:\/\/secure.gravatar.com\/avatar\/b58f310a5de5feb33d1e026d2493f23c?s=96&d=mm&r=g\",\"contentUrl\":\"https:\/\/secure.gravatar.com\/avatar\/b58f310a5de5feb33d1e026d2493f23c?s=96&d=mm&r=g\",\"caption\":\"prensa2\"},\"url\":\"https:\/\/www.ull.es\/portal\/noticias\/author\/prensa2\/\"}]}<\/script>\n<!-- \/ Yoast SEO plugin. -->","yoast_head_json":{"title":"La Facultad de Matem\u00e1ticas de la ULL recibir\u00e1 esta semana la visita de 17 institutos de ense\u00f1anza secundaria - ULL - Noticias","robots":{"index":"index","follow":"follow","max-snippet":"max-snippet:-1","max-image-preview":"max-image-preview:large","max-video-preview":"max-video-preview:-1"},"canonical":"https:\/\/www.ull.es\/portal\/noticias\/2013\/la-facultad-de-matematicas-de-la-ull-recibira-esta-semana-la-visita-de-17-institutos-de-ensenanza-secundaria\/","og_locale":"es_ES","og_type":"article","og_title":"La Facultad de Matem\u00e1ticas de la ULL recibir\u00e1 esta semana la visita de 17 institutos de ense\u00f1anza secundaria - ULL - Noticias","og_description":"La Facultad de Matem&aacute;ticas de la Universidad de La Laguna ha organizado su sexta semana conmemorativa, que se celebrar&aacute; entre...","og_url":"https:\/\/www.ull.es\/portal\/noticias\/2013\/la-facultad-de-matematicas-de-la-ull-recibira-esta-semana-la-visita-de-17-institutos-de-ensenanza-secundaria\/","og_site_name":"ULL - Noticias","article_publisher":"https:\/\/www.facebook.com\/universidaddelalaguna\/","article_published_time":"2013-01-21T14:49:06+00:00","og_image":[{"width":1034,"height":708,"url":"https:\/\/www.ull.es\/portal\/noticias\/wp-content\/uploads\/sites\/13\/2015\/07\/Semana-Matematica-13-21.jpg","type":"image\/jpeg"}],"author":"prensa2","twitter_card":"summary_large_image","twitter_creator":"@CanalULL","twitter_site":"@CanalULL","twitter_misc":{"Escrito por":"prensa2","Tiempo de lectura":"4 minutos"},"schema":{"@context":"https:\/\/schema.org","@graph":[{"@type":"WebPage","@id":"https:\/\/www.ull.es\/portal\/noticias\/2013\/la-facultad-de-matematicas-de-la-ull-recibira-esta-semana-la-visita-de-17-institutos-de-ensenanza-secundaria\/","url":"https:\/\/www.ull.es\/portal\/noticias\/2013\/la-facultad-de-matematicas-de-la-ull-recibira-esta-semana-la-visita-de-17-institutos-de-ensenanza-secundaria\/","name":"La Facultad de Matem\u00e1ticas de la ULL recibir\u00e1 esta semana la visita de 17 institutos de ense\u00f1anza secundaria - ULL - Noticias","isPartOf":{"@id":"https:\/\/www.ull.es\/portal\/noticias\/#website"},"datePublished":"2013-01-21T14:49:06+00:00","dateModified":"2013-01-21T14:49:06+00:00","author":{"@id":"https:\/\/www.ull.es\/portal\/noticias\/#\/schema\/person\/c3b2aa857797592927a03740d6664376"},"breadcrumb":{"@id":"https:\/\/www.ull.es\/portal\/noticias\/2013\/la-facultad-de-matematicas-de-la-ull-recibira-esta-semana-la-visita-de-17-institutos-de-ensenanza-secundaria\/#breadcrumb"},"inLanguage":"es","potentialAction":[{"@type":"ReadAction","target":["https:\/\/www.ull.es\/portal\/noticias\/2013\/la-facultad-de-matematicas-de-la-ull-recibira-esta-semana-la-visita-de-17-institutos-de-ensenanza-secundaria\/"]}]},{"@type":"BreadcrumbList","@id":"https:\/\/www.ull.es\/portal\/noticias\/2013\/la-facultad-de-matematicas-de-la-ull-recibira-esta-semana-la-visita-de-17-institutos-de-ensenanza-secundaria\/#breadcrumb","itemListElement":[{"@type":"ListItem","position":1,"name":"Portada","item":"https:\/\/www.ull.es\/portal\/noticias\/"},{"@type":"ListItem","position":2,"name":"La Facultad de Matem\u00e1ticas de la ULL recibir\u00e1 esta semana la visita de 17 institutos de ense\u00f1anza secundaria"}]},{"@type":"WebSite","@id":"https:\/\/www.ull.es\/portal\/noticias\/#website","url":"https:\/\/www.ull.es\/portal\/noticias\/","name":"ULL - Noticias","description":"","potentialAction":[{"@type":"SearchAction","target":{"@type":"EntryPoint","urlTemplate":"https:\/\/www.ull.es\/portal\/noticias\/?s={search_term_string}"},"query-input":"required name=search_term_string"}],"inLanguage":"es"},{"@type":"Person","@id":"https:\/\/www.ull.es\/portal\/noticias\/#\/schema\/person\/c3b2aa857797592927a03740d6664376","name":"prensa2","image":{"@type":"ImageObject","inLanguage":"es","@id":"https:\/\/www.ull.es\/portal\/noticias\/#\/schema\/person\/image\/","url":"https:\/\/secure.gravatar.com\/avatar\/b58f310a5de5feb33d1e026d2493f23c?s=96&d=mm&r=g","contentUrl":"https:\/\/secure.gravatar.com\/avatar\/b58f310a5de5feb33d1e026d2493f23c?s=96&d=mm&r=g","caption":"prensa2"},"url":"https:\/\/www.ull.es\/portal\/noticias\/author\/prensa2\/"}]}},"primary_category":null,"featured_image_thumbnail_url":"https:\/\/www.ull.es\/portal\/noticias\/wp-content\/uploads\/sites\/13\/2015\/07\/Semana-Matematica-13-21-300x205.jpg","_links":{"self":[{"href":"https:\/\/www.ull.es\/portal\/noticias\/wp-json\/wp\/v2\/posts\/20179"}],"collection":[{"href":"https:\/\/www.ull.es\/portal\/noticias\/wp-json\/wp\/v2\/posts"}],"about":[{"href":"https:\/\/www.ull.es\/portal\/noticias\/wp-json\/wp\/v2\/types\/post"}],"author":[{"embeddable":true,"href":"https:\/\/www.ull.es\/portal\/noticias\/wp-json\/wp\/v2\/users\/21"}],"replies":[{"embeddable":true,"href":"https:\/\/www.ull.es\/portal\/noticias\/wp-json\/wp\/v2\/comments?post=20179"}],"version-history":[{"count":0,"href":"https:\/\/www.ull.es\/portal\/noticias\/wp-json\/wp\/v2\/posts\/20179\/revisions"}],"wp:featuredmedia":[{"embeddable":true,"href":"https:\/\/www.ull.es\/portal\/noticias\/wp-json\/wp\/v2\/media\/20183"}],"wp:attachment":[{"href":"https:\/\/www.ull.es\/portal\/noticias\/wp-json\/wp\/v2\/media?parent=20179"}],"wp:term":[{"taxonomy":"category","embeddable":true,"href":"https:\/\/www.ull.es\/portal\/noticias\/wp-json\/wp\/v2\/categories?post=20179"},{"taxonomy":"post_tag","embeddable":true,"href":"https:\/\/www.ull.es\/portal\/noticias\/wp-json\/wp\/v2\/tags?post=20179"}],"curies":[{"name":"wp","href":"https:\/\/api.w.org\/{rel}","templated":true}]}}