{"id":20199,"date":"2013-01-25T10:25:53","date_gmt":"2013-01-25T10:25:53","guid":{"rendered":"http:\/\/ddigital.webs.ull.es\/hardisson-de-la-torre-nuevo-miembro-del-comite-cientifico-de-la-agencia-espanola-de-seguridad-alimentaria\/"},"modified":"2013-01-25T10:25:53","modified_gmt":"2013-01-25T10:25:53","slug":"hardisson-de-la-torre-nuevo-miembro-del-comite-cientifico-de-la-agencia-espanola-de-seguridad-alimentaria","status":"publish","type":"post","link":"https:\/\/www.ull.es\/portal\/noticias\/2013\/hardisson-de-la-torre-nuevo-miembro-del-comite-cientifico-de-la-agencia-espanola-de-seguridad-alimentaria\/","title":{"rendered":"Hardisson de la Torre, nuevo miembro del comit\u00e9 cient\u00edfico de la Agencia Espa\u00f1ola de Seguridad Alimentaria"},"content":{"rendered":"<p> \tEl catedr&aacute;tico de Toxicolog&iacute;a de la Universidad de La Laguna Arturo Hardisson de la Torre ha sido recientemente nombrado miembro del comit&eacute; cient&iacute;fico de la Agencia Espa&ntilde;ola de Seguridad Alimentaria y Nutrici&oacute;n (AESAN), cuya misi&oacute;n es proporcionar dict&aacute;menes cient&iacute;ficos, definir el &aacute;mbito de trabajos de investigaci&oacute;n y coordinar los trabajos de los grupos de expertos que realicen actividades de evaluaci&oacute;n de riesgos en el marco de las actuaciones de este &oacute;rgano. Este nombramiento se ha producido gracias a l propuesta inicial de la Direcci&oacute;n General de Salud P&uacute;blica y de los colegios oficiales de Farmac&eacute;uticos de Tenerife y Gran Canaria.<\/p>\n<p> \tEl nombramiento tendr&aacute; una vigencia de dos a&ntilde;os renovables y se ha producido tras la convocatoria abierta a finales de 2012. La selecci&oacute;n de expertos ha primado, seg&uacute;n explicaba la convocatoria, &ldquo;la excelencia y la adecuaci&oacute;n de los candidatos a las funciones requeridas, as&iacute; como en su independencia y disponibilidad&rdquo;. <\/p>\n<p> \tArturo Hardisson de la Torre se licenci&oacute; y doctor&oacute; en Farmacia por la ULL, y ejerci&oacute; como inspector farmac&eacute;utico municipal adscrito a la Direcci&oacute;n Territorial de Salud de Santa Cruz de Tenerife entre 1980 y 1986. A partir de ese a&ntilde;o, entr&oacute; como profesor titular numerario en la ULL, adscribi&eacute;ndose consecutivamente a &aacute;reas como Medicina Preventiva y Salud P&uacute;blica (1993-1996) o Toxicolog&iacute;a y Legislaci&oacute;n Sanitaria (1996-1998) hasta que en 1998 obtuvo la c&aacute;tedra que sigue ostentando en la actualidad.<\/p>\n<p> \tComo investigador, ha publicados m&aacute;s de 300 trabajos en revistas nacionales y extranjeras, ha presentado m&aacute;s de 250 ponencias y comunicaciones en congresos estatales e internacionales, y se le han concedido tres sexenios de investigaci&oacute;n y seis quinquenios docentes. En su labor como tutor, destaca la direcci&oacute;n de 26 tesis doctorales y 22 tesinas.<\/p>\n<p> \tEs, adem&aacute;s, acad&eacute;mico de n&uacute;mero de la Real Academia de Medicina del Distrito de Canarias desde 2001, vocal de Alimentaci&oacute;n del Colegio Oficial de Farmac&eacute;uticos de Santa Cruz de Tenerife desde 1983 y vocal de la Asociaci&oacute;n Espa&ntilde;ola de Toxicolog&iacute;a desde 2011.<br \/> \tLa Agencia Espa&ntilde;ola de Seguridad Alimentaria y Nutrici&oacute;n (AESAN) es un Organismo Aut&oacute;nomo adscrito al Ministerio de Sanidad, Servicios Sociales e Igualdad creado en 2001 con la misi&oacute;n de garantizar el m&aacute;s alto grado de seguridad alimentaria, promover la salud de los ciudadanos, generar confianza en los alimentos, facilitar informaci&oacute;n adecuada para favorecer la capacidad de elecci&oacute;n de los consumidores, y promocionar la salud en el &aacute;mbito de la nutrici&oacute;n y en especial en la prevenci&oacute;n de la obesidad.<\/p>\n","protected":false},"excerpt":{"rendered":"<p>El catedr&aacute;tico de Toxicolog&iacute;a de la Universidad de La Laguna Arturo Hardisson de la Torre ha sido recientemente nombrado miembro&#8230;<\/p>\n","protected":false},"author":21,"featured_media":20200,"comment_status":"open","ping_status":"open","sticky":false,"template":"","format":"standard","meta":{"inline_featured_image":false,"footnotes":""},"categories":[348,1],"tags":[],"acf":[],"yoast_head":"<!-- This site is optimized with the Yoast SEO plugin v21.3 - https:\/\/yoast.com\/wordpress\/plugins\/seo\/ -->\n<title>Hardisson de la Torre, nuevo miembro del comit\u00e9 cient\u00edfico de la Agencia Espa\u00f1ola de Seguridad Alimentaria - ULL - Noticias<\/title>\n<meta name=\"robots\" content=\"index, follow, max-snippet:-1, max-image-preview:large, max-video-preview:-1\" \/>\n<link rel=\"canonical\" href=\"https:\/\/www.ull.es\/portal\/noticias\/2013\/hardisson-de-la-torre-nuevo-miembro-del-comite-cientifico-de-la-agencia-espanola-de-seguridad-alimentaria\/\" \/>\n<meta property=\"og:locale\" content=\"es_ES\" \/>\n<meta property=\"og:type\" content=\"article\" \/>\n<meta property=\"og:title\" content=\"Hardisson de la Torre, nuevo miembro del comit\u00e9 cient\u00edfico de la Agencia Espa\u00f1ola de Seguridad Alimentaria - ULL - Noticias\" \/>\n<meta property=\"og:description\" content=\"El catedr&aacute;tico de Toxicolog&iacute;a de la Universidad de La Laguna Arturo Hardisson de la Torre ha sido recientemente nombrado miembro...\" \/>\n<meta property=\"og:url\" content=\"https:\/\/www.ull.es\/portal\/noticias\/2013\/hardisson-de-la-torre-nuevo-miembro-del-comite-cientifico-de-la-agencia-espanola-de-seguridad-alimentaria\/\" \/>\n<meta property=\"og:site_name\" content=\"ULL - Noticias\" \/>\n<meta property=\"article:publisher\" content=\"https:\/\/www.facebook.com\/universidaddelalaguna\/\" \/>\n<meta property=\"article:published_time\" content=\"2013-01-25T10:25:53+00:00\" \/>\n<meta property=\"og:image\" content=\"https:\/\/www.ull.es\/portal\/noticias\/wp-content\/uploads\/sites\/13\/2015\/07\/arturo_hardisson.jpg\" \/>\n\t<meta property=\"og:image:width\" content=\"320\" \/>\n\t<meta property=\"og:image:height\" content=\"237\" \/>\n\t<meta property=\"og:image:type\" content=\"image\/jpeg\" \/>\n<meta name=\"author\" content=\"prensa2\" \/>\n<meta name=\"twitter:card\" content=\"summary_large_image\" \/>\n<meta name=\"twitter:creator\" content=\"@CanalULL\" \/>\n<meta name=\"twitter:site\" content=\"@CanalULL\" \/>\n<meta name=\"twitter:label1\" content=\"Escrito por\" \/>\n\t<meta name=\"twitter:data1\" content=\"prensa2\" \/>\n\t<meta name=\"twitter:label2\" content=\"Tiempo de lectura\" \/>\n\t<meta name=\"twitter:data2\" content=\"2 minutos\" \/>\n<script type=\"application\/ld+json\" class=\"yoast-schema-graph\">{\"@context\":\"https:\/\/schema.org\",\"@graph\":[{\"@type\":\"WebPage\",\"@id\":\"https:\/\/www.ull.es\/portal\/noticias\/2013\/hardisson-de-la-torre-nuevo-miembro-del-comite-cientifico-de-la-agencia-espanola-de-seguridad-alimentaria\/\",\"url\":\"https:\/\/www.ull.es\/portal\/noticias\/2013\/hardisson-de-la-torre-nuevo-miembro-del-comite-cientifico-de-la-agencia-espanola-de-seguridad-alimentaria\/\",\"name\":\"Hardisson de la Torre, nuevo miembro del comit\u00e9 cient\u00edfico de la Agencia Espa\u00f1ola de Seguridad Alimentaria - ULL - Noticias\",\"isPartOf\":{\"@id\":\"https:\/\/www.ull.es\/portal\/noticias\/#website\"},\"datePublished\":\"2013-01-25T10:25:53+00:00\",\"dateModified\":\"2013-01-25T10:25:53+00:00\",\"author\":{\"@id\":\"https:\/\/www.ull.es\/portal\/noticias\/#\/schema\/person\/c3b2aa857797592927a03740d6664376\"},\"breadcrumb\":{\"@id\":\"https:\/\/www.ull.es\/portal\/noticias\/2013\/hardisson-de-la-torre-nuevo-miembro-del-comite-cientifico-de-la-agencia-espanola-de-seguridad-alimentaria\/#breadcrumb\"},\"inLanguage\":\"es\",\"potentialAction\":[{\"@type\":\"ReadAction\",\"target\":[\"https:\/\/www.ull.es\/portal\/noticias\/2013\/hardisson-de-la-torre-nuevo-miembro-del-comite-cientifico-de-la-agencia-espanola-de-seguridad-alimentaria\/\"]}]},{\"@type\":\"BreadcrumbList\",\"@id\":\"https:\/\/www.ull.es\/portal\/noticias\/2013\/hardisson-de-la-torre-nuevo-miembro-del-comite-cientifico-de-la-agencia-espanola-de-seguridad-alimentaria\/#breadcrumb\",\"itemListElement\":[{\"@type\":\"ListItem\",\"position\":1,\"name\":\"Portada\",\"item\":\"https:\/\/www.ull.es\/portal\/noticias\/\"},{\"@type\":\"ListItem\",\"position\":2,\"name\":\"Hardisson de la Torre, nuevo miembro del comit\u00e9 cient\u00edfico de la Agencia Espa\u00f1ola de Seguridad Alimentaria\"}]},{\"@type\":\"WebSite\",\"@id\":\"https:\/\/www.ull.es\/portal\/noticias\/#website\",\"url\":\"https:\/\/www.ull.es\/portal\/noticias\/\",\"name\":\"ULL - Noticias\",\"description\":\"\",\"potentialAction\":[{\"@type\":\"SearchAction\",\"target\":{\"@type\":\"EntryPoint\",\"urlTemplate\":\"https:\/\/www.ull.es\/portal\/noticias\/?s={search_term_string}\"},\"query-input\":\"required name=search_term_string\"}],\"inLanguage\":\"es\"},{\"@type\":\"Person\",\"@id\":\"https:\/\/www.ull.es\/portal\/noticias\/#\/schema\/person\/c3b2aa857797592927a03740d6664376\",\"name\":\"prensa2\",\"image\":{\"@type\":\"ImageObject\",\"inLanguage\":\"es\",\"@id\":\"https:\/\/www.ull.es\/portal\/noticias\/#\/schema\/person\/image\/\",\"url\":\"https:\/\/secure.gravatar.com\/avatar\/b58f310a5de5feb33d1e026d2493f23c?s=96&d=mm&r=g\",\"contentUrl\":\"https:\/\/secure.gravatar.com\/avatar\/b58f310a5de5feb33d1e026d2493f23c?s=96&d=mm&r=g\",\"caption\":\"prensa2\"},\"url\":\"https:\/\/www.ull.es\/portal\/noticias\/author\/prensa2\/\"}]}<\/script>\n<!-- \/ Yoast SEO plugin. -->","yoast_head_json":{"title":"Hardisson de la Torre, nuevo miembro del comit\u00e9 cient\u00edfico de la Agencia Espa\u00f1ola de Seguridad Alimentaria - ULL - Noticias","robots":{"index":"index","follow":"follow","max-snippet":"max-snippet:-1","max-image-preview":"max-image-preview:large","max-video-preview":"max-video-preview:-1"},"canonical":"https:\/\/www.ull.es\/portal\/noticias\/2013\/hardisson-de-la-torre-nuevo-miembro-del-comite-cientifico-de-la-agencia-espanola-de-seguridad-alimentaria\/","og_locale":"es_ES","og_type":"article","og_title":"Hardisson de la Torre, nuevo miembro del comit\u00e9 cient\u00edfico de la Agencia Espa\u00f1ola de Seguridad Alimentaria - ULL - Noticias","og_description":"El catedr&aacute;tico de Toxicolog&iacute;a de la Universidad de La Laguna Arturo Hardisson de la Torre ha sido recientemente nombrado miembro...","og_url":"https:\/\/www.ull.es\/portal\/noticias\/2013\/hardisson-de-la-torre-nuevo-miembro-del-comite-cientifico-de-la-agencia-espanola-de-seguridad-alimentaria\/","og_site_name":"ULL - Noticias","article_publisher":"https:\/\/www.facebook.com\/universidaddelalaguna\/","article_published_time":"2013-01-25T10:25:53+00:00","og_image":[{"width":320,"height":237,"url":"https:\/\/www.ull.es\/portal\/noticias\/wp-content\/uploads\/sites\/13\/2015\/07\/arturo_hardisson.jpg","type":"image\/jpeg"}],"author":"prensa2","twitter_card":"summary_large_image","twitter_creator":"@CanalULL","twitter_site":"@CanalULL","twitter_misc":{"Escrito por":"prensa2","Tiempo de lectura":"2 minutos"},"schema":{"@context":"https:\/\/schema.org","@graph":[{"@type":"WebPage","@id":"https:\/\/www.ull.es\/portal\/noticias\/2013\/hardisson-de-la-torre-nuevo-miembro-del-comite-cientifico-de-la-agencia-espanola-de-seguridad-alimentaria\/","url":"https:\/\/www.ull.es\/portal\/noticias\/2013\/hardisson-de-la-torre-nuevo-miembro-del-comite-cientifico-de-la-agencia-espanola-de-seguridad-alimentaria\/","name":"Hardisson de la Torre, nuevo miembro del comit\u00e9 cient\u00edfico de la Agencia Espa\u00f1ola de Seguridad Alimentaria - ULL - Noticias","isPartOf":{"@id":"https:\/\/www.ull.es\/portal\/noticias\/#website"},"datePublished":"2013-01-25T10:25:53+00:00","dateModified":"2013-01-25T10:25:53+00:00","author":{"@id":"https:\/\/www.ull.es\/portal\/noticias\/#\/schema\/person\/c3b2aa857797592927a03740d6664376"},"breadcrumb":{"@id":"https:\/\/www.ull.es\/portal\/noticias\/2013\/hardisson-de-la-torre-nuevo-miembro-del-comite-cientifico-de-la-agencia-espanola-de-seguridad-alimentaria\/#breadcrumb"},"inLanguage":"es","potentialAction":[{"@type":"ReadAction","target":["https:\/\/www.ull.es\/portal\/noticias\/2013\/hardisson-de-la-torre-nuevo-miembro-del-comite-cientifico-de-la-agencia-espanola-de-seguridad-alimentaria\/"]}]},{"@type":"BreadcrumbList","@id":"https:\/\/www.ull.es\/portal\/noticias\/2013\/hardisson-de-la-torre-nuevo-miembro-del-comite-cientifico-de-la-agencia-espanola-de-seguridad-alimentaria\/#breadcrumb","itemListElement":[{"@type":"ListItem","position":1,"name":"Portada","item":"https:\/\/www.ull.es\/portal\/noticias\/"},{"@type":"ListItem","position":2,"name":"Hardisson de la Torre, nuevo miembro del comit\u00e9 cient\u00edfico de la Agencia Espa\u00f1ola de Seguridad Alimentaria"}]},{"@type":"WebSite","@id":"https:\/\/www.ull.es\/portal\/noticias\/#website","url":"https:\/\/www.ull.es\/portal\/noticias\/","name":"ULL - Noticias","description":"","potentialAction":[{"@type":"SearchAction","target":{"@type":"EntryPoint","urlTemplate":"https:\/\/www.ull.es\/portal\/noticias\/?s={search_term_string}"},"query-input":"required name=search_term_string"}],"inLanguage":"es"},{"@type":"Person","@id":"https:\/\/www.ull.es\/portal\/noticias\/#\/schema\/person\/c3b2aa857797592927a03740d6664376","name":"prensa2","image":{"@type":"ImageObject","inLanguage":"es","@id":"https:\/\/www.ull.es\/portal\/noticias\/#\/schema\/person\/image\/","url":"https:\/\/secure.gravatar.com\/avatar\/b58f310a5de5feb33d1e026d2493f23c?s=96&d=mm&r=g","contentUrl":"https:\/\/secure.gravatar.com\/avatar\/b58f310a5de5feb33d1e026d2493f23c?s=96&d=mm&r=g","caption":"prensa2"},"url":"https:\/\/www.ull.es\/portal\/noticias\/author\/prensa2\/"}]}},"primary_category":null,"featured_image_thumbnail_url":"https:\/\/www.ull.es\/portal\/noticias\/wp-content\/uploads\/sites\/13\/2015\/07\/arturo_hardisson-300x222.jpg","_links":{"self":[{"href":"https:\/\/www.ull.es\/portal\/noticias\/wp-json\/wp\/v2\/posts\/20199"}],"collection":[{"href":"https:\/\/www.ull.es\/portal\/noticias\/wp-json\/wp\/v2\/posts"}],"about":[{"href":"https:\/\/www.ull.es\/portal\/noticias\/wp-json\/wp\/v2\/types\/post"}],"author":[{"embeddable":true,"href":"https:\/\/www.ull.es\/portal\/noticias\/wp-json\/wp\/v2\/users\/21"}],"replies":[{"embeddable":true,"href":"https:\/\/www.ull.es\/portal\/noticias\/wp-json\/wp\/v2\/comments?post=20199"}],"version-history":[{"count":0,"href":"https:\/\/www.ull.es\/portal\/noticias\/wp-json\/wp\/v2\/posts\/20199\/revisions"}],"wp:featuredmedia":[{"embeddable":true,"href":"https:\/\/www.ull.es\/portal\/noticias\/wp-json\/wp\/v2\/media\/20200"}],"wp:attachment":[{"href":"https:\/\/www.ull.es\/portal\/noticias\/wp-json\/wp\/v2\/media?parent=20199"}],"wp:term":[{"taxonomy":"category","embeddable":true,"href":"https:\/\/www.ull.es\/portal\/noticias\/wp-json\/wp\/v2\/categories?post=20199"},{"taxonomy":"post_tag","embeddable":true,"href":"https:\/\/www.ull.es\/portal\/noticias\/wp-json\/wp\/v2\/tags?post=20199"}],"curies":[{"name":"wp","href":"https:\/\/api.w.org\/{rel}","templated":true}]}}