{"id":20293,"date":"2013-02-13T12:20:12","date_gmt":"2013-02-13T12:20:12","guid":{"rendered":"http:\/\/ddigital.webs.ull.es\/la-asociacion-de-radios-universitarias-conmemora-el-dia-mundial-de-la-radio-con-una-emision-especial\/"},"modified":"2013-02-13T12:20:12","modified_gmt":"2013-02-13T12:20:12","slug":"la-asociacion-de-radios-universitarias-conmemora-el-dia-mundial-de-la-radio-con-una-emision-especial","status":"publish","type":"post","link":"https:\/\/www.ull.es\/portal\/noticias\/2013\/la-asociacion-de-radios-universitarias-conmemora-el-dia-mundial-de-la-radio-con-una-emision-especial\/","title":{"rendered":"La Asociaci\u00f3n de Radios Universitarias conmemora el D\u00eda Mundial de la Radio con una emisi\u00f3n especial"},"content":{"rendered":"<p> \tLa Asociaci&oacute;n de Radios Universitarias de Espa&ntilde;a (ARU) celebra por segundo a&ntilde;o consecutivo el D&iacute;a Mundial de la Radio con una emisi&oacute;n especial que se realizar&aacute; hoy mi&eacute;rcoles 13 de febrero con la colaboraci&oacute;n de diversas emisoras universitarias, entre ellas Radio Campus, perteneciente a la Universidad de La Laguna.<\/p>\n<p> \tDurante la jornada, las radios universitarias emitir&aacute;n una serie de programas que han coproducido y cuya tem&aacute;tica gira en torno a la radio. As&iacute;, se repasar&aacute; la historia de este medio y su relaci&oacute;n con la sociedad, el cine, la m&uacute;sica, las nuevas tecnolog&iacute;as o la juventud. Tambi&eacute;n se abordar&aacute; la divulgaci&oacute;n cient&iacute;fica en la radio, su futuro y su vinculaci&oacute;n con la Universidad. <\/p>\n<p> \tCon esta iniciativa, ARU se suma de nuevo a la conmemoraci&oacute;n del D&iacute;a Mundial de la Radio, aprobada por la UNESCO en 2011 a propuesta de la Academia de las Artes y las Ciencias Radiof&oacute;nicas de Espa&ntilde;a y coincidiendo el 13 de febrero con la primera emisi&oacute;n de la radio de la ONU.<\/p>\n<p> \tLa Asociaci&oacute;n de Radios Universitarias de Espa&ntilde;a es la primera&nbsp; asociaci&oacute;n que agrupa a profesionales que desarrollan su actividad en 26 radios universitarias espa&ntilde;olas con el objetivo de potenciar la cooperaci&oacute;n e interacci&oacute;n entre &eacute;stas tanto en el asesoramiento mutuo como en el desarrollo de la coproducci&oacute;n, de programas educativos y formativos as&iacute; como de nuevos formatos radiof&oacute;nicos. <\/p>\n<p> \t<strong>Participaci&oacute;n de Radio Campus<\/strong><\/p>\n<p> \tEn el caso de la emisora de la Universidad de La Laguna, actualmente en proceso de reestructuraci&oacute;n y con una producci&oacute;n que se limita a la realizaci&oacute;n de espacios de difusi&oacute;n de la actividad de la ULL para otros medios, la participaci&oacute;n se ha concretado en un especial de &ldquo;ULL Noticias&rdquo; en el que se trat&oacute; la relaci&oacute;n actual entre la radio y la ciencia, centr&aacute;ndose en el panorama de la divulgaci&oacute;n cient&iacute;fica en Espa&ntilde;a.<\/p>\n<p> \tEn el programa participaron Beatriz Villa Benito, estudiante de Medicina de la ULL y art&iacute;fice e impulsora principal de &ldquo;Esc&eacute;pticos en el pub en Tenerife&rdquo;; Jos&eacute; Mar&iacute;a Riol Cimas, director del Aula Cultural de Divulgaci&oacute;n Cient&iacute;fica de la ULL y Javier Armentia Fructuoso, director del Planetario de Pamplona y ponente en el veterano curso &ldquo;Ciencia y pseudociencias&rdquo;. Puede escucharse y descargarse gratuitamente en el canal IVOOX de Radio Campus.<\/p>\n<p> \t&nbsp;<\/p>\n","protected":false},"excerpt":{"rendered":"<p>La Asociaci&oacute;n de Radios Universitarias de Espa&ntilde;a (ARU) celebra por segundo a&ntilde;o consecutivo el D&iacute;a Mundial de la Radio con&#8230;<\/p>\n","protected":false},"author":21,"featured_media":20018,"comment_status":"open","ping_status":"open","sticky":false,"template":"","format":"standard","meta":{"inline_featured_image":false,"footnotes":""},"categories":[344,1],"tags":[],"acf":[],"yoast_head":"<!-- This site is optimized with the Yoast SEO plugin v21.3 - https:\/\/yoast.com\/wordpress\/plugins\/seo\/ -->\n<title>La Asociaci\u00f3n de Radios Universitarias conmemora el D\u00eda Mundial de la Radio con una emisi\u00f3n especial - ULL - Noticias<\/title>\n<meta name=\"robots\" content=\"index, follow, max-snippet:-1, max-image-preview:large, max-video-preview:-1\" \/>\n<link rel=\"canonical\" href=\"https:\/\/www.ull.es\/portal\/noticias\/2013\/la-asociacion-de-radios-universitarias-conmemora-el-dia-mundial-de-la-radio-con-una-emision-especial\/\" \/>\n<meta property=\"og:locale\" content=\"es_ES\" \/>\n<meta property=\"og:type\" content=\"article\" \/>\n<meta property=\"og:title\" content=\"La Asociaci\u00f3n de Radios Universitarias conmemora el D\u00eda Mundial de la Radio con una emisi\u00f3n especial - ULL - Noticias\" \/>\n<meta property=\"og:description\" content=\"La Asociaci&oacute;n de Radios Universitarias de Espa&ntilde;a (ARU) celebra por segundo a&ntilde;o consecutivo el D&iacute;a Mundial de la Radio con...\" \/>\n<meta property=\"og:url\" content=\"https:\/\/www.ull.es\/portal\/noticias\/2013\/la-asociacion-de-radios-universitarias-conmemora-el-dia-mundial-de-la-radio-con-una-emision-especial\/\" \/>\n<meta property=\"og:site_name\" content=\"ULL - Noticias\" \/>\n<meta property=\"article:publisher\" content=\"https:\/\/www.facebook.com\/universidaddelalaguna\/\" \/>\n<meta property=\"article:published_time\" content=\"2013-02-13T12:20:12+00:00\" \/>\n<meta property=\"og:image\" content=\"https:\/\/www.ull.es\/portal\/noticias\/wp-content\/uploads\/sites\/13\/2015\/07\/aru.jpg\" \/>\n\t<meta property=\"og:image:width\" content=\"300\" \/>\n\t<meta property=\"og:image:height\" content=\"297\" \/>\n\t<meta property=\"og:image:type\" content=\"image\/jpeg\" \/>\n<meta name=\"author\" content=\"prensa2\" \/>\n<meta name=\"twitter:card\" content=\"summary_large_image\" \/>\n<meta name=\"twitter:creator\" content=\"@CanalULL\" \/>\n<meta name=\"twitter:site\" content=\"@CanalULL\" \/>\n<meta name=\"twitter:label1\" content=\"Escrito por\" \/>\n\t<meta name=\"twitter:data1\" content=\"prensa2\" \/>\n\t<meta name=\"twitter:label2\" content=\"Tiempo de lectura\" \/>\n\t<meta name=\"twitter:data2\" content=\"2 minutos\" \/>\n<script type=\"application\/ld+json\" class=\"yoast-schema-graph\">{\"@context\":\"https:\/\/schema.org\",\"@graph\":[{\"@type\":\"WebPage\",\"@id\":\"https:\/\/www.ull.es\/portal\/noticias\/2013\/la-asociacion-de-radios-universitarias-conmemora-el-dia-mundial-de-la-radio-con-una-emision-especial\/\",\"url\":\"https:\/\/www.ull.es\/portal\/noticias\/2013\/la-asociacion-de-radios-universitarias-conmemora-el-dia-mundial-de-la-radio-con-una-emision-especial\/\",\"name\":\"La Asociaci\u00f3n de Radios Universitarias conmemora el D\u00eda Mundial de la Radio con una emisi\u00f3n especial - ULL - Noticias\",\"isPartOf\":{\"@id\":\"https:\/\/www.ull.es\/portal\/noticias\/#website\"},\"datePublished\":\"2013-02-13T12:20:12+00:00\",\"dateModified\":\"2013-02-13T12:20:12+00:00\",\"author\":{\"@id\":\"https:\/\/www.ull.es\/portal\/noticias\/#\/schema\/person\/c3b2aa857797592927a03740d6664376\"},\"breadcrumb\":{\"@id\":\"https:\/\/www.ull.es\/portal\/noticias\/2013\/la-asociacion-de-radios-universitarias-conmemora-el-dia-mundial-de-la-radio-con-una-emision-especial\/#breadcrumb\"},\"inLanguage\":\"es\",\"potentialAction\":[{\"@type\":\"ReadAction\",\"target\":[\"https:\/\/www.ull.es\/portal\/noticias\/2013\/la-asociacion-de-radios-universitarias-conmemora-el-dia-mundial-de-la-radio-con-una-emision-especial\/\"]}]},{\"@type\":\"BreadcrumbList\",\"@id\":\"https:\/\/www.ull.es\/portal\/noticias\/2013\/la-asociacion-de-radios-universitarias-conmemora-el-dia-mundial-de-la-radio-con-una-emision-especial\/#breadcrumb\",\"itemListElement\":[{\"@type\":\"ListItem\",\"position\":1,\"name\":\"Portada\",\"item\":\"https:\/\/www.ull.es\/portal\/noticias\/\"},{\"@type\":\"ListItem\",\"position\":2,\"name\":\"La Asociaci\u00f3n de Radios Universitarias conmemora el D\u00eda Mundial de la Radio con una emisi\u00f3n especial\"}]},{\"@type\":\"WebSite\",\"@id\":\"https:\/\/www.ull.es\/portal\/noticias\/#website\",\"url\":\"https:\/\/www.ull.es\/portal\/noticias\/\",\"name\":\"ULL - Noticias\",\"description\":\"\",\"potentialAction\":[{\"@type\":\"SearchAction\",\"target\":{\"@type\":\"EntryPoint\",\"urlTemplate\":\"https:\/\/www.ull.es\/portal\/noticias\/?s={search_term_string}\"},\"query-input\":\"required name=search_term_string\"}],\"inLanguage\":\"es\"},{\"@type\":\"Person\",\"@id\":\"https:\/\/www.ull.es\/portal\/noticias\/#\/schema\/person\/c3b2aa857797592927a03740d6664376\",\"name\":\"prensa2\",\"image\":{\"@type\":\"ImageObject\",\"inLanguage\":\"es\",\"@id\":\"https:\/\/www.ull.es\/portal\/noticias\/#\/schema\/person\/image\/\",\"url\":\"https:\/\/secure.gravatar.com\/avatar\/b58f310a5de5feb33d1e026d2493f23c?s=96&d=mm&r=g\",\"contentUrl\":\"https:\/\/secure.gravatar.com\/avatar\/b58f310a5de5feb33d1e026d2493f23c?s=96&d=mm&r=g\",\"caption\":\"prensa2\"},\"url\":\"https:\/\/www.ull.es\/portal\/noticias\/author\/prensa2\/\"}]}<\/script>\n<!-- \/ Yoast SEO plugin. -->","yoast_head_json":{"title":"La Asociaci\u00f3n de Radios Universitarias conmemora el D\u00eda Mundial de la Radio con una emisi\u00f3n especial - ULL - Noticias","robots":{"index":"index","follow":"follow","max-snippet":"max-snippet:-1","max-image-preview":"max-image-preview:large","max-video-preview":"max-video-preview:-1"},"canonical":"https:\/\/www.ull.es\/portal\/noticias\/2013\/la-asociacion-de-radios-universitarias-conmemora-el-dia-mundial-de-la-radio-con-una-emision-especial\/","og_locale":"es_ES","og_type":"article","og_title":"La Asociaci\u00f3n de Radios Universitarias conmemora el D\u00eda Mundial de la Radio con una emisi\u00f3n especial - ULL - Noticias","og_description":"La Asociaci&oacute;n de Radios Universitarias de Espa&ntilde;a (ARU) celebra por segundo a&ntilde;o consecutivo el D&iacute;a Mundial de la Radio con...","og_url":"https:\/\/www.ull.es\/portal\/noticias\/2013\/la-asociacion-de-radios-universitarias-conmemora-el-dia-mundial-de-la-radio-con-una-emision-especial\/","og_site_name":"ULL - Noticias","article_publisher":"https:\/\/www.facebook.com\/universidaddelalaguna\/","article_published_time":"2013-02-13T12:20:12+00:00","og_image":[{"width":300,"height":297,"url":"https:\/\/www.ull.es\/portal\/noticias\/wp-content\/uploads\/sites\/13\/2015\/07\/aru.jpg","type":"image\/jpeg"}],"author":"prensa2","twitter_card":"summary_large_image","twitter_creator":"@CanalULL","twitter_site":"@CanalULL","twitter_misc":{"Escrito por":"prensa2","Tiempo de lectura":"2 minutos"},"schema":{"@context":"https:\/\/schema.org","@graph":[{"@type":"WebPage","@id":"https:\/\/www.ull.es\/portal\/noticias\/2013\/la-asociacion-de-radios-universitarias-conmemora-el-dia-mundial-de-la-radio-con-una-emision-especial\/","url":"https:\/\/www.ull.es\/portal\/noticias\/2013\/la-asociacion-de-radios-universitarias-conmemora-el-dia-mundial-de-la-radio-con-una-emision-especial\/","name":"La Asociaci\u00f3n de Radios Universitarias conmemora el D\u00eda Mundial de la Radio con una emisi\u00f3n especial - ULL - Noticias","isPartOf":{"@id":"https:\/\/www.ull.es\/portal\/noticias\/#website"},"datePublished":"2013-02-13T12:20:12+00:00","dateModified":"2013-02-13T12:20:12+00:00","author":{"@id":"https:\/\/www.ull.es\/portal\/noticias\/#\/schema\/person\/c3b2aa857797592927a03740d6664376"},"breadcrumb":{"@id":"https:\/\/www.ull.es\/portal\/noticias\/2013\/la-asociacion-de-radios-universitarias-conmemora-el-dia-mundial-de-la-radio-con-una-emision-especial\/#breadcrumb"},"inLanguage":"es","potentialAction":[{"@type":"ReadAction","target":["https:\/\/www.ull.es\/portal\/noticias\/2013\/la-asociacion-de-radios-universitarias-conmemora-el-dia-mundial-de-la-radio-con-una-emision-especial\/"]}]},{"@type":"BreadcrumbList","@id":"https:\/\/www.ull.es\/portal\/noticias\/2013\/la-asociacion-de-radios-universitarias-conmemora-el-dia-mundial-de-la-radio-con-una-emision-especial\/#breadcrumb","itemListElement":[{"@type":"ListItem","position":1,"name":"Portada","item":"https:\/\/www.ull.es\/portal\/noticias\/"},{"@type":"ListItem","position":2,"name":"La Asociaci\u00f3n de Radios Universitarias conmemora el D\u00eda Mundial de la Radio con una emisi\u00f3n especial"}]},{"@type":"WebSite","@id":"https:\/\/www.ull.es\/portal\/noticias\/#website","url":"https:\/\/www.ull.es\/portal\/noticias\/","name":"ULL - Noticias","description":"","potentialAction":[{"@type":"SearchAction","target":{"@type":"EntryPoint","urlTemplate":"https:\/\/www.ull.es\/portal\/noticias\/?s={search_term_string}"},"query-input":"required name=search_term_string"}],"inLanguage":"es"},{"@type":"Person","@id":"https:\/\/www.ull.es\/portal\/noticias\/#\/schema\/person\/c3b2aa857797592927a03740d6664376","name":"prensa2","image":{"@type":"ImageObject","inLanguage":"es","@id":"https:\/\/www.ull.es\/portal\/noticias\/#\/schema\/person\/image\/","url":"https:\/\/secure.gravatar.com\/avatar\/b58f310a5de5feb33d1e026d2493f23c?s=96&d=mm&r=g","contentUrl":"https:\/\/secure.gravatar.com\/avatar\/b58f310a5de5feb33d1e026d2493f23c?s=96&d=mm&r=g","caption":"prensa2"},"url":"https:\/\/www.ull.es\/portal\/noticias\/author\/prensa2\/"}]}},"primary_category":null,"featured_image_thumbnail_url":"https:\/\/www.ull.es\/portal\/noticias\/wp-content\/uploads\/sites\/13\/2015\/07\/aru-300x297.jpg","_links":{"self":[{"href":"https:\/\/www.ull.es\/portal\/noticias\/wp-json\/wp\/v2\/posts\/20293"}],"collection":[{"href":"https:\/\/www.ull.es\/portal\/noticias\/wp-json\/wp\/v2\/posts"}],"about":[{"href":"https:\/\/www.ull.es\/portal\/noticias\/wp-json\/wp\/v2\/types\/post"}],"author":[{"embeddable":true,"href":"https:\/\/www.ull.es\/portal\/noticias\/wp-json\/wp\/v2\/users\/21"}],"replies":[{"embeddable":true,"href":"https:\/\/www.ull.es\/portal\/noticias\/wp-json\/wp\/v2\/comments?post=20293"}],"version-history":[{"count":0,"href":"https:\/\/www.ull.es\/portal\/noticias\/wp-json\/wp\/v2\/posts\/20293\/revisions"}],"wp:featuredmedia":[{"embeddable":true,"href":"https:\/\/www.ull.es\/portal\/noticias\/wp-json\/wp\/v2\/media\/20018"}],"wp:attachment":[{"href":"https:\/\/www.ull.es\/portal\/noticias\/wp-json\/wp\/v2\/media?parent=20293"}],"wp:term":[{"taxonomy":"category","embeddable":true,"href":"https:\/\/www.ull.es\/portal\/noticias\/wp-json\/wp\/v2\/categories?post=20293"},{"taxonomy":"post_tag","embeddable":true,"href":"https:\/\/www.ull.es\/portal\/noticias\/wp-json\/wp\/v2\/tags?post=20293"}],"curies":[{"name":"wp","href":"https:\/\/api.w.org\/{rel}","templated":true}]}}