{"id":20315,"date":"2013-02-19T13:36:34","date_gmt":"2013-02-19T13:36:34","guid":{"rendered":"http:\/\/ddigital.webs.ull.es\/la-fundacion-general-ull-familiariza-a-los-jovenes-de-fp-con-practicas-de-innovacion-y-creatividad\/"},"modified":"2013-02-19T13:36:34","modified_gmt":"2013-02-19T13:36:34","slug":"la-fundacion-general-ull-familiariza-a-los-jovenes-de-fp-con-practicas-de-innovacion-y-creatividad","status":"publish","type":"post","link":"https:\/\/www.ull.es\/portal\/noticias\/2013\/la-fundacion-general-ull-familiariza-a-los-jovenes-de-fp-con-practicas-de-innovacion-y-creatividad\/","title":{"rendered":"La Fundaci\u00f3n General ULL familiariza a los j\u00f3venes de FP con pr\u00e1cticas de innovaci\u00f3n y creatividad"},"content":{"rendered":"<p> \tEl Programa para el Fomento de la Intraemprendedur&iacute;a en Ciclos Formativos de Formaci&oacute;n Profesional (IntraEmprendedur&iacute;a.FP), organizado por la Fundaci&oacute;n General Universidad de La Laguna, con financiaci&oacute;n del &Aacute;rea de Acci&oacute;n Social, Educaci&oacute;n, Juventud, Igualdad, Cultura y Deportes del Cabildo de Tenerife, es un curso formativo que pretende implantar nuevas din&aacute;micas orientadas a promover el talento, la creatividad y la innovaci&oacute;n en los estudiantes de FP. <br \/> \t&nbsp;<\/p>\n<p> \tEl objetivo principal es facilitar la inserci&oacute;n profesional de los estudiantes de ciclos formativos de Tenerife, mediante la mejora de sus competencias, aptitudes y actitudes. Ha alcanzado, en la mitad de su programa, la participaci&oacute;n de 180 j&oacute;venes, procedentes de nueve ciclos de diferentes centros de la isla.<\/p>\n<p> \tActualmente, los participantes se encuentran en la fase instructiva, la primera del programa, donde reciben actividades formativas relacionadas con elementos como la innovaci&oacute;n, el emprendimiento o el trabajo en equipo. Una siguiente fase, la anal&iacute;tica, permitir&aacute; a los estudiantes caracterizar y analizar empresas del entorno e identificar oportunidades innovadoras en su contexto. Intervienen tambi&eacute;n empresas de la isla, para generar un entorno realista en el que los j&oacute;venes presentan sus ideas sobre las posibles formas de dinamizar nuevas l&iacute;neas de negocio en las mismas.<\/p>\n<p> \tSeg&uacute;n el equipo t&eacute;cnico que dirige este programa, &ldquo;la capacitaci&oacute;n de estudiantes de FP supone una apuesta por la formaci&oacute;n de perfiles m&aacute;s profesionales, muchos de los cuales se encuentran muy cercanos a la realidad empresarial actual, en los tiempos de crisis econ&oacute;mica que se viven&rdquo;.<\/p>\n<p> \tLos centros participantes son: IES Telesforo Bravo&nbsp; de Puerto de la Cruz, con grupos de los ciclos de Aplicaciones Web, Sistemas Electrot&eacute;cnicos y Automatismos, y el de Administraci&oacute;n de Sistemas;&nbsp; el IES Tegueste,&nbsp; con el ciclo de Qu&iacute;mica Ambiental; el IES La Laboral, con el de Sistemas Electrot&eacute;cnicos y Automatismos y el de Gesti&oacute;n de Ventas y Espacios Comerciales; el IES El Chapatal, con su ciclo de Administraci&oacute;n y Finanzas; el IES Domingo P&eacute;rez Minik, con el ciclo de Desarrollo de Aplicaciones Multiplataforma y, por &uacute;ltimo, el IES C&eacute;sar Manrique, con estudiantes del ciclo de Aplicaciones Web.<\/p>\n<p> \t&nbsp;<\/p>\n","protected":false},"excerpt":{"rendered":"<p>El Programa para el Fomento de la Intraemprendedur&iacute;a en Ciclos Formativos de Formaci&oacute;n Profesional (IntraEmprendedur&iacute;a.FP), organizado por la Fundaci&oacute;n General&#8230;<\/p>\n","protected":false},"author":21,"featured_media":18987,"comment_status":"open","ping_status":"open","sticky":false,"template":"","format":"standard","meta":{"inline_featured_image":false,"footnotes":""},"categories":[348,1],"tags":[],"acf":[],"yoast_head":"<!-- This site is optimized with the Yoast SEO plugin v21.3 - https:\/\/yoast.com\/wordpress\/plugins\/seo\/ -->\n<title>La Fundaci\u00f3n General ULL familiariza a los j\u00f3venes de FP con pr\u00e1cticas de innovaci\u00f3n y creatividad - ULL - Noticias<\/title>\n<meta name=\"robots\" content=\"index, follow, max-snippet:-1, max-image-preview:large, max-video-preview:-1\" \/>\n<link rel=\"canonical\" href=\"https:\/\/www.ull.es\/portal\/noticias\/2013\/la-fundacion-general-ull-familiariza-a-los-jovenes-de-fp-con-practicas-de-innovacion-y-creatividad\/\" \/>\n<meta property=\"og:locale\" content=\"es_ES\" \/>\n<meta property=\"og:type\" content=\"article\" \/>\n<meta property=\"og:title\" content=\"La Fundaci\u00f3n General ULL familiariza a los j\u00f3venes de FP con pr\u00e1cticas de innovaci\u00f3n y creatividad - ULL - Noticias\" \/>\n<meta property=\"og:description\" content=\"El Programa para el Fomento de la Intraemprendedur&iacute;a en Ciclos Formativos de Formaci&oacute;n Profesional (IntraEmprendedur&iacute;a.FP), organizado por la Fundaci&oacute;n General...\" \/>\n<meta property=\"og:url\" content=\"https:\/\/www.ull.es\/portal\/noticias\/2013\/la-fundacion-general-ull-familiariza-a-los-jovenes-de-fp-con-practicas-de-innovacion-y-creatividad\/\" \/>\n<meta property=\"og:site_name\" content=\"ULL - Noticias\" \/>\n<meta property=\"article:publisher\" content=\"https:\/\/www.facebook.com\/universidaddelalaguna\/\" \/>\n<meta property=\"article:published_time\" content=\"2013-02-19T13:36:34+00:00\" \/>\n<meta property=\"og:image\" content=\"https:\/\/www.ull.es\/portal\/noticias\/wp-content\/uploads\/sites\/13\/2015\/07\/LOGO.jpg\" \/>\n\t<meta property=\"og:image:width\" content=\"800\" \/>\n\t<meta property=\"og:image:height\" content=\"594\" \/>\n\t<meta property=\"og:image:type\" content=\"image\/jpeg\" \/>\n<meta name=\"author\" content=\"prensa2\" \/>\n<meta name=\"twitter:card\" content=\"summary_large_image\" \/>\n<meta name=\"twitter:creator\" content=\"@CanalULL\" \/>\n<meta name=\"twitter:site\" content=\"@CanalULL\" \/>\n<meta name=\"twitter:label1\" content=\"Escrito por\" \/>\n\t<meta name=\"twitter:data1\" content=\"prensa2\" \/>\n\t<meta name=\"twitter:label2\" content=\"Tiempo de lectura\" \/>\n\t<meta name=\"twitter:data2\" content=\"2 minutos\" \/>\n<script type=\"application\/ld+json\" class=\"yoast-schema-graph\">{\"@context\":\"https:\/\/schema.org\",\"@graph\":[{\"@type\":\"WebPage\",\"@id\":\"https:\/\/www.ull.es\/portal\/noticias\/2013\/la-fundacion-general-ull-familiariza-a-los-jovenes-de-fp-con-practicas-de-innovacion-y-creatividad\/\",\"url\":\"https:\/\/www.ull.es\/portal\/noticias\/2013\/la-fundacion-general-ull-familiariza-a-los-jovenes-de-fp-con-practicas-de-innovacion-y-creatividad\/\",\"name\":\"La Fundaci\u00f3n General ULL familiariza a los j\u00f3venes de FP con pr\u00e1cticas de innovaci\u00f3n y creatividad - ULL - Noticias\",\"isPartOf\":{\"@id\":\"https:\/\/www.ull.es\/portal\/noticias\/#website\"},\"datePublished\":\"2013-02-19T13:36:34+00:00\",\"dateModified\":\"2013-02-19T13:36:34+00:00\",\"author\":{\"@id\":\"https:\/\/www.ull.es\/portal\/noticias\/#\/schema\/person\/c3b2aa857797592927a03740d6664376\"},\"breadcrumb\":{\"@id\":\"https:\/\/www.ull.es\/portal\/noticias\/2013\/la-fundacion-general-ull-familiariza-a-los-jovenes-de-fp-con-practicas-de-innovacion-y-creatividad\/#breadcrumb\"},\"inLanguage\":\"es\",\"potentialAction\":[{\"@type\":\"ReadAction\",\"target\":[\"https:\/\/www.ull.es\/portal\/noticias\/2013\/la-fundacion-general-ull-familiariza-a-los-jovenes-de-fp-con-practicas-de-innovacion-y-creatividad\/\"]}]},{\"@type\":\"BreadcrumbList\",\"@id\":\"https:\/\/www.ull.es\/portal\/noticias\/2013\/la-fundacion-general-ull-familiariza-a-los-jovenes-de-fp-con-practicas-de-innovacion-y-creatividad\/#breadcrumb\",\"itemListElement\":[{\"@type\":\"ListItem\",\"position\":1,\"name\":\"Portada\",\"item\":\"https:\/\/www.ull.es\/portal\/noticias\/\"},{\"@type\":\"ListItem\",\"position\":2,\"name\":\"La Fundaci\u00f3n General ULL familiariza a los j\u00f3venes de FP con pr\u00e1cticas de innovaci\u00f3n y creatividad\"}]},{\"@type\":\"WebSite\",\"@id\":\"https:\/\/www.ull.es\/portal\/noticias\/#website\",\"url\":\"https:\/\/www.ull.es\/portal\/noticias\/\",\"name\":\"ULL - Noticias\",\"description\":\"\",\"potentialAction\":[{\"@type\":\"SearchAction\",\"target\":{\"@type\":\"EntryPoint\",\"urlTemplate\":\"https:\/\/www.ull.es\/portal\/noticias\/?s={search_term_string}\"},\"query-input\":\"required name=search_term_string\"}],\"inLanguage\":\"es\"},{\"@type\":\"Person\",\"@id\":\"https:\/\/www.ull.es\/portal\/noticias\/#\/schema\/person\/c3b2aa857797592927a03740d6664376\",\"name\":\"prensa2\",\"image\":{\"@type\":\"ImageObject\",\"inLanguage\":\"es\",\"@id\":\"https:\/\/www.ull.es\/portal\/noticias\/#\/schema\/person\/image\/\",\"url\":\"https:\/\/secure.gravatar.com\/avatar\/b58f310a5de5feb33d1e026d2493f23c?s=96&d=mm&r=g\",\"contentUrl\":\"https:\/\/secure.gravatar.com\/avatar\/b58f310a5de5feb33d1e026d2493f23c?s=96&d=mm&r=g\",\"caption\":\"prensa2\"},\"url\":\"https:\/\/www.ull.es\/portal\/noticias\/author\/prensa2\/\"}]}<\/script>\n<!-- \/ Yoast SEO plugin. -->","yoast_head_json":{"title":"La Fundaci\u00f3n General ULL familiariza a los j\u00f3venes de FP con pr\u00e1cticas de innovaci\u00f3n y creatividad - ULL - Noticias","robots":{"index":"index","follow":"follow","max-snippet":"max-snippet:-1","max-image-preview":"max-image-preview:large","max-video-preview":"max-video-preview:-1"},"canonical":"https:\/\/www.ull.es\/portal\/noticias\/2013\/la-fundacion-general-ull-familiariza-a-los-jovenes-de-fp-con-practicas-de-innovacion-y-creatividad\/","og_locale":"es_ES","og_type":"article","og_title":"La Fundaci\u00f3n General ULL familiariza a los j\u00f3venes de FP con pr\u00e1cticas de innovaci\u00f3n y creatividad - ULL - Noticias","og_description":"El Programa para el Fomento de la Intraemprendedur&iacute;a en Ciclos Formativos de Formaci&oacute;n Profesional (IntraEmprendedur&iacute;a.FP), organizado por la Fundaci&oacute;n General...","og_url":"https:\/\/www.ull.es\/portal\/noticias\/2013\/la-fundacion-general-ull-familiariza-a-los-jovenes-de-fp-con-practicas-de-innovacion-y-creatividad\/","og_site_name":"ULL - Noticias","article_publisher":"https:\/\/www.facebook.com\/universidaddelalaguna\/","article_published_time":"2013-02-19T13:36:34+00:00","og_image":[{"width":800,"height":594,"url":"https:\/\/www.ull.es\/portal\/noticias\/wp-content\/uploads\/sites\/13\/2015\/07\/LOGO.jpg","type":"image\/jpeg"}],"author":"prensa2","twitter_card":"summary_large_image","twitter_creator":"@CanalULL","twitter_site":"@CanalULL","twitter_misc":{"Escrito por":"prensa2","Tiempo de lectura":"2 minutos"},"schema":{"@context":"https:\/\/schema.org","@graph":[{"@type":"WebPage","@id":"https:\/\/www.ull.es\/portal\/noticias\/2013\/la-fundacion-general-ull-familiariza-a-los-jovenes-de-fp-con-practicas-de-innovacion-y-creatividad\/","url":"https:\/\/www.ull.es\/portal\/noticias\/2013\/la-fundacion-general-ull-familiariza-a-los-jovenes-de-fp-con-practicas-de-innovacion-y-creatividad\/","name":"La Fundaci\u00f3n General ULL familiariza a los j\u00f3venes de FP con pr\u00e1cticas de innovaci\u00f3n y creatividad - ULL - Noticias","isPartOf":{"@id":"https:\/\/www.ull.es\/portal\/noticias\/#website"},"datePublished":"2013-02-19T13:36:34+00:00","dateModified":"2013-02-19T13:36:34+00:00","author":{"@id":"https:\/\/www.ull.es\/portal\/noticias\/#\/schema\/person\/c3b2aa857797592927a03740d6664376"},"breadcrumb":{"@id":"https:\/\/www.ull.es\/portal\/noticias\/2013\/la-fundacion-general-ull-familiariza-a-los-jovenes-de-fp-con-practicas-de-innovacion-y-creatividad\/#breadcrumb"},"inLanguage":"es","potentialAction":[{"@type":"ReadAction","target":["https:\/\/www.ull.es\/portal\/noticias\/2013\/la-fundacion-general-ull-familiariza-a-los-jovenes-de-fp-con-practicas-de-innovacion-y-creatividad\/"]}]},{"@type":"BreadcrumbList","@id":"https:\/\/www.ull.es\/portal\/noticias\/2013\/la-fundacion-general-ull-familiariza-a-los-jovenes-de-fp-con-practicas-de-innovacion-y-creatividad\/#breadcrumb","itemListElement":[{"@type":"ListItem","position":1,"name":"Portada","item":"https:\/\/www.ull.es\/portal\/noticias\/"},{"@type":"ListItem","position":2,"name":"La Fundaci\u00f3n General ULL familiariza a los j\u00f3venes de FP con pr\u00e1cticas de innovaci\u00f3n y creatividad"}]},{"@type":"WebSite","@id":"https:\/\/www.ull.es\/portal\/noticias\/#website","url":"https:\/\/www.ull.es\/portal\/noticias\/","name":"ULL - Noticias","description":"","potentialAction":[{"@type":"SearchAction","target":{"@type":"EntryPoint","urlTemplate":"https:\/\/www.ull.es\/portal\/noticias\/?s={search_term_string}"},"query-input":"required name=search_term_string"}],"inLanguage":"es"},{"@type":"Person","@id":"https:\/\/www.ull.es\/portal\/noticias\/#\/schema\/person\/c3b2aa857797592927a03740d6664376","name":"prensa2","image":{"@type":"ImageObject","inLanguage":"es","@id":"https:\/\/www.ull.es\/portal\/noticias\/#\/schema\/person\/image\/","url":"https:\/\/secure.gravatar.com\/avatar\/b58f310a5de5feb33d1e026d2493f23c?s=96&d=mm&r=g","contentUrl":"https:\/\/secure.gravatar.com\/avatar\/b58f310a5de5feb33d1e026d2493f23c?s=96&d=mm&r=g","caption":"prensa2"},"url":"https:\/\/www.ull.es\/portal\/noticias\/author\/prensa2\/"}]}},"primary_category":null,"featured_image_thumbnail_url":"https:\/\/www.ull.es\/portal\/noticias\/wp-content\/uploads\/sites\/13\/2015\/07\/LOGO-300x223.jpg","_links":{"self":[{"href":"https:\/\/www.ull.es\/portal\/noticias\/wp-json\/wp\/v2\/posts\/20315"}],"collection":[{"href":"https:\/\/www.ull.es\/portal\/noticias\/wp-json\/wp\/v2\/posts"}],"about":[{"href":"https:\/\/www.ull.es\/portal\/noticias\/wp-json\/wp\/v2\/types\/post"}],"author":[{"embeddable":true,"href":"https:\/\/www.ull.es\/portal\/noticias\/wp-json\/wp\/v2\/users\/21"}],"replies":[{"embeddable":true,"href":"https:\/\/www.ull.es\/portal\/noticias\/wp-json\/wp\/v2\/comments?post=20315"}],"version-history":[{"count":0,"href":"https:\/\/www.ull.es\/portal\/noticias\/wp-json\/wp\/v2\/posts\/20315\/revisions"}],"wp:featuredmedia":[{"embeddable":true,"href":"https:\/\/www.ull.es\/portal\/noticias\/wp-json\/wp\/v2\/media\/18987"}],"wp:attachment":[{"href":"https:\/\/www.ull.es\/portal\/noticias\/wp-json\/wp\/v2\/media?parent=20315"}],"wp:term":[{"taxonomy":"category","embeddable":true,"href":"https:\/\/www.ull.es\/portal\/noticias\/wp-json\/wp\/v2\/categories?post=20315"},{"taxonomy":"post_tag","embeddable":true,"href":"https:\/\/www.ull.es\/portal\/noticias\/wp-json\/wp\/v2\/tags?post=20315"}],"curies":[{"name":"wp","href":"https:\/\/api.w.org\/{rel}","templated":true}]}}