{"id":20327,"date":"2013-02-21T09:40:22","date_gmt":"2013-02-21T09:40:22","guid":{"rendered":"http:\/\/ddigital.webs.ull.es\/la-ull-y-el-cabildo-de-tenerife-organizan-la-tercera-edicion-del-master-de-derecho-urbanistico\/"},"modified":"2013-02-21T09:40:22","modified_gmt":"2013-02-21T09:40:22","slug":"la-ull-y-el-cabildo-de-tenerife-organizan-la-tercera-edicion-del-master-de-derecho-urbanistico","status":"publish","type":"post","link":"https:\/\/www.ull.es\/portal\/noticias\/2013\/la-ull-y-el-cabildo-de-tenerife-organizan-la-tercera-edicion-del-master-de-derecho-urbanistico\/","title":{"rendered":"La ULL y el Cabildo de Tenerife organizan la tercera edici\u00f3n del M\u00e1ster de Derecho Urban\u00edstico"},"content":{"rendered":"<p> \tLa Universidad de La Laguna y el Cabildo de Tenerife organizan la tercera edici&oacute;n del m&aacute;ster de Derecho Urban&iacute;stico, que comenzar&aacute; a impartirse el pr&oacute;ximo 15 de marzo. El convenio lo firmaron ayer 20 de febrero Ricardo Melchior, presidente de la corporaci&oacute;n insular; Eduardo Dom&eacute;nech, rector de la ULL; y Fernando Clavijo, alcalde de La Laguna, pues el ayuntamiento tambi&eacute;n formar&aacute; parte de esta iniciativa.<br \/> \t&nbsp;<\/p>\n<p> \tEstos estudios de posgrado pretenden contribuir a una mejor formaci&oacute;n y a la especializaci&oacute;n de los profesionales de distintos &aacute;mbitos en materia de urbanismo y ordenaci&oacute;n del territorio que, por su elevado nivel de complejidad, requiere una buena instrucci&oacute;n acad&eacute;mica.<\/p>\n<p> \tMelchior destac&oacute; que este m&aacute;ster ha brindado al Cabildo la oportunidad de contar con un total de un centenar de profesionales que pueden desarrollar su labor con mejor preparaci&oacute;n en un entramado tan complejo como es el urbanismo. Dom&eacute;nech, por su parte, incidi&oacute; en el valor del territorio canario por ser escaso y en que el &eacute;xito de sectores tan importantes como el turismo o la agricultura depende en gran medida de una buena gesti&oacute;n del espacio. <\/p>\n<p> \tPino de Le&oacute;n, consejera insular de Planificaci&oacute;n, agradeci&oacute; el apoyo a las instituciones y a los colegios profesionales para lograr que esta iniciativa salga adelante. El alcalde de La Laguna reconoci&oacute; la labor de la Universidad de La Laguna, que sigue apostando por la excelencia en la formaci&oacute;n, y asegur&oacute; que en el ayuntamiento se puede dar fe de la calidad de la ense&ntilde;anza que se imparte en el m&aacute;ster de Derecho Urban&iacute;stico porque se ha contado con algunos de sus alumnos en la Gerencia de Urbanismo. <\/p>\n<p> \tEn el programa de estudios se incluyen aspectos como el r&eacute;gimen de propiedad del suelo, el planeamiento, la intervenci&oacute;n p&uacute;blica sobre los usos del suelo, la disciplina urban&iacute;stica y la normativa sectorial, adem&aacute;s de seminarios y pr&aacute;cticas en instituciones y empresas. El m&aacute;ster contar&aacute; con 50 plazas, la mitad reservada para licenciados en los &uacute;ltimos tres a&ntilde;os.<\/p>\n<p> \tLa gesti&oacute;n del posgrado correr&aacute; a cargo de la Fundaci&oacute;n General Universidad de La Laguna, pues es la entidad adecuada para fomentar la cooperaci&oacute;n entre el centro acad&eacute;mico y las empresas y organismos p&uacute;blicos, seg&uacute;n asegur&oacute; su director, Sergio Alonso.<br \/> \t&nbsp;<\/p>\n","protected":false},"excerpt":{"rendered":"<p>La Universidad de La Laguna y el Cabildo de Tenerife organizan la tercera edici&oacute;n del m&aacute;ster de Derecho Urban&iacute;stico, que&#8230;<\/p>\n","protected":false},"author":21,"featured_media":20328,"comment_status":"open","ping_status":"open","sticky":false,"template":"","format":"standard","meta":{"inline_featured_image":false,"footnotes":""},"categories":[348,1],"tags":[],"acf":[],"yoast_head":"<!-- This site is optimized with the Yoast SEO plugin v21.3 - https:\/\/yoast.com\/wordpress\/plugins\/seo\/ -->\n<title>La ULL y el Cabildo de Tenerife organizan la tercera edici\u00f3n del M\u00e1ster de Derecho Urban\u00edstico - ULL - Noticias<\/title>\n<meta name=\"robots\" content=\"index, follow, max-snippet:-1, max-image-preview:large, max-video-preview:-1\" \/>\n<link rel=\"canonical\" href=\"https:\/\/www.ull.es\/portal\/noticias\/2013\/la-ull-y-el-cabildo-de-tenerife-organizan-la-tercera-edicion-del-master-de-derecho-urbanistico\/\" \/>\n<meta property=\"og:locale\" content=\"es_ES\" \/>\n<meta property=\"og:type\" content=\"article\" \/>\n<meta property=\"og:title\" content=\"La ULL y el Cabildo de Tenerife organizan la tercera edici\u00f3n del M\u00e1ster de Derecho Urban\u00edstico - ULL - Noticias\" \/>\n<meta property=\"og:description\" content=\"La Universidad de La Laguna y el Cabildo de Tenerife organizan la tercera edici&oacute;n del m&aacute;ster de Derecho Urban&iacute;stico, que...\" \/>\n<meta property=\"og:url\" content=\"https:\/\/www.ull.es\/portal\/noticias\/2013\/la-ull-y-el-cabildo-de-tenerife-organizan-la-tercera-edicion-del-master-de-derecho-urbanistico\/\" \/>\n<meta property=\"og:site_name\" content=\"ULL - Noticias\" \/>\n<meta property=\"article:publisher\" content=\"https:\/\/www.facebook.com\/universidaddelalaguna\/\" \/>\n<meta property=\"article:published_time\" content=\"2013-02-21T09:40:22+00:00\" \/>\n<meta property=\"og:image\" content=\"https:\/\/www.ull.es\/portal\/noticias\/wp-content\/uploads\/sites\/13\/2015\/07\/master-urbanismo.jpg\" \/>\n\t<meta property=\"og:image:width\" content=\"800\" \/>\n\t<meta property=\"og:image:height\" content=\"530\" \/>\n\t<meta property=\"og:image:type\" content=\"image\/jpeg\" \/>\n<meta name=\"author\" content=\"prensa2\" \/>\n<meta name=\"twitter:card\" content=\"summary_large_image\" \/>\n<meta name=\"twitter:creator\" content=\"@CanalULL\" \/>\n<meta name=\"twitter:site\" content=\"@CanalULL\" \/>\n<meta name=\"twitter:label1\" content=\"Escrito por\" \/>\n\t<meta name=\"twitter:data1\" content=\"prensa2\" \/>\n\t<meta name=\"twitter:label2\" content=\"Tiempo de lectura\" \/>\n\t<meta name=\"twitter:data2\" content=\"2 minutos\" \/>\n<script type=\"application\/ld+json\" class=\"yoast-schema-graph\">{\"@context\":\"https:\/\/schema.org\",\"@graph\":[{\"@type\":\"WebPage\",\"@id\":\"https:\/\/www.ull.es\/portal\/noticias\/2013\/la-ull-y-el-cabildo-de-tenerife-organizan-la-tercera-edicion-del-master-de-derecho-urbanistico\/\",\"url\":\"https:\/\/www.ull.es\/portal\/noticias\/2013\/la-ull-y-el-cabildo-de-tenerife-organizan-la-tercera-edicion-del-master-de-derecho-urbanistico\/\",\"name\":\"La ULL y el Cabildo de Tenerife organizan la tercera edici\u00f3n del M\u00e1ster de Derecho Urban\u00edstico - ULL - Noticias\",\"isPartOf\":{\"@id\":\"https:\/\/www.ull.es\/portal\/noticias\/#website\"},\"datePublished\":\"2013-02-21T09:40:22+00:00\",\"dateModified\":\"2013-02-21T09:40:22+00:00\",\"author\":{\"@id\":\"https:\/\/www.ull.es\/portal\/noticias\/#\/schema\/person\/c3b2aa857797592927a03740d6664376\"},\"breadcrumb\":{\"@id\":\"https:\/\/www.ull.es\/portal\/noticias\/2013\/la-ull-y-el-cabildo-de-tenerife-organizan-la-tercera-edicion-del-master-de-derecho-urbanistico\/#breadcrumb\"},\"inLanguage\":\"es\",\"potentialAction\":[{\"@type\":\"ReadAction\",\"target\":[\"https:\/\/www.ull.es\/portal\/noticias\/2013\/la-ull-y-el-cabildo-de-tenerife-organizan-la-tercera-edicion-del-master-de-derecho-urbanistico\/\"]}]},{\"@type\":\"BreadcrumbList\",\"@id\":\"https:\/\/www.ull.es\/portal\/noticias\/2013\/la-ull-y-el-cabildo-de-tenerife-organizan-la-tercera-edicion-del-master-de-derecho-urbanistico\/#breadcrumb\",\"itemListElement\":[{\"@type\":\"ListItem\",\"position\":1,\"name\":\"Portada\",\"item\":\"https:\/\/www.ull.es\/portal\/noticias\/\"},{\"@type\":\"ListItem\",\"position\":2,\"name\":\"La ULL y el Cabildo de Tenerife organizan la tercera edici\u00f3n del M\u00e1ster de Derecho Urban\u00edstico\"}]},{\"@type\":\"WebSite\",\"@id\":\"https:\/\/www.ull.es\/portal\/noticias\/#website\",\"url\":\"https:\/\/www.ull.es\/portal\/noticias\/\",\"name\":\"ULL - Noticias\",\"description\":\"\",\"potentialAction\":[{\"@type\":\"SearchAction\",\"target\":{\"@type\":\"EntryPoint\",\"urlTemplate\":\"https:\/\/www.ull.es\/portal\/noticias\/?s={search_term_string}\"},\"query-input\":\"required name=search_term_string\"}],\"inLanguage\":\"es\"},{\"@type\":\"Person\",\"@id\":\"https:\/\/www.ull.es\/portal\/noticias\/#\/schema\/person\/c3b2aa857797592927a03740d6664376\",\"name\":\"prensa2\",\"image\":{\"@type\":\"ImageObject\",\"inLanguage\":\"es\",\"@id\":\"https:\/\/www.ull.es\/portal\/noticias\/#\/schema\/person\/image\/\",\"url\":\"https:\/\/secure.gravatar.com\/avatar\/b58f310a5de5feb33d1e026d2493f23c?s=96&d=mm&r=g\",\"contentUrl\":\"https:\/\/secure.gravatar.com\/avatar\/b58f310a5de5feb33d1e026d2493f23c?s=96&d=mm&r=g\",\"caption\":\"prensa2\"},\"url\":\"https:\/\/www.ull.es\/portal\/noticias\/author\/prensa2\/\"}]}<\/script>\n<!-- \/ Yoast SEO plugin. -->","yoast_head_json":{"title":"La ULL y el Cabildo de Tenerife organizan la tercera edici\u00f3n del M\u00e1ster de Derecho Urban\u00edstico - ULL - Noticias","robots":{"index":"index","follow":"follow","max-snippet":"max-snippet:-1","max-image-preview":"max-image-preview:large","max-video-preview":"max-video-preview:-1"},"canonical":"https:\/\/www.ull.es\/portal\/noticias\/2013\/la-ull-y-el-cabildo-de-tenerife-organizan-la-tercera-edicion-del-master-de-derecho-urbanistico\/","og_locale":"es_ES","og_type":"article","og_title":"La ULL y el Cabildo de Tenerife organizan la tercera edici\u00f3n del M\u00e1ster de Derecho Urban\u00edstico - ULL - Noticias","og_description":"La Universidad de La Laguna y el Cabildo de Tenerife organizan la tercera edici&oacute;n del m&aacute;ster de Derecho Urban&iacute;stico, que...","og_url":"https:\/\/www.ull.es\/portal\/noticias\/2013\/la-ull-y-el-cabildo-de-tenerife-organizan-la-tercera-edicion-del-master-de-derecho-urbanistico\/","og_site_name":"ULL - Noticias","article_publisher":"https:\/\/www.facebook.com\/universidaddelalaguna\/","article_published_time":"2013-02-21T09:40:22+00:00","og_image":[{"width":800,"height":530,"url":"https:\/\/www.ull.es\/portal\/noticias\/wp-content\/uploads\/sites\/13\/2015\/07\/master-urbanismo.jpg","type":"image\/jpeg"}],"author":"prensa2","twitter_card":"summary_large_image","twitter_creator":"@CanalULL","twitter_site":"@CanalULL","twitter_misc":{"Escrito por":"prensa2","Tiempo de lectura":"2 minutos"},"schema":{"@context":"https:\/\/schema.org","@graph":[{"@type":"WebPage","@id":"https:\/\/www.ull.es\/portal\/noticias\/2013\/la-ull-y-el-cabildo-de-tenerife-organizan-la-tercera-edicion-del-master-de-derecho-urbanistico\/","url":"https:\/\/www.ull.es\/portal\/noticias\/2013\/la-ull-y-el-cabildo-de-tenerife-organizan-la-tercera-edicion-del-master-de-derecho-urbanistico\/","name":"La ULL y el Cabildo de Tenerife organizan la tercera edici\u00f3n del M\u00e1ster de Derecho Urban\u00edstico - ULL - Noticias","isPartOf":{"@id":"https:\/\/www.ull.es\/portal\/noticias\/#website"},"datePublished":"2013-02-21T09:40:22+00:00","dateModified":"2013-02-21T09:40:22+00:00","author":{"@id":"https:\/\/www.ull.es\/portal\/noticias\/#\/schema\/person\/c3b2aa857797592927a03740d6664376"},"breadcrumb":{"@id":"https:\/\/www.ull.es\/portal\/noticias\/2013\/la-ull-y-el-cabildo-de-tenerife-organizan-la-tercera-edicion-del-master-de-derecho-urbanistico\/#breadcrumb"},"inLanguage":"es","potentialAction":[{"@type":"ReadAction","target":["https:\/\/www.ull.es\/portal\/noticias\/2013\/la-ull-y-el-cabildo-de-tenerife-organizan-la-tercera-edicion-del-master-de-derecho-urbanistico\/"]}]},{"@type":"BreadcrumbList","@id":"https:\/\/www.ull.es\/portal\/noticias\/2013\/la-ull-y-el-cabildo-de-tenerife-organizan-la-tercera-edicion-del-master-de-derecho-urbanistico\/#breadcrumb","itemListElement":[{"@type":"ListItem","position":1,"name":"Portada","item":"https:\/\/www.ull.es\/portal\/noticias\/"},{"@type":"ListItem","position":2,"name":"La ULL y el Cabildo de Tenerife organizan la tercera edici\u00f3n del M\u00e1ster de Derecho Urban\u00edstico"}]},{"@type":"WebSite","@id":"https:\/\/www.ull.es\/portal\/noticias\/#website","url":"https:\/\/www.ull.es\/portal\/noticias\/","name":"ULL - Noticias","description":"","potentialAction":[{"@type":"SearchAction","target":{"@type":"EntryPoint","urlTemplate":"https:\/\/www.ull.es\/portal\/noticias\/?s={search_term_string}"},"query-input":"required name=search_term_string"}],"inLanguage":"es"},{"@type":"Person","@id":"https:\/\/www.ull.es\/portal\/noticias\/#\/schema\/person\/c3b2aa857797592927a03740d6664376","name":"prensa2","image":{"@type":"ImageObject","inLanguage":"es","@id":"https:\/\/www.ull.es\/portal\/noticias\/#\/schema\/person\/image\/","url":"https:\/\/secure.gravatar.com\/avatar\/b58f310a5de5feb33d1e026d2493f23c?s=96&d=mm&r=g","contentUrl":"https:\/\/secure.gravatar.com\/avatar\/b58f310a5de5feb33d1e026d2493f23c?s=96&d=mm&r=g","caption":"prensa2"},"url":"https:\/\/www.ull.es\/portal\/noticias\/author\/prensa2\/"}]}},"primary_category":null,"featured_image_thumbnail_url":"https:\/\/www.ull.es\/portal\/noticias\/wp-content\/uploads\/sites\/13\/2015\/07\/master-urbanismo-300x199.jpg","_links":{"self":[{"href":"https:\/\/www.ull.es\/portal\/noticias\/wp-json\/wp\/v2\/posts\/20327"}],"collection":[{"href":"https:\/\/www.ull.es\/portal\/noticias\/wp-json\/wp\/v2\/posts"}],"about":[{"href":"https:\/\/www.ull.es\/portal\/noticias\/wp-json\/wp\/v2\/types\/post"}],"author":[{"embeddable":true,"href":"https:\/\/www.ull.es\/portal\/noticias\/wp-json\/wp\/v2\/users\/21"}],"replies":[{"embeddable":true,"href":"https:\/\/www.ull.es\/portal\/noticias\/wp-json\/wp\/v2\/comments?post=20327"}],"version-history":[{"count":0,"href":"https:\/\/www.ull.es\/portal\/noticias\/wp-json\/wp\/v2\/posts\/20327\/revisions"}],"wp:featuredmedia":[{"embeddable":true,"href":"https:\/\/www.ull.es\/portal\/noticias\/wp-json\/wp\/v2\/media\/20328"}],"wp:attachment":[{"href":"https:\/\/www.ull.es\/portal\/noticias\/wp-json\/wp\/v2\/media?parent=20327"}],"wp:term":[{"taxonomy":"category","embeddable":true,"href":"https:\/\/www.ull.es\/portal\/noticias\/wp-json\/wp\/v2\/categories?post=20327"},{"taxonomy":"post_tag","embeddable":true,"href":"https:\/\/www.ull.es\/portal\/noticias\/wp-json\/wp\/v2\/tags?post=20327"}],"curies":[{"name":"wp","href":"https:\/\/api.w.org\/{rel}","templated":true}]}}