{"id":20343,"date":"2013-02-26T10:02:08","date_gmt":"2013-02-26T10:02:08","guid":{"rendered":"http:\/\/ddigital.webs.ull.es\/estudiantes-de-la-ull-realizaran-practicas-externas-en-entidades-de-la-red-juntos-en-la-misma-direccion\/"},"modified":"2013-02-26T10:02:08","modified_gmt":"2013-02-26T10:02:08","slug":"estudiantes-de-la-ull-realizaran-practicas-externas-en-entidades-de-la-red-juntos-en-la-misma-direccion","status":"publish","type":"post","link":"https:\/\/www.ull.es\/portal\/noticias\/2013\/estudiantes-de-la-ull-realizaran-practicas-externas-en-entidades-de-la-red-juntos-en-la-misma-direccion\/","title":{"rendered":"Estudiantes de la ULL realizar\u00e1n pr\u00e1cticas externas en entidades de la red \u00abJuntos en la misma direcci\u00f3n\u201d"},"content":{"rendered":"<p> \tLa red de asociaciones de inmigrantes, agencias gubernamentales y organizaciones de distinto tipo, &ldquo;Juntos en la misma direcci&oacute;n&rdquo;, manifest&oacute; su deseo de contar con estudiantes universitarios que realicen las pr&aacute;cticas externas en sus entidades. As&iacute; lo hizo saber durante el desarrollo de la cuarta edici&oacute;n del &ldquo;Open Space: construyendo realidades diferentes&rdquo;, celebrada el pasado s&aacute;bado 23 de febrero en Tenerife Espacio de las Artes de Santa Cruz de Tenerife. <br \/> \t&nbsp;<\/p>\n<p> \tEl evento fue dirigido por Vicente Zapata, profesor titular de Geograf&iacute;a Humana de la Universidad de La Laguna, y promovido por el &Aacute;rea de Empleo, Desarrollo Econ&oacute;mico, Comercio y Acci&oacute;n Exterior del Cabildo de Tenerife, con la colaboraci&oacute;n de Isla Forum y el Observatorio de Inmigraci&oacute;n de Tenerife (OBITen).<\/p>\n<p> \tUn grupo de trabajo conformado por estudiantes de Geograf&iacute;a y Pedagog&iacute;a, titulados universitarios, profesorado y representantes de la red reflexion&oacute; sobre las mejores f&oacute;rmulas para favorecer las pr&aacute;cticas externas universitarias en organizaciones que conforman una importante estructura de trabajo colaborativo en torno a la gesti&oacute;n de la diversidad humana y cultural en Tenerife.<\/p>\n<p> \tEl &ldquo;Open Space&rdquo;, financiado por el Cabildo de Tenerife desde el &aacute;rea de Acci&oacute;n Exterior, cuenta con la activa participaci&oacute;n de la ULL representada por el Vicerrectorado de Relaciones Universidad y Sociedad, as&iacute; como del OBITen, responsable de la direcci&oacute;n acad&eacute;mica. Es, adem&aacute;s, la Fundaci&oacute;n General de la Universidad la que gestiona administrativamente el proyecto, que se aprovecha como base de actuaci&oacute;n para favorecer procesos de integraci&oacute;n a partir del fomento del di&aacute;logo intercultural para incidir positivamente en la convivencia y la cohesi&oacute;n social en la escala insular.<\/p>\n<p> \tLos primeros pasos para que &ldquo;Juntos en la misma direcci&oacute;n&rdquo; cuente finalmente con estudiantes universitarios en pr&aacute;cticas los dar&aacute;n en las pr&oacute;ximas semanas la Asociaci&oacute;n Charr&uacute;a de Tenerife y el Observatorio de la Inmigraci&oacute;n de Tenerife, que evaluar&aacute;n la demanda de pr&aacute;cticas externas en las entidades que conforman la red e identificar&aacute;n a los profesionales que puedan realizar la funci&oacute;n de tutores. <\/p>\n<p> \tAsimismo, se ha planteado la conveniencia de informar a los responsables de las titulaciones universitarias con programas de pr&aacute;cticas en marcha de la oportunidad que puede suponer participar en esta iniciativa, que tratar&aacute; de favorecer a las organizaciones que tienen menos posibilidades de acoger estudiantes en proceso de formaci&oacute;n. Tambi&eacute;n colaborar&aacute;n, en el desarrollo de esta iniciativa, estudiantes universitarios que ya participan de &ldquo;Juntos en la misma direcci&oacute;n&rdquo; en sus diferentes grupos de trabajo.<br \/> \t&nbsp;<\/p>\n","protected":false},"excerpt":{"rendered":"<p>La red de asociaciones de inmigrantes, agencias gubernamentales y organizaciones de distinto tipo, &ldquo;Juntos en la misma direcci&oacute;n&rdquo;, manifest&oacute; su&#8230;<\/p>\n","protected":false},"author":21,"featured_media":20344,"comment_status":"open","ping_status":"open","sticky":false,"template":"","format":"standard","meta":{"inline_featured_image":false,"footnotes":""},"categories":[343,1],"tags":[],"acf":[],"yoast_head":"<!-- This site is optimized with the Yoast SEO plugin v21.3 - https:\/\/yoast.com\/wordpress\/plugins\/seo\/ -->\n<title>Estudiantes de la ULL realizar\u00e1n pr\u00e1cticas externas en entidades de la red &quot;Juntos en la misma direcci\u00f3n\u201d - ULL - Noticias<\/title>\n<meta name=\"robots\" content=\"index, follow, max-snippet:-1, max-image-preview:large, max-video-preview:-1\" \/>\n<link rel=\"canonical\" href=\"https:\/\/www.ull.es\/portal\/noticias\/2013\/estudiantes-de-la-ull-realizaran-practicas-externas-en-entidades-de-la-red-juntos-en-la-misma-direccion\/\" \/>\n<meta property=\"og:locale\" content=\"es_ES\" \/>\n<meta property=\"og:type\" content=\"article\" \/>\n<meta property=\"og:title\" content=\"Estudiantes de la ULL realizar\u00e1n pr\u00e1cticas externas en entidades de la red &quot;Juntos en la misma direcci\u00f3n\u201d - ULL - Noticias\" \/>\n<meta property=\"og:description\" content=\"La red de asociaciones de inmigrantes, agencias gubernamentales y organizaciones de distinto tipo, &ldquo;Juntos en la misma direcci&oacute;n&rdquo;, manifest&oacute; su...\" \/>\n<meta property=\"og:url\" content=\"https:\/\/www.ull.es\/portal\/noticias\/2013\/estudiantes-de-la-ull-realizaran-practicas-externas-en-entidades-de-la-red-juntos-en-la-misma-direccion\/\" \/>\n<meta property=\"og:site_name\" content=\"ULL - Noticias\" \/>\n<meta property=\"article:publisher\" content=\"https:\/\/www.facebook.com\/universidaddelalaguna\/\" \/>\n<meta property=\"article:published_time\" content=\"2013-02-26T10:02:08+00:00\" \/>\n<meta property=\"og:image\" content=\"https:\/\/www.ull.es\/portal\/noticias\/wp-content\/uploads\/sites\/13\/2015\/07\/tea.jpg\" \/>\n\t<meta property=\"og:image:width\" content=\"800\" \/>\n\t<meta property=\"og:image:height\" content=\"600\" \/>\n\t<meta property=\"og:image:type\" content=\"image\/jpeg\" \/>\n<meta name=\"author\" content=\"prensa2\" \/>\n<meta name=\"twitter:card\" content=\"summary_large_image\" \/>\n<meta name=\"twitter:creator\" content=\"@CanalULL\" \/>\n<meta name=\"twitter:site\" content=\"@CanalULL\" \/>\n<meta name=\"twitter:label1\" content=\"Escrito por\" \/>\n\t<meta name=\"twitter:data1\" content=\"prensa2\" \/>\n\t<meta name=\"twitter:label2\" content=\"Tiempo de lectura\" \/>\n\t<meta name=\"twitter:data2\" content=\"2 minutos\" \/>\n<script type=\"application\/ld+json\" class=\"yoast-schema-graph\">{\"@context\":\"https:\/\/schema.org\",\"@graph\":[{\"@type\":\"WebPage\",\"@id\":\"https:\/\/www.ull.es\/portal\/noticias\/2013\/estudiantes-de-la-ull-realizaran-practicas-externas-en-entidades-de-la-red-juntos-en-la-misma-direccion\/\",\"url\":\"https:\/\/www.ull.es\/portal\/noticias\/2013\/estudiantes-de-la-ull-realizaran-practicas-externas-en-entidades-de-la-red-juntos-en-la-misma-direccion\/\",\"name\":\"Estudiantes de la ULL realizar\u00e1n pr\u00e1cticas externas en entidades de la red \\\"Juntos en la misma direcci\u00f3n\u201d - ULL - Noticias\",\"isPartOf\":{\"@id\":\"https:\/\/www.ull.es\/portal\/noticias\/#website\"},\"datePublished\":\"2013-02-26T10:02:08+00:00\",\"dateModified\":\"2013-02-26T10:02:08+00:00\",\"author\":{\"@id\":\"https:\/\/www.ull.es\/portal\/noticias\/#\/schema\/person\/c3b2aa857797592927a03740d6664376\"},\"breadcrumb\":{\"@id\":\"https:\/\/www.ull.es\/portal\/noticias\/2013\/estudiantes-de-la-ull-realizaran-practicas-externas-en-entidades-de-la-red-juntos-en-la-misma-direccion\/#breadcrumb\"},\"inLanguage\":\"es\",\"potentialAction\":[{\"@type\":\"ReadAction\",\"target\":[\"https:\/\/www.ull.es\/portal\/noticias\/2013\/estudiantes-de-la-ull-realizaran-practicas-externas-en-entidades-de-la-red-juntos-en-la-misma-direccion\/\"]}]},{\"@type\":\"BreadcrumbList\",\"@id\":\"https:\/\/www.ull.es\/portal\/noticias\/2013\/estudiantes-de-la-ull-realizaran-practicas-externas-en-entidades-de-la-red-juntos-en-la-misma-direccion\/#breadcrumb\",\"itemListElement\":[{\"@type\":\"ListItem\",\"position\":1,\"name\":\"Portada\",\"item\":\"https:\/\/www.ull.es\/portal\/noticias\/\"},{\"@type\":\"ListItem\",\"position\":2,\"name\":\"Estudiantes de la ULL realizar\u00e1n pr\u00e1cticas externas en entidades de la red \u00abJuntos en la misma direcci\u00f3n\u201d\"}]},{\"@type\":\"WebSite\",\"@id\":\"https:\/\/www.ull.es\/portal\/noticias\/#website\",\"url\":\"https:\/\/www.ull.es\/portal\/noticias\/\",\"name\":\"ULL - Noticias\",\"description\":\"\",\"potentialAction\":[{\"@type\":\"SearchAction\",\"target\":{\"@type\":\"EntryPoint\",\"urlTemplate\":\"https:\/\/www.ull.es\/portal\/noticias\/?s={search_term_string}\"},\"query-input\":\"required name=search_term_string\"}],\"inLanguage\":\"es\"},{\"@type\":\"Person\",\"@id\":\"https:\/\/www.ull.es\/portal\/noticias\/#\/schema\/person\/c3b2aa857797592927a03740d6664376\",\"name\":\"prensa2\",\"image\":{\"@type\":\"ImageObject\",\"inLanguage\":\"es\",\"@id\":\"https:\/\/www.ull.es\/portal\/noticias\/#\/schema\/person\/image\/\",\"url\":\"https:\/\/secure.gravatar.com\/avatar\/b58f310a5de5feb33d1e026d2493f23c?s=96&d=mm&r=g\",\"contentUrl\":\"https:\/\/secure.gravatar.com\/avatar\/b58f310a5de5feb33d1e026d2493f23c?s=96&d=mm&r=g\",\"caption\":\"prensa2\"},\"url\":\"https:\/\/www.ull.es\/portal\/noticias\/author\/prensa2\/\"}]}<\/script>\n<!-- \/ Yoast SEO plugin. -->","yoast_head_json":{"title":"Estudiantes de la ULL realizar\u00e1n pr\u00e1cticas externas en entidades de la red \"Juntos en la misma direcci\u00f3n\u201d - ULL - Noticias","robots":{"index":"index","follow":"follow","max-snippet":"max-snippet:-1","max-image-preview":"max-image-preview:large","max-video-preview":"max-video-preview:-1"},"canonical":"https:\/\/www.ull.es\/portal\/noticias\/2013\/estudiantes-de-la-ull-realizaran-practicas-externas-en-entidades-de-la-red-juntos-en-la-misma-direccion\/","og_locale":"es_ES","og_type":"article","og_title":"Estudiantes de la ULL realizar\u00e1n pr\u00e1cticas externas en entidades de la red \"Juntos en la misma direcci\u00f3n\u201d - ULL - Noticias","og_description":"La red de asociaciones de inmigrantes, agencias gubernamentales y organizaciones de distinto tipo, &ldquo;Juntos en la misma direcci&oacute;n&rdquo;, manifest&oacute; su...","og_url":"https:\/\/www.ull.es\/portal\/noticias\/2013\/estudiantes-de-la-ull-realizaran-practicas-externas-en-entidades-de-la-red-juntos-en-la-misma-direccion\/","og_site_name":"ULL - Noticias","article_publisher":"https:\/\/www.facebook.com\/universidaddelalaguna\/","article_published_time":"2013-02-26T10:02:08+00:00","og_image":[{"width":800,"height":600,"url":"https:\/\/www.ull.es\/portal\/noticias\/wp-content\/uploads\/sites\/13\/2015\/07\/tea.jpg","type":"image\/jpeg"}],"author":"prensa2","twitter_card":"summary_large_image","twitter_creator":"@CanalULL","twitter_site":"@CanalULL","twitter_misc":{"Escrito por":"prensa2","Tiempo de lectura":"2 minutos"},"schema":{"@context":"https:\/\/schema.org","@graph":[{"@type":"WebPage","@id":"https:\/\/www.ull.es\/portal\/noticias\/2013\/estudiantes-de-la-ull-realizaran-practicas-externas-en-entidades-de-la-red-juntos-en-la-misma-direccion\/","url":"https:\/\/www.ull.es\/portal\/noticias\/2013\/estudiantes-de-la-ull-realizaran-practicas-externas-en-entidades-de-la-red-juntos-en-la-misma-direccion\/","name":"Estudiantes de la ULL realizar\u00e1n pr\u00e1cticas externas en entidades de la red \"Juntos en la misma direcci\u00f3n\u201d - ULL - Noticias","isPartOf":{"@id":"https:\/\/www.ull.es\/portal\/noticias\/#website"},"datePublished":"2013-02-26T10:02:08+00:00","dateModified":"2013-02-26T10:02:08+00:00","author":{"@id":"https:\/\/www.ull.es\/portal\/noticias\/#\/schema\/person\/c3b2aa857797592927a03740d6664376"},"breadcrumb":{"@id":"https:\/\/www.ull.es\/portal\/noticias\/2013\/estudiantes-de-la-ull-realizaran-practicas-externas-en-entidades-de-la-red-juntos-en-la-misma-direccion\/#breadcrumb"},"inLanguage":"es","potentialAction":[{"@type":"ReadAction","target":["https:\/\/www.ull.es\/portal\/noticias\/2013\/estudiantes-de-la-ull-realizaran-practicas-externas-en-entidades-de-la-red-juntos-en-la-misma-direccion\/"]}]},{"@type":"BreadcrumbList","@id":"https:\/\/www.ull.es\/portal\/noticias\/2013\/estudiantes-de-la-ull-realizaran-practicas-externas-en-entidades-de-la-red-juntos-en-la-misma-direccion\/#breadcrumb","itemListElement":[{"@type":"ListItem","position":1,"name":"Portada","item":"https:\/\/www.ull.es\/portal\/noticias\/"},{"@type":"ListItem","position":2,"name":"Estudiantes de la ULL realizar\u00e1n pr\u00e1cticas externas en entidades de la red \u00abJuntos en la misma direcci\u00f3n\u201d"}]},{"@type":"WebSite","@id":"https:\/\/www.ull.es\/portal\/noticias\/#website","url":"https:\/\/www.ull.es\/portal\/noticias\/","name":"ULL - Noticias","description":"","potentialAction":[{"@type":"SearchAction","target":{"@type":"EntryPoint","urlTemplate":"https:\/\/www.ull.es\/portal\/noticias\/?s={search_term_string}"},"query-input":"required name=search_term_string"}],"inLanguage":"es"},{"@type":"Person","@id":"https:\/\/www.ull.es\/portal\/noticias\/#\/schema\/person\/c3b2aa857797592927a03740d6664376","name":"prensa2","image":{"@type":"ImageObject","inLanguage":"es","@id":"https:\/\/www.ull.es\/portal\/noticias\/#\/schema\/person\/image\/","url":"https:\/\/secure.gravatar.com\/avatar\/b58f310a5de5feb33d1e026d2493f23c?s=96&d=mm&r=g","contentUrl":"https:\/\/secure.gravatar.com\/avatar\/b58f310a5de5feb33d1e026d2493f23c?s=96&d=mm&r=g","caption":"prensa2"},"url":"https:\/\/www.ull.es\/portal\/noticias\/author\/prensa2\/"}]}},"primary_category":null,"featured_image_thumbnail_url":"https:\/\/www.ull.es\/portal\/noticias\/wp-content\/uploads\/sites\/13\/2015\/07\/tea-300x225.jpg","_links":{"self":[{"href":"https:\/\/www.ull.es\/portal\/noticias\/wp-json\/wp\/v2\/posts\/20343"}],"collection":[{"href":"https:\/\/www.ull.es\/portal\/noticias\/wp-json\/wp\/v2\/posts"}],"about":[{"href":"https:\/\/www.ull.es\/portal\/noticias\/wp-json\/wp\/v2\/types\/post"}],"author":[{"embeddable":true,"href":"https:\/\/www.ull.es\/portal\/noticias\/wp-json\/wp\/v2\/users\/21"}],"replies":[{"embeddable":true,"href":"https:\/\/www.ull.es\/portal\/noticias\/wp-json\/wp\/v2\/comments?post=20343"}],"version-history":[{"count":0,"href":"https:\/\/www.ull.es\/portal\/noticias\/wp-json\/wp\/v2\/posts\/20343\/revisions"}],"wp:featuredmedia":[{"embeddable":true,"href":"https:\/\/www.ull.es\/portal\/noticias\/wp-json\/wp\/v2\/media\/20344"}],"wp:attachment":[{"href":"https:\/\/www.ull.es\/portal\/noticias\/wp-json\/wp\/v2\/media?parent=20343"}],"wp:term":[{"taxonomy":"category","embeddable":true,"href":"https:\/\/www.ull.es\/portal\/noticias\/wp-json\/wp\/v2\/categories?post=20343"},{"taxonomy":"post_tag","embeddable":true,"href":"https:\/\/www.ull.es\/portal\/noticias\/wp-json\/wp\/v2\/tags?post=20343"}],"curies":[{"name":"wp","href":"https:\/\/api.w.org\/{rel}","templated":true}]}}