{"id":20345,"date":"2013-02-26T10:15:26","date_gmt":"2013-02-26T10:15:26","guid":{"rendered":"http:\/\/ddigital.webs.ull.es\/la-ull-convoca-una-sesion-de-difusion-y-debate-sobre-el-plan-de-modernizacion-del-puerto-de-la-cruz\/"},"modified":"2013-02-26T10:15:26","modified_gmt":"2013-02-26T10:15:26","slug":"la-ull-convoca-una-sesion-de-difusion-y-debate-sobre-el-plan-de-modernizacion-del-puerto-de-la-cruz","status":"publish","type":"post","link":"https:\/\/www.ull.es\/portal\/noticias\/2013\/la-ull-convoca-una-sesion-de-difusion-y-debate-sobre-el-plan-de-modernizacion-del-puerto-de-la-cruz\/","title":{"rendered":"La ULL convoca una sesi\u00f3n de difusi\u00f3n y debate sobre el plan de modernizaci\u00f3n del Puerto de la Cruz"},"content":{"rendered":"<p> \tLa C&aacute;tedra de Turismo Cajacanarias-Ashotel-Universidad de La Laguna ha organizado una reuni&oacute;n informativa, de debate y discusi&oacute;n del Plan de Modernizaci&oacute;n, Mejora e Incremento de la Competitividad del Puerto de la Cruz ma&ntilde;ana mi&eacute;rcoles 27 de febrero en el Aula Magna de la Facultad de Ciencias Econ&oacute;micas y Empresariales, a partir de las 10:30 horas.<\/p>\n<p> \tLa presentaci&oacute;n de la sesi&oacute;n correr&aacute; a cargo de la vicerrectora de Relaciones Universidad y Sociedad, Mar&iacute;a N&eacute;lida Rancel; el vicepresidente del Cabildo Insular de Tenerife, Carlos Alonso; y el director de la c&aacute;tedra universitaria, Ra&uacute;l Hern&aacute;ndez.<\/p>\n<p> \tEl Plan de Modernizaci&oacute;n, Mejora e Incremento de la Competitividad del Puerto de la Cruz ha sido elaborado por el consorcio urban&iacute;stico para la rehabilitaci&oacute;n del municipio, con el fin de elevar la calidad de sus servicios e infraestructuras tur&iacute;sticas. Es un proyecto que busca, entre otras cosas, la mejora de la movilidad y del tratamiento paisaj&iacute;stico de las v&iacute;as, la introducci&oacute;n de nuevas tipolog&iacute;as de edificaci&oacute;n y la rehabilitaci&oacute;n de establecimientos de alojamiento.<\/p>\n<p> \tActualmente, se encuentra en per&iacute;odo de informaci&oacute;n p&uacute;blica. Esta sesi&oacute;n se celebra con el fin de dar a conocer el plan en el entorno universitario y de abrir un debate que contribuya a que se presenten sugerencias y opiniones. Se organiza seg&uacute;n el siguiente programa:<\/p>\n<p> \t10:30 &ndash; Presentaci&oacute;n de la sesi&oacute;n<\/p>\n<p> \t11:00 &ndash; Presentaci&oacute;n del Plan de Modernizaci&oacute;n, Mejora e Incremento de la Competitividad del Puerto de la Cruz<\/p>\n<p> \t&#8211;&nbsp;&nbsp;&nbsp; Fernando Senante (Gerente del Consorcio Urban&iacute;stico para la Rehabilitaci&oacute;n del Puerto de la Cruz)<br \/> \t&#8211;&nbsp;&nbsp;&nbsp; Luis Falc&oacute;n (Director de Intelligent Coast Group y coordinador del Plan de Modernizaci&oacute;n, Mejora e Incremento de la Competitividad de Puerto de la Cruz)<\/p>\n<p> \t12:00 &ndash; Debate y discusi&oacute;n<\/p>\n<p> \t&#8211;&nbsp;&nbsp;&nbsp; Modera: Mois&eacute;s R. Simancas (Coordinador del grupo de investigaci&oacute;n &ldquo;ReinvenTUR: Renovaci&oacute;n e innovaci&oacute;n tur&iacute;stica&rdquo; de la Universidad de La Laguna)<br \/> \t&nbsp;<\/p>\n","protected":false},"excerpt":{"rendered":"<p>La C&aacute;tedra de Turismo Cajacanarias-Ashotel-Universidad de La Laguna ha organizado una reuni&oacute;n informativa, de debate y discusi&oacute;n del Plan de&#8230;<\/p>\n","protected":false},"author":21,"featured_media":13494,"comment_status":"open","ping_status":"open","sticky":false,"template":"","format":"standard","meta":{"inline_featured_image":false,"footnotes":""},"categories":[348,1],"tags":[],"acf":[],"yoast_head":"<!-- This site is optimized with the Yoast SEO plugin v21.3 - https:\/\/yoast.com\/wordpress\/plugins\/seo\/ -->\n<title>La ULL convoca una sesi\u00f3n de difusi\u00f3n y debate sobre el plan de modernizaci\u00f3n del Puerto de la Cruz - ULL - Noticias<\/title>\n<meta name=\"robots\" content=\"index, follow, max-snippet:-1, max-image-preview:large, max-video-preview:-1\" \/>\n<link rel=\"canonical\" href=\"https:\/\/www.ull.es\/portal\/noticias\/2013\/la-ull-convoca-una-sesion-de-difusion-y-debate-sobre-el-plan-de-modernizacion-del-puerto-de-la-cruz\/\" \/>\n<meta property=\"og:locale\" content=\"es_ES\" \/>\n<meta property=\"og:type\" content=\"article\" \/>\n<meta property=\"og:title\" content=\"La ULL convoca una sesi\u00f3n de difusi\u00f3n y debate sobre el plan de modernizaci\u00f3n del Puerto de la Cruz - ULL - Noticias\" \/>\n<meta property=\"og:description\" content=\"La C&aacute;tedra de Turismo Cajacanarias-Ashotel-Universidad de La Laguna ha organizado una reuni&oacute;n informativa, de debate y discusi&oacute;n del Plan de...\" \/>\n<meta property=\"og:url\" content=\"https:\/\/www.ull.es\/portal\/noticias\/2013\/la-ull-convoca-una-sesion-de-difusion-y-debate-sobre-el-plan-de-modernizacion-del-puerto-de-la-cruz\/\" \/>\n<meta property=\"og:site_name\" content=\"ULL - Noticias\" \/>\n<meta property=\"article:publisher\" content=\"https:\/\/www.facebook.com\/universidaddelalaguna\/\" \/>\n<meta property=\"article:published_time\" content=\"2013-02-26T10:15:26+00:00\" \/>\n<meta property=\"og:image\" content=\"https:\/\/www.ull.es\/portal\/noticias\/wp-content\/uploads\/sites\/13\/2015\/07\/economicas.jpg\" \/>\n\t<meta property=\"og:image:width\" content=\"800\" \/>\n\t<meta property=\"og:image:height\" content=\"558\" \/>\n\t<meta property=\"og:image:type\" content=\"image\/jpeg\" \/>\n<meta name=\"author\" content=\"prensa2\" \/>\n<meta name=\"twitter:card\" content=\"summary_large_image\" \/>\n<meta name=\"twitter:creator\" content=\"@CanalULL\" \/>\n<meta name=\"twitter:site\" content=\"@CanalULL\" \/>\n<meta name=\"twitter:label1\" content=\"Escrito por\" \/>\n\t<meta name=\"twitter:data1\" content=\"prensa2\" \/>\n\t<meta name=\"twitter:label2\" content=\"Tiempo de lectura\" \/>\n\t<meta name=\"twitter:data2\" content=\"2 minutos\" \/>\n<script type=\"application\/ld+json\" class=\"yoast-schema-graph\">{\"@context\":\"https:\/\/schema.org\",\"@graph\":[{\"@type\":\"WebPage\",\"@id\":\"https:\/\/www.ull.es\/portal\/noticias\/2013\/la-ull-convoca-una-sesion-de-difusion-y-debate-sobre-el-plan-de-modernizacion-del-puerto-de-la-cruz\/\",\"url\":\"https:\/\/www.ull.es\/portal\/noticias\/2013\/la-ull-convoca-una-sesion-de-difusion-y-debate-sobre-el-plan-de-modernizacion-del-puerto-de-la-cruz\/\",\"name\":\"La ULL convoca una sesi\u00f3n de difusi\u00f3n y debate sobre el plan de modernizaci\u00f3n del Puerto de la Cruz - ULL - Noticias\",\"isPartOf\":{\"@id\":\"https:\/\/www.ull.es\/portal\/noticias\/#website\"},\"datePublished\":\"2013-02-26T10:15:26+00:00\",\"dateModified\":\"2013-02-26T10:15:26+00:00\",\"author\":{\"@id\":\"https:\/\/www.ull.es\/portal\/noticias\/#\/schema\/person\/c3b2aa857797592927a03740d6664376\"},\"breadcrumb\":{\"@id\":\"https:\/\/www.ull.es\/portal\/noticias\/2013\/la-ull-convoca-una-sesion-de-difusion-y-debate-sobre-el-plan-de-modernizacion-del-puerto-de-la-cruz\/#breadcrumb\"},\"inLanguage\":\"es\",\"potentialAction\":[{\"@type\":\"ReadAction\",\"target\":[\"https:\/\/www.ull.es\/portal\/noticias\/2013\/la-ull-convoca-una-sesion-de-difusion-y-debate-sobre-el-plan-de-modernizacion-del-puerto-de-la-cruz\/\"]}]},{\"@type\":\"BreadcrumbList\",\"@id\":\"https:\/\/www.ull.es\/portal\/noticias\/2013\/la-ull-convoca-una-sesion-de-difusion-y-debate-sobre-el-plan-de-modernizacion-del-puerto-de-la-cruz\/#breadcrumb\",\"itemListElement\":[{\"@type\":\"ListItem\",\"position\":1,\"name\":\"Portada\",\"item\":\"https:\/\/www.ull.es\/portal\/noticias\/\"},{\"@type\":\"ListItem\",\"position\":2,\"name\":\"La ULL convoca una sesi\u00f3n de difusi\u00f3n y debate sobre el plan de modernizaci\u00f3n del Puerto de la Cruz\"}]},{\"@type\":\"WebSite\",\"@id\":\"https:\/\/www.ull.es\/portal\/noticias\/#website\",\"url\":\"https:\/\/www.ull.es\/portal\/noticias\/\",\"name\":\"ULL - Noticias\",\"description\":\"\",\"potentialAction\":[{\"@type\":\"SearchAction\",\"target\":{\"@type\":\"EntryPoint\",\"urlTemplate\":\"https:\/\/www.ull.es\/portal\/noticias\/?s={search_term_string}\"},\"query-input\":\"required name=search_term_string\"}],\"inLanguage\":\"es\"},{\"@type\":\"Person\",\"@id\":\"https:\/\/www.ull.es\/portal\/noticias\/#\/schema\/person\/c3b2aa857797592927a03740d6664376\",\"name\":\"prensa2\",\"image\":{\"@type\":\"ImageObject\",\"inLanguage\":\"es\",\"@id\":\"https:\/\/www.ull.es\/portal\/noticias\/#\/schema\/person\/image\/\",\"url\":\"https:\/\/secure.gravatar.com\/avatar\/b58f310a5de5feb33d1e026d2493f23c?s=96&d=mm&r=g\",\"contentUrl\":\"https:\/\/secure.gravatar.com\/avatar\/b58f310a5de5feb33d1e026d2493f23c?s=96&d=mm&r=g\",\"caption\":\"prensa2\"},\"url\":\"https:\/\/www.ull.es\/portal\/noticias\/author\/prensa2\/\"}]}<\/script>\n<!-- \/ Yoast SEO plugin. -->","yoast_head_json":{"title":"La ULL convoca una sesi\u00f3n de difusi\u00f3n y debate sobre el plan de modernizaci\u00f3n del Puerto de la Cruz - ULL - Noticias","robots":{"index":"index","follow":"follow","max-snippet":"max-snippet:-1","max-image-preview":"max-image-preview:large","max-video-preview":"max-video-preview:-1"},"canonical":"https:\/\/www.ull.es\/portal\/noticias\/2013\/la-ull-convoca-una-sesion-de-difusion-y-debate-sobre-el-plan-de-modernizacion-del-puerto-de-la-cruz\/","og_locale":"es_ES","og_type":"article","og_title":"La ULL convoca una sesi\u00f3n de difusi\u00f3n y debate sobre el plan de modernizaci\u00f3n del Puerto de la Cruz - ULL - Noticias","og_description":"La C&aacute;tedra de Turismo Cajacanarias-Ashotel-Universidad de La Laguna ha organizado una reuni&oacute;n informativa, de debate y discusi&oacute;n del Plan de...","og_url":"https:\/\/www.ull.es\/portal\/noticias\/2013\/la-ull-convoca-una-sesion-de-difusion-y-debate-sobre-el-plan-de-modernizacion-del-puerto-de-la-cruz\/","og_site_name":"ULL - Noticias","article_publisher":"https:\/\/www.facebook.com\/universidaddelalaguna\/","article_published_time":"2013-02-26T10:15:26+00:00","og_image":[{"width":800,"height":558,"url":"https:\/\/www.ull.es\/portal\/noticias\/wp-content\/uploads\/sites\/13\/2015\/07\/economicas.jpg","type":"image\/jpeg"}],"author":"prensa2","twitter_card":"summary_large_image","twitter_creator":"@CanalULL","twitter_site":"@CanalULL","twitter_misc":{"Escrito por":"prensa2","Tiempo de lectura":"2 minutos"},"schema":{"@context":"https:\/\/schema.org","@graph":[{"@type":"WebPage","@id":"https:\/\/www.ull.es\/portal\/noticias\/2013\/la-ull-convoca-una-sesion-de-difusion-y-debate-sobre-el-plan-de-modernizacion-del-puerto-de-la-cruz\/","url":"https:\/\/www.ull.es\/portal\/noticias\/2013\/la-ull-convoca-una-sesion-de-difusion-y-debate-sobre-el-plan-de-modernizacion-del-puerto-de-la-cruz\/","name":"La ULL convoca una sesi\u00f3n de difusi\u00f3n y debate sobre el plan de modernizaci\u00f3n del Puerto de la Cruz - ULL - Noticias","isPartOf":{"@id":"https:\/\/www.ull.es\/portal\/noticias\/#website"},"datePublished":"2013-02-26T10:15:26+00:00","dateModified":"2013-02-26T10:15:26+00:00","author":{"@id":"https:\/\/www.ull.es\/portal\/noticias\/#\/schema\/person\/c3b2aa857797592927a03740d6664376"},"breadcrumb":{"@id":"https:\/\/www.ull.es\/portal\/noticias\/2013\/la-ull-convoca-una-sesion-de-difusion-y-debate-sobre-el-plan-de-modernizacion-del-puerto-de-la-cruz\/#breadcrumb"},"inLanguage":"es","potentialAction":[{"@type":"ReadAction","target":["https:\/\/www.ull.es\/portal\/noticias\/2013\/la-ull-convoca-una-sesion-de-difusion-y-debate-sobre-el-plan-de-modernizacion-del-puerto-de-la-cruz\/"]}]},{"@type":"BreadcrumbList","@id":"https:\/\/www.ull.es\/portal\/noticias\/2013\/la-ull-convoca-una-sesion-de-difusion-y-debate-sobre-el-plan-de-modernizacion-del-puerto-de-la-cruz\/#breadcrumb","itemListElement":[{"@type":"ListItem","position":1,"name":"Portada","item":"https:\/\/www.ull.es\/portal\/noticias\/"},{"@type":"ListItem","position":2,"name":"La ULL convoca una sesi\u00f3n de difusi\u00f3n y debate sobre el plan de modernizaci\u00f3n del Puerto de la Cruz"}]},{"@type":"WebSite","@id":"https:\/\/www.ull.es\/portal\/noticias\/#website","url":"https:\/\/www.ull.es\/portal\/noticias\/","name":"ULL - Noticias","description":"","potentialAction":[{"@type":"SearchAction","target":{"@type":"EntryPoint","urlTemplate":"https:\/\/www.ull.es\/portal\/noticias\/?s={search_term_string}"},"query-input":"required name=search_term_string"}],"inLanguage":"es"},{"@type":"Person","@id":"https:\/\/www.ull.es\/portal\/noticias\/#\/schema\/person\/c3b2aa857797592927a03740d6664376","name":"prensa2","image":{"@type":"ImageObject","inLanguage":"es","@id":"https:\/\/www.ull.es\/portal\/noticias\/#\/schema\/person\/image\/","url":"https:\/\/secure.gravatar.com\/avatar\/b58f310a5de5feb33d1e026d2493f23c?s=96&d=mm&r=g","contentUrl":"https:\/\/secure.gravatar.com\/avatar\/b58f310a5de5feb33d1e026d2493f23c?s=96&d=mm&r=g","caption":"prensa2"},"url":"https:\/\/www.ull.es\/portal\/noticias\/author\/prensa2\/"}]}},"primary_category":null,"featured_image_thumbnail_url":"https:\/\/www.ull.es\/portal\/noticias\/wp-content\/uploads\/sites\/13\/2015\/07\/economicas-300x209.jpg","_links":{"self":[{"href":"https:\/\/www.ull.es\/portal\/noticias\/wp-json\/wp\/v2\/posts\/20345"}],"collection":[{"href":"https:\/\/www.ull.es\/portal\/noticias\/wp-json\/wp\/v2\/posts"}],"about":[{"href":"https:\/\/www.ull.es\/portal\/noticias\/wp-json\/wp\/v2\/types\/post"}],"author":[{"embeddable":true,"href":"https:\/\/www.ull.es\/portal\/noticias\/wp-json\/wp\/v2\/users\/21"}],"replies":[{"embeddable":true,"href":"https:\/\/www.ull.es\/portal\/noticias\/wp-json\/wp\/v2\/comments?post=20345"}],"version-history":[{"count":0,"href":"https:\/\/www.ull.es\/portal\/noticias\/wp-json\/wp\/v2\/posts\/20345\/revisions"}],"wp:featuredmedia":[{"embeddable":true,"href":"https:\/\/www.ull.es\/portal\/noticias\/wp-json\/wp\/v2\/media\/13494"}],"wp:attachment":[{"href":"https:\/\/www.ull.es\/portal\/noticias\/wp-json\/wp\/v2\/media?parent=20345"}],"wp:term":[{"taxonomy":"category","embeddable":true,"href":"https:\/\/www.ull.es\/portal\/noticias\/wp-json\/wp\/v2\/categories?post=20345"},{"taxonomy":"post_tag","embeddable":true,"href":"https:\/\/www.ull.es\/portal\/noticias\/wp-json\/wp\/v2\/tags?post=20345"}],"curies":[{"name":"wp","href":"https:\/\/api.w.org\/{rel}","templated":true}]}}