{"id":20356,"date":"2013-02-27T14:25:45","date_gmt":"2013-02-27T14:25:45","guid":{"rendered":"http:\/\/ddigital.webs.ull.es\/la-universidad-de-la-laguna-abrira-el-proximo-curso-academico-el-6-de-septiembre\/"},"modified":"2013-02-27T14:25:45","modified_gmt":"2013-02-27T14:25:45","slug":"la-universidad-de-la-laguna-abrira-el-proximo-curso-academico-el-6-de-septiembre","status":"publish","type":"post","link":"https:\/\/www.ull.es\/portal\/noticias\/2013\/la-universidad-de-la-laguna-abrira-el-proximo-curso-academico-el-6-de-septiembre\/","title":{"rendered":"La Universidad de La Laguna abrir\u00e1 el pr\u00f3ximo curso acad\u00e9mico el 6 de septiembre"},"content":{"rendered":"<p> \tEl curso acad&eacute;mico 2013\/14 se abrir&aacute; el pr&oacute;ximo 6 de septiembre, seg&uacute;n ha aprobado hoy mi&eacute;rcoles 27 de febrero el Consejo de Gobierno de la instituci&oacute;n acad&eacute;mica, por un total de 41 votos a favor y 4 abstenciones. Desglosado por cuatrimestres, el primero de ellos abarcar&aacute; desde el 9 de septiembre al 21 de diciembre del 2013, mientras que el segundo cuatrimestre se extender&aacute; desde el 30 de enero al 22 de mayo de 2014.<\/p>\n<p> \tLos per&iacute;odos para la realizaci&oacute;n de las pruebas de evaluaci&oacute;n correspondientes a las convocatorias oficiales ser&aacute;n los siguientes: del 3 al 13 de septiembre de 2013, convocatoria de asignaturas de segundo cuatrimestre y anuales del curso 2012-2013; del 8 al 25 de enero de 2014, primera convocatoria de asignaturas de primer cuatrimestre; y del 8 al 25 de enero de 2014, convocatoria para asignaturas de planes en extinci&oacute;n sin docencia.<\/p>\n<p> \tTambi&eacute;n ha quedado estipulado del 1 al 10 de marzo de 2014 para los ex&aacute;menes de la&nbsp; convocatoria de finalizaci&oacute;n de estudios; del 20 de mayo al 13 de junio de 2014, segunda convocatoria de asignaturas de primer cuatrimestre y primera convocatoria de asignaturas de segundo cuatrimestre y anuales; y, finalmente, del 30 de junio al 14 de julio de 2014, tercera convocatoria de asignaturas de primer cuatrimestre y segunda convocatoria de segundo cuatrimestre y anuales.<\/p>\n<p> \tEl &oacute;rgano de gobierno tambi&eacute;n dio su visto bueno a la propuesta de l&iacute;mite de admisi&oacute;n de alumnos del pr&oacute;ximo curso acad&eacute;mico, al tiempo que refrend&oacute; los programas oficiales de doctorado en Filosof&iacute;a, en L&oacute;gica y Filosof&iacute;a de la Ciencia, en Matem&aacute;ticas y Estad&iacute;stica y, finalmente, en Nanociencia y Nanotecnolog&iacute;a. Tambi&eacute;n fueron aprobados los m&aacute;steres universitarios en L&oacute;gica y Filosof&iacute;a de la Ciencia, en Modelizaci&oacute;n e Investigaci&oacute;n Matem&aacute;tica, Estad&iacute;stica y Computaci&oacute;n y, tambi&eacute;n, en Psicolog&iacute;a Cl&iacute;nica y de la Salud.<\/p>\n<p> \t<strong>Plan de gobierno<\/strong><\/p>\n<p> \tEl rector de la Universidad de La Laguna, Eduardo Dom&eacute;nech, present&oacute; ante el &oacute;rgano colegiado de gobierno &ndash;renovado parcialmente hace escasa semanas- la actualizaci&oacute;n del plan de gobierno del periodo 2013\/15. Se trata de una pr&aacute;ctica adoptada en el mandato anterior, con la idea de &ldquo;hacer part&iacute;cipe a la comunidad universitaria de la planificaci&oacute;n y la acci&oacute;n de gobierno&rdquo;.<\/p>\n<p> \tLo presentado hoy corresponde con la actualizaci&oacute;n del plan de actuaciones del Consejo de Direcci&oacute;n para los a&ntilde;os 2011-2015, aprobado en su d&iacute;a por el Consejo de Gobierno y adaptado ahora tanto a las actuales circunstancias socioecon&oacute;micas como al nuevo marco normativo universitario. <\/p>\n<p> \tLa informaci&oacute;n de este documento se ha organizado en torno a los cinco valores estrat&eacute;gicos del plan de gobierno. Cada uno de ellos representa las cinco grandes finalidades que orientan la acci&oacute;n de gobierno durante el per&iacute;odo<br \/> \ttemporal de este mandato, y que funcionan como ejes transversales para el diagn&oacute;stico, la planificaci&oacute;n, la acci&oacute;n y la evaluaci&oacute;n; en cada una de las &aacute;reas<br \/> \tde gesti&oacute;n bajo la responsabilidad de los miembros del Consejo de Direcci&oacute;n.<\/p>\n<p> \t<strong>Fomento a la investigaci&oacute;n<\/strong><\/p>\n<p> \tEn el apartado dedicado a la investigaci&oacute;n, se present&oacute; ante el Consejo de Gobierno dos documentos. El primero de ellos tiene que ver con la convocatoria de ayudas para estancias en otros centros asociadas al desarrollo de tesis doctorales. El objetivo es conceder ayudas a personas matriculadas en un programa de doctorado de la Universidad de La Laguna para la realizaci&oacute;n de estancias en centros de investigaci&oacute;n distintos a los que est&aacute; adscrito el interesado con el fin de que dicho personal pueda realizar actividades de investigaci&oacute;n para mejorar su formaci&oacute;n e impulsar el desarrollo de su tesis.<\/p>\n<p> \tLa otra convocatoria tambi&eacute;n aprobada en la sesi&oacute;n de hoy es la relativa al habitual programa de apoyo a la investigaci&oacute;n de la Universidad de La Laguna para 2013, que comprende dos partes: subvenciones y otras actuaciones. En el primero de los casos contempla ayudas destinadas a bolsas de viaje (asistencia a reuniones cient&iacute;ficas y asistencia a cursos de especializaci&oacute;n) y ayudas para la realizaci&oacute;n de tesis doctorales.<\/p>\n<p> \tEn cuanto al otro tipo de actuaciones, el programa contiene partidas econ&oacute;micas para la celebraci&oacute;n de cursos y seminarios de especializaci&oacute;n, estancias de profesores e investigadores invitados, organizaci&oacute;n de congresos y reuniones cient&iacute;ficas y tambi&eacute;n para el propio programa de proyectos de investigaci&oacute;n (ayudas a grupos de investigaci&oacute;n consolidados, ayudas a proyectos puente al Plan Nacional de I+D+i, y ayudas al fomento de nuevos proyectos de investigaci&oacute;n).<\/p>\n","protected":false},"excerpt":{"rendered":"<p>El curso acad&eacute;mico 2013\/14 se abrir&aacute; el pr&oacute;ximo 6 de septiembre, seg&uacute;n ha aprobado hoy mi&eacute;rcoles 27 de febrero el&#8230;<\/p>\n","protected":false},"author":21,"featured_media":20357,"comment_status":"open","ping_status":"open","sticky":false,"template":"","format":"standard","meta":{"inline_featured_image":false,"footnotes":""},"categories":[347,1],"tags":[],"acf":[],"yoast_head":"<!-- This site is optimized with the Yoast SEO plugin v21.3 - https:\/\/yoast.com\/wordpress\/plugins\/seo\/ -->\n<title>La Universidad de La Laguna abrir\u00e1 el pr\u00f3ximo curso acad\u00e9mico el 6 de septiembre - ULL - Noticias<\/title>\n<meta name=\"robots\" content=\"index, follow, max-snippet:-1, max-image-preview:large, max-video-preview:-1\" \/>\n<link rel=\"canonical\" href=\"https:\/\/www.ull.es\/portal\/noticias\/2013\/la-universidad-de-la-laguna-abrira-el-proximo-curso-academico-el-6-de-septiembre\/\" \/>\n<meta property=\"og:locale\" content=\"es_ES\" \/>\n<meta property=\"og:type\" content=\"article\" \/>\n<meta property=\"og:title\" content=\"La Universidad de La Laguna abrir\u00e1 el pr\u00f3ximo curso acad\u00e9mico el 6 de septiembre - ULL - Noticias\" \/>\n<meta property=\"og:description\" content=\"El curso acad&eacute;mico 2013\/14 se abrir&aacute; el pr&oacute;ximo 6 de septiembre, seg&uacute;n ha aprobado hoy mi&eacute;rcoles 27 de febrero el...\" \/>\n<meta property=\"og:url\" content=\"https:\/\/www.ull.es\/portal\/noticias\/2013\/la-universidad-de-la-laguna-abrira-el-proximo-curso-academico-el-6-de-septiembre\/\" \/>\n<meta property=\"og:site_name\" content=\"ULL - Noticias\" \/>\n<meta property=\"article:publisher\" content=\"https:\/\/www.facebook.com\/universidaddelalaguna\/\" \/>\n<meta property=\"article:published_time\" content=\"2013-02-27T14:25:45+00:00\" \/>\n<meta property=\"og:image\" content=\"https:\/\/www.ull.es\/portal\/noticias\/wp-content\/uploads\/sites\/13\/2015\/07\/Cons-Gobierno-27-2-12.jpg\" \/>\n\t<meta property=\"og:image:width\" content=\"1034\" \/>\n\t<meta property=\"og:image:height\" content=\"708\" \/>\n\t<meta property=\"og:image:type\" content=\"image\/jpeg\" \/>\n<meta name=\"author\" content=\"prensa2\" \/>\n<meta name=\"twitter:card\" content=\"summary_large_image\" \/>\n<meta name=\"twitter:creator\" content=\"@CanalULL\" \/>\n<meta name=\"twitter:site\" content=\"@CanalULL\" \/>\n<meta name=\"twitter:label1\" content=\"Escrito por\" \/>\n\t<meta name=\"twitter:data1\" content=\"prensa2\" \/>\n\t<meta name=\"twitter:label2\" content=\"Tiempo de lectura\" \/>\n\t<meta name=\"twitter:data2\" content=\"4 minutos\" \/>\n<script type=\"application\/ld+json\" class=\"yoast-schema-graph\">{\"@context\":\"https:\/\/schema.org\",\"@graph\":[{\"@type\":\"WebPage\",\"@id\":\"https:\/\/www.ull.es\/portal\/noticias\/2013\/la-universidad-de-la-laguna-abrira-el-proximo-curso-academico-el-6-de-septiembre\/\",\"url\":\"https:\/\/www.ull.es\/portal\/noticias\/2013\/la-universidad-de-la-laguna-abrira-el-proximo-curso-academico-el-6-de-septiembre\/\",\"name\":\"La Universidad de La Laguna abrir\u00e1 el pr\u00f3ximo curso acad\u00e9mico el 6 de septiembre - ULL - Noticias\",\"isPartOf\":{\"@id\":\"https:\/\/www.ull.es\/portal\/noticias\/#website\"},\"datePublished\":\"2013-02-27T14:25:45+00:00\",\"dateModified\":\"2013-02-27T14:25:45+00:00\",\"author\":{\"@id\":\"https:\/\/www.ull.es\/portal\/noticias\/#\/schema\/person\/c3b2aa857797592927a03740d6664376\"},\"breadcrumb\":{\"@id\":\"https:\/\/www.ull.es\/portal\/noticias\/2013\/la-universidad-de-la-laguna-abrira-el-proximo-curso-academico-el-6-de-septiembre\/#breadcrumb\"},\"inLanguage\":\"es\",\"potentialAction\":[{\"@type\":\"ReadAction\",\"target\":[\"https:\/\/www.ull.es\/portal\/noticias\/2013\/la-universidad-de-la-laguna-abrira-el-proximo-curso-academico-el-6-de-septiembre\/\"]}]},{\"@type\":\"BreadcrumbList\",\"@id\":\"https:\/\/www.ull.es\/portal\/noticias\/2013\/la-universidad-de-la-laguna-abrira-el-proximo-curso-academico-el-6-de-septiembre\/#breadcrumb\",\"itemListElement\":[{\"@type\":\"ListItem\",\"position\":1,\"name\":\"Portada\",\"item\":\"https:\/\/www.ull.es\/portal\/noticias\/\"},{\"@type\":\"ListItem\",\"position\":2,\"name\":\"La Universidad de La Laguna abrir\u00e1 el pr\u00f3ximo curso acad\u00e9mico el 6 de septiembre\"}]},{\"@type\":\"WebSite\",\"@id\":\"https:\/\/www.ull.es\/portal\/noticias\/#website\",\"url\":\"https:\/\/www.ull.es\/portal\/noticias\/\",\"name\":\"ULL - Noticias\",\"description\":\"\",\"potentialAction\":[{\"@type\":\"SearchAction\",\"target\":{\"@type\":\"EntryPoint\",\"urlTemplate\":\"https:\/\/www.ull.es\/portal\/noticias\/?s={search_term_string}\"},\"query-input\":\"required name=search_term_string\"}],\"inLanguage\":\"es\"},{\"@type\":\"Person\",\"@id\":\"https:\/\/www.ull.es\/portal\/noticias\/#\/schema\/person\/c3b2aa857797592927a03740d6664376\",\"name\":\"prensa2\",\"image\":{\"@type\":\"ImageObject\",\"inLanguage\":\"es\",\"@id\":\"https:\/\/www.ull.es\/portal\/noticias\/#\/schema\/person\/image\/\",\"url\":\"https:\/\/secure.gravatar.com\/avatar\/b58f310a5de5feb33d1e026d2493f23c?s=96&d=mm&r=g\",\"contentUrl\":\"https:\/\/secure.gravatar.com\/avatar\/b58f310a5de5feb33d1e026d2493f23c?s=96&d=mm&r=g\",\"caption\":\"prensa2\"},\"url\":\"https:\/\/www.ull.es\/portal\/noticias\/author\/prensa2\/\"}]}<\/script>\n<!-- \/ Yoast SEO plugin. -->","yoast_head_json":{"title":"La Universidad de La Laguna abrir\u00e1 el pr\u00f3ximo curso acad\u00e9mico el 6 de septiembre - ULL - Noticias","robots":{"index":"index","follow":"follow","max-snippet":"max-snippet:-1","max-image-preview":"max-image-preview:large","max-video-preview":"max-video-preview:-1"},"canonical":"https:\/\/www.ull.es\/portal\/noticias\/2013\/la-universidad-de-la-laguna-abrira-el-proximo-curso-academico-el-6-de-septiembre\/","og_locale":"es_ES","og_type":"article","og_title":"La Universidad de La Laguna abrir\u00e1 el pr\u00f3ximo curso acad\u00e9mico el 6 de septiembre - ULL - Noticias","og_description":"El curso acad&eacute;mico 2013\/14 se abrir&aacute; el pr&oacute;ximo 6 de septiembre, seg&uacute;n ha aprobado hoy mi&eacute;rcoles 27 de febrero el...","og_url":"https:\/\/www.ull.es\/portal\/noticias\/2013\/la-universidad-de-la-laguna-abrira-el-proximo-curso-academico-el-6-de-septiembre\/","og_site_name":"ULL - Noticias","article_publisher":"https:\/\/www.facebook.com\/universidaddelalaguna\/","article_published_time":"2013-02-27T14:25:45+00:00","og_image":[{"width":1034,"height":708,"url":"https:\/\/www.ull.es\/portal\/noticias\/wp-content\/uploads\/sites\/13\/2015\/07\/Cons-Gobierno-27-2-12.jpg","type":"image\/jpeg"}],"author":"prensa2","twitter_card":"summary_large_image","twitter_creator":"@CanalULL","twitter_site":"@CanalULL","twitter_misc":{"Escrito por":"prensa2","Tiempo de lectura":"4 minutos"},"schema":{"@context":"https:\/\/schema.org","@graph":[{"@type":"WebPage","@id":"https:\/\/www.ull.es\/portal\/noticias\/2013\/la-universidad-de-la-laguna-abrira-el-proximo-curso-academico-el-6-de-septiembre\/","url":"https:\/\/www.ull.es\/portal\/noticias\/2013\/la-universidad-de-la-laguna-abrira-el-proximo-curso-academico-el-6-de-septiembre\/","name":"La Universidad de La Laguna abrir\u00e1 el pr\u00f3ximo curso acad\u00e9mico el 6 de septiembre - ULL - Noticias","isPartOf":{"@id":"https:\/\/www.ull.es\/portal\/noticias\/#website"},"datePublished":"2013-02-27T14:25:45+00:00","dateModified":"2013-02-27T14:25:45+00:00","author":{"@id":"https:\/\/www.ull.es\/portal\/noticias\/#\/schema\/person\/c3b2aa857797592927a03740d6664376"},"breadcrumb":{"@id":"https:\/\/www.ull.es\/portal\/noticias\/2013\/la-universidad-de-la-laguna-abrira-el-proximo-curso-academico-el-6-de-septiembre\/#breadcrumb"},"inLanguage":"es","potentialAction":[{"@type":"ReadAction","target":["https:\/\/www.ull.es\/portal\/noticias\/2013\/la-universidad-de-la-laguna-abrira-el-proximo-curso-academico-el-6-de-septiembre\/"]}]},{"@type":"BreadcrumbList","@id":"https:\/\/www.ull.es\/portal\/noticias\/2013\/la-universidad-de-la-laguna-abrira-el-proximo-curso-academico-el-6-de-septiembre\/#breadcrumb","itemListElement":[{"@type":"ListItem","position":1,"name":"Portada","item":"https:\/\/www.ull.es\/portal\/noticias\/"},{"@type":"ListItem","position":2,"name":"La Universidad de La Laguna abrir\u00e1 el pr\u00f3ximo curso acad\u00e9mico el 6 de septiembre"}]},{"@type":"WebSite","@id":"https:\/\/www.ull.es\/portal\/noticias\/#website","url":"https:\/\/www.ull.es\/portal\/noticias\/","name":"ULL - Noticias","description":"","potentialAction":[{"@type":"SearchAction","target":{"@type":"EntryPoint","urlTemplate":"https:\/\/www.ull.es\/portal\/noticias\/?s={search_term_string}"},"query-input":"required name=search_term_string"}],"inLanguage":"es"},{"@type":"Person","@id":"https:\/\/www.ull.es\/portal\/noticias\/#\/schema\/person\/c3b2aa857797592927a03740d6664376","name":"prensa2","image":{"@type":"ImageObject","inLanguage":"es","@id":"https:\/\/www.ull.es\/portal\/noticias\/#\/schema\/person\/image\/","url":"https:\/\/secure.gravatar.com\/avatar\/b58f310a5de5feb33d1e026d2493f23c?s=96&d=mm&r=g","contentUrl":"https:\/\/secure.gravatar.com\/avatar\/b58f310a5de5feb33d1e026d2493f23c?s=96&d=mm&r=g","caption":"prensa2"},"url":"https:\/\/www.ull.es\/portal\/noticias\/author\/prensa2\/"}]}},"primary_category":null,"featured_image_thumbnail_url":"https:\/\/www.ull.es\/portal\/noticias\/wp-content\/uploads\/sites\/13\/2015\/07\/Cons-Gobierno-27-2-12-300x205.jpg","_links":{"self":[{"href":"https:\/\/www.ull.es\/portal\/noticias\/wp-json\/wp\/v2\/posts\/20356"}],"collection":[{"href":"https:\/\/www.ull.es\/portal\/noticias\/wp-json\/wp\/v2\/posts"}],"about":[{"href":"https:\/\/www.ull.es\/portal\/noticias\/wp-json\/wp\/v2\/types\/post"}],"author":[{"embeddable":true,"href":"https:\/\/www.ull.es\/portal\/noticias\/wp-json\/wp\/v2\/users\/21"}],"replies":[{"embeddable":true,"href":"https:\/\/www.ull.es\/portal\/noticias\/wp-json\/wp\/v2\/comments?post=20356"}],"version-history":[{"count":0,"href":"https:\/\/www.ull.es\/portal\/noticias\/wp-json\/wp\/v2\/posts\/20356\/revisions"}],"wp:featuredmedia":[{"embeddable":true,"href":"https:\/\/www.ull.es\/portal\/noticias\/wp-json\/wp\/v2\/media\/20357"}],"wp:attachment":[{"href":"https:\/\/www.ull.es\/portal\/noticias\/wp-json\/wp\/v2\/media?parent=20356"}],"wp:term":[{"taxonomy":"category","embeddable":true,"href":"https:\/\/www.ull.es\/portal\/noticias\/wp-json\/wp\/v2\/categories?post=20356"},{"taxonomy":"post_tag","embeddable":true,"href":"https:\/\/www.ull.es\/portal\/noticias\/wp-json\/wp\/v2\/tags?post=20356"}],"curies":[{"name":"wp","href":"https:\/\/api.w.org\/{rel}","templated":true}]}}