{"id":20366,"date":"2013-03-04T11:40:14","date_gmt":"2013-03-04T11:40:14","guid":{"rendered":"http:\/\/ddigital.webs.ull.es\/la-facultad-de-psicologia-inauguro-la-semana-de-actos-institucionales-divulgativos-y-culturales-dedicada-a-su-patron\/"},"modified":"2013-03-04T11:40:14","modified_gmt":"2013-03-04T11:40:14","slug":"la-facultad-de-psicologia-inauguro-la-semana-de-actos-institucionales-divulgativos-y-culturales-dedicada-a-su-patron","status":"publish","type":"post","link":"https:\/\/www.ull.es\/portal\/noticias\/2013\/la-facultad-de-psicologia-inauguro-la-semana-de-actos-institucionales-divulgativos-y-culturales-dedicada-a-su-patron\/","title":{"rendered":"La Facultad de Psicolog\u00eda inaugur\u00f3 la semana de actos institucionales, divulgativos y culturales dedicada a su patr\u00f3n"},"content":{"rendered":"<p> \tComo ya es tradicional, la Facultad de Psicolog&iacute;a ha organizado una semana de actos de la m&aacute;s diversa &iacute;ndole para celebrar la festividad de su patr&oacute;n, de Juan Huarte de San Juan. Ta inauguraci&oacute;n tuvo lugar el pasado viernes, 1 de marzo, con la presencia del rector de la ULL, Eduardo Dom&eacute;nech; el decano del centro organizador, Pedro Avero; los decanos de los Colegios oficiales de Psicolog&iacute;a de Canarias, Iv&aacute;n P&eacute;rez por Tenerife y Francisco S&aacute;nchez por Las Palmas; y la coordinadora de la Comisi&oacute;n de Proyecci&oacute;n Social del centro, Ruth Dorta.<\/p>\n<p> \tEl decano del Colegio Oficial de Psicolog&iacute;a de Tenerife abri&oacute; el acto recordando que la profesi&oacute;n del psic&oacute;logo es vocacional y juega un importante papel en una sociedad marcada por la crisis y la preocupaci&oacute;n que &ntilde;esta genera. Por su parte, su hom&oacute;logo de la organizaci&oacute;n profesional en Las Palmas agradeci&oacute; la invitaci&oacute;n a participar en los actos, puesto que estrecha a&uacute;n m&aacute;s los v&iacute;nculos entre ambos colegios y la ULL.<\/p>\n<p> \tLa Coordinadora de la Comisi&oacute;n de Proyecci&oacute;n Social intervino haciendo un recorrido el programa de actividades, destacando la Feria de Investigaci&oacute;n,&nbsp; el encuentro de mujeres dentro de los actos de Celebraci&oacute;n del D&iacute;a Internacional de la Mujer y el D&iacute;a Europeo de la Logopedia. En su intervenci&oacute;n destac&oacute; c&oacute;mo los recortes sufridos en los &uacute;ltimos tiempos la ULL han afectado tambi&eacute;n a la organizaci&oacute;n de los eventos programados, por lo que agradeci&oacute; a los ponentes su desinteresada participaci&oacute;n.<\/p>\n<p> \tEn su discurso, el decano de la Facultad de Psicolog&iacute;a se mostr&oacute; complacido al comprobar c&oacute;mo cada vez hay m&aacute;s inter&eacute;s en la Semana de la Psicolog&iacute;a y la Logopedia, la cual ha llegado a ser considerada como un acto de gran magnitud. Destac&oacute; la gran labor desarrollada por sus profesores a la hora de organizar el mismo y destac&oacute; la importancia que tiene la innovaci&oacute;n en la evoluci&oacute;n de las cosas sin que ello sea perjuicio de mantener la tradici&oacute;n de las mismas.<\/p>\n<p> \tCerr&oacute; el acto el rector de la ULL, quien valor&oacute; la valiosa oportunidad que actos as&iacute; brinda a los alumnos para contactar con profesionales y profesores, tanto del &aacute;mbito local, como nacional e internacional. Igualmente valor&oacute; la Feria de Investigaci&oacute;n que se celebrar&aacute; dentro de los actos programados porque a trav&eacute;s de ella, el alumnado podr&aacute; conocer las investigaciones que se realizan en su facultad y despertar tempranamente su vocaci&oacute;n investigadora.<\/p>\n<p> \tLa Semana de la Psicolog&iacute;a y la Logopedia estaba previsto que se celebrara hasta el jueves 7 de marzo, si bien el cierre de la ULL por causas meteorol&oacute;gicas este lunes 4 de marzo ha provocado la suspensi&oacute;n de los actos previstos para ese d&iacute;a y, por ello, es presumible que haya alteraciones en el programa. <\/p>\n","protected":false},"excerpt":{"rendered":"<p>Como ya es tradicional, la Facultad de Psicolog&iacute;a ha organizado una semana de actos de la m&aacute;s diversa &iacute;ndole para&#8230;<\/p>\n","protected":false},"author":21,"featured_media":20367,"comment_status":"open","ping_status":"open","sticky":false,"template":"","format":"standard","meta":{"inline_featured_image":false,"footnotes":""},"categories":[348,1],"tags":[],"acf":[],"yoast_head":"<!-- This site is optimized with the Yoast SEO plugin v21.3 - https:\/\/yoast.com\/wordpress\/plugins\/seo\/ -->\n<title>La Facultad de Psicolog\u00eda inaugur\u00f3 la semana de actos institucionales, divulgativos y culturales dedicada a su patr\u00f3n - ULL - Noticias<\/title>\n<meta name=\"robots\" content=\"index, follow, max-snippet:-1, max-image-preview:large, max-video-preview:-1\" \/>\n<link rel=\"canonical\" href=\"https:\/\/www.ull.es\/portal\/noticias\/2013\/la-facultad-de-psicologia-inauguro-la-semana-de-actos-institucionales-divulgativos-y-culturales-dedicada-a-su-patron\/\" \/>\n<meta property=\"og:locale\" content=\"es_ES\" \/>\n<meta property=\"og:type\" content=\"article\" \/>\n<meta property=\"og:title\" content=\"La Facultad de Psicolog\u00eda inaugur\u00f3 la semana de actos institucionales, divulgativos y culturales dedicada a su patr\u00f3n - ULL - Noticias\" \/>\n<meta property=\"og:description\" content=\"Como ya es tradicional, la Facultad de Psicolog&iacute;a ha organizado una semana de actos de la m&aacute;s diversa &iacute;ndole para...\" \/>\n<meta property=\"og:url\" content=\"https:\/\/www.ull.es\/portal\/noticias\/2013\/la-facultad-de-psicologia-inauguro-la-semana-de-actos-institucionales-divulgativos-y-culturales-dedicada-a-su-patron\/\" \/>\n<meta property=\"og:site_name\" content=\"ULL - Noticias\" \/>\n<meta property=\"article:publisher\" content=\"https:\/\/www.facebook.com\/universidaddelalaguna\/\" \/>\n<meta property=\"article:published_time\" content=\"2013-03-04T11:40:14+00:00\" \/>\n<meta property=\"og:image\" content=\"https:\/\/www.ull.es\/portal\/noticias\/wp-content\/uploads\/sites\/13\/2015\/07\/Patron-2013-inauguracion.jpg\" \/>\n\t<meta property=\"og:image:width\" content=\"1024\" \/>\n\t<meta property=\"og:image:height\" content=\"687\" \/>\n\t<meta property=\"og:image:type\" content=\"image\/jpeg\" \/>\n<meta name=\"author\" content=\"prensa2\" \/>\n<meta name=\"twitter:card\" content=\"summary_large_image\" \/>\n<meta name=\"twitter:creator\" content=\"@CanalULL\" \/>\n<meta name=\"twitter:site\" content=\"@CanalULL\" \/>\n<meta name=\"twitter:label1\" content=\"Escrito por\" \/>\n\t<meta name=\"twitter:data1\" content=\"prensa2\" \/>\n\t<meta name=\"twitter:label2\" content=\"Tiempo de lectura\" \/>\n\t<meta name=\"twitter:data2\" content=\"3 minutos\" \/>\n<script type=\"application\/ld+json\" class=\"yoast-schema-graph\">{\"@context\":\"https:\/\/schema.org\",\"@graph\":[{\"@type\":\"WebPage\",\"@id\":\"https:\/\/www.ull.es\/portal\/noticias\/2013\/la-facultad-de-psicologia-inauguro-la-semana-de-actos-institucionales-divulgativos-y-culturales-dedicada-a-su-patron\/\",\"url\":\"https:\/\/www.ull.es\/portal\/noticias\/2013\/la-facultad-de-psicologia-inauguro-la-semana-de-actos-institucionales-divulgativos-y-culturales-dedicada-a-su-patron\/\",\"name\":\"La Facultad de Psicolog\u00eda inaugur\u00f3 la semana de actos institucionales, divulgativos y culturales dedicada a su patr\u00f3n - ULL - Noticias\",\"isPartOf\":{\"@id\":\"https:\/\/www.ull.es\/portal\/noticias\/#website\"},\"datePublished\":\"2013-03-04T11:40:14+00:00\",\"dateModified\":\"2013-03-04T11:40:14+00:00\",\"author\":{\"@id\":\"https:\/\/www.ull.es\/portal\/noticias\/#\/schema\/person\/c3b2aa857797592927a03740d6664376\"},\"breadcrumb\":{\"@id\":\"https:\/\/www.ull.es\/portal\/noticias\/2013\/la-facultad-de-psicologia-inauguro-la-semana-de-actos-institucionales-divulgativos-y-culturales-dedicada-a-su-patron\/#breadcrumb\"},\"inLanguage\":\"es\",\"potentialAction\":[{\"@type\":\"ReadAction\",\"target\":[\"https:\/\/www.ull.es\/portal\/noticias\/2013\/la-facultad-de-psicologia-inauguro-la-semana-de-actos-institucionales-divulgativos-y-culturales-dedicada-a-su-patron\/\"]}]},{\"@type\":\"BreadcrumbList\",\"@id\":\"https:\/\/www.ull.es\/portal\/noticias\/2013\/la-facultad-de-psicologia-inauguro-la-semana-de-actos-institucionales-divulgativos-y-culturales-dedicada-a-su-patron\/#breadcrumb\",\"itemListElement\":[{\"@type\":\"ListItem\",\"position\":1,\"name\":\"Portada\",\"item\":\"https:\/\/www.ull.es\/portal\/noticias\/\"},{\"@type\":\"ListItem\",\"position\":2,\"name\":\"La Facultad de Psicolog\u00eda inaugur\u00f3 la semana de actos institucionales, divulgativos y culturales dedicada a su patr\u00f3n\"}]},{\"@type\":\"WebSite\",\"@id\":\"https:\/\/www.ull.es\/portal\/noticias\/#website\",\"url\":\"https:\/\/www.ull.es\/portal\/noticias\/\",\"name\":\"ULL - Noticias\",\"description\":\"\",\"potentialAction\":[{\"@type\":\"SearchAction\",\"target\":{\"@type\":\"EntryPoint\",\"urlTemplate\":\"https:\/\/www.ull.es\/portal\/noticias\/?s={search_term_string}\"},\"query-input\":\"required name=search_term_string\"}],\"inLanguage\":\"es\"},{\"@type\":\"Person\",\"@id\":\"https:\/\/www.ull.es\/portal\/noticias\/#\/schema\/person\/c3b2aa857797592927a03740d6664376\",\"name\":\"prensa2\",\"image\":{\"@type\":\"ImageObject\",\"inLanguage\":\"es\",\"@id\":\"https:\/\/www.ull.es\/portal\/noticias\/#\/schema\/person\/image\/\",\"url\":\"https:\/\/secure.gravatar.com\/avatar\/b58f310a5de5feb33d1e026d2493f23c?s=96&d=mm&r=g\",\"contentUrl\":\"https:\/\/secure.gravatar.com\/avatar\/b58f310a5de5feb33d1e026d2493f23c?s=96&d=mm&r=g\",\"caption\":\"prensa2\"},\"url\":\"https:\/\/www.ull.es\/portal\/noticias\/author\/prensa2\/\"}]}<\/script>\n<!-- \/ Yoast SEO plugin. -->","yoast_head_json":{"title":"La Facultad de Psicolog\u00eda inaugur\u00f3 la semana de actos institucionales, divulgativos y culturales dedicada a su patr\u00f3n - ULL - Noticias","robots":{"index":"index","follow":"follow","max-snippet":"max-snippet:-1","max-image-preview":"max-image-preview:large","max-video-preview":"max-video-preview:-1"},"canonical":"https:\/\/www.ull.es\/portal\/noticias\/2013\/la-facultad-de-psicologia-inauguro-la-semana-de-actos-institucionales-divulgativos-y-culturales-dedicada-a-su-patron\/","og_locale":"es_ES","og_type":"article","og_title":"La Facultad de Psicolog\u00eda inaugur\u00f3 la semana de actos institucionales, divulgativos y culturales dedicada a su patr\u00f3n - ULL - Noticias","og_description":"Como ya es tradicional, la Facultad de Psicolog&iacute;a ha organizado una semana de actos de la m&aacute;s diversa &iacute;ndole para...","og_url":"https:\/\/www.ull.es\/portal\/noticias\/2013\/la-facultad-de-psicologia-inauguro-la-semana-de-actos-institucionales-divulgativos-y-culturales-dedicada-a-su-patron\/","og_site_name":"ULL - Noticias","article_publisher":"https:\/\/www.facebook.com\/universidaddelalaguna\/","article_published_time":"2013-03-04T11:40:14+00:00","og_image":[{"width":1024,"height":687,"url":"https:\/\/www.ull.es\/portal\/noticias\/wp-content\/uploads\/sites\/13\/2015\/07\/Patron-2013-inauguracion.jpg","type":"image\/jpeg"}],"author":"prensa2","twitter_card":"summary_large_image","twitter_creator":"@CanalULL","twitter_site":"@CanalULL","twitter_misc":{"Escrito por":"prensa2","Tiempo de lectura":"3 minutos"},"schema":{"@context":"https:\/\/schema.org","@graph":[{"@type":"WebPage","@id":"https:\/\/www.ull.es\/portal\/noticias\/2013\/la-facultad-de-psicologia-inauguro-la-semana-de-actos-institucionales-divulgativos-y-culturales-dedicada-a-su-patron\/","url":"https:\/\/www.ull.es\/portal\/noticias\/2013\/la-facultad-de-psicologia-inauguro-la-semana-de-actos-institucionales-divulgativos-y-culturales-dedicada-a-su-patron\/","name":"La Facultad de Psicolog\u00eda inaugur\u00f3 la semana de actos institucionales, divulgativos y culturales dedicada a su patr\u00f3n - ULL - Noticias","isPartOf":{"@id":"https:\/\/www.ull.es\/portal\/noticias\/#website"},"datePublished":"2013-03-04T11:40:14+00:00","dateModified":"2013-03-04T11:40:14+00:00","author":{"@id":"https:\/\/www.ull.es\/portal\/noticias\/#\/schema\/person\/c3b2aa857797592927a03740d6664376"},"breadcrumb":{"@id":"https:\/\/www.ull.es\/portal\/noticias\/2013\/la-facultad-de-psicologia-inauguro-la-semana-de-actos-institucionales-divulgativos-y-culturales-dedicada-a-su-patron\/#breadcrumb"},"inLanguage":"es","potentialAction":[{"@type":"ReadAction","target":["https:\/\/www.ull.es\/portal\/noticias\/2013\/la-facultad-de-psicologia-inauguro-la-semana-de-actos-institucionales-divulgativos-y-culturales-dedicada-a-su-patron\/"]}]},{"@type":"BreadcrumbList","@id":"https:\/\/www.ull.es\/portal\/noticias\/2013\/la-facultad-de-psicologia-inauguro-la-semana-de-actos-institucionales-divulgativos-y-culturales-dedicada-a-su-patron\/#breadcrumb","itemListElement":[{"@type":"ListItem","position":1,"name":"Portada","item":"https:\/\/www.ull.es\/portal\/noticias\/"},{"@type":"ListItem","position":2,"name":"La Facultad de Psicolog\u00eda inaugur\u00f3 la semana de actos institucionales, divulgativos y culturales dedicada a su patr\u00f3n"}]},{"@type":"WebSite","@id":"https:\/\/www.ull.es\/portal\/noticias\/#website","url":"https:\/\/www.ull.es\/portal\/noticias\/","name":"ULL - Noticias","description":"","potentialAction":[{"@type":"SearchAction","target":{"@type":"EntryPoint","urlTemplate":"https:\/\/www.ull.es\/portal\/noticias\/?s={search_term_string}"},"query-input":"required name=search_term_string"}],"inLanguage":"es"},{"@type":"Person","@id":"https:\/\/www.ull.es\/portal\/noticias\/#\/schema\/person\/c3b2aa857797592927a03740d6664376","name":"prensa2","image":{"@type":"ImageObject","inLanguage":"es","@id":"https:\/\/www.ull.es\/portal\/noticias\/#\/schema\/person\/image\/","url":"https:\/\/secure.gravatar.com\/avatar\/b58f310a5de5feb33d1e026d2493f23c?s=96&d=mm&r=g","contentUrl":"https:\/\/secure.gravatar.com\/avatar\/b58f310a5de5feb33d1e026d2493f23c?s=96&d=mm&r=g","caption":"prensa2"},"url":"https:\/\/www.ull.es\/portal\/noticias\/author\/prensa2\/"}]}},"primary_category":null,"featured_image_thumbnail_url":"https:\/\/www.ull.es\/portal\/noticias\/wp-content\/uploads\/sites\/13\/2015\/07\/Patron-2013-inauguracion-300x201.jpg","_links":{"self":[{"href":"https:\/\/www.ull.es\/portal\/noticias\/wp-json\/wp\/v2\/posts\/20366"}],"collection":[{"href":"https:\/\/www.ull.es\/portal\/noticias\/wp-json\/wp\/v2\/posts"}],"about":[{"href":"https:\/\/www.ull.es\/portal\/noticias\/wp-json\/wp\/v2\/types\/post"}],"author":[{"embeddable":true,"href":"https:\/\/www.ull.es\/portal\/noticias\/wp-json\/wp\/v2\/users\/21"}],"replies":[{"embeddable":true,"href":"https:\/\/www.ull.es\/portal\/noticias\/wp-json\/wp\/v2\/comments?post=20366"}],"version-history":[{"count":0,"href":"https:\/\/www.ull.es\/portal\/noticias\/wp-json\/wp\/v2\/posts\/20366\/revisions"}],"wp:featuredmedia":[{"embeddable":true,"href":"https:\/\/www.ull.es\/portal\/noticias\/wp-json\/wp\/v2\/media\/20367"}],"wp:attachment":[{"href":"https:\/\/www.ull.es\/portal\/noticias\/wp-json\/wp\/v2\/media?parent=20366"}],"wp:term":[{"taxonomy":"category","embeddable":true,"href":"https:\/\/www.ull.es\/portal\/noticias\/wp-json\/wp\/v2\/categories?post=20366"},{"taxonomy":"post_tag","embeddable":true,"href":"https:\/\/www.ull.es\/portal\/noticias\/wp-json\/wp\/v2\/tags?post=20366"}],"curies":[{"name":"wp","href":"https:\/\/api.w.org\/{rel}","templated":true}]}}