{"id":20397,"date":"2013-03-07T14:51:33","date_gmt":"2013-03-07T14:51:33","guid":{"rendered":"http:\/\/ddigital.webs.ull.es\/presentado-el-diagnostico-de-igualdad-de-la-ull-en-las-jornadas-de-celebracion-del-dia-internacional-de-las-mujeres\/"},"modified":"2013-03-07T14:51:33","modified_gmt":"2013-03-07T14:51:33","slug":"presentado-el-diagnostico-de-igualdad-de-la-ull-en-las-jornadas-de-celebracion-del-dia-internacional-de-las-mujeres","status":"publish","type":"post","link":"https:\/\/www.ull.es\/portal\/noticias\/2013\/presentado-el-diagnostico-de-igualdad-de-la-ull-en-las-jornadas-de-celebracion-del-dia-internacional-de-las-mujeres\/","title":{"rendered":"Presentado el Diagn\u00f3stico de Igualdad de la ULL en las jornadas de celebraci\u00f3n del D\u00eda Internacional de las Mujeres"},"content":{"rendered":"<p> \tLa Unidad de Igualdad de G&eacute;nero (IUG) de la Universidad de La Laguna ha presentado hoy, jueves 7 de marzo, en las jornadas conmemorativas del D&iacute;a Internacional de la Mujer, el Diagn&oacute;stico de Igualdad de la ULL &ldquo;La (des)igualdad de g&eacute;nero en la Universidad de La Laguna&rdquo;. Las distintas actividades programadas para celebrar el 8 de marzo han tenido lugar en el Aula Magna de la Facultad de Ciencias Econ&oacute;micas y Empresariales a lo largo de toda la ma&ntilde;ana.<\/p>\n<p> \tDe la inauguraci&oacute;n de los actos se encargaron el rector de la instituci&oacute;n acad&eacute;mica, Eduardo Dom&eacute;nech; la vicerrectora de Planificaci&oacute;n e Infraestructuras, Mar&iacute;a Gracia Rodr&iacute;guez y la directora de la UIG, Ana Puy.<\/p>\n<p> \tEl rector asegur&oacute;, en su intervenci&oacute;n, que ser&iacute;a preferible no tener que conmemorar esta fecha porque implicar&iacute;a la inexistencia de desigualdad de g&eacute;nero y culp&oacute; a los productos culturales y medi&aacute;ticos de su perpetuaci&oacute;n. A&ntilde;adi&oacute; que la universidad debe ser un ejemplo de lucha contra esta disparidad y que los hombres deben tambi&eacute;n comprometerse para lograr erradicarla.<\/p>\n<p> \tMar&iacute;a Gracia Rodr&iacute;guez destac&oacute; que el compromiso de la instituci&oacute;n es el de trabajar a favor de la no discriminaci&oacute;n por cuesti&oacute;n de g&eacute;nero y su deseo el de visibilizar las situaciones de desigualdad para sensibilizar a la comunidad universitaria y, as&iacute;, tambi&eacute;n, a la sociedad. Present&oacute;, adem&aacute;s, a la Comisi&oacute;n de Trabajo para la Elaboraci&oacute;n del Plan de Igualdad, que ha llevado a cabo m&aacute;s de treinta sesiones de trabajo desde su creaci&oacute;n.<\/p>\n<p> \tA continuaci&oacute;n se procedi&oacute; a la lectura del Manifiesto del 8 de marzo de la Red de Unidades de Igualdad de G&eacute;nero para la Excelencia Universitaria (RUIGEU), con el que se hizo un repaso a las disparidades de g&eacute;nero existentes en el &aacute;mbito acad&eacute;mico. La RUIGEU incidi&oacute; en el compromiso de las 39 universidades p&uacute;blicas que la constituyen: mantener los logros conseguidos y luchar para alcanzar una igualdad real.<\/p>\n<p> \tAna Puy fue la encargada de presentar el Diagn&oacute;stico de Igualdad de la ULL, para lo que expuso las desigualdades y los problemas detectados en la instituci&oacute;n y los retos que esta debe marcarse para erradicarlos. Las acciones que propuso, en nombre de la UIG y de la Comisi&oacute;n de Trabajo para la Elaboraci&oacute;n del Plan de Igualdad, fueron, en primer lugar, un mayor cumplimiento de la normativa vigente, el logro de una representatividad equilibrada entre hombres y mujeres en plantilla y en el alumnado y la consecuci&oacute;n de mayor igualdad en las retribuciones medias entre hombres y mujeres. Aunque en la ULL no hay diferencia entre lo que cobran ambos sexos por un mismo puesto, existen brechas derivadas del acceso desigual a ciertas categor&iacute;as laborales, complementos y horas extras.<\/p>\n<p> \tAdem&aacute;s, asegur&oacute; que la universidad debe caminar hacia una mejor prevenci&oacute;n y erradicaci&oacute;n de los distintos tipos de acoso y otros riesgos laborales; hacia una mayor corresponsabilidad y conciliaci&oacute;n laboral, acad&eacute;mica, personal y familiar y hacia una mayor calidad en la gesti&oacute;n de los datos de cara a la elaboraci&oacute;n del diagn&oacute;stico.<\/p>\n<p> \tLa directora de la UIG quiso destacar tambi&eacute;n las fortalezas de la ULL en materia de igualdad, entre las que se encuentran la puesta en marcha de la propia UIG y de otras estructuras para favorecer la lucha contra la discriminaci&oacute;n de g&eacute;nero, el apoyo a medidas de sensibilizaci&oacute;n y formaci&oacute;n para personal y alumnado o la existencia de recursos que fomentan la conciliaci&oacute;n de la vida familiar y la acad&eacute;mica o profesional, por ejemplo.<\/p>\n<p> \tLas &uacute;ltimas actividades de la jornada fueron la mesa redonda &ldquo;Plan de igualdad de la ULL: posibilidades de aplicaci&oacute;n de la legislaci&oacute;n sobre igualdad en el contexto universitario actual&rdquo; y la conferencia &ldquo;La promoci&oacute;n del liderazgo saludable desde una perspectiva de g&eacute;nero&rdquo; impartida por Christiane Stempel, investigadora de la Universidad de Leipzig en Alemania. <\/p>\n","protected":false},"excerpt":{"rendered":"<p>La Unidad de Igualdad de G&eacute;nero (IUG) de la Universidad de La Laguna ha presentado hoy, jueves 7 de marzo,&#8230;<\/p>\n","protected":false},"author":21,"featured_media":20398,"comment_status":"open","ping_status":"open","sticky":false,"template":"","format":"standard","meta":{"inline_featured_image":false,"footnotes":""},"categories":[348,1],"tags":[],"acf":[],"yoast_head":"<!-- This site is optimized with the Yoast SEO plugin v21.3 - https:\/\/yoast.com\/wordpress\/plugins\/seo\/ -->\n<title>Presentado el Diagn\u00f3stico de Igualdad de la ULL en las jornadas de celebraci\u00f3n del D\u00eda Internacional de las Mujeres - ULL - Noticias<\/title>\n<meta name=\"robots\" content=\"index, follow, max-snippet:-1, max-image-preview:large, max-video-preview:-1\" \/>\n<link rel=\"canonical\" href=\"https:\/\/www.ull.es\/portal\/noticias\/2013\/presentado-el-diagnostico-de-igualdad-de-la-ull-en-las-jornadas-de-celebracion-del-dia-internacional-de-las-mujeres\/\" \/>\n<meta property=\"og:locale\" content=\"es_ES\" \/>\n<meta property=\"og:type\" content=\"article\" \/>\n<meta property=\"og:title\" content=\"Presentado el Diagn\u00f3stico de Igualdad de la ULL en las jornadas de celebraci\u00f3n del D\u00eda Internacional de las Mujeres - ULL - Noticias\" \/>\n<meta property=\"og:description\" content=\"La Unidad de Igualdad de G&eacute;nero (IUG) de la Universidad de La Laguna ha presentado hoy, jueves 7 de marzo,...\" \/>\n<meta property=\"og:url\" content=\"https:\/\/www.ull.es\/portal\/noticias\/2013\/presentado-el-diagnostico-de-igualdad-de-la-ull-en-las-jornadas-de-celebracion-del-dia-internacional-de-las-mujeres\/\" \/>\n<meta property=\"og:site_name\" content=\"ULL - Noticias\" \/>\n<meta property=\"article:publisher\" content=\"https:\/\/www.facebook.com\/universidaddelalaguna\/\" \/>\n<meta property=\"article:published_time\" content=\"2013-03-07T14:51:33+00:00\" \/>\n<meta property=\"og:image\" content=\"https:\/\/www.ull.es\/portal\/noticias\/wp-content\/uploads\/sites\/13\/2015\/07\/Dia-de-la-mujer-02.jpg\" \/>\n\t<meta property=\"og:image:width\" content=\"1034\" \/>\n\t<meta property=\"og:image:height\" content=\"708\" \/>\n\t<meta property=\"og:image:type\" content=\"image\/jpeg\" \/>\n<meta name=\"author\" content=\"prensa2\" \/>\n<meta name=\"twitter:card\" content=\"summary_large_image\" \/>\n<meta name=\"twitter:creator\" content=\"@CanalULL\" \/>\n<meta name=\"twitter:site\" content=\"@CanalULL\" \/>\n<meta name=\"twitter:label1\" content=\"Escrito por\" \/>\n\t<meta name=\"twitter:data1\" content=\"prensa2\" \/>\n\t<meta name=\"twitter:label2\" content=\"Tiempo de lectura\" \/>\n\t<meta name=\"twitter:data2\" content=\"4 minutos\" \/>\n<script type=\"application\/ld+json\" class=\"yoast-schema-graph\">{\"@context\":\"https:\/\/schema.org\",\"@graph\":[{\"@type\":\"WebPage\",\"@id\":\"https:\/\/www.ull.es\/portal\/noticias\/2013\/presentado-el-diagnostico-de-igualdad-de-la-ull-en-las-jornadas-de-celebracion-del-dia-internacional-de-las-mujeres\/\",\"url\":\"https:\/\/www.ull.es\/portal\/noticias\/2013\/presentado-el-diagnostico-de-igualdad-de-la-ull-en-las-jornadas-de-celebracion-del-dia-internacional-de-las-mujeres\/\",\"name\":\"Presentado el Diagn\u00f3stico de Igualdad de la ULL en las jornadas de celebraci\u00f3n del D\u00eda Internacional de las Mujeres - ULL - Noticias\",\"isPartOf\":{\"@id\":\"https:\/\/www.ull.es\/portal\/noticias\/#website\"},\"datePublished\":\"2013-03-07T14:51:33+00:00\",\"dateModified\":\"2013-03-07T14:51:33+00:00\",\"author\":{\"@id\":\"https:\/\/www.ull.es\/portal\/noticias\/#\/schema\/person\/c3b2aa857797592927a03740d6664376\"},\"breadcrumb\":{\"@id\":\"https:\/\/www.ull.es\/portal\/noticias\/2013\/presentado-el-diagnostico-de-igualdad-de-la-ull-en-las-jornadas-de-celebracion-del-dia-internacional-de-las-mujeres\/#breadcrumb\"},\"inLanguage\":\"es\",\"potentialAction\":[{\"@type\":\"ReadAction\",\"target\":[\"https:\/\/www.ull.es\/portal\/noticias\/2013\/presentado-el-diagnostico-de-igualdad-de-la-ull-en-las-jornadas-de-celebracion-del-dia-internacional-de-las-mujeres\/\"]}]},{\"@type\":\"BreadcrumbList\",\"@id\":\"https:\/\/www.ull.es\/portal\/noticias\/2013\/presentado-el-diagnostico-de-igualdad-de-la-ull-en-las-jornadas-de-celebracion-del-dia-internacional-de-las-mujeres\/#breadcrumb\",\"itemListElement\":[{\"@type\":\"ListItem\",\"position\":1,\"name\":\"Portada\",\"item\":\"https:\/\/www.ull.es\/portal\/noticias\/\"},{\"@type\":\"ListItem\",\"position\":2,\"name\":\"Presentado el Diagn\u00f3stico de Igualdad de la ULL en las jornadas de celebraci\u00f3n del D\u00eda Internacional de las Mujeres\"}]},{\"@type\":\"WebSite\",\"@id\":\"https:\/\/www.ull.es\/portal\/noticias\/#website\",\"url\":\"https:\/\/www.ull.es\/portal\/noticias\/\",\"name\":\"ULL - Noticias\",\"description\":\"\",\"potentialAction\":[{\"@type\":\"SearchAction\",\"target\":{\"@type\":\"EntryPoint\",\"urlTemplate\":\"https:\/\/www.ull.es\/portal\/noticias\/?s={search_term_string}\"},\"query-input\":\"required name=search_term_string\"}],\"inLanguage\":\"es\"},{\"@type\":\"Person\",\"@id\":\"https:\/\/www.ull.es\/portal\/noticias\/#\/schema\/person\/c3b2aa857797592927a03740d6664376\",\"name\":\"prensa2\",\"image\":{\"@type\":\"ImageObject\",\"inLanguage\":\"es\",\"@id\":\"https:\/\/www.ull.es\/portal\/noticias\/#\/schema\/person\/image\/\",\"url\":\"https:\/\/secure.gravatar.com\/avatar\/b58f310a5de5feb33d1e026d2493f23c?s=96&d=mm&r=g\",\"contentUrl\":\"https:\/\/secure.gravatar.com\/avatar\/b58f310a5de5feb33d1e026d2493f23c?s=96&d=mm&r=g\",\"caption\":\"prensa2\"},\"url\":\"https:\/\/www.ull.es\/portal\/noticias\/author\/prensa2\/\"}]}<\/script>\n<!-- \/ Yoast SEO plugin. -->","yoast_head_json":{"title":"Presentado el Diagn\u00f3stico de Igualdad de la ULL en las jornadas de celebraci\u00f3n del D\u00eda Internacional de las Mujeres - ULL - Noticias","robots":{"index":"index","follow":"follow","max-snippet":"max-snippet:-1","max-image-preview":"max-image-preview:large","max-video-preview":"max-video-preview:-1"},"canonical":"https:\/\/www.ull.es\/portal\/noticias\/2013\/presentado-el-diagnostico-de-igualdad-de-la-ull-en-las-jornadas-de-celebracion-del-dia-internacional-de-las-mujeres\/","og_locale":"es_ES","og_type":"article","og_title":"Presentado el Diagn\u00f3stico de Igualdad de la ULL en las jornadas de celebraci\u00f3n del D\u00eda Internacional de las Mujeres - ULL - Noticias","og_description":"La Unidad de Igualdad de G&eacute;nero (IUG) de la Universidad de La Laguna ha presentado hoy, jueves 7 de marzo,...","og_url":"https:\/\/www.ull.es\/portal\/noticias\/2013\/presentado-el-diagnostico-de-igualdad-de-la-ull-en-las-jornadas-de-celebracion-del-dia-internacional-de-las-mujeres\/","og_site_name":"ULL - Noticias","article_publisher":"https:\/\/www.facebook.com\/universidaddelalaguna\/","article_published_time":"2013-03-07T14:51:33+00:00","og_image":[{"width":1034,"height":708,"url":"https:\/\/www.ull.es\/portal\/noticias\/wp-content\/uploads\/sites\/13\/2015\/07\/Dia-de-la-mujer-02.jpg","type":"image\/jpeg"}],"author":"prensa2","twitter_card":"summary_large_image","twitter_creator":"@CanalULL","twitter_site":"@CanalULL","twitter_misc":{"Escrito por":"prensa2","Tiempo de lectura":"4 minutos"},"schema":{"@context":"https:\/\/schema.org","@graph":[{"@type":"WebPage","@id":"https:\/\/www.ull.es\/portal\/noticias\/2013\/presentado-el-diagnostico-de-igualdad-de-la-ull-en-las-jornadas-de-celebracion-del-dia-internacional-de-las-mujeres\/","url":"https:\/\/www.ull.es\/portal\/noticias\/2013\/presentado-el-diagnostico-de-igualdad-de-la-ull-en-las-jornadas-de-celebracion-del-dia-internacional-de-las-mujeres\/","name":"Presentado el Diagn\u00f3stico de Igualdad de la ULL en las jornadas de celebraci\u00f3n del D\u00eda Internacional de las Mujeres - ULL - Noticias","isPartOf":{"@id":"https:\/\/www.ull.es\/portal\/noticias\/#website"},"datePublished":"2013-03-07T14:51:33+00:00","dateModified":"2013-03-07T14:51:33+00:00","author":{"@id":"https:\/\/www.ull.es\/portal\/noticias\/#\/schema\/person\/c3b2aa857797592927a03740d6664376"},"breadcrumb":{"@id":"https:\/\/www.ull.es\/portal\/noticias\/2013\/presentado-el-diagnostico-de-igualdad-de-la-ull-en-las-jornadas-de-celebracion-del-dia-internacional-de-las-mujeres\/#breadcrumb"},"inLanguage":"es","potentialAction":[{"@type":"ReadAction","target":["https:\/\/www.ull.es\/portal\/noticias\/2013\/presentado-el-diagnostico-de-igualdad-de-la-ull-en-las-jornadas-de-celebracion-del-dia-internacional-de-las-mujeres\/"]}]},{"@type":"BreadcrumbList","@id":"https:\/\/www.ull.es\/portal\/noticias\/2013\/presentado-el-diagnostico-de-igualdad-de-la-ull-en-las-jornadas-de-celebracion-del-dia-internacional-de-las-mujeres\/#breadcrumb","itemListElement":[{"@type":"ListItem","position":1,"name":"Portada","item":"https:\/\/www.ull.es\/portal\/noticias\/"},{"@type":"ListItem","position":2,"name":"Presentado el Diagn\u00f3stico de Igualdad de la ULL en las jornadas de celebraci\u00f3n del D\u00eda Internacional de las Mujeres"}]},{"@type":"WebSite","@id":"https:\/\/www.ull.es\/portal\/noticias\/#website","url":"https:\/\/www.ull.es\/portal\/noticias\/","name":"ULL - Noticias","description":"","potentialAction":[{"@type":"SearchAction","target":{"@type":"EntryPoint","urlTemplate":"https:\/\/www.ull.es\/portal\/noticias\/?s={search_term_string}"},"query-input":"required name=search_term_string"}],"inLanguage":"es"},{"@type":"Person","@id":"https:\/\/www.ull.es\/portal\/noticias\/#\/schema\/person\/c3b2aa857797592927a03740d6664376","name":"prensa2","image":{"@type":"ImageObject","inLanguage":"es","@id":"https:\/\/www.ull.es\/portal\/noticias\/#\/schema\/person\/image\/","url":"https:\/\/secure.gravatar.com\/avatar\/b58f310a5de5feb33d1e026d2493f23c?s=96&d=mm&r=g","contentUrl":"https:\/\/secure.gravatar.com\/avatar\/b58f310a5de5feb33d1e026d2493f23c?s=96&d=mm&r=g","caption":"prensa2"},"url":"https:\/\/www.ull.es\/portal\/noticias\/author\/prensa2\/"}]}},"primary_category":null,"featured_image_thumbnail_url":"https:\/\/www.ull.es\/portal\/noticias\/wp-content\/uploads\/sites\/13\/2015\/07\/Dia-de-la-mujer-02-300x205.jpg","_links":{"self":[{"href":"https:\/\/www.ull.es\/portal\/noticias\/wp-json\/wp\/v2\/posts\/20397"}],"collection":[{"href":"https:\/\/www.ull.es\/portal\/noticias\/wp-json\/wp\/v2\/posts"}],"about":[{"href":"https:\/\/www.ull.es\/portal\/noticias\/wp-json\/wp\/v2\/types\/post"}],"author":[{"embeddable":true,"href":"https:\/\/www.ull.es\/portal\/noticias\/wp-json\/wp\/v2\/users\/21"}],"replies":[{"embeddable":true,"href":"https:\/\/www.ull.es\/portal\/noticias\/wp-json\/wp\/v2\/comments?post=20397"}],"version-history":[{"count":0,"href":"https:\/\/www.ull.es\/portal\/noticias\/wp-json\/wp\/v2\/posts\/20397\/revisions"}],"wp:featuredmedia":[{"embeddable":true,"href":"https:\/\/www.ull.es\/portal\/noticias\/wp-json\/wp\/v2\/media\/20398"}],"wp:attachment":[{"href":"https:\/\/www.ull.es\/portal\/noticias\/wp-json\/wp\/v2\/media?parent=20397"}],"wp:term":[{"taxonomy":"category","embeddable":true,"href":"https:\/\/www.ull.es\/portal\/noticias\/wp-json\/wp\/v2\/categories?post=20397"},{"taxonomy":"post_tag","embeddable":true,"href":"https:\/\/www.ull.es\/portal\/noticias\/wp-json\/wp\/v2\/tags?post=20397"}],"curies":[{"name":"wp","href":"https:\/\/api.w.org\/{rel}","templated":true}]}}