{"id":20414,"date":"2013-03-08T12:49:46","date_gmt":"2013-03-08T12:49:46","guid":{"rendered":"http:\/\/ddigital.webs.ull.es\/la-universidad-de-la-laguna-celebrara-el-proximo-lunes-el-221-aniversario-de-su-creacion\/"},"modified":"2013-03-08T12:49:46","modified_gmt":"2013-03-08T12:49:46","slug":"la-universidad-de-la-laguna-celebrara-el-proximo-lunes-el-221-aniversario-de-su-creacion","status":"publish","type":"post","link":"https:\/\/www.ull.es\/portal\/noticias\/2013\/la-universidad-de-la-laguna-celebrara-el-proximo-lunes-el-221-aniversario-de-su-creacion\/","title":{"rendered":"La Universidad de La Laguna celebrar\u00e1 el pr\u00f3ximo lunes el 221 aniversario de su creaci\u00f3n"},"content":{"rendered":"<p> \tLa Universidad de La Laguna celebrar&aacute; el pr&oacute;ximo lunes 11 de marzo a las 19 horas su D&iacute;a Institucional, durante el cual se honrar&aacute; a la comunidad universitaria mediante diferentes galardones que premian la excelencia en la docencia, el estudio y la administraci&oacute;n, y homenajean al personal que se ha jubilado el &uacute;ltimo a&ntilde;o. La gala, que se celebra en esta fecha concreta para conmemorar el 221 aniversario de la creaci&oacute;n de la instituci&oacute;n, se desarrollar&aacute; en el Paraninfo del Edificio Central.<\/p>\n<p> \t&nbsp;<\/p>\n<p> \tEl acto contar&aacute; con una conferencia impartida por el rector de la Universidad de Alcal&aacute;, Fernando Galv&aacute;n; la actuaci&oacute;n del Coro Polif&oacute;nico de la UUL; y la entrega de galardones promovidos tanto por la propia instituci&oacute;n acad&eacute;mica como por la Asociaci&oacute;n de Antiguos Alumnos y Amigos de la ULL (AAAA).<\/p>\n<p> \t<strong>Programa<\/strong><\/p>\n<p> \t1. Apertura del acto.<\/p>\n<p> \t2. Palabras del rector de la ULL, Eduardo Dom&eacute;nech Mart&iacute;nez.<\/p>\n<p> \t3. Conferencia a cargo del rector de la Universidad de Alcal&aacute;, Fernando Galv&aacute;n, titulada &quot;Las lenguas en la Universidad&quot;. <\/p>\n<p> \t4. Reconocimiento y homenaje al personal jubilado de la ULL.<\/p>\n<p> \t5. Reconocimiento a la Excelencia Acad&eacute;mica Universitaria y Premios Institucionales 2013:<br \/> \t&middot;&nbsp;&nbsp;&nbsp; Premios Fin de Carrera<br \/> \t&middot;&nbsp;&nbsp;&nbsp; Premios Extraordinarios de Doctorado<br \/> \t&middot;&nbsp;&nbsp;&nbsp; Premios Institucionales<\/p>\n<p> \t6. Proyecci&oacute;n audiovisual producida por la AAAA<\/p>\n<p> \t7. Palabras del Presidente de la AAAA, Zenaido Hern&aacute;ndez.<\/p>\n<p> \t8. Entrega de premios y reconocimientos otorgados por la AAAA:<br \/> \t&middot;&nbsp;&nbsp;&nbsp; X Premio Valores Humanos del Alumnado de la Universidad de La Laguna.<br \/> \t&middot;&nbsp;&nbsp;&nbsp; Premio Mejor Expediente 2011\/12.<br \/> \t&middot;&nbsp;&nbsp;&nbsp; III Premio Alonso de Nava y Grim&oacute;n.<\/p>\n<p> \t9. Actuaci&oacute;n del Coro Polif&oacute;nico Universitario.<\/p>\n<p> \t10. Gaudeamus<\/p>\n<p> \t11. Cierre de la sesi&oacute;n<\/p>\n<p> \t&nbsp;<\/p>\n","protected":false},"excerpt":{"rendered":"<p>La Universidad de La Laguna celebrar&aacute; el pr&oacute;ximo lunes 11 de marzo a las 19 horas su D&iacute;a Institucional, durante&#8230;<\/p>\n","protected":false},"author":21,"featured_media":11864,"comment_status":"open","ping_status":"open","sticky":false,"template":"","format":"standard","meta":{"inline_featured_image":false,"footnotes":""},"categories":[348,1],"tags":[],"acf":[],"yoast_head":"<!-- This site is optimized with the Yoast SEO plugin v21.3 - https:\/\/yoast.com\/wordpress\/plugins\/seo\/ -->\n<title>La Universidad de La Laguna celebrar\u00e1 el pr\u00f3ximo lunes el 221 aniversario de su creaci\u00f3n - ULL - Noticias<\/title>\n<meta name=\"robots\" content=\"index, follow, max-snippet:-1, max-image-preview:large, max-video-preview:-1\" \/>\n<link rel=\"canonical\" href=\"https:\/\/www.ull.es\/portal\/noticias\/2013\/la-universidad-de-la-laguna-celebrara-el-proximo-lunes-el-221-aniversario-de-su-creacion\/\" \/>\n<meta property=\"og:locale\" content=\"es_ES\" \/>\n<meta property=\"og:type\" content=\"article\" \/>\n<meta property=\"og:title\" content=\"La Universidad de La Laguna celebrar\u00e1 el pr\u00f3ximo lunes el 221 aniversario de su creaci\u00f3n - ULL - Noticias\" \/>\n<meta property=\"og:description\" content=\"La Universidad de La Laguna celebrar&aacute; el pr&oacute;ximo lunes 11 de marzo a las 19 horas su D&iacute;a Institucional, durante...\" \/>\n<meta property=\"og:url\" content=\"https:\/\/www.ull.es\/portal\/noticias\/2013\/la-universidad-de-la-laguna-celebrara-el-proximo-lunes-el-221-aniversario-de-su-creacion\/\" \/>\n<meta property=\"og:site_name\" content=\"ULL - Noticias\" \/>\n<meta property=\"article:publisher\" content=\"https:\/\/www.facebook.com\/universidaddelalaguna\/\" \/>\n<meta property=\"article:published_time\" content=\"2013-03-08T12:49:46+00:00\" \/>\n<meta property=\"og:image\" content=\"https:\/\/www.ull.es\/portal\/noticias\/wp-content\/uploads\/sites\/13\/2015\/05\/edificio_central.jpg\" \/>\n\t<meta property=\"og:image:width\" content=\"1063\" \/>\n\t<meta property=\"og:image:height\" content=\"709\" \/>\n\t<meta property=\"og:image:type\" content=\"image\/jpeg\" \/>\n<meta name=\"author\" content=\"prensa2\" \/>\n<meta name=\"twitter:card\" content=\"summary_large_image\" \/>\n<meta name=\"twitter:creator\" content=\"@CanalULL\" \/>\n<meta name=\"twitter:site\" content=\"@CanalULL\" \/>\n<meta name=\"twitter:label1\" content=\"Escrito por\" \/>\n\t<meta name=\"twitter:data1\" content=\"prensa2\" \/>\n\t<meta name=\"twitter:label2\" content=\"Tiempo de lectura\" \/>\n\t<meta name=\"twitter:data2\" content=\"2 minutos\" \/>\n<script type=\"application\/ld+json\" class=\"yoast-schema-graph\">{\"@context\":\"https:\/\/schema.org\",\"@graph\":[{\"@type\":\"WebPage\",\"@id\":\"https:\/\/www.ull.es\/portal\/noticias\/2013\/la-universidad-de-la-laguna-celebrara-el-proximo-lunes-el-221-aniversario-de-su-creacion\/\",\"url\":\"https:\/\/www.ull.es\/portal\/noticias\/2013\/la-universidad-de-la-laguna-celebrara-el-proximo-lunes-el-221-aniversario-de-su-creacion\/\",\"name\":\"La Universidad de La Laguna celebrar\u00e1 el pr\u00f3ximo lunes el 221 aniversario de su creaci\u00f3n - ULL - Noticias\",\"isPartOf\":{\"@id\":\"https:\/\/www.ull.es\/portal\/noticias\/#website\"},\"datePublished\":\"2013-03-08T12:49:46+00:00\",\"dateModified\":\"2013-03-08T12:49:46+00:00\",\"author\":{\"@id\":\"https:\/\/www.ull.es\/portal\/noticias\/#\/schema\/person\/c3b2aa857797592927a03740d6664376\"},\"breadcrumb\":{\"@id\":\"https:\/\/www.ull.es\/portal\/noticias\/2013\/la-universidad-de-la-laguna-celebrara-el-proximo-lunes-el-221-aniversario-de-su-creacion\/#breadcrumb\"},\"inLanguage\":\"es\",\"potentialAction\":[{\"@type\":\"ReadAction\",\"target\":[\"https:\/\/www.ull.es\/portal\/noticias\/2013\/la-universidad-de-la-laguna-celebrara-el-proximo-lunes-el-221-aniversario-de-su-creacion\/\"]}]},{\"@type\":\"BreadcrumbList\",\"@id\":\"https:\/\/www.ull.es\/portal\/noticias\/2013\/la-universidad-de-la-laguna-celebrara-el-proximo-lunes-el-221-aniversario-de-su-creacion\/#breadcrumb\",\"itemListElement\":[{\"@type\":\"ListItem\",\"position\":1,\"name\":\"Portada\",\"item\":\"https:\/\/www.ull.es\/portal\/noticias\/\"},{\"@type\":\"ListItem\",\"position\":2,\"name\":\"La Universidad de La Laguna celebrar\u00e1 el pr\u00f3ximo lunes el 221 aniversario de su creaci\u00f3n\"}]},{\"@type\":\"WebSite\",\"@id\":\"https:\/\/www.ull.es\/portal\/noticias\/#website\",\"url\":\"https:\/\/www.ull.es\/portal\/noticias\/\",\"name\":\"ULL - Noticias\",\"description\":\"\",\"potentialAction\":[{\"@type\":\"SearchAction\",\"target\":{\"@type\":\"EntryPoint\",\"urlTemplate\":\"https:\/\/www.ull.es\/portal\/noticias\/?s={search_term_string}\"},\"query-input\":\"required name=search_term_string\"}],\"inLanguage\":\"es\"},{\"@type\":\"Person\",\"@id\":\"https:\/\/www.ull.es\/portal\/noticias\/#\/schema\/person\/c3b2aa857797592927a03740d6664376\",\"name\":\"prensa2\",\"image\":{\"@type\":\"ImageObject\",\"inLanguage\":\"es\",\"@id\":\"https:\/\/www.ull.es\/portal\/noticias\/#\/schema\/person\/image\/\",\"url\":\"https:\/\/secure.gravatar.com\/avatar\/b58f310a5de5feb33d1e026d2493f23c?s=96&d=mm&r=g\",\"contentUrl\":\"https:\/\/secure.gravatar.com\/avatar\/b58f310a5de5feb33d1e026d2493f23c?s=96&d=mm&r=g\",\"caption\":\"prensa2\"},\"url\":\"https:\/\/www.ull.es\/portal\/noticias\/author\/prensa2\/\"}]}<\/script>\n<!-- \/ Yoast SEO plugin. -->","yoast_head_json":{"title":"La Universidad de La Laguna celebrar\u00e1 el pr\u00f3ximo lunes el 221 aniversario de su creaci\u00f3n - ULL - Noticias","robots":{"index":"index","follow":"follow","max-snippet":"max-snippet:-1","max-image-preview":"max-image-preview:large","max-video-preview":"max-video-preview:-1"},"canonical":"https:\/\/www.ull.es\/portal\/noticias\/2013\/la-universidad-de-la-laguna-celebrara-el-proximo-lunes-el-221-aniversario-de-su-creacion\/","og_locale":"es_ES","og_type":"article","og_title":"La Universidad de La Laguna celebrar\u00e1 el pr\u00f3ximo lunes el 221 aniversario de su creaci\u00f3n - ULL - Noticias","og_description":"La Universidad de La Laguna celebrar&aacute; el pr&oacute;ximo lunes 11 de marzo a las 19 horas su D&iacute;a Institucional, durante...","og_url":"https:\/\/www.ull.es\/portal\/noticias\/2013\/la-universidad-de-la-laguna-celebrara-el-proximo-lunes-el-221-aniversario-de-su-creacion\/","og_site_name":"ULL - Noticias","article_publisher":"https:\/\/www.facebook.com\/universidaddelalaguna\/","article_published_time":"2013-03-08T12:49:46+00:00","og_image":[{"width":1063,"height":709,"url":"https:\/\/www.ull.es\/portal\/noticias\/wp-content\/uploads\/sites\/13\/2015\/05\/edificio_central.jpg","type":"image\/jpeg"}],"author":"prensa2","twitter_card":"summary_large_image","twitter_creator":"@CanalULL","twitter_site":"@CanalULL","twitter_misc":{"Escrito por":"prensa2","Tiempo de lectura":"2 minutos"},"schema":{"@context":"https:\/\/schema.org","@graph":[{"@type":"WebPage","@id":"https:\/\/www.ull.es\/portal\/noticias\/2013\/la-universidad-de-la-laguna-celebrara-el-proximo-lunes-el-221-aniversario-de-su-creacion\/","url":"https:\/\/www.ull.es\/portal\/noticias\/2013\/la-universidad-de-la-laguna-celebrara-el-proximo-lunes-el-221-aniversario-de-su-creacion\/","name":"La Universidad de La Laguna celebrar\u00e1 el pr\u00f3ximo lunes el 221 aniversario de su creaci\u00f3n - ULL - Noticias","isPartOf":{"@id":"https:\/\/www.ull.es\/portal\/noticias\/#website"},"datePublished":"2013-03-08T12:49:46+00:00","dateModified":"2013-03-08T12:49:46+00:00","author":{"@id":"https:\/\/www.ull.es\/portal\/noticias\/#\/schema\/person\/c3b2aa857797592927a03740d6664376"},"breadcrumb":{"@id":"https:\/\/www.ull.es\/portal\/noticias\/2013\/la-universidad-de-la-laguna-celebrara-el-proximo-lunes-el-221-aniversario-de-su-creacion\/#breadcrumb"},"inLanguage":"es","potentialAction":[{"@type":"ReadAction","target":["https:\/\/www.ull.es\/portal\/noticias\/2013\/la-universidad-de-la-laguna-celebrara-el-proximo-lunes-el-221-aniversario-de-su-creacion\/"]}]},{"@type":"BreadcrumbList","@id":"https:\/\/www.ull.es\/portal\/noticias\/2013\/la-universidad-de-la-laguna-celebrara-el-proximo-lunes-el-221-aniversario-de-su-creacion\/#breadcrumb","itemListElement":[{"@type":"ListItem","position":1,"name":"Portada","item":"https:\/\/www.ull.es\/portal\/noticias\/"},{"@type":"ListItem","position":2,"name":"La Universidad de La Laguna celebrar\u00e1 el pr\u00f3ximo lunes el 221 aniversario de su creaci\u00f3n"}]},{"@type":"WebSite","@id":"https:\/\/www.ull.es\/portal\/noticias\/#website","url":"https:\/\/www.ull.es\/portal\/noticias\/","name":"ULL - Noticias","description":"","potentialAction":[{"@type":"SearchAction","target":{"@type":"EntryPoint","urlTemplate":"https:\/\/www.ull.es\/portal\/noticias\/?s={search_term_string}"},"query-input":"required name=search_term_string"}],"inLanguage":"es"},{"@type":"Person","@id":"https:\/\/www.ull.es\/portal\/noticias\/#\/schema\/person\/c3b2aa857797592927a03740d6664376","name":"prensa2","image":{"@type":"ImageObject","inLanguage":"es","@id":"https:\/\/www.ull.es\/portal\/noticias\/#\/schema\/person\/image\/","url":"https:\/\/secure.gravatar.com\/avatar\/b58f310a5de5feb33d1e026d2493f23c?s=96&d=mm&r=g","contentUrl":"https:\/\/secure.gravatar.com\/avatar\/b58f310a5de5feb33d1e026d2493f23c?s=96&d=mm&r=g","caption":"prensa2"},"url":"https:\/\/www.ull.es\/portal\/noticias\/author\/prensa2\/"}]}},"primary_category":null,"featured_image_thumbnail_url":"https:\/\/www.ull.es\/portal\/noticias\/wp-content\/uploads\/sites\/13\/2015\/05\/edificio_central-300x200.jpg","_links":{"self":[{"href":"https:\/\/www.ull.es\/portal\/noticias\/wp-json\/wp\/v2\/posts\/20414"}],"collection":[{"href":"https:\/\/www.ull.es\/portal\/noticias\/wp-json\/wp\/v2\/posts"}],"about":[{"href":"https:\/\/www.ull.es\/portal\/noticias\/wp-json\/wp\/v2\/types\/post"}],"author":[{"embeddable":true,"href":"https:\/\/www.ull.es\/portal\/noticias\/wp-json\/wp\/v2\/users\/21"}],"replies":[{"embeddable":true,"href":"https:\/\/www.ull.es\/portal\/noticias\/wp-json\/wp\/v2\/comments?post=20414"}],"version-history":[{"count":0,"href":"https:\/\/www.ull.es\/portal\/noticias\/wp-json\/wp\/v2\/posts\/20414\/revisions"}],"wp:featuredmedia":[{"embeddable":true,"href":"https:\/\/www.ull.es\/portal\/noticias\/wp-json\/wp\/v2\/media\/11864"}],"wp:attachment":[{"href":"https:\/\/www.ull.es\/portal\/noticias\/wp-json\/wp\/v2\/media?parent=20414"}],"wp:term":[{"taxonomy":"category","embeddable":true,"href":"https:\/\/www.ull.es\/portal\/noticias\/wp-json\/wp\/v2\/categories?post=20414"},{"taxonomy":"post_tag","embeddable":true,"href":"https:\/\/www.ull.es\/portal\/noticias\/wp-json\/wp\/v2\/tags?post=20414"}],"curies":[{"name":"wp","href":"https:\/\/api.w.org\/{rel}","templated":true}]}}