{"id":20440,"date":"2013-03-14T12:28:48","date_gmt":"2013-03-14T12:28:48","guid":{"rendered":"http:\/\/ddigital.webs.ull.es\/la-facultad-de-filosofia-de-la-ull-se-suma-a-la-lectura-publica-de-textos-filosoficos-contra-la-lomce\/"},"modified":"2013-03-14T12:28:48","modified_gmt":"2013-03-14T12:28:48","slug":"la-facultad-de-filosofia-de-la-ull-se-suma-a-la-lectura-publica-de-textos-filosoficos-contra-la-lomce","status":"publish","type":"post","link":"https:\/\/www.ull.es\/portal\/noticias\/2013\/la-facultad-de-filosofia-de-la-ull-se-suma-a-la-lectura-publica-de-textos-filosoficos-contra-la-lomce\/","title":{"rendered":"La Facultad de Filosof\u00eda de la ULL se suma a la lectura p\u00fablica de textos filos\u00f3ficos contra la LOMCE"},"content":{"rendered":"<p> \tLa Red Espa&ntilde;ola de Filosof&iacute;a (REF) ha convocado una lectura p&uacute;blica de textos filos&oacute;ficos el pr&oacute;ximo s&aacute;bado 16 de marzo en diversos puntos del pa&iacute;s. La Facultad de Filosof&iacute;a de la Universidad de La Laguna es la encargada de preparar el acto de Canarias, que se celebrar&aacute; en la Plaza del Torre&oacute;n, cerca de La Concepci&oacute;n, de 11 a 15 horas. Es un evento que busca protestar contra el trato otorgado a esta materia en el borrador de la Ley Org&aacute;nica de Mejora de la Calidad Educativa (LOMCE).<\/p>\n<p> \tEsta jornada de lecturas continuadas de textos filos&oacute;ficos, bajo el lema &ldquo;&iquest;Qui&eacute;n teme a la Filosof&iacute;a?&rdquo;, pretende reivindicar que se mantengan las tres asignaturas de esta disciplina en los &uacute;ltimos tres a&ntilde;os de Ense&ntilde;anza Secundaria. La facultad anima a los asistentes, adem&aacute;s de a escuchar las lecciones, a participar leyendo fragmentos que les resulten interesantes.<\/p>\n<p> \tLa REF, que re&uacute;ne a casi todas las asociaciones profesionales, acad&eacute;micas y docentes de Filosof&iacute;a de Espa&ntilde;a, ha convocado concentraciones y lecturas p&uacute;blicas en las plazas m&aacute;s representativas de ciudades de todo el pa&iacute;s, con la intenci&oacute;n de transmitir a la opini&oacute;n p&uacute;blica su preocupaci&oacute;n y de protestar por el trato que se da a esta disciplina en el borrador de la LOMCE.<\/p>\n<p> \tLa red considera &ldquo;duro e injustificado&rdquo; el recorte en dos de las tres asignaturas de Filosof&iacute;a en la Educaci&oacute;n Secundaria y cree que entra en contradicci&oacute;n con los objetivos formativos del pre&aacute;mbulo de la propia ley. Asegura que la instrucci&oacute;n en esta disciplina proporciona al estudiante una mejor formaci&oacute;n y que estudios emp&iacute;ricos revelan que el alumnado que cursa materias de Filosof&iacute;a obtiene mejores resultados acad&eacute;micos en las pruebas de evaluaci&oacute;n de competencias. <\/p>\n<p> \tAdem&aacute;s, a&ntilde;ade que la liquidaci&oacute;n de estas dos asignaturas supondr&iacute;a frustrar una formaci&oacute;n integral del estudiante y mermar su capacitaci&oacute;n personal y profesional, as&iacute; como &ldquo;asestar un duro golpe al ejercicio de la profesi&oacute;n filos&oacute;fica en Espa&ntilde;a&rdquo;. <\/p>\n<p> \tAs&iacute;, la REF y particularmente en Canarias, la Facultad de Filosof&iacute;a de la Universidad de La Laguna, aprovechan este acto para reivindicar al ministro de Educaci&oacute;n, Cultura y Deporte, Jos&eacute; Ignacio Wert, que mantenga las tres materias obligatorias de Filosof&iacute;a en los tres &uacute;ltimos cursos de la Educaci&oacute;n Secundaria, de manera que quede garantizado un ciclo formativo completo y coherente en Filosof&iacute;a.<br \/> \t&nbsp;<\/p>\n","protected":false},"excerpt":{"rendered":"<p>La Red Espa&ntilde;ola de Filosof&iacute;a (REF) ha convocado una lectura p&uacute;blica de textos filos&oacute;ficos el pr&oacute;ximo s&aacute;bado 16 de marzo&#8230;<\/p>\n","protected":false},"author":21,"featured_media":17586,"comment_status":"open","ping_status":"open","sticky":false,"template":"","format":"standard","meta":{"inline_featured_image":false,"footnotes":""},"categories":[348,1],"tags":[],"acf":[],"yoast_head":"<!-- This site is optimized with the Yoast SEO plugin v21.3 - https:\/\/yoast.com\/wordpress\/plugins\/seo\/ -->\n<title>La Facultad de Filosof\u00eda de la ULL se suma a la lectura p\u00fablica de textos filos\u00f3ficos contra la LOMCE - ULL - Noticias<\/title>\n<meta name=\"robots\" content=\"index, follow, max-snippet:-1, max-image-preview:large, max-video-preview:-1\" \/>\n<link rel=\"canonical\" href=\"https:\/\/www.ull.es\/portal\/noticias\/2013\/la-facultad-de-filosofia-de-la-ull-se-suma-a-la-lectura-publica-de-textos-filosoficos-contra-la-lomce\/\" \/>\n<meta property=\"og:locale\" content=\"es_ES\" \/>\n<meta property=\"og:type\" content=\"article\" \/>\n<meta property=\"og:title\" content=\"La Facultad de Filosof\u00eda de la ULL se suma a la lectura p\u00fablica de textos filos\u00f3ficos contra la LOMCE - ULL - Noticias\" \/>\n<meta property=\"og:description\" content=\"La Red Espa&ntilde;ola de Filosof&iacute;a (REF) ha convocado una lectura p&uacute;blica de textos filos&oacute;ficos el pr&oacute;ximo s&aacute;bado 16 de marzo...\" \/>\n<meta property=\"og:url\" content=\"https:\/\/www.ull.es\/portal\/noticias\/2013\/la-facultad-de-filosofia-de-la-ull-se-suma-a-la-lectura-publica-de-textos-filosoficos-contra-la-lomce\/\" \/>\n<meta property=\"og:site_name\" content=\"ULL - Noticias\" \/>\n<meta property=\"article:publisher\" content=\"https:\/\/www.facebook.com\/universidaddelalaguna\/\" \/>\n<meta property=\"article:published_time\" content=\"2013-03-14T12:28:48+00:00\" \/>\n<meta property=\"og:image\" content=\"https:\/\/www.ull.es\/portal\/noticias\/wp-content\/uploads\/sites\/13\/2015\/07\/filosofia.jpg\" \/>\n\t<meta property=\"og:image:width\" content=\"260\" \/>\n\t<meta property=\"og:image:height\" content=\"173\" \/>\n\t<meta property=\"og:image:type\" content=\"image\/jpeg\" \/>\n<meta name=\"author\" content=\"prensa2\" \/>\n<meta name=\"twitter:card\" content=\"summary_large_image\" \/>\n<meta name=\"twitter:creator\" content=\"@CanalULL\" \/>\n<meta name=\"twitter:site\" content=\"@CanalULL\" \/>\n<meta name=\"twitter:label1\" content=\"Escrito por\" \/>\n\t<meta name=\"twitter:data1\" content=\"prensa2\" \/>\n\t<meta name=\"twitter:label2\" content=\"Tiempo de lectura\" \/>\n\t<meta name=\"twitter:data2\" content=\"2 minutos\" \/>\n<script type=\"application\/ld+json\" class=\"yoast-schema-graph\">{\"@context\":\"https:\/\/schema.org\",\"@graph\":[{\"@type\":\"WebPage\",\"@id\":\"https:\/\/www.ull.es\/portal\/noticias\/2013\/la-facultad-de-filosofia-de-la-ull-se-suma-a-la-lectura-publica-de-textos-filosoficos-contra-la-lomce\/\",\"url\":\"https:\/\/www.ull.es\/portal\/noticias\/2013\/la-facultad-de-filosofia-de-la-ull-se-suma-a-la-lectura-publica-de-textos-filosoficos-contra-la-lomce\/\",\"name\":\"La Facultad de Filosof\u00eda de la ULL se suma a la lectura p\u00fablica de textos filos\u00f3ficos contra la LOMCE - ULL - Noticias\",\"isPartOf\":{\"@id\":\"https:\/\/www.ull.es\/portal\/noticias\/#website\"},\"datePublished\":\"2013-03-14T12:28:48+00:00\",\"dateModified\":\"2013-03-14T12:28:48+00:00\",\"author\":{\"@id\":\"https:\/\/www.ull.es\/portal\/noticias\/#\/schema\/person\/c3b2aa857797592927a03740d6664376\"},\"breadcrumb\":{\"@id\":\"https:\/\/www.ull.es\/portal\/noticias\/2013\/la-facultad-de-filosofia-de-la-ull-se-suma-a-la-lectura-publica-de-textos-filosoficos-contra-la-lomce\/#breadcrumb\"},\"inLanguage\":\"es\",\"potentialAction\":[{\"@type\":\"ReadAction\",\"target\":[\"https:\/\/www.ull.es\/portal\/noticias\/2013\/la-facultad-de-filosofia-de-la-ull-se-suma-a-la-lectura-publica-de-textos-filosoficos-contra-la-lomce\/\"]}]},{\"@type\":\"BreadcrumbList\",\"@id\":\"https:\/\/www.ull.es\/portal\/noticias\/2013\/la-facultad-de-filosofia-de-la-ull-se-suma-a-la-lectura-publica-de-textos-filosoficos-contra-la-lomce\/#breadcrumb\",\"itemListElement\":[{\"@type\":\"ListItem\",\"position\":1,\"name\":\"Portada\",\"item\":\"https:\/\/www.ull.es\/portal\/noticias\/\"},{\"@type\":\"ListItem\",\"position\":2,\"name\":\"La Facultad de Filosof\u00eda de la ULL se suma a la lectura p\u00fablica de textos filos\u00f3ficos contra la LOMCE\"}]},{\"@type\":\"WebSite\",\"@id\":\"https:\/\/www.ull.es\/portal\/noticias\/#website\",\"url\":\"https:\/\/www.ull.es\/portal\/noticias\/\",\"name\":\"ULL - Noticias\",\"description\":\"\",\"potentialAction\":[{\"@type\":\"SearchAction\",\"target\":{\"@type\":\"EntryPoint\",\"urlTemplate\":\"https:\/\/www.ull.es\/portal\/noticias\/?s={search_term_string}\"},\"query-input\":\"required name=search_term_string\"}],\"inLanguage\":\"es\"},{\"@type\":\"Person\",\"@id\":\"https:\/\/www.ull.es\/portal\/noticias\/#\/schema\/person\/c3b2aa857797592927a03740d6664376\",\"name\":\"prensa2\",\"image\":{\"@type\":\"ImageObject\",\"inLanguage\":\"es\",\"@id\":\"https:\/\/www.ull.es\/portal\/noticias\/#\/schema\/person\/image\/\",\"url\":\"https:\/\/secure.gravatar.com\/avatar\/b58f310a5de5feb33d1e026d2493f23c?s=96&d=mm&r=g\",\"contentUrl\":\"https:\/\/secure.gravatar.com\/avatar\/b58f310a5de5feb33d1e026d2493f23c?s=96&d=mm&r=g\",\"caption\":\"prensa2\"},\"url\":\"https:\/\/www.ull.es\/portal\/noticias\/author\/prensa2\/\"}]}<\/script>\n<!-- \/ Yoast SEO plugin. -->","yoast_head_json":{"title":"La Facultad de Filosof\u00eda de la ULL se suma a la lectura p\u00fablica de textos filos\u00f3ficos contra la LOMCE - ULL - Noticias","robots":{"index":"index","follow":"follow","max-snippet":"max-snippet:-1","max-image-preview":"max-image-preview:large","max-video-preview":"max-video-preview:-1"},"canonical":"https:\/\/www.ull.es\/portal\/noticias\/2013\/la-facultad-de-filosofia-de-la-ull-se-suma-a-la-lectura-publica-de-textos-filosoficos-contra-la-lomce\/","og_locale":"es_ES","og_type":"article","og_title":"La Facultad de Filosof\u00eda de la ULL se suma a la lectura p\u00fablica de textos filos\u00f3ficos contra la LOMCE - ULL - Noticias","og_description":"La Red Espa&ntilde;ola de Filosof&iacute;a (REF) ha convocado una lectura p&uacute;blica de textos filos&oacute;ficos el pr&oacute;ximo s&aacute;bado 16 de marzo...","og_url":"https:\/\/www.ull.es\/portal\/noticias\/2013\/la-facultad-de-filosofia-de-la-ull-se-suma-a-la-lectura-publica-de-textos-filosoficos-contra-la-lomce\/","og_site_name":"ULL - Noticias","article_publisher":"https:\/\/www.facebook.com\/universidaddelalaguna\/","article_published_time":"2013-03-14T12:28:48+00:00","og_image":[{"width":260,"height":173,"url":"https:\/\/www.ull.es\/portal\/noticias\/wp-content\/uploads\/sites\/13\/2015\/07\/filosofia.jpg","type":"image\/jpeg"}],"author":"prensa2","twitter_card":"summary_large_image","twitter_creator":"@CanalULL","twitter_site":"@CanalULL","twitter_misc":{"Escrito por":"prensa2","Tiempo de lectura":"2 minutos"},"schema":{"@context":"https:\/\/schema.org","@graph":[{"@type":"WebPage","@id":"https:\/\/www.ull.es\/portal\/noticias\/2013\/la-facultad-de-filosofia-de-la-ull-se-suma-a-la-lectura-publica-de-textos-filosoficos-contra-la-lomce\/","url":"https:\/\/www.ull.es\/portal\/noticias\/2013\/la-facultad-de-filosofia-de-la-ull-se-suma-a-la-lectura-publica-de-textos-filosoficos-contra-la-lomce\/","name":"La Facultad de Filosof\u00eda de la ULL se suma a la lectura p\u00fablica de textos filos\u00f3ficos contra la LOMCE - ULL - Noticias","isPartOf":{"@id":"https:\/\/www.ull.es\/portal\/noticias\/#website"},"datePublished":"2013-03-14T12:28:48+00:00","dateModified":"2013-03-14T12:28:48+00:00","author":{"@id":"https:\/\/www.ull.es\/portal\/noticias\/#\/schema\/person\/c3b2aa857797592927a03740d6664376"},"breadcrumb":{"@id":"https:\/\/www.ull.es\/portal\/noticias\/2013\/la-facultad-de-filosofia-de-la-ull-se-suma-a-la-lectura-publica-de-textos-filosoficos-contra-la-lomce\/#breadcrumb"},"inLanguage":"es","potentialAction":[{"@type":"ReadAction","target":["https:\/\/www.ull.es\/portal\/noticias\/2013\/la-facultad-de-filosofia-de-la-ull-se-suma-a-la-lectura-publica-de-textos-filosoficos-contra-la-lomce\/"]}]},{"@type":"BreadcrumbList","@id":"https:\/\/www.ull.es\/portal\/noticias\/2013\/la-facultad-de-filosofia-de-la-ull-se-suma-a-la-lectura-publica-de-textos-filosoficos-contra-la-lomce\/#breadcrumb","itemListElement":[{"@type":"ListItem","position":1,"name":"Portada","item":"https:\/\/www.ull.es\/portal\/noticias\/"},{"@type":"ListItem","position":2,"name":"La Facultad de Filosof\u00eda de la ULL se suma a la lectura p\u00fablica de textos filos\u00f3ficos contra la LOMCE"}]},{"@type":"WebSite","@id":"https:\/\/www.ull.es\/portal\/noticias\/#website","url":"https:\/\/www.ull.es\/portal\/noticias\/","name":"ULL - Noticias","description":"","potentialAction":[{"@type":"SearchAction","target":{"@type":"EntryPoint","urlTemplate":"https:\/\/www.ull.es\/portal\/noticias\/?s={search_term_string}"},"query-input":"required name=search_term_string"}],"inLanguage":"es"},{"@type":"Person","@id":"https:\/\/www.ull.es\/portal\/noticias\/#\/schema\/person\/c3b2aa857797592927a03740d6664376","name":"prensa2","image":{"@type":"ImageObject","inLanguage":"es","@id":"https:\/\/www.ull.es\/portal\/noticias\/#\/schema\/person\/image\/","url":"https:\/\/secure.gravatar.com\/avatar\/b58f310a5de5feb33d1e026d2493f23c?s=96&d=mm&r=g","contentUrl":"https:\/\/secure.gravatar.com\/avatar\/b58f310a5de5feb33d1e026d2493f23c?s=96&d=mm&r=g","caption":"prensa2"},"url":"https:\/\/www.ull.es\/portal\/noticias\/author\/prensa2\/"}]}},"primary_category":null,"featured_image_thumbnail_url":"https:\/\/www.ull.es\/portal\/noticias\/wp-content\/uploads\/sites\/13\/2015\/07\/filosofia.jpg","_links":{"self":[{"href":"https:\/\/www.ull.es\/portal\/noticias\/wp-json\/wp\/v2\/posts\/20440"}],"collection":[{"href":"https:\/\/www.ull.es\/portal\/noticias\/wp-json\/wp\/v2\/posts"}],"about":[{"href":"https:\/\/www.ull.es\/portal\/noticias\/wp-json\/wp\/v2\/types\/post"}],"author":[{"embeddable":true,"href":"https:\/\/www.ull.es\/portal\/noticias\/wp-json\/wp\/v2\/users\/21"}],"replies":[{"embeddable":true,"href":"https:\/\/www.ull.es\/portal\/noticias\/wp-json\/wp\/v2\/comments?post=20440"}],"version-history":[{"count":0,"href":"https:\/\/www.ull.es\/portal\/noticias\/wp-json\/wp\/v2\/posts\/20440\/revisions"}],"wp:featuredmedia":[{"embeddable":true,"href":"https:\/\/www.ull.es\/portal\/noticias\/wp-json\/wp\/v2\/media\/17586"}],"wp:attachment":[{"href":"https:\/\/www.ull.es\/portal\/noticias\/wp-json\/wp\/v2\/media?parent=20440"}],"wp:term":[{"taxonomy":"category","embeddable":true,"href":"https:\/\/www.ull.es\/portal\/noticias\/wp-json\/wp\/v2\/categories?post=20440"},{"taxonomy":"post_tag","embeddable":true,"href":"https:\/\/www.ull.es\/portal\/noticias\/wp-json\/wp\/v2\/tags?post=20440"}],"curies":[{"name":"wp","href":"https:\/\/api.w.org\/{rel}","templated":true}]}}