{"id":20462,"date":"2013-03-20T13:34:49","date_gmt":"2013-03-20T13:34:49","guid":{"rendered":"http:\/\/ddigital.webs.ull.es\/tilletit-duo-interpretara-en-el-paraninfo-un-repertorio-cameristico-en-su-concierto-entre-corriente-a-dos-voces\/"},"modified":"2013-03-20T13:34:49","modified_gmt":"2013-03-20T13:34:49","slug":"tilletit-duo-interpretara-en-el-paraninfo-un-repertorio-cameristico-en-su-concierto-entre-corriente-a-dos-voces","status":"publish","type":"post","link":"https:\/\/www.ull.es\/portal\/noticias\/2013\/tilletit-duo-interpretara-en-el-paraninfo-un-repertorio-cameristico-en-su-concierto-entre-corriente-a-dos-voces\/","title":{"rendered":"Tilletit D\u00fao interpretar\u00e1 en el Paraninfo un repertorio camer\u00edstico en su concierto \u00abEntre corriente a dos voces\u201d"},"content":{"rendered":"<p> \tEl grupo Tilellit D&uacute;o formado por el violonchelista Ciro Hern&aacute;ndez y la pianista Noem&iacute; Brito llevar&aacute; al Paraninfo de la Universidad de La Laguna, ma&ntilde;ana jueves 21 de marzo a las 20:30 horas, el concierto &ldquo;Entre corrientes a dos voces&rdquo;.<\/p>\n<p> \tEl programa dise&ntilde;ado para este concierto realizar&aacute; un recorrido hist&oacute;rico musical dentro del repertorio camer&iacute;stico de los d&uacute;os para piano y violonchelo. Pasa con delicadeza por las distintas corrientes estil&iacute;sticas que se mueven desde el siglo XVIII hasta nuestros d&iacute;as. En este repertorio Tilellit D&uacute;o interpretar&aacute; obras de artistas canarios, entre ellas &ldquo;Drag&oacute;n&rdquo; del compositor y director de orquesta Diego Navarro. Ciro Hern&aacute;ndez y Noem&iacute; Brito deleitar&aacute;n al p&uacute;blico con piezas cl&aacute;sicas de Beethoven, Shumann, Debussy, Martinu, Britten y Piazzolla.<\/p>\n<p> \tLos integrantes de Tilellit D&uacute;o poseen una amplia formaci&oacute;n musical. Ciro Hern&aacute;ndez&nbsp; termin&oacute; sus estudios de&nbsp; violonchelo en 2007, en el Conservatorio Marcel Dupr&eacute; en Par&iacute;s. Es miembro fundador del Cuarteto Quebec, miembro del cuarteto Viragok, de la Orquesta de C&aacute;mara Teowaldo Power y del grupo Jerem&iacute;as Mart&iacute;n Group. <\/p>\n<p> \tNoem&iacute; Brito, por su parte, inicia a los ocho a&ntilde;os sus estudios de solfeo en el Conservatorio Superior de M&uacute;sica de Santa Cruz de Tenerife. En 2002 comienza en Salamanca una nueva etapa, ya que empieza el Grado Superior en el Conservatorio Superior de M&uacute;sica de la ciudad salmantina bajo la c&aacute;tedra de Miriam G&oacute;mez en piano, mientras que en m&uacute;sica de c&aacute;mara estuvo bajo la direcci&oacute;n de Kennedy Moretti y Alberto Rosado. Actualmente es profesora y pianista acompa&ntilde;ante de la Escuela de M&uacute;sica del Ayuntamiento de San Crist&oacute;bal de La Laguna.<\/p>\n<p> \tLa entrada al concierto es de 6 euros. Se puede adquirir en el Vicerrectorado de Relaciones Universidad y Sociedad en horario de oficina; en la cafeter&iacute;a del Edificio Central de 8 a 20 horas; en la cafeter&iacute;a El Orfe&oacute;n La Paz de La Laguna en el mismo horario y en la taquilla del Paraninfo a partir de las 19:30 horas.<\/p>\n<p> \tLos asistentes al concierto &ldquo;Entre corriente a dos voces&rdquo; disponen de estacionamiento gratuito en el Edificio Central.<br \/> \t&nbsp;<\/p>\n","protected":false},"excerpt":{"rendered":"<p>El grupo Tilellit D&uacute;o formado por el violonchelista Ciro Hern&aacute;ndez y la pianista Noem&iacute; Brito llevar&aacute; al Paraninfo de la&#8230;<\/p>\n","protected":false},"author":21,"featured_media":20463,"comment_status":"open","ping_status":"open","sticky":false,"template":"","format":"standard","meta":{"inline_featured_image":false,"footnotes":""},"categories":[344,1],"tags":[],"acf":[],"yoast_head":"<!-- This site is optimized with the Yoast SEO plugin v21.3 - https:\/\/yoast.com\/wordpress\/plugins\/seo\/ -->\n<title>Tilletit D\u00fao interpretar\u00e1 en el Paraninfo un repertorio camer\u00edstico en su concierto &quot;Entre corriente a dos voces\u201d - ULL - Noticias<\/title>\n<meta name=\"robots\" content=\"index, follow, max-snippet:-1, max-image-preview:large, max-video-preview:-1\" \/>\n<link rel=\"canonical\" href=\"https:\/\/www.ull.es\/portal\/noticias\/2013\/tilletit-duo-interpretara-en-el-paraninfo-un-repertorio-cameristico-en-su-concierto-entre-corriente-a-dos-voces\/\" \/>\n<meta property=\"og:locale\" content=\"es_ES\" \/>\n<meta property=\"og:type\" content=\"article\" \/>\n<meta property=\"og:title\" content=\"Tilletit D\u00fao interpretar\u00e1 en el Paraninfo un repertorio camer\u00edstico en su concierto &quot;Entre corriente a dos voces\u201d - ULL - Noticias\" \/>\n<meta property=\"og:description\" content=\"El grupo Tilellit D&uacute;o formado por el violonchelista Ciro Hern&aacute;ndez y la pianista Noem&iacute; Brito llevar&aacute; al Paraninfo de la...\" \/>\n<meta property=\"og:url\" content=\"https:\/\/www.ull.es\/portal\/noticias\/2013\/tilletit-duo-interpretara-en-el-paraninfo-un-repertorio-cameristico-en-su-concierto-entre-corriente-a-dos-voces\/\" \/>\n<meta property=\"og:site_name\" content=\"ULL - Noticias\" \/>\n<meta property=\"article:publisher\" content=\"https:\/\/www.facebook.com\/universidaddelalaguna\/\" \/>\n<meta property=\"article:published_time\" content=\"2013-03-20T13:34:49+00:00\" \/>\n<meta property=\"og:image\" content=\"https:\/\/www.ull.es\/portal\/noticias\/wp-content\/uploads\/sites\/13\/2015\/07\/tilellit.jpg\" \/>\n\t<meta property=\"og:image:width\" content=\"800\" \/>\n\t<meta property=\"og:image:height\" content=\"646\" \/>\n\t<meta property=\"og:image:type\" content=\"image\/jpeg\" \/>\n<meta name=\"author\" content=\"prensa2\" \/>\n<meta name=\"twitter:card\" content=\"summary_large_image\" \/>\n<meta name=\"twitter:creator\" content=\"@CanalULL\" \/>\n<meta name=\"twitter:site\" content=\"@CanalULL\" \/>\n<meta name=\"twitter:label1\" content=\"Escrito por\" \/>\n\t<meta name=\"twitter:data1\" content=\"prensa2\" \/>\n\t<meta name=\"twitter:label2\" content=\"Tiempo de lectura\" \/>\n\t<meta name=\"twitter:data2\" content=\"2 minutos\" \/>\n<script type=\"application\/ld+json\" class=\"yoast-schema-graph\">{\"@context\":\"https:\/\/schema.org\",\"@graph\":[{\"@type\":\"WebPage\",\"@id\":\"https:\/\/www.ull.es\/portal\/noticias\/2013\/tilletit-duo-interpretara-en-el-paraninfo-un-repertorio-cameristico-en-su-concierto-entre-corriente-a-dos-voces\/\",\"url\":\"https:\/\/www.ull.es\/portal\/noticias\/2013\/tilletit-duo-interpretara-en-el-paraninfo-un-repertorio-cameristico-en-su-concierto-entre-corriente-a-dos-voces\/\",\"name\":\"Tilletit D\u00fao interpretar\u00e1 en el Paraninfo un repertorio camer\u00edstico en su concierto \\\"Entre corriente a dos voces\u201d - ULL - Noticias\",\"isPartOf\":{\"@id\":\"https:\/\/www.ull.es\/portal\/noticias\/#website\"},\"datePublished\":\"2013-03-20T13:34:49+00:00\",\"dateModified\":\"2013-03-20T13:34:49+00:00\",\"author\":{\"@id\":\"https:\/\/www.ull.es\/portal\/noticias\/#\/schema\/person\/c3b2aa857797592927a03740d6664376\"},\"breadcrumb\":{\"@id\":\"https:\/\/www.ull.es\/portal\/noticias\/2013\/tilletit-duo-interpretara-en-el-paraninfo-un-repertorio-cameristico-en-su-concierto-entre-corriente-a-dos-voces\/#breadcrumb\"},\"inLanguage\":\"es\",\"potentialAction\":[{\"@type\":\"ReadAction\",\"target\":[\"https:\/\/www.ull.es\/portal\/noticias\/2013\/tilletit-duo-interpretara-en-el-paraninfo-un-repertorio-cameristico-en-su-concierto-entre-corriente-a-dos-voces\/\"]}]},{\"@type\":\"BreadcrumbList\",\"@id\":\"https:\/\/www.ull.es\/portal\/noticias\/2013\/tilletit-duo-interpretara-en-el-paraninfo-un-repertorio-cameristico-en-su-concierto-entre-corriente-a-dos-voces\/#breadcrumb\",\"itemListElement\":[{\"@type\":\"ListItem\",\"position\":1,\"name\":\"Portada\",\"item\":\"https:\/\/www.ull.es\/portal\/noticias\/\"},{\"@type\":\"ListItem\",\"position\":2,\"name\":\"Tilletit D\u00fao interpretar\u00e1 en el Paraninfo un repertorio camer\u00edstico en su concierto \u00abEntre corriente a dos voces\u201d\"}]},{\"@type\":\"WebSite\",\"@id\":\"https:\/\/www.ull.es\/portal\/noticias\/#website\",\"url\":\"https:\/\/www.ull.es\/portal\/noticias\/\",\"name\":\"ULL - Noticias\",\"description\":\"\",\"potentialAction\":[{\"@type\":\"SearchAction\",\"target\":{\"@type\":\"EntryPoint\",\"urlTemplate\":\"https:\/\/www.ull.es\/portal\/noticias\/?s={search_term_string}\"},\"query-input\":\"required name=search_term_string\"}],\"inLanguage\":\"es\"},{\"@type\":\"Person\",\"@id\":\"https:\/\/www.ull.es\/portal\/noticias\/#\/schema\/person\/c3b2aa857797592927a03740d6664376\",\"name\":\"prensa2\",\"image\":{\"@type\":\"ImageObject\",\"inLanguage\":\"es\",\"@id\":\"https:\/\/www.ull.es\/portal\/noticias\/#\/schema\/person\/image\/\",\"url\":\"https:\/\/secure.gravatar.com\/avatar\/b58f310a5de5feb33d1e026d2493f23c?s=96&d=mm&r=g\",\"contentUrl\":\"https:\/\/secure.gravatar.com\/avatar\/b58f310a5de5feb33d1e026d2493f23c?s=96&d=mm&r=g\",\"caption\":\"prensa2\"},\"url\":\"https:\/\/www.ull.es\/portal\/noticias\/author\/prensa2\/\"}]}<\/script>\n<!-- \/ Yoast SEO plugin. -->","yoast_head_json":{"title":"Tilletit D\u00fao interpretar\u00e1 en el Paraninfo un repertorio camer\u00edstico en su concierto \"Entre corriente a dos voces\u201d - ULL - Noticias","robots":{"index":"index","follow":"follow","max-snippet":"max-snippet:-1","max-image-preview":"max-image-preview:large","max-video-preview":"max-video-preview:-1"},"canonical":"https:\/\/www.ull.es\/portal\/noticias\/2013\/tilletit-duo-interpretara-en-el-paraninfo-un-repertorio-cameristico-en-su-concierto-entre-corriente-a-dos-voces\/","og_locale":"es_ES","og_type":"article","og_title":"Tilletit D\u00fao interpretar\u00e1 en el Paraninfo un repertorio camer\u00edstico en su concierto \"Entre corriente a dos voces\u201d - ULL - Noticias","og_description":"El grupo Tilellit D&uacute;o formado por el violonchelista Ciro Hern&aacute;ndez y la pianista Noem&iacute; Brito llevar&aacute; al Paraninfo de la...","og_url":"https:\/\/www.ull.es\/portal\/noticias\/2013\/tilletit-duo-interpretara-en-el-paraninfo-un-repertorio-cameristico-en-su-concierto-entre-corriente-a-dos-voces\/","og_site_name":"ULL - Noticias","article_publisher":"https:\/\/www.facebook.com\/universidaddelalaguna\/","article_published_time":"2013-03-20T13:34:49+00:00","og_image":[{"width":800,"height":646,"url":"https:\/\/www.ull.es\/portal\/noticias\/wp-content\/uploads\/sites\/13\/2015\/07\/tilellit.jpg","type":"image\/jpeg"}],"author":"prensa2","twitter_card":"summary_large_image","twitter_creator":"@CanalULL","twitter_site":"@CanalULL","twitter_misc":{"Escrito por":"prensa2","Tiempo de lectura":"2 minutos"},"schema":{"@context":"https:\/\/schema.org","@graph":[{"@type":"WebPage","@id":"https:\/\/www.ull.es\/portal\/noticias\/2013\/tilletit-duo-interpretara-en-el-paraninfo-un-repertorio-cameristico-en-su-concierto-entre-corriente-a-dos-voces\/","url":"https:\/\/www.ull.es\/portal\/noticias\/2013\/tilletit-duo-interpretara-en-el-paraninfo-un-repertorio-cameristico-en-su-concierto-entre-corriente-a-dos-voces\/","name":"Tilletit D\u00fao interpretar\u00e1 en el Paraninfo un repertorio camer\u00edstico en su concierto \"Entre corriente a dos voces\u201d - ULL - Noticias","isPartOf":{"@id":"https:\/\/www.ull.es\/portal\/noticias\/#website"},"datePublished":"2013-03-20T13:34:49+00:00","dateModified":"2013-03-20T13:34:49+00:00","author":{"@id":"https:\/\/www.ull.es\/portal\/noticias\/#\/schema\/person\/c3b2aa857797592927a03740d6664376"},"breadcrumb":{"@id":"https:\/\/www.ull.es\/portal\/noticias\/2013\/tilletit-duo-interpretara-en-el-paraninfo-un-repertorio-cameristico-en-su-concierto-entre-corriente-a-dos-voces\/#breadcrumb"},"inLanguage":"es","potentialAction":[{"@type":"ReadAction","target":["https:\/\/www.ull.es\/portal\/noticias\/2013\/tilletit-duo-interpretara-en-el-paraninfo-un-repertorio-cameristico-en-su-concierto-entre-corriente-a-dos-voces\/"]}]},{"@type":"BreadcrumbList","@id":"https:\/\/www.ull.es\/portal\/noticias\/2013\/tilletit-duo-interpretara-en-el-paraninfo-un-repertorio-cameristico-en-su-concierto-entre-corriente-a-dos-voces\/#breadcrumb","itemListElement":[{"@type":"ListItem","position":1,"name":"Portada","item":"https:\/\/www.ull.es\/portal\/noticias\/"},{"@type":"ListItem","position":2,"name":"Tilletit D\u00fao interpretar\u00e1 en el Paraninfo un repertorio camer\u00edstico en su concierto \u00abEntre corriente a dos voces\u201d"}]},{"@type":"WebSite","@id":"https:\/\/www.ull.es\/portal\/noticias\/#website","url":"https:\/\/www.ull.es\/portal\/noticias\/","name":"ULL - Noticias","description":"","potentialAction":[{"@type":"SearchAction","target":{"@type":"EntryPoint","urlTemplate":"https:\/\/www.ull.es\/portal\/noticias\/?s={search_term_string}"},"query-input":"required name=search_term_string"}],"inLanguage":"es"},{"@type":"Person","@id":"https:\/\/www.ull.es\/portal\/noticias\/#\/schema\/person\/c3b2aa857797592927a03740d6664376","name":"prensa2","image":{"@type":"ImageObject","inLanguage":"es","@id":"https:\/\/www.ull.es\/portal\/noticias\/#\/schema\/person\/image\/","url":"https:\/\/secure.gravatar.com\/avatar\/b58f310a5de5feb33d1e026d2493f23c?s=96&d=mm&r=g","contentUrl":"https:\/\/secure.gravatar.com\/avatar\/b58f310a5de5feb33d1e026d2493f23c?s=96&d=mm&r=g","caption":"prensa2"},"url":"https:\/\/www.ull.es\/portal\/noticias\/author\/prensa2\/"}]}},"primary_category":null,"featured_image_thumbnail_url":"https:\/\/www.ull.es\/portal\/noticias\/wp-content\/uploads\/sites\/13\/2015\/07\/tilellit-300x242.jpg","_links":{"self":[{"href":"https:\/\/www.ull.es\/portal\/noticias\/wp-json\/wp\/v2\/posts\/20462"}],"collection":[{"href":"https:\/\/www.ull.es\/portal\/noticias\/wp-json\/wp\/v2\/posts"}],"about":[{"href":"https:\/\/www.ull.es\/portal\/noticias\/wp-json\/wp\/v2\/types\/post"}],"author":[{"embeddable":true,"href":"https:\/\/www.ull.es\/portal\/noticias\/wp-json\/wp\/v2\/users\/21"}],"replies":[{"embeddable":true,"href":"https:\/\/www.ull.es\/portal\/noticias\/wp-json\/wp\/v2\/comments?post=20462"}],"version-history":[{"count":0,"href":"https:\/\/www.ull.es\/portal\/noticias\/wp-json\/wp\/v2\/posts\/20462\/revisions"}],"wp:featuredmedia":[{"embeddable":true,"href":"https:\/\/www.ull.es\/portal\/noticias\/wp-json\/wp\/v2\/media\/20463"}],"wp:attachment":[{"href":"https:\/\/www.ull.es\/portal\/noticias\/wp-json\/wp\/v2\/media?parent=20462"}],"wp:term":[{"taxonomy":"category","embeddable":true,"href":"https:\/\/www.ull.es\/portal\/noticias\/wp-json\/wp\/v2\/categories?post=20462"},{"taxonomy":"post_tag","embeddable":true,"href":"https:\/\/www.ull.es\/portal\/noticias\/wp-json\/wp\/v2\/tags?post=20462"}],"curies":[{"name":"wp","href":"https:\/\/api.w.org\/{rel}","templated":true}]}}