{"id":20470,"date":"2013-03-21T14:26:24","date_gmt":"2013-03-21T14:26:24","guid":{"rendered":"http:\/\/ddigital.webs.ull.es\/firmado-un-convenio-entre-la-ull-y-piramides-de-guimar-para-la-elaboracion-de-un-jardin-sostenible\/"},"modified":"2013-03-21T14:26:24","modified_gmt":"2013-03-21T14:26:24","slug":"firmado-un-convenio-entre-la-ull-y-piramides-de-guimar-para-la-elaboracion-de-un-jardin-sostenible","status":"publish","type":"post","link":"https:\/\/www.ull.es\/portal\/noticias\/2013\/firmado-un-convenio-entre-la-ull-y-piramides-de-guimar-para-la-elaboracion-de-un-jardin-sostenible\/","title":{"rendered":"Firmado un convenio entre la ULL y Pir\u00e1mides de G\u00fc\u00edmar para la elaboraci\u00f3n de un jard\u00edn sostenible"},"content":{"rendered":"<p> \tLa Universidad de La Laguna y Pir&aacute;mides de G&uuml;&iacute;mar firmaron ayer, mi&eacute;rcoles 20 de marzo, un convenio marco de colaboraci&oacute;n con el fin de que se puedan ejecutar acciones docentes, de investigaci&oacute;n y de desarrollo y asesoramiento cient&iacute;fico-t&eacute;cnico de inter&eacute;s com&uacute;n para la puesta en marcha del proyecto &ldquo;Jard&iacute;n Sostenible de las Pir&aacute;mides de G&uuml;&iacute;mar&rdquo;. Por parte del centro docente rubric&oacute; el documento su rector, Eduardo Dom&eacute;nech, mientras que por Pir&aacute;mides de G&uuml;&iacute;mar lo hizo su propietario, Fred Olsen.<\/p>\n<p> \tEste acuerdo permitir&aacute; una colaboraci&oacute;n docente e investigadora para la puesta en marcha de cursos y conferencias relacionados con el sector de la educaci&oacute;n ambiental para la sostenibilidad, as&iacute; como la realizaci&oacute;n de trabajos de fin de grado o postgrado o trabajos experimentales. <br \/> \tEl dise&ntilde;o y elaboraci&oacute;n de un jard&iacute;n sostenible en las instalaciones de la empresa Pir&aacute;mides de G&uuml;&iacute;mar supondr&aacute; un ejemplo de investigaci&oacute;n acorde con los principios de sostenibilidad, pues mantendr&aacute; criterios ambientales a la hora de elegir las especies de la plantaci&oacute;n. Asimismo, observar&aacute; criterios econ&oacute;micos de eficacia en la gesti&oacute;n y mantenimiento de las instalaciones y tambi&eacute;n servir&aacute; de plataforma educativa y sensibilizaci&oacute;n ambiental mediante el uso de las nuevas tecnolog&iacute;as.<\/p>\n<p> \tEn opini&oacute;n de Olsen &ldquo;este proyecto es un hecho hist&oacute;rico para la isla&rdquo;. Adem&aacute;s, manifest&oacute; su intenci&oacute;n futura de &ldquo;extender el convenio marco a la navegaci&oacute;n&rdquo;. Dom&eacute;nech, por su parte, remarc&oacute; la relevancia de este acuerdo porque abre la posibilidad de colaborar con bi&oacute;logos de suma importancia y, adem&aacute;s facilitar pr&aacute;cticas externas a alumnos de grado y postgrado.<\/p>\n<p> \tEl convenio tendr&aacute; una duraci&oacute;n de car&aacute;cter indefinido, a menos que&nbsp; alguna de las partes no solicite su finalizaci&oacute;n.<br \/> \t&nbsp;<\/p>\n","protected":false},"excerpt":{"rendered":"<p>La Universidad de La Laguna y Pir&aacute;mides de G&uuml;&iacute;mar firmaron ayer, mi&eacute;rcoles 20 de marzo, un convenio marco de colaboraci&oacute;n&#8230;<\/p>\n","protected":false},"author":21,"featured_media":20471,"comment_status":"open","ping_status":"open","sticky":false,"template":"","format":"standard","meta":{"inline_featured_image":false,"footnotes":""},"categories":[348,1],"tags":[],"acf":[],"yoast_head":"<!-- This site is optimized with the Yoast SEO plugin v21.3 - https:\/\/yoast.com\/wordpress\/plugins\/seo\/ -->\n<title>Firmado un convenio entre la ULL y Pir\u00e1mides de G\u00fc\u00edmar para la elaboraci\u00f3n de un jard\u00edn sostenible - ULL - Noticias<\/title>\n<meta name=\"robots\" content=\"index, follow, max-snippet:-1, max-image-preview:large, max-video-preview:-1\" \/>\n<link rel=\"canonical\" href=\"https:\/\/www.ull.es\/portal\/noticias\/2013\/firmado-un-convenio-entre-la-ull-y-piramides-de-guimar-para-la-elaboracion-de-un-jardin-sostenible\/\" \/>\n<meta property=\"og:locale\" content=\"es_ES\" \/>\n<meta property=\"og:type\" content=\"article\" \/>\n<meta property=\"og:title\" content=\"Firmado un convenio entre la ULL y Pir\u00e1mides de G\u00fc\u00edmar para la elaboraci\u00f3n de un jard\u00edn sostenible - ULL - Noticias\" \/>\n<meta property=\"og:description\" content=\"La Universidad de La Laguna y Pir&aacute;mides de G&uuml;&iacute;mar firmaron ayer, mi&eacute;rcoles 20 de marzo, un convenio marco de colaboraci&oacute;n...\" \/>\n<meta property=\"og:url\" content=\"https:\/\/www.ull.es\/portal\/noticias\/2013\/firmado-un-convenio-entre-la-ull-y-piramides-de-guimar-para-la-elaboracion-de-un-jardin-sostenible\/\" \/>\n<meta property=\"og:site_name\" content=\"ULL - Noticias\" \/>\n<meta property=\"article:publisher\" content=\"https:\/\/www.facebook.com\/universidaddelalaguna\/\" \/>\n<meta property=\"article:published_time\" content=\"2013-03-21T14:26:24+00:00\" \/>\n<meta property=\"og:image\" content=\"https:\/\/www.ull.es\/portal\/noticias\/wp-content\/uploads\/sites\/13\/2015\/07\/Convenio-Piramides-007.jpg\" \/>\n\t<meta property=\"og:image:width\" content=\"1034\" \/>\n\t<meta property=\"og:image:height\" content=\"708\" \/>\n\t<meta property=\"og:image:type\" content=\"image\/jpeg\" \/>\n<meta name=\"author\" content=\"prensa2\" \/>\n<meta name=\"twitter:card\" content=\"summary_large_image\" \/>\n<meta name=\"twitter:creator\" content=\"@CanalULL\" \/>\n<meta name=\"twitter:site\" content=\"@CanalULL\" \/>\n<meta name=\"twitter:label1\" content=\"Escrito por\" \/>\n\t<meta name=\"twitter:data1\" content=\"prensa2\" \/>\n\t<meta name=\"twitter:label2\" content=\"Tiempo de lectura\" \/>\n\t<meta name=\"twitter:data2\" content=\"2 minutos\" \/>\n<script type=\"application\/ld+json\" class=\"yoast-schema-graph\">{\"@context\":\"https:\/\/schema.org\",\"@graph\":[{\"@type\":\"WebPage\",\"@id\":\"https:\/\/www.ull.es\/portal\/noticias\/2013\/firmado-un-convenio-entre-la-ull-y-piramides-de-guimar-para-la-elaboracion-de-un-jardin-sostenible\/\",\"url\":\"https:\/\/www.ull.es\/portal\/noticias\/2013\/firmado-un-convenio-entre-la-ull-y-piramides-de-guimar-para-la-elaboracion-de-un-jardin-sostenible\/\",\"name\":\"Firmado un convenio entre la ULL y Pir\u00e1mides de G\u00fc\u00edmar para la elaboraci\u00f3n de un jard\u00edn sostenible - ULL - Noticias\",\"isPartOf\":{\"@id\":\"https:\/\/www.ull.es\/portal\/noticias\/#website\"},\"datePublished\":\"2013-03-21T14:26:24+00:00\",\"dateModified\":\"2013-03-21T14:26:24+00:00\",\"author\":{\"@id\":\"https:\/\/www.ull.es\/portal\/noticias\/#\/schema\/person\/c3b2aa857797592927a03740d6664376\"},\"breadcrumb\":{\"@id\":\"https:\/\/www.ull.es\/portal\/noticias\/2013\/firmado-un-convenio-entre-la-ull-y-piramides-de-guimar-para-la-elaboracion-de-un-jardin-sostenible\/#breadcrumb\"},\"inLanguage\":\"es\",\"potentialAction\":[{\"@type\":\"ReadAction\",\"target\":[\"https:\/\/www.ull.es\/portal\/noticias\/2013\/firmado-un-convenio-entre-la-ull-y-piramides-de-guimar-para-la-elaboracion-de-un-jardin-sostenible\/\"]}]},{\"@type\":\"BreadcrumbList\",\"@id\":\"https:\/\/www.ull.es\/portal\/noticias\/2013\/firmado-un-convenio-entre-la-ull-y-piramides-de-guimar-para-la-elaboracion-de-un-jardin-sostenible\/#breadcrumb\",\"itemListElement\":[{\"@type\":\"ListItem\",\"position\":1,\"name\":\"Portada\",\"item\":\"https:\/\/www.ull.es\/portal\/noticias\/\"},{\"@type\":\"ListItem\",\"position\":2,\"name\":\"Firmado un convenio entre la ULL y Pir\u00e1mides de G\u00fc\u00edmar para la elaboraci\u00f3n de un jard\u00edn sostenible\"}]},{\"@type\":\"WebSite\",\"@id\":\"https:\/\/www.ull.es\/portal\/noticias\/#website\",\"url\":\"https:\/\/www.ull.es\/portal\/noticias\/\",\"name\":\"ULL - Noticias\",\"description\":\"\",\"potentialAction\":[{\"@type\":\"SearchAction\",\"target\":{\"@type\":\"EntryPoint\",\"urlTemplate\":\"https:\/\/www.ull.es\/portal\/noticias\/?s={search_term_string}\"},\"query-input\":\"required name=search_term_string\"}],\"inLanguage\":\"es\"},{\"@type\":\"Person\",\"@id\":\"https:\/\/www.ull.es\/portal\/noticias\/#\/schema\/person\/c3b2aa857797592927a03740d6664376\",\"name\":\"prensa2\",\"image\":{\"@type\":\"ImageObject\",\"inLanguage\":\"es\",\"@id\":\"https:\/\/www.ull.es\/portal\/noticias\/#\/schema\/person\/image\/\",\"url\":\"https:\/\/secure.gravatar.com\/avatar\/b58f310a5de5feb33d1e026d2493f23c?s=96&d=mm&r=g\",\"contentUrl\":\"https:\/\/secure.gravatar.com\/avatar\/b58f310a5de5feb33d1e026d2493f23c?s=96&d=mm&r=g\",\"caption\":\"prensa2\"},\"url\":\"https:\/\/www.ull.es\/portal\/noticias\/author\/prensa2\/\"}]}<\/script>\n<!-- \/ Yoast SEO plugin. -->","yoast_head_json":{"title":"Firmado un convenio entre la ULL y Pir\u00e1mides de G\u00fc\u00edmar para la elaboraci\u00f3n de un jard\u00edn sostenible - ULL - Noticias","robots":{"index":"index","follow":"follow","max-snippet":"max-snippet:-1","max-image-preview":"max-image-preview:large","max-video-preview":"max-video-preview:-1"},"canonical":"https:\/\/www.ull.es\/portal\/noticias\/2013\/firmado-un-convenio-entre-la-ull-y-piramides-de-guimar-para-la-elaboracion-de-un-jardin-sostenible\/","og_locale":"es_ES","og_type":"article","og_title":"Firmado un convenio entre la ULL y Pir\u00e1mides de G\u00fc\u00edmar para la elaboraci\u00f3n de un jard\u00edn sostenible - ULL - Noticias","og_description":"La Universidad de La Laguna y Pir&aacute;mides de G&uuml;&iacute;mar firmaron ayer, mi&eacute;rcoles 20 de marzo, un convenio marco de colaboraci&oacute;n...","og_url":"https:\/\/www.ull.es\/portal\/noticias\/2013\/firmado-un-convenio-entre-la-ull-y-piramides-de-guimar-para-la-elaboracion-de-un-jardin-sostenible\/","og_site_name":"ULL - Noticias","article_publisher":"https:\/\/www.facebook.com\/universidaddelalaguna\/","article_published_time":"2013-03-21T14:26:24+00:00","og_image":[{"width":1034,"height":708,"url":"https:\/\/www.ull.es\/portal\/noticias\/wp-content\/uploads\/sites\/13\/2015\/07\/Convenio-Piramides-007.jpg","type":"image\/jpeg"}],"author":"prensa2","twitter_card":"summary_large_image","twitter_creator":"@CanalULL","twitter_site":"@CanalULL","twitter_misc":{"Escrito por":"prensa2","Tiempo de lectura":"2 minutos"},"schema":{"@context":"https:\/\/schema.org","@graph":[{"@type":"WebPage","@id":"https:\/\/www.ull.es\/portal\/noticias\/2013\/firmado-un-convenio-entre-la-ull-y-piramides-de-guimar-para-la-elaboracion-de-un-jardin-sostenible\/","url":"https:\/\/www.ull.es\/portal\/noticias\/2013\/firmado-un-convenio-entre-la-ull-y-piramides-de-guimar-para-la-elaboracion-de-un-jardin-sostenible\/","name":"Firmado un convenio entre la ULL y Pir\u00e1mides de G\u00fc\u00edmar para la elaboraci\u00f3n de un jard\u00edn sostenible - ULL - Noticias","isPartOf":{"@id":"https:\/\/www.ull.es\/portal\/noticias\/#website"},"datePublished":"2013-03-21T14:26:24+00:00","dateModified":"2013-03-21T14:26:24+00:00","author":{"@id":"https:\/\/www.ull.es\/portal\/noticias\/#\/schema\/person\/c3b2aa857797592927a03740d6664376"},"breadcrumb":{"@id":"https:\/\/www.ull.es\/portal\/noticias\/2013\/firmado-un-convenio-entre-la-ull-y-piramides-de-guimar-para-la-elaboracion-de-un-jardin-sostenible\/#breadcrumb"},"inLanguage":"es","potentialAction":[{"@type":"ReadAction","target":["https:\/\/www.ull.es\/portal\/noticias\/2013\/firmado-un-convenio-entre-la-ull-y-piramides-de-guimar-para-la-elaboracion-de-un-jardin-sostenible\/"]}]},{"@type":"BreadcrumbList","@id":"https:\/\/www.ull.es\/portal\/noticias\/2013\/firmado-un-convenio-entre-la-ull-y-piramides-de-guimar-para-la-elaboracion-de-un-jardin-sostenible\/#breadcrumb","itemListElement":[{"@type":"ListItem","position":1,"name":"Portada","item":"https:\/\/www.ull.es\/portal\/noticias\/"},{"@type":"ListItem","position":2,"name":"Firmado un convenio entre la ULL y Pir\u00e1mides de G\u00fc\u00edmar para la elaboraci\u00f3n de un jard\u00edn sostenible"}]},{"@type":"WebSite","@id":"https:\/\/www.ull.es\/portal\/noticias\/#website","url":"https:\/\/www.ull.es\/portal\/noticias\/","name":"ULL - Noticias","description":"","potentialAction":[{"@type":"SearchAction","target":{"@type":"EntryPoint","urlTemplate":"https:\/\/www.ull.es\/portal\/noticias\/?s={search_term_string}"},"query-input":"required name=search_term_string"}],"inLanguage":"es"},{"@type":"Person","@id":"https:\/\/www.ull.es\/portal\/noticias\/#\/schema\/person\/c3b2aa857797592927a03740d6664376","name":"prensa2","image":{"@type":"ImageObject","inLanguage":"es","@id":"https:\/\/www.ull.es\/portal\/noticias\/#\/schema\/person\/image\/","url":"https:\/\/secure.gravatar.com\/avatar\/b58f310a5de5feb33d1e026d2493f23c?s=96&d=mm&r=g","contentUrl":"https:\/\/secure.gravatar.com\/avatar\/b58f310a5de5feb33d1e026d2493f23c?s=96&d=mm&r=g","caption":"prensa2"},"url":"https:\/\/www.ull.es\/portal\/noticias\/author\/prensa2\/"}]}},"primary_category":null,"featured_image_thumbnail_url":"https:\/\/www.ull.es\/portal\/noticias\/wp-content\/uploads\/sites\/13\/2015\/07\/Convenio-Piramides-007-300x205.jpg","_links":{"self":[{"href":"https:\/\/www.ull.es\/portal\/noticias\/wp-json\/wp\/v2\/posts\/20470"}],"collection":[{"href":"https:\/\/www.ull.es\/portal\/noticias\/wp-json\/wp\/v2\/posts"}],"about":[{"href":"https:\/\/www.ull.es\/portal\/noticias\/wp-json\/wp\/v2\/types\/post"}],"author":[{"embeddable":true,"href":"https:\/\/www.ull.es\/portal\/noticias\/wp-json\/wp\/v2\/users\/21"}],"replies":[{"embeddable":true,"href":"https:\/\/www.ull.es\/portal\/noticias\/wp-json\/wp\/v2\/comments?post=20470"}],"version-history":[{"count":0,"href":"https:\/\/www.ull.es\/portal\/noticias\/wp-json\/wp\/v2\/posts\/20470\/revisions"}],"wp:featuredmedia":[{"embeddable":true,"href":"https:\/\/www.ull.es\/portal\/noticias\/wp-json\/wp\/v2\/media\/20471"}],"wp:attachment":[{"href":"https:\/\/www.ull.es\/portal\/noticias\/wp-json\/wp\/v2\/media?parent=20470"}],"wp:term":[{"taxonomy":"category","embeddable":true,"href":"https:\/\/www.ull.es\/portal\/noticias\/wp-json\/wp\/v2\/categories?post=20470"},{"taxonomy":"post_tag","embeddable":true,"href":"https:\/\/www.ull.es\/portal\/noticias\/wp-json\/wp\/v2\/tags?post=20470"}],"curies":[{"name":"wp","href":"https:\/\/api.w.org\/{rel}","templated":true}]}}