{"id":20514,"date":"2013-04-04T12:20:55","date_gmt":"2013-04-04T12:20:55","guid":{"rendered":"http:\/\/ddigital.webs.ull.es\/el-alumnado-de-la-escuela-de-nautica-de-la-ull-vivira-la-experiencia-de-ser-naufragos-por-un-dia\/"},"modified":"2013-04-04T12:20:55","modified_gmt":"2013-04-04T12:20:55","slug":"el-alumnado-de-la-escuela-de-nautica-de-la-ull-vivira-la-experiencia-de-ser-naufragos-por-un-dia","status":"publish","type":"post","link":"https:\/\/www.ull.es\/portal\/noticias\/2013\/el-alumnado-de-la-escuela-de-nautica-de-la-ull-vivira-la-experiencia-de-ser-naufragos-por-un-dia\/","title":{"rendered":"El alumnado de la Escuela de N\u00e1utica de la ULL vivir\u00e1 la experiencia de ser n\u00e1ufragos por un d\u00eda"},"content":{"rendered":"<p> \tEl alumnado de la Escuela T&eacute;cnica Superior de N&aacute;utica, M&aacute;quinas y Radioelectr&oacute;nica Naval de la Universidad de La Laguna podr&aacute; participar el pr&oacute;ximo jueves 11 de abril, en un ejercicio de supervivencia en el mar durante el cual vivir&aacute; la experiencia real de pasar 24 horas a la deriva en un bote salvavidas. Es una actividad, que partir&aacute; del muelle del centro organizador, lleva realiz&aacute;ndose cinco a&ntilde;os consecutivos y ya ha abierto el plazo de inscripci&oacute;n.<\/p>\n<p> \tA esta aventura podr&aacute;n apuntarse tambi&eacute;n estudiantes de otras titulaciones y miembros de la comunidad universitaria en general, as&iacute; como profesionales de la mar y de los medios de comunicaci&oacute;n y cualquier persona interesada en el sector mar&iacute;timo. En total se podr&aacute; dar cabida a 100 participantes, y las solicitudes de admisi&oacute;n pueden remitirse a la Escuela de N&aacute;utica de la ULL o a Capitan&iacute;a Mar&iacute;tima.<\/p>\n<p> \tEsta actividad busca dar a conocer los aspectos pr&aacute;cticos de la supervivencia en un bote salvavidas, desarrollar habilidades para manejar situaciones de crisis ante una emergencia y conocer los m&eacute;todos de resistencia en un escenario similar en la vida real, sin comida ni bebida durante 24 horas.<\/p>\n<p> \tEn esta ocasi&oacute;n se ha decidido que el acontecimiento coincida con la festividad de San Telmo, patr&oacute;n de la gente del mar, al tener &ldquo;indudable significado para el desarrollo de un ejercicio de esta naturaleza&rdquo;, seg&uacute;n Capitan&iacute;a Mar&iacute;tima de Tenerife.<\/p>\n<p> \tPrestar&aacute;n su colaboraci&oacute;n, en forma de apoyo t&eacute;cnico, la Delegaci&oacute;n del Gobierno de Canarias; la Subdelegaci&oacute;n del Gobierno en Tenerife; la Autoridad Portuaria de Santa Cruz de Tenerife; la Capitan&iacute;a Mar&iacute;tima de Tenerife; la Escuela T&eacute;cnica Superior de N&aacute;utica, M&aacute;quinas y Radioelectr&oacute;nica Naval de Tenerife; la Sociedad Estatal de Salvamento y Seguridad Mar&iacute;tima (SASEMAR); el Servicio Mar&iacute;timo de la Guardia Civil; el Centro Coordinador de Emergencias y Seguridad (CECOES-112); Cruz Roja Espa&ntilde;ola; Pr&aacute;cticos de Tenerife; la Real Liga Naval Espa&ntilde;ola; la Asociaci&oacute;n Canaria de Oficiales de la Marina Mercante; la Escuela de Negocios de las Islas Canarias (ENIC); Remolcadores y Barcazas de Tenerife (BOLUDA); Off Shore Tenerife; Canarias Multin&aacute;utica; Radio Club Tenerife; Radiotelevisi&oacute;n Canaria y Canal 4 Televisi&oacute;n.<\/p>\n","protected":false},"excerpt":{"rendered":"<p>El alumnado de la Escuela T&eacute;cnica Superior de N&aacute;utica, M&aacute;quinas y Radioelectr&oacute;nica Naval de la Universidad de La Laguna podr&aacute;&#8230;<\/p>\n","protected":false},"author":21,"featured_media":20515,"comment_status":"open","ping_status":"open","sticky":false,"template":"","format":"standard","meta":{"inline_featured_image":false,"footnotes":""},"categories":[348,1],"tags":[],"acf":[],"yoast_head":"<!-- This site is optimized with the Yoast SEO plugin v21.3 - https:\/\/yoast.com\/wordpress\/plugins\/seo\/ -->\n<title>El alumnado de la Escuela de N\u00e1utica de la ULL vivir\u00e1 la experiencia de ser n\u00e1ufragos por un d\u00eda - ULL - Noticias<\/title>\n<meta name=\"robots\" content=\"index, follow, max-snippet:-1, max-image-preview:large, max-video-preview:-1\" \/>\n<link rel=\"canonical\" href=\"https:\/\/www.ull.es\/portal\/noticias\/2013\/el-alumnado-de-la-escuela-de-nautica-de-la-ull-vivira-la-experiencia-de-ser-naufragos-por-un-dia\/\" \/>\n<meta property=\"og:locale\" content=\"es_ES\" \/>\n<meta property=\"og:type\" content=\"article\" \/>\n<meta property=\"og:title\" content=\"El alumnado de la Escuela de N\u00e1utica de la ULL vivir\u00e1 la experiencia de ser n\u00e1ufragos por un d\u00eda - ULL - Noticias\" \/>\n<meta property=\"og:description\" content=\"El alumnado de la Escuela T&eacute;cnica Superior de N&aacute;utica, M&aacute;quinas y Radioelectr&oacute;nica Naval de la Universidad de La Laguna podr&aacute;...\" \/>\n<meta property=\"og:url\" content=\"https:\/\/www.ull.es\/portal\/noticias\/2013\/el-alumnado-de-la-escuela-de-nautica-de-la-ull-vivira-la-experiencia-de-ser-naufragos-por-un-dia\/\" \/>\n<meta property=\"og:site_name\" content=\"ULL - Noticias\" \/>\n<meta property=\"article:publisher\" content=\"https:\/\/www.facebook.com\/universidaddelalaguna\/\" \/>\n<meta property=\"article:published_time\" content=\"2013-04-04T12:20:55+00:00\" \/>\n<meta property=\"og:image\" content=\"https:\/\/www.ull.es\/portal\/noticias\/wp-content\/uploads\/sites\/13\/2015\/07\/Despedida-naufragos-11.jpg\" \/>\n\t<meta property=\"og:image:width\" content=\"1085\" \/>\n\t<meta property=\"og:image:height\" content=\"533\" \/>\n\t<meta property=\"og:image:type\" content=\"image\/jpeg\" \/>\n<meta name=\"author\" content=\"prensa2\" \/>\n<meta name=\"twitter:card\" content=\"summary_large_image\" \/>\n<meta name=\"twitter:creator\" content=\"@CanalULL\" \/>\n<meta name=\"twitter:site\" content=\"@CanalULL\" \/>\n<meta name=\"twitter:label1\" content=\"Escrito por\" \/>\n\t<meta name=\"twitter:data1\" content=\"prensa2\" \/>\n\t<meta name=\"twitter:label2\" content=\"Tiempo de lectura\" \/>\n\t<meta name=\"twitter:data2\" content=\"2 minutos\" \/>\n<script type=\"application\/ld+json\" class=\"yoast-schema-graph\">{\"@context\":\"https:\/\/schema.org\",\"@graph\":[{\"@type\":\"WebPage\",\"@id\":\"https:\/\/www.ull.es\/portal\/noticias\/2013\/el-alumnado-de-la-escuela-de-nautica-de-la-ull-vivira-la-experiencia-de-ser-naufragos-por-un-dia\/\",\"url\":\"https:\/\/www.ull.es\/portal\/noticias\/2013\/el-alumnado-de-la-escuela-de-nautica-de-la-ull-vivira-la-experiencia-de-ser-naufragos-por-un-dia\/\",\"name\":\"El alumnado de la Escuela de N\u00e1utica de la ULL vivir\u00e1 la experiencia de ser n\u00e1ufragos por un d\u00eda - ULL - Noticias\",\"isPartOf\":{\"@id\":\"https:\/\/www.ull.es\/portal\/noticias\/#website\"},\"datePublished\":\"2013-04-04T12:20:55+00:00\",\"dateModified\":\"2013-04-04T12:20:55+00:00\",\"author\":{\"@id\":\"https:\/\/www.ull.es\/portal\/noticias\/#\/schema\/person\/c3b2aa857797592927a03740d6664376\"},\"breadcrumb\":{\"@id\":\"https:\/\/www.ull.es\/portal\/noticias\/2013\/el-alumnado-de-la-escuela-de-nautica-de-la-ull-vivira-la-experiencia-de-ser-naufragos-por-un-dia\/#breadcrumb\"},\"inLanguage\":\"es\",\"potentialAction\":[{\"@type\":\"ReadAction\",\"target\":[\"https:\/\/www.ull.es\/portal\/noticias\/2013\/el-alumnado-de-la-escuela-de-nautica-de-la-ull-vivira-la-experiencia-de-ser-naufragos-por-un-dia\/\"]}]},{\"@type\":\"BreadcrumbList\",\"@id\":\"https:\/\/www.ull.es\/portal\/noticias\/2013\/el-alumnado-de-la-escuela-de-nautica-de-la-ull-vivira-la-experiencia-de-ser-naufragos-por-un-dia\/#breadcrumb\",\"itemListElement\":[{\"@type\":\"ListItem\",\"position\":1,\"name\":\"Portada\",\"item\":\"https:\/\/www.ull.es\/portal\/noticias\/\"},{\"@type\":\"ListItem\",\"position\":2,\"name\":\"El alumnado de la Escuela de N\u00e1utica de la ULL vivir\u00e1 la experiencia de ser n\u00e1ufragos por un d\u00eda\"}]},{\"@type\":\"WebSite\",\"@id\":\"https:\/\/www.ull.es\/portal\/noticias\/#website\",\"url\":\"https:\/\/www.ull.es\/portal\/noticias\/\",\"name\":\"ULL - Noticias\",\"description\":\"\",\"potentialAction\":[{\"@type\":\"SearchAction\",\"target\":{\"@type\":\"EntryPoint\",\"urlTemplate\":\"https:\/\/www.ull.es\/portal\/noticias\/?s={search_term_string}\"},\"query-input\":\"required name=search_term_string\"}],\"inLanguage\":\"es\"},{\"@type\":\"Person\",\"@id\":\"https:\/\/www.ull.es\/portal\/noticias\/#\/schema\/person\/c3b2aa857797592927a03740d6664376\",\"name\":\"prensa2\",\"image\":{\"@type\":\"ImageObject\",\"inLanguage\":\"es\",\"@id\":\"https:\/\/www.ull.es\/portal\/noticias\/#\/schema\/person\/image\/\",\"url\":\"https:\/\/secure.gravatar.com\/avatar\/b58f310a5de5feb33d1e026d2493f23c?s=96&d=mm&r=g\",\"contentUrl\":\"https:\/\/secure.gravatar.com\/avatar\/b58f310a5de5feb33d1e026d2493f23c?s=96&d=mm&r=g\",\"caption\":\"prensa2\"},\"url\":\"https:\/\/www.ull.es\/portal\/noticias\/author\/prensa2\/\"}]}<\/script>\n<!-- \/ Yoast SEO plugin. -->","yoast_head_json":{"title":"El alumnado de la Escuela de N\u00e1utica de la ULL vivir\u00e1 la experiencia de ser n\u00e1ufragos por un d\u00eda - ULL - Noticias","robots":{"index":"index","follow":"follow","max-snippet":"max-snippet:-1","max-image-preview":"max-image-preview:large","max-video-preview":"max-video-preview:-1"},"canonical":"https:\/\/www.ull.es\/portal\/noticias\/2013\/el-alumnado-de-la-escuela-de-nautica-de-la-ull-vivira-la-experiencia-de-ser-naufragos-por-un-dia\/","og_locale":"es_ES","og_type":"article","og_title":"El alumnado de la Escuela de N\u00e1utica de la ULL vivir\u00e1 la experiencia de ser n\u00e1ufragos por un d\u00eda - ULL - Noticias","og_description":"El alumnado de la Escuela T&eacute;cnica Superior de N&aacute;utica, M&aacute;quinas y Radioelectr&oacute;nica Naval de la Universidad de La Laguna podr&aacute;...","og_url":"https:\/\/www.ull.es\/portal\/noticias\/2013\/el-alumnado-de-la-escuela-de-nautica-de-la-ull-vivira-la-experiencia-de-ser-naufragos-por-un-dia\/","og_site_name":"ULL - Noticias","article_publisher":"https:\/\/www.facebook.com\/universidaddelalaguna\/","article_published_time":"2013-04-04T12:20:55+00:00","og_image":[{"width":1085,"height":533,"url":"https:\/\/www.ull.es\/portal\/noticias\/wp-content\/uploads\/sites\/13\/2015\/07\/Despedida-naufragos-11.jpg","type":"image\/jpeg"}],"author":"prensa2","twitter_card":"summary_large_image","twitter_creator":"@CanalULL","twitter_site":"@CanalULL","twitter_misc":{"Escrito por":"prensa2","Tiempo de lectura":"2 minutos"},"schema":{"@context":"https:\/\/schema.org","@graph":[{"@type":"WebPage","@id":"https:\/\/www.ull.es\/portal\/noticias\/2013\/el-alumnado-de-la-escuela-de-nautica-de-la-ull-vivira-la-experiencia-de-ser-naufragos-por-un-dia\/","url":"https:\/\/www.ull.es\/portal\/noticias\/2013\/el-alumnado-de-la-escuela-de-nautica-de-la-ull-vivira-la-experiencia-de-ser-naufragos-por-un-dia\/","name":"El alumnado de la Escuela de N\u00e1utica de la ULL vivir\u00e1 la experiencia de ser n\u00e1ufragos por un d\u00eda - ULL - Noticias","isPartOf":{"@id":"https:\/\/www.ull.es\/portal\/noticias\/#website"},"datePublished":"2013-04-04T12:20:55+00:00","dateModified":"2013-04-04T12:20:55+00:00","author":{"@id":"https:\/\/www.ull.es\/portal\/noticias\/#\/schema\/person\/c3b2aa857797592927a03740d6664376"},"breadcrumb":{"@id":"https:\/\/www.ull.es\/portal\/noticias\/2013\/el-alumnado-de-la-escuela-de-nautica-de-la-ull-vivira-la-experiencia-de-ser-naufragos-por-un-dia\/#breadcrumb"},"inLanguage":"es","potentialAction":[{"@type":"ReadAction","target":["https:\/\/www.ull.es\/portal\/noticias\/2013\/el-alumnado-de-la-escuela-de-nautica-de-la-ull-vivira-la-experiencia-de-ser-naufragos-por-un-dia\/"]}]},{"@type":"BreadcrumbList","@id":"https:\/\/www.ull.es\/portal\/noticias\/2013\/el-alumnado-de-la-escuela-de-nautica-de-la-ull-vivira-la-experiencia-de-ser-naufragos-por-un-dia\/#breadcrumb","itemListElement":[{"@type":"ListItem","position":1,"name":"Portada","item":"https:\/\/www.ull.es\/portal\/noticias\/"},{"@type":"ListItem","position":2,"name":"El alumnado de la Escuela de N\u00e1utica de la ULL vivir\u00e1 la experiencia de ser n\u00e1ufragos por un d\u00eda"}]},{"@type":"WebSite","@id":"https:\/\/www.ull.es\/portal\/noticias\/#website","url":"https:\/\/www.ull.es\/portal\/noticias\/","name":"ULL - Noticias","description":"","potentialAction":[{"@type":"SearchAction","target":{"@type":"EntryPoint","urlTemplate":"https:\/\/www.ull.es\/portal\/noticias\/?s={search_term_string}"},"query-input":"required name=search_term_string"}],"inLanguage":"es"},{"@type":"Person","@id":"https:\/\/www.ull.es\/portal\/noticias\/#\/schema\/person\/c3b2aa857797592927a03740d6664376","name":"prensa2","image":{"@type":"ImageObject","inLanguage":"es","@id":"https:\/\/www.ull.es\/portal\/noticias\/#\/schema\/person\/image\/","url":"https:\/\/secure.gravatar.com\/avatar\/b58f310a5de5feb33d1e026d2493f23c?s=96&d=mm&r=g","contentUrl":"https:\/\/secure.gravatar.com\/avatar\/b58f310a5de5feb33d1e026d2493f23c?s=96&d=mm&r=g","caption":"prensa2"},"url":"https:\/\/www.ull.es\/portal\/noticias\/author\/prensa2\/"}]}},"primary_category":null,"featured_image_thumbnail_url":"https:\/\/www.ull.es\/portal\/noticias\/wp-content\/uploads\/sites\/13\/2015\/07\/Despedida-naufragos-11-300x147.jpg","_links":{"self":[{"href":"https:\/\/www.ull.es\/portal\/noticias\/wp-json\/wp\/v2\/posts\/20514"}],"collection":[{"href":"https:\/\/www.ull.es\/portal\/noticias\/wp-json\/wp\/v2\/posts"}],"about":[{"href":"https:\/\/www.ull.es\/portal\/noticias\/wp-json\/wp\/v2\/types\/post"}],"author":[{"embeddable":true,"href":"https:\/\/www.ull.es\/portal\/noticias\/wp-json\/wp\/v2\/users\/21"}],"replies":[{"embeddable":true,"href":"https:\/\/www.ull.es\/portal\/noticias\/wp-json\/wp\/v2\/comments?post=20514"}],"version-history":[{"count":0,"href":"https:\/\/www.ull.es\/portal\/noticias\/wp-json\/wp\/v2\/posts\/20514\/revisions"}],"wp:featuredmedia":[{"embeddable":true,"href":"https:\/\/www.ull.es\/portal\/noticias\/wp-json\/wp\/v2\/media\/20515"}],"wp:attachment":[{"href":"https:\/\/www.ull.es\/portal\/noticias\/wp-json\/wp\/v2\/media?parent=20514"}],"wp:term":[{"taxonomy":"category","embeddable":true,"href":"https:\/\/www.ull.es\/portal\/noticias\/wp-json\/wp\/v2\/categories?post=20514"},{"taxonomy":"post_tag","embeddable":true,"href":"https:\/\/www.ull.es\/portal\/noticias\/wp-json\/wp\/v2\/tags?post=20514"}],"curies":[{"name":"wp","href":"https:\/\/api.w.org\/{rel}","templated":true}]}}