{"id":20533,"date":"2013-04-09T14:05:13","date_gmt":"2013-04-09T14:05:13","guid":{"rendered":"http:\/\/ddigital.webs.ull.es\/la-ull-acuerda-con-la-consejeria-de-educacion-el-reconocimiento-de-estudios-entre-ensenanzas-superiores\/"},"modified":"2013-04-09T14:05:13","modified_gmt":"2013-04-09T14:05:13","slug":"la-ull-acuerda-con-la-consejeria-de-educacion-el-reconocimiento-de-estudios-entre-ensenanzas-superiores","status":"publish","type":"post","link":"https:\/\/www.ull.es\/portal\/noticias\/2013\/la-ull-acuerda-con-la-consejeria-de-educacion-el-reconocimiento-de-estudios-entre-ensenanzas-superiores\/","title":{"rendered":"La ULL acuerda con la Consejer\u00eda de Educaci\u00f3n el reconocimiento de estudios entre ense\u00f1anzas superiores"},"content":{"rendered":"<p> \tLa Universidad de La Laguna ha firmado hoy, martes 9 de abril, un convenio de colaboraci&oacute;n con la Consejer&iacute;a de Educaci&oacute;n, Universidades y Sostenibilidad, para poder convalidar y reconocer estudios entre las ense&ntilde;anzas que constituyen la educaci&oacute;n superior. La instituci&oacute;n ha ofrecido una rueda de prensa en la que han intervenido Eduardo Dom&eacute;nech, rector de la ULL; Jos&eacute; Miguel P&eacute;rez, vicepresidente del Gobierno de Canarias y consejero de Educaci&oacute;n, y Jos&eacute; Mar&iacute;a Palaz&oacute;n, vicerrector de Posgrado, Nuevos Estudios y EEES.<\/p>\n<p> \tEste convenio, que tambi&eacute;n implica a la Universidad de Las Palmas de Gran Canaria, tiene por objeto el desarrollo de actuaciones conjuntas para establecer el r&eacute;gimen de convalidaciones y reconocimiento de estudios entre las ense&ntilde;anzas universitarias de grado de las dos universidades canarias, las ense&ntilde;anzas art&iacute;sticas superiores y las ense&ntilde;anzas conducentes a t&iacute;tulos de t&eacute;cnico superior del sistema educativo.<\/p>\n<p> \tJos&eacute; Miguel P&eacute;rez explic&oacute; brevemente el convenio e incidi&oacute; en que constituye un servicio m&aacute;s que se presta a la comunidad en general y, m&aacute;s espec&iacute;ficamente, a los estudiantes. Se&ntilde;al&oacute;, adem&aacute;s, que supone la creaci&oacute;n de un camino seguro y previsto de acceso a la universidad desde la Formaci&oacute;n Profesional (FP).<\/p>\n<p> \tEn opini&oacute;n de Eduardo Dom&eacute;nech,&nbsp; este acuerdo permite mayor flexibilidad, pues posibilita a los alumnos de FP el adaptarse f&aacute;cilmente a la universidad y, as&iacute;, poder acceder a estudios como los grados universitarios. Se trata pues de un compromiso entre entidades que favorecer&aacute; a los estudiantes y que ser&aacute; supervisado por comisiones t&eacute;cnicas de convalidaci&oacute;n.<\/p>\n<p> \tJos&eacute; Mar&iacute;a Palaz&oacute;n declar&oacute; que este convenio permite establecer tablas de equivalencias entre las distintas ense&ntilde;anzas y asegur&oacute; que ya existen algunas para las titulaciones en las que m&aacute;s se ha detectado alumnado procedente de FP, como los grados de Educaci&oacute;n Infantil y Contabilidad y Finanzas.<\/p>\n<p> \tPreguntado por la posibilidad de firmar un nuevo contrato-programa, el rector sostuvo que, aunque se han celebrado reuniones con motivo de la propuesta de reforma del sistema universitario por parte del ministro Wert, y en ellas se ha hablado de la financiaci&oacute;n, la negociaci&oacute;n se ha retrasado por la situaci&oacute;n econ&oacute;mica de incertidumbre en la que estamos inmersos. &quot;No se dan las condiciones para esa negociaci&oacute;n&quot;, asever&oacute;.<\/p>\n","protected":false},"excerpt":{"rendered":"<p>La Universidad de La Laguna ha firmado hoy, martes 9 de abril, un convenio de colaboraci&oacute;n con la Consejer&iacute;a de&#8230;<\/p>\n","protected":false},"author":21,"featured_media":20536,"comment_status":"open","ping_status":"open","sticky":false,"template":"","format":"standard","meta":{"inline_featured_image":false,"footnotes":""},"categories":[348,1],"tags":[],"acf":[],"yoast_head":"<!-- This site is optimized with the Yoast SEO plugin v21.3 - https:\/\/yoast.com\/wordpress\/plugins\/seo\/ -->\n<title>La ULL acuerda con la Consejer\u00eda de Educaci\u00f3n el reconocimiento de estudios entre ense\u00f1anzas superiores - ULL - Noticias<\/title>\n<meta name=\"robots\" content=\"index, follow, max-snippet:-1, max-image-preview:large, max-video-preview:-1\" \/>\n<link rel=\"canonical\" href=\"https:\/\/www.ull.es\/portal\/noticias\/2013\/la-ull-acuerda-con-la-consejeria-de-educacion-el-reconocimiento-de-estudios-entre-ensenanzas-superiores\/\" \/>\n<meta property=\"og:locale\" content=\"es_ES\" \/>\n<meta property=\"og:type\" content=\"article\" \/>\n<meta property=\"og:title\" content=\"La ULL acuerda con la Consejer\u00eda de Educaci\u00f3n el reconocimiento de estudios entre ense\u00f1anzas superiores - ULL - Noticias\" \/>\n<meta property=\"og:description\" content=\"La Universidad de La Laguna ha firmado hoy, martes 9 de abril, un convenio de colaboraci&oacute;n con la Consejer&iacute;a de...\" \/>\n<meta property=\"og:url\" content=\"https:\/\/www.ull.es\/portal\/noticias\/2013\/la-ull-acuerda-con-la-consejeria-de-educacion-el-reconocimiento-de-estudios-entre-ensenanzas-superiores\/\" \/>\n<meta property=\"og:site_name\" content=\"ULL - Noticias\" \/>\n<meta property=\"article:publisher\" content=\"https:\/\/www.facebook.com\/universidaddelalaguna\/\" \/>\n<meta property=\"article:published_time\" content=\"2013-04-09T14:05:13+00:00\" \/>\n<meta property=\"og:image\" content=\"https:\/\/www.ull.es\/portal\/noticias\/wp-content\/uploads\/sites\/13\/2015\/07\/Conv-educacion-20.jpg\" \/>\n\t<meta property=\"og:image:width\" content=\"1034\" \/>\n\t<meta property=\"og:image:height\" content=\"708\" \/>\n\t<meta property=\"og:image:type\" content=\"image\/jpeg\" \/>\n<meta name=\"author\" content=\"prensa2\" \/>\n<meta name=\"twitter:card\" content=\"summary_large_image\" \/>\n<meta name=\"twitter:creator\" content=\"@CanalULL\" \/>\n<meta name=\"twitter:site\" content=\"@CanalULL\" \/>\n<meta name=\"twitter:label1\" content=\"Escrito por\" \/>\n\t<meta name=\"twitter:data1\" content=\"prensa2\" \/>\n\t<meta name=\"twitter:label2\" content=\"Tiempo de lectura\" \/>\n\t<meta name=\"twitter:data2\" content=\"2 minutos\" \/>\n<script type=\"application\/ld+json\" class=\"yoast-schema-graph\">{\"@context\":\"https:\/\/schema.org\",\"@graph\":[{\"@type\":\"WebPage\",\"@id\":\"https:\/\/www.ull.es\/portal\/noticias\/2013\/la-ull-acuerda-con-la-consejeria-de-educacion-el-reconocimiento-de-estudios-entre-ensenanzas-superiores\/\",\"url\":\"https:\/\/www.ull.es\/portal\/noticias\/2013\/la-ull-acuerda-con-la-consejeria-de-educacion-el-reconocimiento-de-estudios-entre-ensenanzas-superiores\/\",\"name\":\"La ULL acuerda con la Consejer\u00eda de Educaci\u00f3n el reconocimiento de estudios entre ense\u00f1anzas superiores - ULL - Noticias\",\"isPartOf\":{\"@id\":\"https:\/\/www.ull.es\/portal\/noticias\/#website\"},\"datePublished\":\"2013-04-09T14:05:13+00:00\",\"dateModified\":\"2013-04-09T14:05:13+00:00\",\"author\":{\"@id\":\"https:\/\/www.ull.es\/portal\/noticias\/#\/schema\/person\/c3b2aa857797592927a03740d6664376\"},\"breadcrumb\":{\"@id\":\"https:\/\/www.ull.es\/portal\/noticias\/2013\/la-ull-acuerda-con-la-consejeria-de-educacion-el-reconocimiento-de-estudios-entre-ensenanzas-superiores\/#breadcrumb\"},\"inLanguage\":\"es\",\"potentialAction\":[{\"@type\":\"ReadAction\",\"target\":[\"https:\/\/www.ull.es\/portal\/noticias\/2013\/la-ull-acuerda-con-la-consejeria-de-educacion-el-reconocimiento-de-estudios-entre-ensenanzas-superiores\/\"]}]},{\"@type\":\"BreadcrumbList\",\"@id\":\"https:\/\/www.ull.es\/portal\/noticias\/2013\/la-ull-acuerda-con-la-consejeria-de-educacion-el-reconocimiento-de-estudios-entre-ensenanzas-superiores\/#breadcrumb\",\"itemListElement\":[{\"@type\":\"ListItem\",\"position\":1,\"name\":\"Portada\",\"item\":\"https:\/\/www.ull.es\/portal\/noticias\/\"},{\"@type\":\"ListItem\",\"position\":2,\"name\":\"La ULL acuerda con la Consejer\u00eda de Educaci\u00f3n el reconocimiento de estudios entre ense\u00f1anzas superiores\"}]},{\"@type\":\"WebSite\",\"@id\":\"https:\/\/www.ull.es\/portal\/noticias\/#website\",\"url\":\"https:\/\/www.ull.es\/portal\/noticias\/\",\"name\":\"ULL - Noticias\",\"description\":\"\",\"potentialAction\":[{\"@type\":\"SearchAction\",\"target\":{\"@type\":\"EntryPoint\",\"urlTemplate\":\"https:\/\/www.ull.es\/portal\/noticias\/?s={search_term_string}\"},\"query-input\":\"required name=search_term_string\"}],\"inLanguage\":\"es\"},{\"@type\":\"Person\",\"@id\":\"https:\/\/www.ull.es\/portal\/noticias\/#\/schema\/person\/c3b2aa857797592927a03740d6664376\",\"name\":\"prensa2\",\"image\":{\"@type\":\"ImageObject\",\"inLanguage\":\"es\",\"@id\":\"https:\/\/www.ull.es\/portal\/noticias\/#\/schema\/person\/image\/\",\"url\":\"https:\/\/secure.gravatar.com\/avatar\/b58f310a5de5feb33d1e026d2493f23c?s=96&d=mm&r=g\",\"contentUrl\":\"https:\/\/secure.gravatar.com\/avatar\/b58f310a5de5feb33d1e026d2493f23c?s=96&d=mm&r=g\",\"caption\":\"prensa2\"},\"url\":\"https:\/\/www.ull.es\/portal\/noticias\/author\/prensa2\/\"}]}<\/script>\n<!-- \/ Yoast SEO plugin. -->","yoast_head_json":{"title":"La ULL acuerda con la Consejer\u00eda de Educaci\u00f3n el reconocimiento de estudios entre ense\u00f1anzas superiores - ULL - Noticias","robots":{"index":"index","follow":"follow","max-snippet":"max-snippet:-1","max-image-preview":"max-image-preview:large","max-video-preview":"max-video-preview:-1"},"canonical":"https:\/\/www.ull.es\/portal\/noticias\/2013\/la-ull-acuerda-con-la-consejeria-de-educacion-el-reconocimiento-de-estudios-entre-ensenanzas-superiores\/","og_locale":"es_ES","og_type":"article","og_title":"La ULL acuerda con la Consejer\u00eda de Educaci\u00f3n el reconocimiento de estudios entre ense\u00f1anzas superiores - ULL - Noticias","og_description":"La Universidad de La Laguna ha firmado hoy, martes 9 de abril, un convenio de colaboraci&oacute;n con la Consejer&iacute;a de...","og_url":"https:\/\/www.ull.es\/portal\/noticias\/2013\/la-ull-acuerda-con-la-consejeria-de-educacion-el-reconocimiento-de-estudios-entre-ensenanzas-superiores\/","og_site_name":"ULL - Noticias","article_publisher":"https:\/\/www.facebook.com\/universidaddelalaguna\/","article_published_time":"2013-04-09T14:05:13+00:00","og_image":[{"width":1034,"height":708,"url":"https:\/\/www.ull.es\/portal\/noticias\/wp-content\/uploads\/sites\/13\/2015\/07\/Conv-educacion-20.jpg","type":"image\/jpeg"}],"author":"prensa2","twitter_card":"summary_large_image","twitter_creator":"@CanalULL","twitter_site":"@CanalULL","twitter_misc":{"Escrito por":"prensa2","Tiempo de lectura":"2 minutos"},"schema":{"@context":"https:\/\/schema.org","@graph":[{"@type":"WebPage","@id":"https:\/\/www.ull.es\/portal\/noticias\/2013\/la-ull-acuerda-con-la-consejeria-de-educacion-el-reconocimiento-de-estudios-entre-ensenanzas-superiores\/","url":"https:\/\/www.ull.es\/portal\/noticias\/2013\/la-ull-acuerda-con-la-consejeria-de-educacion-el-reconocimiento-de-estudios-entre-ensenanzas-superiores\/","name":"La ULL acuerda con la Consejer\u00eda de Educaci\u00f3n el reconocimiento de estudios entre ense\u00f1anzas superiores - ULL - Noticias","isPartOf":{"@id":"https:\/\/www.ull.es\/portal\/noticias\/#website"},"datePublished":"2013-04-09T14:05:13+00:00","dateModified":"2013-04-09T14:05:13+00:00","author":{"@id":"https:\/\/www.ull.es\/portal\/noticias\/#\/schema\/person\/c3b2aa857797592927a03740d6664376"},"breadcrumb":{"@id":"https:\/\/www.ull.es\/portal\/noticias\/2013\/la-ull-acuerda-con-la-consejeria-de-educacion-el-reconocimiento-de-estudios-entre-ensenanzas-superiores\/#breadcrumb"},"inLanguage":"es","potentialAction":[{"@type":"ReadAction","target":["https:\/\/www.ull.es\/portal\/noticias\/2013\/la-ull-acuerda-con-la-consejeria-de-educacion-el-reconocimiento-de-estudios-entre-ensenanzas-superiores\/"]}]},{"@type":"BreadcrumbList","@id":"https:\/\/www.ull.es\/portal\/noticias\/2013\/la-ull-acuerda-con-la-consejeria-de-educacion-el-reconocimiento-de-estudios-entre-ensenanzas-superiores\/#breadcrumb","itemListElement":[{"@type":"ListItem","position":1,"name":"Portada","item":"https:\/\/www.ull.es\/portal\/noticias\/"},{"@type":"ListItem","position":2,"name":"La ULL acuerda con la Consejer\u00eda de Educaci\u00f3n el reconocimiento de estudios entre ense\u00f1anzas superiores"}]},{"@type":"WebSite","@id":"https:\/\/www.ull.es\/portal\/noticias\/#website","url":"https:\/\/www.ull.es\/portal\/noticias\/","name":"ULL - Noticias","description":"","potentialAction":[{"@type":"SearchAction","target":{"@type":"EntryPoint","urlTemplate":"https:\/\/www.ull.es\/portal\/noticias\/?s={search_term_string}"},"query-input":"required name=search_term_string"}],"inLanguage":"es"},{"@type":"Person","@id":"https:\/\/www.ull.es\/portal\/noticias\/#\/schema\/person\/c3b2aa857797592927a03740d6664376","name":"prensa2","image":{"@type":"ImageObject","inLanguage":"es","@id":"https:\/\/www.ull.es\/portal\/noticias\/#\/schema\/person\/image\/","url":"https:\/\/secure.gravatar.com\/avatar\/b58f310a5de5feb33d1e026d2493f23c?s=96&d=mm&r=g","contentUrl":"https:\/\/secure.gravatar.com\/avatar\/b58f310a5de5feb33d1e026d2493f23c?s=96&d=mm&r=g","caption":"prensa2"},"url":"https:\/\/www.ull.es\/portal\/noticias\/author\/prensa2\/"}]}},"primary_category":null,"featured_image_thumbnail_url":"https:\/\/www.ull.es\/portal\/noticias\/wp-content\/uploads\/sites\/13\/2015\/07\/Conv-educacion-20-300x205.jpg","_links":{"self":[{"href":"https:\/\/www.ull.es\/portal\/noticias\/wp-json\/wp\/v2\/posts\/20533"}],"collection":[{"href":"https:\/\/www.ull.es\/portal\/noticias\/wp-json\/wp\/v2\/posts"}],"about":[{"href":"https:\/\/www.ull.es\/portal\/noticias\/wp-json\/wp\/v2\/types\/post"}],"author":[{"embeddable":true,"href":"https:\/\/www.ull.es\/portal\/noticias\/wp-json\/wp\/v2\/users\/21"}],"replies":[{"embeddable":true,"href":"https:\/\/www.ull.es\/portal\/noticias\/wp-json\/wp\/v2\/comments?post=20533"}],"version-history":[{"count":0,"href":"https:\/\/www.ull.es\/portal\/noticias\/wp-json\/wp\/v2\/posts\/20533\/revisions"}],"wp:featuredmedia":[{"embeddable":true,"href":"https:\/\/www.ull.es\/portal\/noticias\/wp-json\/wp\/v2\/media\/20536"}],"wp:attachment":[{"href":"https:\/\/www.ull.es\/portal\/noticias\/wp-json\/wp\/v2\/media?parent=20533"}],"wp:term":[{"taxonomy":"category","embeddable":true,"href":"https:\/\/www.ull.es\/portal\/noticias\/wp-json\/wp\/v2\/categories?post=20533"},{"taxonomy":"post_tag","embeddable":true,"href":"https:\/\/www.ull.es\/portal\/noticias\/wp-json\/wp\/v2\/tags?post=20533"}],"curies":[{"name":"wp","href":"https:\/\/api.w.org\/{rel}","templated":true}]}}