{"id":20563,"date":"2013-04-12T11:15:15","date_gmt":"2013-04-12T11:15:15","guid":{"rendered":"http:\/\/ddigital.webs.ull.es\/el-catedratico-de-la-ull-antonio-tejera-dicto-en-badajoz-una-clase-magistral-sobre-la-mitologia-de-tartesos\/"},"modified":"2013-04-12T11:15:15","modified_gmt":"2013-04-12T11:15:15","slug":"el-catedratico-de-la-ull-antonio-tejera-dicto-en-badajoz-una-clase-magistral-sobre-la-mitologia-de-tartesos","status":"publish","type":"post","link":"https:\/\/www.ull.es\/portal\/noticias\/2013\/el-catedratico-de-la-ull-antonio-tejera-dicto-en-badajoz-una-clase-magistral-sobre-la-mitologia-de-tartesos\/","title":{"rendered":"El catedr\u00e1tico de la ULL Antonio Tejera dict\u00f3 en Badajoz una clase magistral sobre la mitolog\u00eda de Tartesos"},"content":{"rendered":"<p> \tEl catedr&aacute;tico de Arqueolog&iacute;a de la Universidad de La Laguna y Premio Canarias de Patrimonio Hist&oacute;rico Antonio Tejera Gaspar, imparti&oacute; la noche ayer, jueves 11 de abril, una clase magistral en el Museo Arqueol&oacute;gico Provincial de Badajoz, centrada en la mitolog&iacute;a de la cultura tart&eacute;sica, una de las primeras culturas asentadas en la Pen&iacute;nsula Ib&eacute;rica de la que se tiene constancia.<\/p>\n<p> \tEl formato de la ponencia no fue una conferencia al uso, sino que el profesor complement&oacute; su disertaci&oacute;n con el an&aacute;lisis de piezas tart&eacute;sicas exhibidas en varias salas del museo, de forma que se complementaron las partes te&oacute;rica y pr&aacute;ctica.<\/p>\n<p> \tUno de los puntos m&aacute;s oscuros y atrayentes de la arqueolog&iacute;a peninsular es el significado de las im&aacute;genes grabadas sobre las estelas decoradas encontradas en varios yacimientos del suroeste, de las cuales s&oacute;lo est&aacute; claro que pertenecen al &aacute;mbito simb&oacute;lico y transcendente. Tejera present&oacute; su hip&oacute;tesis de c&oacute;mo y por qu&eacute; estas estelas representan un sistema religioso de &eacute;poca tart&eacute;sica. <\/p>\n<p> \tTeniendo en cuenta que este Museo Arqueol&oacute;gico Provincial de Badajoz posee y expone la mayor colecci&oacute;n de estas piezas, esta clase supuso una oportunidad &uacute;nica de conocer una de las teor&iacute;as m&aacute;s actuales y sugerentes sobre estas piezas &uacute;nicas en la pen&iacute;nsula Ib&eacute;rica.<\/p>\n<p> \tEl ponente es desde 1984 catedr&aacute;tico de Arqueolog&iacute;a de la ULL, centro al que estaba vinculado como docente desde diez a&ntilde;os antes. Aparte de su intensa dedicaci&oacute;n a la arqueolog&iacute;a canaria, es experto en religiosidad antigua y en arqueolog&iacute;a del mundo fenicio y tart&eacute;sico. Uno de sus &uacute;ltimos libros es &quot;Los dioses de los Tartesios&quot;, co-escrito con Jes&uacute;s Fern&aacute;ndez Rodr&iacute;guez, donde presenta una novedosa y sugerente hip&oacute;tesis de interpretaci&oacute;n de las im&aacute;genes de las estelas decoradas del suroeste.<\/p>\n","protected":false},"excerpt":{"rendered":"<p>El catedr&aacute;tico de Arqueolog&iacute;a de la Universidad de La Laguna y Premio Canarias de Patrimonio Hist&oacute;rico Antonio Tejera Gaspar, imparti&oacute;&#8230;<\/p>\n","protected":false},"author":21,"featured_media":20566,"comment_status":"open","ping_status":"open","sticky":false,"template":"","format":"standard","meta":{"inline_featured_image":false,"footnotes":""},"categories":[344,1],"tags":[],"acf":[],"yoast_head":"<!-- This site is optimized with the Yoast SEO plugin v21.3 - https:\/\/yoast.com\/wordpress\/plugins\/seo\/ -->\n<title>El catedr\u00e1tico de la ULL Antonio Tejera dict\u00f3 en Badajoz una clase magistral sobre la mitolog\u00eda de Tartesos - ULL - Noticias<\/title>\n<meta name=\"robots\" content=\"index, follow, max-snippet:-1, max-image-preview:large, max-video-preview:-1\" \/>\n<link rel=\"canonical\" href=\"https:\/\/www.ull.es\/portal\/noticias\/2013\/el-catedratico-de-la-ull-antonio-tejera-dicto-en-badajoz-una-clase-magistral-sobre-la-mitologia-de-tartesos\/\" \/>\n<meta property=\"og:locale\" content=\"es_ES\" \/>\n<meta property=\"og:type\" content=\"article\" \/>\n<meta property=\"og:title\" content=\"El catedr\u00e1tico de la ULL Antonio Tejera dict\u00f3 en Badajoz una clase magistral sobre la mitolog\u00eda de Tartesos - ULL - Noticias\" \/>\n<meta property=\"og:description\" content=\"El catedr&aacute;tico de Arqueolog&iacute;a de la Universidad de La Laguna y Premio Canarias de Patrimonio Hist&oacute;rico Antonio Tejera Gaspar, imparti&oacute;...\" \/>\n<meta property=\"og:url\" content=\"https:\/\/www.ull.es\/portal\/noticias\/2013\/el-catedratico-de-la-ull-antonio-tejera-dicto-en-badajoz-una-clase-magistral-sobre-la-mitologia-de-tartesos\/\" \/>\n<meta property=\"og:site_name\" content=\"ULL - Noticias\" \/>\n<meta property=\"article:publisher\" content=\"https:\/\/www.facebook.com\/universidaddelalaguna\/\" \/>\n<meta property=\"article:published_time\" content=\"2013-04-12T11:15:15+00:00\" \/>\n<meta property=\"og:image\" content=\"https:\/\/www.ull.es\/portal\/noticias\/wp-content\/uploads\/sites\/13\/2015\/07\/DSC03814.jpg\" \/>\n\t<meta property=\"og:image:width\" content=\"1024\" \/>\n\t<meta property=\"og:image:height\" content=\"768\" \/>\n\t<meta property=\"og:image:type\" content=\"image\/jpeg\" \/>\n<meta name=\"author\" content=\"prensa2\" \/>\n<meta name=\"twitter:card\" content=\"summary_large_image\" \/>\n<meta name=\"twitter:creator\" content=\"@CanalULL\" \/>\n<meta name=\"twitter:site\" content=\"@CanalULL\" \/>\n<meta name=\"twitter:label1\" content=\"Escrito por\" \/>\n\t<meta name=\"twitter:data1\" content=\"prensa2\" \/>\n\t<meta name=\"twitter:label2\" content=\"Tiempo de lectura\" \/>\n\t<meta name=\"twitter:data2\" content=\"2 minutos\" \/>\n<script type=\"application\/ld+json\" class=\"yoast-schema-graph\">{\"@context\":\"https:\/\/schema.org\",\"@graph\":[{\"@type\":\"WebPage\",\"@id\":\"https:\/\/www.ull.es\/portal\/noticias\/2013\/el-catedratico-de-la-ull-antonio-tejera-dicto-en-badajoz-una-clase-magistral-sobre-la-mitologia-de-tartesos\/\",\"url\":\"https:\/\/www.ull.es\/portal\/noticias\/2013\/el-catedratico-de-la-ull-antonio-tejera-dicto-en-badajoz-una-clase-magistral-sobre-la-mitologia-de-tartesos\/\",\"name\":\"El catedr\u00e1tico de la ULL Antonio Tejera dict\u00f3 en Badajoz una clase magistral sobre la mitolog\u00eda de Tartesos - ULL - Noticias\",\"isPartOf\":{\"@id\":\"https:\/\/www.ull.es\/portal\/noticias\/#website\"},\"datePublished\":\"2013-04-12T11:15:15+00:00\",\"dateModified\":\"2013-04-12T11:15:15+00:00\",\"author\":{\"@id\":\"https:\/\/www.ull.es\/portal\/noticias\/#\/schema\/person\/c3b2aa857797592927a03740d6664376\"},\"breadcrumb\":{\"@id\":\"https:\/\/www.ull.es\/portal\/noticias\/2013\/el-catedratico-de-la-ull-antonio-tejera-dicto-en-badajoz-una-clase-magistral-sobre-la-mitologia-de-tartesos\/#breadcrumb\"},\"inLanguage\":\"es\",\"potentialAction\":[{\"@type\":\"ReadAction\",\"target\":[\"https:\/\/www.ull.es\/portal\/noticias\/2013\/el-catedratico-de-la-ull-antonio-tejera-dicto-en-badajoz-una-clase-magistral-sobre-la-mitologia-de-tartesos\/\"]}]},{\"@type\":\"BreadcrumbList\",\"@id\":\"https:\/\/www.ull.es\/portal\/noticias\/2013\/el-catedratico-de-la-ull-antonio-tejera-dicto-en-badajoz-una-clase-magistral-sobre-la-mitologia-de-tartesos\/#breadcrumb\",\"itemListElement\":[{\"@type\":\"ListItem\",\"position\":1,\"name\":\"Portada\",\"item\":\"https:\/\/www.ull.es\/portal\/noticias\/\"},{\"@type\":\"ListItem\",\"position\":2,\"name\":\"El catedr\u00e1tico de la ULL Antonio Tejera dict\u00f3 en Badajoz una clase magistral sobre la mitolog\u00eda de Tartesos\"}]},{\"@type\":\"WebSite\",\"@id\":\"https:\/\/www.ull.es\/portal\/noticias\/#website\",\"url\":\"https:\/\/www.ull.es\/portal\/noticias\/\",\"name\":\"ULL - Noticias\",\"description\":\"\",\"potentialAction\":[{\"@type\":\"SearchAction\",\"target\":{\"@type\":\"EntryPoint\",\"urlTemplate\":\"https:\/\/www.ull.es\/portal\/noticias\/?s={search_term_string}\"},\"query-input\":\"required name=search_term_string\"}],\"inLanguage\":\"es\"},{\"@type\":\"Person\",\"@id\":\"https:\/\/www.ull.es\/portal\/noticias\/#\/schema\/person\/c3b2aa857797592927a03740d6664376\",\"name\":\"prensa2\",\"image\":{\"@type\":\"ImageObject\",\"inLanguage\":\"es\",\"@id\":\"https:\/\/www.ull.es\/portal\/noticias\/#\/schema\/person\/image\/\",\"url\":\"https:\/\/secure.gravatar.com\/avatar\/b58f310a5de5feb33d1e026d2493f23c?s=96&d=mm&r=g\",\"contentUrl\":\"https:\/\/secure.gravatar.com\/avatar\/b58f310a5de5feb33d1e026d2493f23c?s=96&d=mm&r=g\",\"caption\":\"prensa2\"},\"url\":\"https:\/\/www.ull.es\/portal\/noticias\/author\/prensa2\/\"}]}<\/script>\n<!-- \/ Yoast SEO plugin. -->","yoast_head_json":{"title":"El catedr\u00e1tico de la ULL Antonio Tejera dict\u00f3 en Badajoz una clase magistral sobre la mitolog\u00eda de Tartesos - ULL - Noticias","robots":{"index":"index","follow":"follow","max-snippet":"max-snippet:-1","max-image-preview":"max-image-preview:large","max-video-preview":"max-video-preview:-1"},"canonical":"https:\/\/www.ull.es\/portal\/noticias\/2013\/el-catedratico-de-la-ull-antonio-tejera-dicto-en-badajoz-una-clase-magistral-sobre-la-mitologia-de-tartesos\/","og_locale":"es_ES","og_type":"article","og_title":"El catedr\u00e1tico de la ULL Antonio Tejera dict\u00f3 en Badajoz una clase magistral sobre la mitolog\u00eda de Tartesos - ULL - Noticias","og_description":"El catedr&aacute;tico de Arqueolog&iacute;a de la Universidad de La Laguna y Premio Canarias de Patrimonio Hist&oacute;rico Antonio Tejera Gaspar, imparti&oacute;...","og_url":"https:\/\/www.ull.es\/portal\/noticias\/2013\/el-catedratico-de-la-ull-antonio-tejera-dicto-en-badajoz-una-clase-magistral-sobre-la-mitologia-de-tartesos\/","og_site_name":"ULL - Noticias","article_publisher":"https:\/\/www.facebook.com\/universidaddelalaguna\/","article_published_time":"2013-04-12T11:15:15+00:00","og_image":[{"width":1024,"height":768,"url":"https:\/\/www.ull.es\/portal\/noticias\/wp-content\/uploads\/sites\/13\/2015\/07\/DSC03814.jpg","type":"image\/jpeg"}],"author":"prensa2","twitter_card":"summary_large_image","twitter_creator":"@CanalULL","twitter_site":"@CanalULL","twitter_misc":{"Escrito por":"prensa2","Tiempo de lectura":"2 minutos"},"schema":{"@context":"https:\/\/schema.org","@graph":[{"@type":"WebPage","@id":"https:\/\/www.ull.es\/portal\/noticias\/2013\/el-catedratico-de-la-ull-antonio-tejera-dicto-en-badajoz-una-clase-magistral-sobre-la-mitologia-de-tartesos\/","url":"https:\/\/www.ull.es\/portal\/noticias\/2013\/el-catedratico-de-la-ull-antonio-tejera-dicto-en-badajoz-una-clase-magistral-sobre-la-mitologia-de-tartesos\/","name":"El catedr\u00e1tico de la ULL Antonio Tejera dict\u00f3 en Badajoz una clase magistral sobre la mitolog\u00eda de Tartesos - ULL - Noticias","isPartOf":{"@id":"https:\/\/www.ull.es\/portal\/noticias\/#website"},"datePublished":"2013-04-12T11:15:15+00:00","dateModified":"2013-04-12T11:15:15+00:00","author":{"@id":"https:\/\/www.ull.es\/portal\/noticias\/#\/schema\/person\/c3b2aa857797592927a03740d6664376"},"breadcrumb":{"@id":"https:\/\/www.ull.es\/portal\/noticias\/2013\/el-catedratico-de-la-ull-antonio-tejera-dicto-en-badajoz-una-clase-magistral-sobre-la-mitologia-de-tartesos\/#breadcrumb"},"inLanguage":"es","potentialAction":[{"@type":"ReadAction","target":["https:\/\/www.ull.es\/portal\/noticias\/2013\/el-catedratico-de-la-ull-antonio-tejera-dicto-en-badajoz-una-clase-magistral-sobre-la-mitologia-de-tartesos\/"]}]},{"@type":"BreadcrumbList","@id":"https:\/\/www.ull.es\/portal\/noticias\/2013\/el-catedratico-de-la-ull-antonio-tejera-dicto-en-badajoz-una-clase-magistral-sobre-la-mitologia-de-tartesos\/#breadcrumb","itemListElement":[{"@type":"ListItem","position":1,"name":"Portada","item":"https:\/\/www.ull.es\/portal\/noticias\/"},{"@type":"ListItem","position":2,"name":"El catedr\u00e1tico de la ULL Antonio Tejera dict\u00f3 en Badajoz una clase magistral sobre la mitolog\u00eda de Tartesos"}]},{"@type":"WebSite","@id":"https:\/\/www.ull.es\/portal\/noticias\/#website","url":"https:\/\/www.ull.es\/portal\/noticias\/","name":"ULL - Noticias","description":"","potentialAction":[{"@type":"SearchAction","target":{"@type":"EntryPoint","urlTemplate":"https:\/\/www.ull.es\/portal\/noticias\/?s={search_term_string}"},"query-input":"required name=search_term_string"}],"inLanguage":"es"},{"@type":"Person","@id":"https:\/\/www.ull.es\/portal\/noticias\/#\/schema\/person\/c3b2aa857797592927a03740d6664376","name":"prensa2","image":{"@type":"ImageObject","inLanguage":"es","@id":"https:\/\/www.ull.es\/portal\/noticias\/#\/schema\/person\/image\/","url":"https:\/\/secure.gravatar.com\/avatar\/b58f310a5de5feb33d1e026d2493f23c?s=96&d=mm&r=g","contentUrl":"https:\/\/secure.gravatar.com\/avatar\/b58f310a5de5feb33d1e026d2493f23c?s=96&d=mm&r=g","caption":"prensa2"},"url":"https:\/\/www.ull.es\/portal\/noticias\/author\/prensa2\/"}]}},"primary_category":null,"featured_image_thumbnail_url":"https:\/\/www.ull.es\/portal\/noticias\/wp-content\/uploads\/sites\/13\/2015\/07\/DSC03814-300x225.jpg","_links":{"self":[{"href":"https:\/\/www.ull.es\/portal\/noticias\/wp-json\/wp\/v2\/posts\/20563"}],"collection":[{"href":"https:\/\/www.ull.es\/portal\/noticias\/wp-json\/wp\/v2\/posts"}],"about":[{"href":"https:\/\/www.ull.es\/portal\/noticias\/wp-json\/wp\/v2\/types\/post"}],"author":[{"embeddable":true,"href":"https:\/\/www.ull.es\/portal\/noticias\/wp-json\/wp\/v2\/users\/21"}],"replies":[{"embeddable":true,"href":"https:\/\/www.ull.es\/portal\/noticias\/wp-json\/wp\/v2\/comments?post=20563"}],"version-history":[{"count":0,"href":"https:\/\/www.ull.es\/portal\/noticias\/wp-json\/wp\/v2\/posts\/20563\/revisions"}],"wp:featuredmedia":[{"embeddable":true,"href":"https:\/\/www.ull.es\/portal\/noticias\/wp-json\/wp\/v2\/media\/20566"}],"wp:attachment":[{"href":"https:\/\/www.ull.es\/portal\/noticias\/wp-json\/wp\/v2\/media?parent=20563"}],"wp:term":[{"taxonomy":"category","embeddable":true,"href":"https:\/\/www.ull.es\/portal\/noticias\/wp-json\/wp\/v2\/categories?post=20563"},{"taxonomy":"post_tag","embeddable":true,"href":"https:\/\/www.ull.es\/portal\/noticias\/wp-json\/wp\/v2\/tags?post=20563"}],"curies":[{"name":"wp","href":"https:\/\/api.w.org\/{rel}","templated":true}]}}