{"id":20583,"date":"2013-04-15T09:52:58","date_gmt":"2013-04-15T09:52:58","guid":{"rendered":"http:\/\/ddigital.webs.ull.es\/el-foro-de-presentacion-de-proyectos-empresariales-de-la-ull-se-celebrara-el-proximo-25-de-abril\/"},"modified":"2013-04-15T09:52:58","modified_gmt":"2013-04-15T09:52:58","slug":"el-foro-de-presentacion-de-proyectos-empresariales-de-la-ull-se-celebrara-el-proximo-25-de-abril","status":"publish","type":"post","link":"https:\/\/www.ull.es\/portal\/noticias\/2013\/el-foro-de-presentacion-de-proyectos-empresariales-de-la-ull-se-celebrara-el-proximo-25-de-abril\/","title":{"rendered":"El Foro de Presentaci\u00f3n de Proyectos Empresariales de la ULL se celebrar\u00e1 el pr\u00f3ximo 25 de abril"},"content":{"rendered":"<p> \tEl pr&oacute;ximo jueves 25 de abril quince j&oacute;venes de la Universidad de La Laguna participar&aacute;n en el Foro de Presentaci&oacute;n de Proyectos Empresariales de la Universidad de La Laguna (ULL), que se celebrar&aacute; en la Sala de Juntas del Edificio de Econ&oacute;micas y Empresariales de 9 a 14 horas.<\/p>\n<p> \tEste Foro, promovido por la unidad de apoyo al emprendimiento de la Fundaci&oacute;n General de la ULL, Emprende.ull, est&aacute; reconocido por ser el escaparate del talento emprendedor del colectivo universitario de Tenerife. En esta edici&oacute;n participar&aacute;n quince proyectos que se han gestado en el Taller de Iniciativas Empresariales (TIE) desarrollado durante los &uacute;ltimos cuatro meses por el equipo t&eacute;cnico de Emprende.ull, siguiendo un intenso plan de trabajo que culmina con este encuentro.<\/p>\n<p> \tLos representantes de cada uno de ellos deber&aacute;n comunicar su modelo de negocio de forma atractiva, clara y sencilla ante el p&uacute;blico y jurado asistente, quien evaluar&aacute; entre otros aspectos, las presentaciones, la viabilidad t&eacute;cnica y econ&oacute;mica de las ideas, su grado de innovaci&oacute;n y&nbsp; maduraci&oacute;n.<\/p>\n<p> \tCon este Foro, Emprende.ull ahonda en su apoyo a la comunidad universitaria en materia emprendedora, ayudando e impulsando a la gestaci&oacute;n de proyectos, desde el nacimiento de la idea hasta la puesta en marcha de la misma e incentivando la innovaci&oacute;n en los nuevos modelos de negocio que se crean.<\/p>\n<p> \tPara asistir al Foro como p&uacute;blico es preciso formalizar una inscripci&oacute;n de forma previa, a trav&eacute;s del Portal Servicios online de la FGULL (Fundaci&oacute;n General de la Universidad de La Laguna).<\/p>\n<p> \t(Nota cedida por la FGULL)<\/p>\n","protected":false},"excerpt":{"rendered":"<p>El pr&oacute;ximo jueves 25 de abril quince j&oacute;venes de la Universidad de La Laguna participar&aacute;n en el Foro de Presentaci&oacute;n&#8230;<\/p>\n","protected":false},"author":21,"featured_media":20584,"comment_status":"open","ping_status":"open","sticky":false,"template":"","format":"standard","meta":{"inline_featured_image":false,"footnotes":""},"categories":[348,1],"tags":[],"acf":[],"yoast_head":"<!-- This site is optimized with the Yoast SEO plugin v21.3 - https:\/\/yoast.com\/wordpress\/plugins\/seo\/ -->\n<title>El Foro de Presentaci\u00f3n de Proyectos Empresariales de la ULL se celebrar\u00e1 el pr\u00f3ximo 25 de abril - ULL - Noticias<\/title>\n<meta name=\"robots\" content=\"index, follow, max-snippet:-1, max-image-preview:large, max-video-preview:-1\" \/>\n<link rel=\"canonical\" href=\"https:\/\/www.ull.es\/portal\/noticias\/2013\/el-foro-de-presentacion-de-proyectos-empresariales-de-la-ull-se-celebrara-el-proximo-25-de-abril\/\" \/>\n<meta property=\"og:locale\" content=\"es_ES\" \/>\n<meta property=\"og:type\" content=\"article\" \/>\n<meta property=\"og:title\" content=\"El Foro de Presentaci\u00f3n de Proyectos Empresariales de la ULL se celebrar\u00e1 el pr\u00f3ximo 25 de abril - ULL - Noticias\" \/>\n<meta property=\"og:description\" content=\"El pr&oacute;ximo jueves 25 de abril quince j&oacute;venes de la Universidad de La Laguna participar&aacute;n en el Foro de Presentaci&oacute;n...\" \/>\n<meta property=\"og:url\" content=\"https:\/\/www.ull.es\/portal\/noticias\/2013\/el-foro-de-presentacion-de-proyectos-empresariales-de-la-ull-se-celebrara-el-proximo-25-de-abril\/\" \/>\n<meta property=\"og:site_name\" content=\"ULL - Noticias\" \/>\n<meta property=\"article:publisher\" content=\"https:\/\/www.facebook.com\/universidaddelalaguna\/\" \/>\n<meta property=\"article:published_time\" content=\"2013-04-15T09:52:58+00:00\" \/>\n<meta property=\"og:image\" content=\"https:\/\/www.ull.es\/portal\/noticias\/wp-content\/uploads\/sites\/13\/2015\/07\/FPP-cartel.jpg\" \/>\n\t<meta property=\"og:image:width\" content=\"728\" \/>\n\t<meta property=\"og:image:height\" content=\"1024\" \/>\n\t<meta property=\"og:image:type\" content=\"image\/jpeg\" \/>\n<meta name=\"author\" content=\"prensa2\" \/>\n<meta name=\"twitter:card\" content=\"summary_large_image\" \/>\n<meta name=\"twitter:creator\" content=\"@CanalULL\" \/>\n<meta name=\"twitter:site\" content=\"@CanalULL\" \/>\n<meta name=\"twitter:label1\" content=\"Escrito por\" \/>\n\t<meta name=\"twitter:data1\" content=\"prensa2\" \/>\n\t<meta name=\"twitter:label2\" content=\"Tiempo de lectura\" \/>\n\t<meta name=\"twitter:data2\" content=\"2 minutos\" \/>\n<script type=\"application\/ld+json\" class=\"yoast-schema-graph\">{\"@context\":\"https:\/\/schema.org\",\"@graph\":[{\"@type\":\"WebPage\",\"@id\":\"https:\/\/www.ull.es\/portal\/noticias\/2013\/el-foro-de-presentacion-de-proyectos-empresariales-de-la-ull-se-celebrara-el-proximo-25-de-abril\/\",\"url\":\"https:\/\/www.ull.es\/portal\/noticias\/2013\/el-foro-de-presentacion-de-proyectos-empresariales-de-la-ull-se-celebrara-el-proximo-25-de-abril\/\",\"name\":\"El Foro de Presentaci\u00f3n de Proyectos Empresariales de la ULL se celebrar\u00e1 el pr\u00f3ximo 25 de abril - ULL - Noticias\",\"isPartOf\":{\"@id\":\"https:\/\/www.ull.es\/portal\/noticias\/#website\"},\"datePublished\":\"2013-04-15T09:52:58+00:00\",\"dateModified\":\"2013-04-15T09:52:58+00:00\",\"author\":{\"@id\":\"https:\/\/www.ull.es\/portal\/noticias\/#\/schema\/person\/c3b2aa857797592927a03740d6664376\"},\"breadcrumb\":{\"@id\":\"https:\/\/www.ull.es\/portal\/noticias\/2013\/el-foro-de-presentacion-de-proyectos-empresariales-de-la-ull-se-celebrara-el-proximo-25-de-abril\/#breadcrumb\"},\"inLanguage\":\"es\",\"potentialAction\":[{\"@type\":\"ReadAction\",\"target\":[\"https:\/\/www.ull.es\/portal\/noticias\/2013\/el-foro-de-presentacion-de-proyectos-empresariales-de-la-ull-se-celebrara-el-proximo-25-de-abril\/\"]}]},{\"@type\":\"BreadcrumbList\",\"@id\":\"https:\/\/www.ull.es\/portal\/noticias\/2013\/el-foro-de-presentacion-de-proyectos-empresariales-de-la-ull-se-celebrara-el-proximo-25-de-abril\/#breadcrumb\",\"itemListElement\":[{\"@type\":\"ListItem\",\"position\":1,\"name\":\"Portada\",\"item\":\"https:\/\/www.ull.es\/portal\/noticias\/\"},{\"@type\":\"ListItem\",\"position\":2,\"name\":\"El Foro de Presentaci\u00f3n de Proyectos Empresariales de la ULL se celebrar\u00e1 el pr\u00f3ximo 25 de abril\"}]},{\"@type\":\"WebSite\",\"@id\":\"https:\/\/www.ull.es\/portal\/noticias\/#website\",\"url\":\"https:\/\/www.ull.es\/portal\/noticias\/\",\"name\":\"ULL - Noticias\",\"description\":\"\",\"potentialAction\":[{\"@type\":\"SearchAction\",\"target\":{\"@type\":\"EntryPoint\",\"urlTemplate\":\"https:\/\/www.ull.es\/portal\/noticias\/?s={search_term_string}\"},\"query-input\":\"required name=search_term_string\"}],\"inLanguage\":\"es\"},{\"@type\":\"Person\",\"@id\":\"https:\/\/www.ull.es\/portal\/noticias\/#\/schema\/person\/c3b2aa857797592927a03740d6664376\",\"name\":\"prensa2\",\"image\":{\"@type\":\"ImageObject\",\"inLanguage\":\"es\",\"@id\":\"https:\/\/www.ull.es\/portal\/noticias\/#\/schema\/person\/image\/\",\"url\":\"https:\/\/secure.gravatar.com\/avatar\/b58f310a5de5feb33d1e026d2493f23c?s=96&d=mm&r=g\",\"contentUrl\":\"https:\/\/secure.gravatar.com\/avatar\/b58f310a5de5feb33d1e026d2493f23c?s=96&d=mm&r=g\",\"caption\":\"prensa2\"},\"url\":\"https:\/\/www.ull.es\/portal\/noticias\/author\/prensa2\/\"}]}<\/script>\n<!-- \/ Yoast SEO plugin. -->","yoast_head_json":{"title":"El Foro de Presentaci\u00f3n de Proyectos Empresariales de la ULL se celebrar\u00e1 el pr\u00f3ximo 25 de abril - ULL - Noticias","robots":{"index":"index","follow":"follow","max-snippet":"max-snippet:-1","max-image-preview":"max-image-preview:large","max-video-preview":"max-video-preview:-1"},"canonical":"https:\/\/www.ull.es\/portal\/noticias\/2013\/el-foro-de-presentacion-de-proyectos-empresariales-de-la-ull-se-celebrara-el-proximo-25-de-abril\/","og_locale":"es_ES","og_type":"article","og_title":"El Foro de Presentaci\u00f3n de Proyectos Empresariales de la ULL se celebrar\u00e1 el pr\u00f3ximo 25 de abril - ULL - Noticias","og_description":"El pr&oacute;ximo jueves 25 de abril quince j&oacute;venes de la Universidad de La Laguna participar&aacute;n en el Foro de Presentaci&oacute;n...","og_url":"https:\/\/www.ull.es\/portal\/noticias\/2013\/el-foro-de-presentacion-de-proyectos-empresariales-de-la-ull-se-celebrara-el-proximo-25-de-abril\/","og_site_name":"ULL - Noticias","article_publisher":"https:\/\/www.facebook.com\/universidaddelalaguna\/","article_published_time":"2013-04-15T09:52:58+00:00","og_image":[{"width":728,"height":1024,"url":"https:\/\/www.ull.es\/portal\/noticias\/wp-content\/uploads\/sites\/13\/2015\/07\/FPP-cartel.jpg","type":"image\/jpeg"}],"author":"prensa2","twitter_card":"summary_large_image","twitter_creator":"@CanalULL","twitter_site":"@CanalULL","twitter_misc":{"Escrito por":"prensa2","Tiempo de lectura":"2 minutos"},"schema":{"@context":"https:\/\/schema.org","@graph":[{"@type":"WebPage","@id":"https:\/\/www.ull.es\/portal\/noticias\/2013\/el-foro-de-presentacion-de-proyectos-empresariales-de-la-ull-se-celebrara-el-proximo-25-de-abril\/","url":"https:\/\/www.ull.es\/portal\/noticias\/2013\/el-foro-de-presentacion-de-proyectos-empresariales-de-la-ull-se-celebrara-el-proximo-25-de-abril\/","name":"El Foro de Presentaci\u00f3n de Proyectos Empresariales de la ULL se celebrar\u00e1 el pr\u00f3ximo 25 de abril - ULL - Noticias","isPartOf":{"@id":"https:\/\/www.ull.es\/portal\/noticias\/#website"},"datePublished":"2013-04-15T09:52:58+00:00","dateModified":"2013-04-15T09:52:58+00:00","author":{"@id":"https:\/\/www.ull.es\/portal\/noticias\/#\/schema\/person\/c3b2aa857797592927a03740d6664376"},"breadcrumb":{"@id":"https:\/\/www.ull.es\/portal\/noticias\/2013\/el-foro-de-presentacion-de-proyectos-empresariales-de-la-ull-se-celebrara-el-proximo-25-de-abril\/#breadcrumb"},"inLanguage":"es","potentialAction":[{"@type":"ReadAction","target":["https:\/\/www.ull.es\/portal\/noticias\/2013\/el-foro-de-presentacion-de-proyectos-empresariales-de-la-ull-se-celebrara-el-proximo-25-de-abril\/"]}]},{"@type":"BreadcrumbList","@id":"https:\/\/www.ull.es\/portal\/noticias\/2013\/el-foro-de-presentacion-de-proyectos-empresariales-de-la-ull-se-celebrara-el-proximo-25-de-abril\/#breadcrumb","itemListElement":[{"@type":"ListItem","position":1,"name":"Portada","item":"https:\/\/www.ull.es\/portal\/noticias\/"},{"@type":"ListItem","position":2,"name":"El Foro de Presentaci\u00f3n de Proyectos Empresariales de la ULL se celebrar\u00e1 el pr\u00f3ximo 25 de abril"}]},{"@type":"WebSite","@id":"https:\/\/www.ull.es\/portal\/noticias\/#website","url":"https:\/\/www.ull.es\/portal\/noticias\/","name":"ULL - Noticias","description":"","potentialAction":[{"@type":"SearchAction","target":{"@type":"EntryPoint","urlTemplate":"https:\/\/www.ull.es\/portal\/noticias\/?s={search_term_string}"},"query-input":"required name=search_term_string"}],"inLanguage":"es"},{"@type":"Person","@id":"https:\/\/www.ull.es\/portal\/noticias\/#\/schema\/person\/c3b2aa857797592927a03740d6664376","name":"prensa2","image":{"@type":"ImageObject","inLanguage":"es","@id":"https:\/\/www.ull.es\/portal\/noticias\/#\/schema\/person\/image\/","url":"https:\/\/secure.gravatar.com\/avatar\/b58f310a5de5feb33d1e026d2493f23c?s=96&d=mm&r=g","contentUrl":"https:\/\/secure.gravatar.com\/avatar\/b58f310a5de5feb33d1e026d2493f23c?s=96&d=mm&r=g","caption":"prensa2"},"url":"https:\/\/www.ull.es\/portal\/noticias\/author\/prensa2\/"}]}},"primary_category":null,"featured_image_thumbnail_url":"https:\/\/www.ull.es\/portal\/noticias\/wp-content\/uploads\/sites\/13\/2015\/07\/FPP-cartel-213x300.jpg","_links":{"self":[{"href":"https:\/\/www.ull.es\/portal\/noticias\/wp-json\/wp\/v2\/posts\/20583"}],"collection":[{"href":"https:\/\/www.ull.es\/portal\/noticias\/wp-json\/wp\/v2\/posts"}],"about":[{"href":"https:\/\/www.ull.es\/portal\/noticias\/wp-json\/wp\/v2\/types\/post"}],"author":[{"embeddable":true,"href":"https:\/\/www.ull.es\/portal\/noticias\/wp-json\/wp\/v2\/users\/21"}],"replies":[{"embeddable":true,"href":"https:\/\/www.ull.es\/portal\/noticias\/wp-json\/wp\/v2\/comments?post=20583"}],"version-history":[{"count":0,"href":"https:\/\/www.ull.es\/portal\/noticias\/wp-json\/wp\/v2\/posts\/20583\/revisions"}],"wp:featuredmedia":[{"embeddable":true,"href":"https:\/\/www.ull.es\/portal\/noticias\/wp-json\/wp\/v2\/media\/20584"}],"wp:attachment":[{"href":"https:\/\/www.ull.es\/portal\/noticias\/wp-json\/wp\/v2\/media?parent=20583"}],"wp:term":[{"taxonomy":"category","embeddable":true,"href":"https:\/\/www.ull.es\/portal\/noticias\/wp-json\/wp\/v2\/categories?post=20583"},{"taxonomy":"post_tag","embeddable":true,"href":"https:\/\/www.ull.es\/portal\/noticias\/wp-json\/wp\/v2\/tags?post=20583"}],"curies":[{"name":"wp","href":"https:\/\/api.w.org\/{rel}","templated":true}]}}