{"id":20620,"date":"2013-04-19T13:08:08","date_gmt":"2013-04-19T13:08:08","guid":{"rendered":"http:\/\/ddigital.webs.ull.es\/la-exposicion-bibliografica-sobre-el-franquismo-en-canarias-abre-los-actos-del-dia-del-libro-en-la-ull\/"},"modified":"2013-04-19T13:08:08","modified_gmt":"2013-04-19T13:08:08","slug":"la-exposicion-bibliografica-sobre-el-franquismo-en-canarias-abre-los-actos-del-dia-del-libro-en-la-ull","status":"publish","type":"post","link":"https:\/\/www.ull.es\/portal\/noticias\/2013\/la-exposicion-bibliografica-sobre-el-franquismo-en-canarias-abre-los-actos-del-dia-del-libro-en-la-ull\/","title":{"rendered":"La exposici\u00f3n bibliogr\u00e1fica sobre el franquismo en Canarias abre los actos del D\u00eda del Libro en la ULL"},"content":{"rendered":"<p> \tCon motivo del D&iacute;a del Libro, la Universidad de La Laguna ha organizado para el pr&oacute;ximo martes 23 de abril una serie de actividades en la Biblioteca General y de Humanidades del Campus Guajara. Los actos principales se centrar&aacute;n en&nbsp; una exposici&oacute;n bibliogr&aacute;fica del franquismo en las islas, un concurso de cuentos cortos y una sesi&oacute;n extraordinaria del Club de Lectura. Adem&aacute;s, durante toda esa semana se celebrar&aacute; de forma paralela a esta conmemoraci&oacute;n el Encuentro de Historia sobre franquismo en Canarias.<\/p>\n<p> \t&ldquo;Luces sobre un tiempo en gris: Exposici&oacute;n bibliogr&aacute;fica sobre la represi&oacute;n franquista en Canarias&rdquo; es el t&iacute;tulo de la muestra que se inaugurar&aacute; el martes 23 a las 11:30 horas en la citada biblioteca, y donde se expondr&aacute; estudios acad&eacute;micos y documentos personales e institucionales que mostrar&aacute;n a los asistentes las expresiones del franquismo en las islas. Al finalizar el acto se proceder&aacute; a la lectura de varios fragmentos de memorias, poemas y otras obras de individuos represaliados en la &eacute;poca, a&nbsp; manos de la Agrupaci&oacute;n de Teatro de Filolog&iacute;a.<\/p>\n<p> \t&ldquo;Esta exposici&oacute;n bibliogr&aacute;fica intenta luminar as&iacute; un periodo velado, en los que tambi&eacute;n la cultura, la literatura y el arte estuvieron afectados por la censura y tuvieron dificultades para ver la luz de la edici&oacute;n en libertad&rdquo;, argumentan sus coordinadores. La muestra est&aacute; estructurada en diversos apartados expositivos que abarcan cronol&oacute;gicamente desde la Segunda Rep&uacute;blica en Canarias hasta el actual movimiento de recuperaci&oacute;n de la Memoria Hist&oacute;rica, re&uacute;ne un importante n&uacute;mero de testimonios de personas represaliadas, escritos tanto en prosa como en forma de versos cautivos generados en las c&aacute;rceles canarias durante la Guerra Civil y la posguerra.<\/p>\n<p> \tLas voces escritas se complementan con fuentes orales en la secci&oacute;n audiovisual de la muestra, en la que se exhibir&aacute;n diversos documentales relativos a esta tem&aacute;tica. Por &uacute;ltimo, un conjunto de obras pict&oacute;ricas de Eduardo Martin&oacute;n y una serie de grabados de Antonio Gamiz y Jos&eacute; Luis Vega, inspiradas en el universo carcelario canario de la posguerra en Canarias completan esta exposici&oacute;n bibliogr&aacute;fica y documental.<\/p>\n<p> \tEsta muestra, que ha contado con el soporte acad&eacute;mico del catedr&aacute;tico de Historia Contempor&aacute;nea Miguel &Aacute;ngel Cabrera Acosta y los historiadores Miguel Victorio Heredero, Aar&oacute;n Le&oacute;n, Guacimara Ramos y Luana Studer, permanecer&aacute; abierta al p&uacute;blico entre el 23 de abril y el 23 de mayo en la Biblioteca General y de Humanidades del Campus de Guajara.<\/p>\n<p> \t<strong>Otras actividades<\/strong><\/p>\n<p> \tAdem&aacute;s, durante esta jornada se realizar&aacute; la convocatoria del &ldquo;X Concurso de relato breve D&iacute;a del Libro&rdquo;, organizado por el Vicerrectorado de Relaciones Universidad y Sociedad, y en el que cualquier persona perteneciente a la ULL (alumnado, PAS y profesorado) que lo desee podr&aacute; participar durante todo el d&iacute;a. El premio a la obra ganadora es de 300 euros, que se otorgar&aacute; al relato m&aacute;s completo. <\/p>\n<p> \tEl D&iacute;a del Libro en la Universidad de La Laguna se completa tambi&eacute;n con una sesi&oacute;n extraordinaria del Club de Lectura de la instituci&oacute;n acad&eacute;mica a las 18 horas, que girar&aacute; en torno a la obra &ldquo;El barranco&rdquo;, ambientada en La Laguna durante la Guerra Civil, y cuya autora es la escritora canaria exiliada en Par&iacute;s Nivaria Tejera. La presentaci&oacute;n y coordinaci&oacute;n de esta actividad correr&aacute; a cargo de Antonio &Aacute;lvarez de la Rosa, catedr&aacute;tico de Filolog&iacute;a Francesa de la ULL.<\/p>\n<p> \tEl desarrollo paralelo del Encuentro de Historia sobre franquismo en Canarias, organizado por el Departamento de Historia de la Universidad de La Laguna y el Instituto de Estudios Canarios durante la semana del 22 al 26 de abril, constituye el marco acad&eacute;mico adecuado para quienes quieran profundizar en la materia de estos actos de celebraci&oacute;n del D&iacute;a del Libro 2013 de la Universidad de La Laguna.<\/p>\n<p> \tM&aacute;s informaci&oacute;n en el siguiente enlace:&nbsp; <a href=\"http:\/\/www.ull.es\/Private\/folder\/institucional\/ull\/wull\/especiales\/dia_libro\/diptico2013.pdf\" target=\"_blank\" target=\"_blank\" rel=\"noopener\">http:\/\/www.ull.es\/Private\/folder\/institucional\/ull\/wull\/especiales\/dia_libro\/diptico2013.pdf<\/a><br \/> \t&nbsp;<\/p>\n","protected":false},"excerpt":{"rendered":"<p>Con motivo del D&iacute;a del Libro, la Universidad de La Laguna ha organizado para el pr&oacute;ximo martes 23 de abril&#8230;<\/p>\n","protected":false},"author":21,"featured_media":20621,"comment_status":"open","ping_status":"open","sticky":false,"template":"","format":"standard","meta":{"inline_featured_image":false,"footnotes":""},"categories":[344,1],"tags":[],"acf":[],"yoast_head":"<!-- This site is optimized with the Yoast SEO plugin v21.3 - https:\/\/yoast.com\/wordpress\/plugins\/seo\/ -->\n<title>La exposici\u00f3n bibliogr\u00e1fica sobre el franquismo en Canarias abre los actos del D\u00eda del Libro en la ULL - ULL - Noticias<\/title>\n<meta name=\"robots\" content=\"index, follow, max-snippet:-1, max-image-preview:large, max-video-preview:-1\" \/>\n<link rel=\"canonical\" href=\"https:\/\/www.ull.es\/portal\/noticias\/2013\/la-exposicion-bibliografica-sobre-el-franquismo-en-canarias-abre-los-actos-del-dia-del-libro-en-la-ull\/\" \/>\n<meta property=\"og:locale\" content=\"es_ES\" \/>\n<meta property=\"og:type\" content=\"article\" \/>\n<meta property=\"og:title\" content=\"La exposici\u00f3n bibliogr\u00e1fica sobre el franquismo en Canarias abre los actos del D\u00eda del Libro en la ULL - ULL - Noticias\" \/>\n<meta property=\"og:description\" content=\"Con motivo del D&iacute;a del Libro, la Universidad de La Laguna ha organizado para el pr&oacute;ximo martes 23 de abril...\" \/>\n<meta property=\"og:url\" content=\"https:\/\/www.ull.es\/portal\/noticias\/2013\/la-exposicion-bibliografica-sobre-el-franquismo-en-canarias-abre-los-actos-del-dia-del-libro-en-la-ull\/\" \/>\n<meta property=\"og:site_name\" content=\"ULL - Noticias\" \/>\n<meta property=\"article:publisher\" content=\"https:\/\/www.facebook.com\/universidaddelalaguna\/\" \/>\n<meta property=\"article:published_time\" content=\"2013-04-19T13:08:08+00:00\" \/>\n<meta property=\"og:image\" content=\"https:\/\/www.ull.es\/portal\/noticias\/wp-content\/uploads\/sites\/13\/2015\/07\/cartel_dialibro1.jpg\" \/>\n\t<meta property=\"og:image:width\" content=\"556\" \/>\n\t<meta property=\"og:image:height\" content=\"800\" \/>\n\t<meta property=\"og:image:type\" content=\"image\/jpeg\" \/>\n<meta name=\"author\" content=\"prensa2\" \/>\n<meta name=\"twitter:card\" content=\"summary_large_image\" \/>\n<meta name=\"twitter:creator\" content=\"@CanalULL\" \/>\n<meta name=\"twitter:site\" content=\"@CanalULL\" \/>\n<meta name=\"twitter:label1\" content=\"Escrito por\" \/>\n\t<meta name=\"twitter:data1\" content=\"prensa2\" \/>\n\t<meta name=\"twitter:label2\" content=\"Tiempo de lectura\" \/>\n\t<meta name=\"twitter:data2\" content=\"4 minutos\" \/>\n<script type=\"application\/ld+json\" class=\"yoast-schema-graph\">{\"@context\":\"https:\/\/schema.org\",\"@graph\":[{\"@type\":\"WebPage\",\"@id\":\"https:\/\/www.ull.es\/portal\/noticias\/2013\/la-exposicion-bibliografica-sobre-el-franquismo-en-canarias-abre-los-actos-del-dia-del-libro-en-la-ull\/\",\"url\":\"https:\/\/www.ull.es\/portal\/noticias\/2013\/la-exposicion-bibliografica-sobre-el-franquismo-en-canarias-abre-los-actos-del-dia-del-libro-en-la-ull\/\",\"name\":\"La exposici\u00f3n bibliogr\u00e1fica sobre el franquismo en Canarias abre los actos del D\u00eda del Libro en la ULL - ULL - Noticias\",\"isPartOf\":{\"@id\":\"https:\/\/www.ull.es\/portal\/noticias\/#website\"},\"datePublished\":\"2013-04-19T13:08:08+00:00\",\"dateModified\":\"2013-04-19T13:08:08+00:00\",\"author\":{\"@id\":\"https:\/\/www.ull.es\/portal\/noticias\/#\/schema\/person\/c3b2aa857797592927a03740d6664376\"},\"breadcrumb\":{\"@id\":\"https:\/\/www.ull.es\/portal\/noticias\/2013\/la-exposicion-bibliografica-sobre-el-franquismo-en-canarias-abre-los-actos-del-dia-del-libro-en-la-ull\/#breadcrumb\"},\"inLanguage\":\"es\",\"potentialAction\":[{\"@type\":\"ReadAction\",\"target\":[\"https:\/\/www.ull.es\/portal\/noticias\/2013\/la-exposicion-bibliografica-sobre-el-franquismo-en-canarias-abre-los-actos-del-dia-del-libro-en-la-ull\/\"]}]},{\"@type\":\"BreadcrumbList\",\"@id\":\"https:\/\/www.ull.es\/portal\/noticias\/2013\/la-exposicion-bibliografica-sobre-el-franquismo-en-canarias-abre-los-actos-del-dia-del-libro-en-la-ull\/#breadcrumb\",\"itemListElement\":[{\"@type\":\"ListItem\",\"position\":1,\"name\":\"Portada\",\"item\":\"https:\/\/www.ull.es\/portal\/noticias\/\"},{\"@type\":\"ListItem\",\"position\":2,\"name\":\"La exposici\u00f3n bibliogr\u00e1fica sobre el franquismo en Canarias abre los actos del D\u00eda del Libro en la ULL\"}]},{\"@type\":\"WebSite\",\"@id\":\"https:\/\/www.ull.es\/portal\/noticias\/#website\",\"url\":\"https:\/\/www.ull.es\/portal\/noticias\/\",\"name\":\"ULL - Noticias\",\"description\":\"\",\"potentialAction\":[{\"@type\":\"SearchAction\",\"target\":{\"@type\":\"EntryPoint\",\"urlTemplate\":\"https:\/\/www.ull.es\/portal\/noticias\/?s={search_term_string}\"},\"query-input\":\"required name=search_term_string\"}],\"inLanguage\":\"es\"},{\"@type\":\"Person\",\"@id\":\"https:\/\/www.ull.es\/portal\/noticias\/#\/schema\/person\/c3b2aa857797592927a03740d6664376\",\"name\":\"prensa2\",\"image\":{\"@type\":\"ImageObject\",\"inLanguage\":\"es\",\"@id\":\"https:\/\/www.ull.es\/portal\/noticias\/#\/schema\/person\/image\/\",\"url\":\"https:\/\/secure.gravatar.com\/avatar\/b58f310a5de5feb33d1e026d2493f23c?s=96&d=mm&r=g\",\"contentUrl\":\"https:\/\/secure.gravatar.com\/avatar\/b58f310a5de5feb33d1e026d2493f23c?s=96&d=mm&r=g\",\"caption\":\"prensa2\"},\"url\":\"https:\/\/www.ull.es\/portal\/noticias\/author\/prensa2\/\"}]}<\/script>\n<!-- \/ Yoast SEO plugin. -->","yoast_head_json":{"title":"La exposici\u00f3n bibliogr\u00e1fica sobre el franquismo en Canarias abre los actos del D\u00eda del Libro en la ULL - ULL - Noticias","robots":{"index":"index","follow":"follow","max-snippet":"max-snippet:-1","max-image-preview":"max-image-preview:large","max-video-preview":"max-video-preview:-1"},"canonical":"https:\/\/www.ull.es\/portal\/noticias\/2013\/la-exposicion-bibliografica-sobre-el-franquismo-en-canarias-abre-los-actos-del-dia-del-libro-en-la-ull\/","og_locale":"es_ES","og_type":"article","og_title":"La exposici\u00f3n bibliogr\u00e1fica sobre el franquismo en Canarias abre los actos del D\u00eda del Libro en la ULL - ULL - Noticias","og_description":"Con motivo del D&iacute;a del Libro, la Universidad de La Laguna ha organizado para el pr&oacute;ximo martes 23 de abril...","og_url":"https:\/\/www.ull.es\/portal\/noticias\/2013\/la-exposicion-bibliografica-sobre-el-franquismo-en-canarias-abre-los-actos-del-dia-del-libro-en-la-ull\/","og_site_name":"ULL - Noticias","article_publisher":"https:\/\/www.facebook.com\/universidaddelalaguna\/","article_published_time":"2013-04-19T13:08:08+00:00","og_image":[{"width":556,"height":800,"url":"https:\/\/www.ull.es\/portal\/noticias\/wp-content\/uploads\/sites\/13\/2015\/07\/cartel_dialibro1.jpg","type":"image\/jpeg"}],"author":"prensa2","twitter_card":"summary_large_image","twitter_creator":"@CanalULL","twitter_site":"@CanalULL","twitter_misc":{"Escrito por":"prensa2","Tiempo de lectura":"4 minutos"},"schema":{"@context":"https:\/\/schema.org","@graph":[{"@type":"WebPage","@id":"https:\/\/www.ull.es\/portal\/noticias\/2013\/la-exposicion-bibliografica-sobre-el-franquismo-en-canarias-abre-los-actos-del-dia-del-libro-en-la-ull\/","url":"https:\/\/www.ull.es\/portal\/noticias\/2013\/la-exposicion-bibliografica-sobre-el-franquismo-en-canarias-abre-los-actos-del-dia-del-libro-en-la-ull\/","name":"La exposici\u00f3n bibliogr\u00e1fica sobre el franquismo en Canarias abre los actos del D\u00eda del Libro en la ULL - ULL - Noticias","isPartOf":{"@id":"https:\/\/www.ull.es\/portal\/noticias\/#website"},"datePublished":"2013-04-19T13:08:08+00:00","dateModified":"2013-04-19T13:08:08+00:00","author":{"@id":"https:\/\/www.ull.es\/portal\/noticias\/#\/schema\/person\/c3b2aa857797592927a03740d6664376"},"breadcrumb":{"@id":"https:\/\/www.ull.es\/portal\/noticias\/2013\/la-exposicion-bibliografica-sobre-el-franquismo-en-canarias-abre-los-actos-del-dia-del-libro-en-la-ull\/#breadcrumb"},"inLanguage":"es","potentialAction":[{"@type":"ReadAction","target":["https:\/\/www.ull.es\/portal\/noticias\/2013\/la-exposicion-bibliografica-sobre-el-franquismo-en-canarias-abre-los-actos-del-dia-del-libro-en-la-ull\/"]}]},{"@type":"BreadcrumbList","@id":"https:\/\/www.ull.es\/portal\/noticias\/2013\/la-exposicion-bibliografica-sobre-el-franquismo-en-canarias-abre-los-actos-del-dia-del-libro-en-la-ull\/#breadcrumb","itemListElement":[{"@type":"ListItem","position":1,"name":"Portada","item":"https:\/\/www.ull.es\/portal\/noticias\/"},{"@type":"ListItem","position":2,"name":"La exposici\u00f3n bibliogr\u00e1fica sobre el franquismo en Canarias abre los actos del D\u00eda del Libro en la ULL"}]},{"@type":"WebSite","@id":"https:\/\/www.ull.es\/portal\/noticias\/#website","url":"https:\/\/www.ull.es\/portal\/noticias\/","name":"ULL - Noticias","description":"","potentialAction":[{"@type":"SearchAction","target":{"@type":"EntryPoint","urlTemplate":"https:\/\/www.ull.es\/portal\/noticias\/?s={search_term_string}"},"query-input":"required name=search_term_string"}],"inLanguage":"es"},{"@type":"Person","@id":"https:\/\/www.ull.es\/portal\/noticias\/#\/schema\/person\/c3b2aa857797592927a03740d6664376","name":"prensa2","image":{"@type":"ImageObject","inLanguage":"es","@id":"https:\/\/www.ull.es\/portal\/noticias\/#\/schema\/person\/image\/","url":"https:\/\/secure.gravatar.com\/avatar\/b58f310a5de5feb33d1e026d2493f23c?s=96&d=mm&r=g","contentUrl":"https:\/\/secure.gravatar.com\/avatar\/b58f310a5de5feb33d1e026d2493f23c?s=96&d=mm&r=g","caption":"prensa2"},"url":"https:\/\/www.ull.es\/portal\/noticias\/author\/prensa2\/"}]}},"primary_category":null,"featured_image_thumbnail_url":"https:\/\/www.ull.es\/portal\/noticias\/wp-content\/uploads\/sites\/13\/2015\/07\/cartel_dialibro1-209x300.jpg","_links":{"self":[{"href":"https:\/\/www.ull.es\/portal\/noticias\/wp-json\/wp\/v2\/posts\/20620"}],"collection":[{"href":"https:\/\/www.ull.es\/portal\/noticias\/wp-json\/wp\/v2\/posts"}],"about":[{"href":"https:\/\/www.ull.es\/portal\/noticias\/wp-json\/wp\/v2\/types\/post"}],"author":[{"embeddable":true,"href":"https:\/\/www.ull.es\/portal\/noticias\/wp-json\/wp\/v2\/users\/21"}],"replies":[{"embeddable":true,"href":"https:\/\/www.ull.es\/portal\/noticias\/wp-json\/wp\/v2\/comments?post=20620"}],"version-history":[{"count":0,"href":"https:\/\/www.ull.es\/portal\/noticias\/wp-json\/wp\/v2\/posts\/20620\/revisions"}],"wp:featuredmedia":[{"embeddable":true,"href":"https:\/\/www.ull.es\/portal\/noticias\/wp-json\/wp\/v2\/media\/20621"}],"wp:attachment":[{"href":"https:\/\/www.ull.es\/portal\/noticias\/wp-json\/wp\/v2\/media?parent=20620"}],"wp:term":[{"taxonomy":"category","embeddable":true,"href":"https:\/\/www.ull.es\/portal\/noticias\/wp-json\/wp\/v2\/categories?post=20620"},{"taxonomy":"post_tag","embeddable":true,"href":"https:\/\/www.ull.es\/portal\/noticias\/wp-json\/wp\/v2\/tags?post=20620"}],"curies":[{"name":"wp","href":"https:\/\/api.w.org\/{rel}","templated":true}]}}