{"id":20663,"date":"2013-04-25T15:08:45","date_gmt":"2013-04-25T15:08:45","guid":{"rendered":"http:\/\/ddigital.webs.ull.es\/el-ii-campus-de-participacion-estudiantil-de-la-ull-conto-con-la-intervencion-de-un-experto-en-psicologia\/"},"modified":"2013-04-25T15:08:45","modified_gmt":"2013-04-25T15:08:45","slug":"el-ii-campus-de-participacion-estudiantil-de-la-ull-conto-con-la-intervencion-de-un-experto-en-psicologia","status":"publish","type":"post","link":"https:\/\/www.ull.es\/portal\/noticias\/2013\/el-ii-campus-de-participacion-estudiantil-de-la-ull-conto-con-la-intervencion-de-un-experto-en-psicologia\/","title":{"rendered":"El II Campus de Participaci\u00f3n Estudiantil de la ULL cont\u00f3 con la intervenci\u00f3n de un experto en psicolog\u00eda"},"content":{"rendered":"<p> \tLa Universidad de La Laguna ha acogido hoy, 25 de abril, la segunda edici&oacute;n del Campus de Participaci&oacute;n Estudiantil. En el acto de apertura estuvieron presentes la vicerrectora de Alumnado, Miriam Gonz&aacute;lez y el director de Secretariado de Participaci&oacute;n Estudiantil, Antonio Delgado. La actividad principal fue la ponencia de Richard Merhi, licenciado en Psicolog&iacute;a por la Universidad Jaume I, y estudiante en la actualidad del M&aacute;ster de Investigaci&oacute;n en Psicolog&iacute;a de la UNED.<\/p>\n<p> \tLa vicerrectora elogi&oacute; la participaci&oacute;n estudiantil con que cuenta la ULL, a su juicio superior a la de muchas universidades espa&ntilde;olas, y aclar&oacute; que el objetivo de estas jornadas es seguir analizando los elementos de la participaci&oacute;n de los estudiantes en la universidad, con el fin de ir mejorando y fortaleciendo poco a poco esta relaci&oacute;n. <\/p>\n<p> \tPara ello se ha dise&ntilde;ado una actividad articulada en torno a tres mesas de trabajo sobre buenas pr&aacute;cticas en la participaci&oacute;n, libertad de expresi&oacute;n en la universidad y la manera de coordinar la actividad participativa con la acad&eacute;mica. <\/p>\n<p> \tMerhi, por su parte, elogi&oacute; este tipo de eventos, y recalc&oacute; su importancia, ya que &ldquo;la universidad no es s&oacute;lo ir a clase; es trascendental la participaci&oacute;n estudiantil&rdquo;. Durante su ponencia, dio algunas claves de implicaci&oacute;n del alumnado y&nbsp; de c&oacute;mo formar parte de una entidad como la universidad de forma proactiva.<\/p>\n<p> \tSu visi&oacute;n de la participaci&oacute;n consiste, principalmente, en vencer el &ldquo;pasotismo&rdquo; a trav&eacute;s de tres elementos: la motivaci&oacute;n, la formaci&oacute;n y la informaci&oacute;n y la repercusi&oacute;n. Sin embargo, aclar&oacute; que existe tambi&eacute;n un contexto social, muy influyente en la participaci&oacute;n estudiantil universitaria, en que no se valora esta involucraci&oacute;n como deber&iacute;a. <\/p>\n<p> \tPor todo ello, marc&oacute; el objetivo principal de este encuentro en instaurar una cultura de participaci&oacute;n activa en la universidad. Todo en conjunto, bajo su punto de vista, beneficia tanto al sector estudiantil como a la instituci&oacute;n universitaria.<br \/> \tactividades de divulgaci&oacute;n como esta jornada.<\/p>\n<p> \tLa asistencia es gratuita y se entregar&aacute; un certificado a los asistentes.<\/p>\n","protected":false},"excerpt":{"rendered":"<p>La Universidad de La Laguna ha acogido hoy, 25 de abril, la segunda edici&oacute;n del Campus de Participaci&oacute;n Estudiantil. En&#8230;<\/p>\n","protected":false},"author":21,"featured_media":20664,"comment_status":"open","ping_status":"open","sticky":false,"template":"","format":"standard","meta":{"inline_featured_image":false,"footnotes":""},"categories":[344,1],"tags":[],"acf":[],"yoast_head":"<!-- This site is optimized with the Yoast SEO plugin v21.3 - https:\/\/yoast.com\/wordpress\/plugins\/seo\/ -->\n<title>El II Campus de Participaci\u00f3n Estudiantil de la ULL cont\u00f3 con la intervenci\u00f3n de un experto en psicolog\u00eda - ULL - Noticias<\/title>\n<meta name=\"robots\" content=\"index, follow, max-snippet:-1, max-image-preview:large, max-video-preview:-1\" \/>\n<link rel=\"canonical\" href=\"https:\/\/www.ull.es\/portal\/noticias\/2013\/el-ii-campus-de-participacion-estudiantil-de-la-ull-conto-con-la-intervencion-de-un-experto-en-psicologia\/\" \/>\n<meta property=\"og:locale\" content=\"es_ES\" \/>\n<meta property=\"og:type\" content=\"article\" \/>\n<meta property=\"og:title\" content=\"El II Campus de Participaci\u00f3n Estudiantil de la ULL cont\u00f3 con la intervenci\u00f3n de un experto en psicolog\u00eda - ULL - Noticias\" \/>\n<meta property=\"og:description\" content=\"La Universidad de La Laguna ha acogido hoy, 25 de abril, la segunda edici&oacute;n del Campus de Participaci&oacute;n Estudiantil. En...\" \/>\n<meta property=\"og:url\" content=\"https:\/\/www.ull.es\/portal\/noticias\/2013\/el-ii-campus-de-participacion-estudiantil-de-la-ull-conto-con-la-intervencion-de-un-experto-en-psicologia\/\" \/>\n<meta property=\"og:site_name\" content=\"ULL - Noticias\" \/>\n<meta property=\"article:publisher\" content=\"https:\/\/www.facebook.com\/universidaddelalaguna\/\" \/>\n<meta property=\"article:published_time\" content=\"2013-04-25T15:08:45+00:00\" \/>\n<meta property=\"og:image\" content=\"https:\/\/www.ull.es\/portal\/noticias\/wp-content\/uploads\/sites\/13\/2015\/07\/Campus-Partic-Estudiantil-14.jpg\" \/>\n\t<meta property=\"og:image:width\" content=\"1034\" \/>\n\t<meta property=\"og:image:height\" content=\"708\" \/>\n\t<meta property=\"og:image:type\" content=\"image\/jpeg\" \/>\n<meta name=\"author\" content=\"prensa2\" \/>\n<meta name=\"twitter:card\" content=\"summary_large_image\" \/>\n<meta name=\"twitter:creator\" content=\"@CanalULL\" \/>\n<meta name=\"twitter:site\" content=\"@CanalULL\" \/>\n<meta name=\"twitter:label1\" content=\"Escrito por\" \/>\n\t<meta name=\"twitter:data1\" content=\"prensa2\" \/>\n\t<meta name=\"twitter:label2\" content=\"Tiempo de lectura\" \/>\n\t<meta name=\"twitter:data2\" content=\"2 minutos\" \/>\n<script type=\"application\/ld+json\" class=\"yoast-schema-graph\">{\"@context\":\"https:\/\/schema.org\",\"@graph\":[{\"@type\":\"WebPage\",\"@id\":\"https:\/\/www.ull.es\/portal\/noticias\/2013\/el-ii-campus-de-participacion-estudiantil-de-la-ull-conto-con-la-intervencion-de-un-experto-en-psicologia\/\",\"url\":\"https:\/\/www.ull.es\/portal\/noticias\/2013\/el-ii-campus-de-participacion-estudiantil-de-la-ull-conto-con-la-intervencion-de-un-experto-en-psicologia\/\",\"name\":\"El II Campus de Participaci\u00f3n Estudiantil de la ULL cont\u00f3 con la intervenci\u00f3n de un experto en psicolog\u00eda - ULL - Noticias\",\"isPartOf\":{\"@id\":\"https:\/\/www.ull.es\/portal\/noticias\/#website\"},\"datePublished\":\"2013-04-25T15:08:45+00:00\",\"dateModified\":\"2013-04-25T15:08:45+00:00\",\"author\":{\"@id\":\"https:\/\/www.ull.es\/portal\/noticias\/#\/schema\/person\/c3b2aa857797592927a03740d6664376\"},\"breadcrumb\":{\"@id\":\"https:\/\/www.ull.es\/portal\/noticias\/2013\/el-ii-campus-de-participacion-estudiantil-de-la-ull-conto-con-la-intervencion-de-un-experto-en-psicologia\/#breadcrumb\"},\"inLanguage\":\"es\",\"potentialAction\":[{\"@type\":\"ReadAction\",\"target\":[\"https:\/\/www.ull.es\/portal\/noticias\/2013\/el-ii-campus-de-participacion-estudiantil-de-la-ull-conto-con-la-intervencion-de-un-experto-en-psicologia\/\"]}]},{\"@type\":\"BreadcrumbList\",\"@id\":\"https:\/\/www.ull.es\/portal\/noticias\/2013\/el-ii-campus-de-participacion-estudiantil-de-la-ull-conto-con-la-intervencion-de-un-experto-en-psicologia\/#breadcrumb\",\"itemListElement\":[{\"@type\":\"ListItem\",\"position\":1,\"name\":\"Portada\",\"item\":\"https:\/\/www.ull.es\/portal\/noticias\/\"},{\"@type\":\"ListItem\",\"position\":2,\"name\":\"El II Campus de Participaci\u00f3n Estudiantil de la ULL cont\u00f3 con la intervenci\u00f3n de un experto en psicolog\u00eda\"}]},{\"@type\":\"WebSite\",\"@id\":\"https:\/\/www.ull.es\/portal\/noticias\/#website\",\"url\":\"https:\/\/www.ull.es\/portal\/noticias\/\",\"name\":\"ULL - Noticias\",\"description\":\"\",\"potentialAction\":[{\"@type\":\"SearchAction\",\"target\":{\"@type\":\"EntryPoint\",\"urlTemplate\":\"https:\/\/www.ull.es\/portal\/noticias\/?s={search_term_string}\"},\"query-input\":\"required name=search_term_string\"}],\"inLanguage\":\"es\"},{\"@type\":\"Person\",\"@id\":\"https:\/\/www.ull.es\/portal\/noticias\/#\/schema\/person\/c3b2aa857797592927a03740d6664376\",\"name\":\"prensa2\",\"image\":{\"@type\":\"ImageObject\",\"inLanguage\":\"es\",\"@id\":\"https:\/\/www.ull.es\/portal\/noticias\/#\/schema\/person\/image\/\",\"url\":\"https:\/\/secure.gravatar.com\/avatar\/b58f310a5de5feb33d1e026d2493f23c?s=96&d=mm&r=g\",\"contentUrl\":\"https:\/\/secure.gravatar.com\/avatar\/b58f310a5de5feb33d1e026d2493f23c?s=96&d=mm&r=g\",\"caption\":\"prensa2\"},\"url\":\"https:\/\/www.ull.es\/portal\/noticias\/author\/prensa2\/\"}]}<\/script>\n<!-- \/ Yoast SEO plugin. -->","yoast_head_json":{"title":"El II Campus de Participaci\u00f3n Estudiantil de la ULL cont\u00f3 con la intervenci\u00f3n de un experto en psicolog\u00eda - ULL - Noticias","robots":{"index":"index","follow":"follow","max-snippet":"max-snippet:-1","max-image-preview":"max-image-preview:large","max-video-preview":"max-video-preview:-1"},"canonical":"https:\/\/www.ull.es\/portal\/noticias\/2013\/el-ii-campus-de-participacion-estudiantil-de-la-ull-conto-con-la-intervencion-de-un-experto-en-psicologia\/","og_locale":"es_ES","og_type":"article","og_title":"El II Campus de Participaci\u00f3n Estudiantil de la ULL cont\u00f3 con la intervenci\u00f3n de un experto en psicolog\u00eda - ULL - Noticias","og_description":"La Universidad de La Laguna ha acogido hoy, 25 de abril, la segunda edici&oacute;n del Campus de Participaci&oacute;n Estudiantil. En...","og_url":"https:\/\/www.ull.es\/portal\/noticias\/2013\/el-ii-campus-de-participacion-estudiantil-de-la-ull-conto-con-la-intervencion-de-un-experto-en-psicologia\/","og_site_name":"ULL - Noticias","article_publisher":"https:\/\/www.facebook.com\/universidaddelalaguna\/","article_published_time":"2013-04-25T15:08:45+00:00","og_image":[{"width":1034,"height":708,"url":"https:\/\/www.ull.es\/portal\/noticias\/wp-content\/uploads\/sites\/13\/2015\/07\/Campus-Partic-Estudiantil-14.jpg","type":"image\/jpeg"}],"author":"prensa2","twitter_card":"summary_large_image","twitter_creator":"@CanalULL","twitter_site":"@CanalULL","twitter_misc":{"Escrito por":"prensa2","Tiempo de lectura":"2 minutos"},"schema":{"@context":"https:\/\/schema.org","@graph":[{"@type":"WebPage","@id":"https:\/\/www.ull.es\/portal\/noticias\/2013\/el-ii-campus-de-participacion-estudiantil-de-la-ull-conto-con-la-intervencion-de-un-experto-en-psicologia\/","url":"https:\/\/www.ull.es\/portal\/noticias\/2013\/el-ii-campus-de-participacion-estudiantil-de-la-ull-conto-con-la-intervencion-de-un-experto-en-psicologia\/","name":"El II Campus de Participaci\u00f3n Estudiantil de la ULL cont\u00f3 con la intervenci\u00f3n de un experto en psicolog\u00eda - ULL - Noticias","isPartOf":{"@id":"https:\/\/www.ull.es\/portal\/noticias\/#website"},"datePublished":"2013-04-25T15:08:45+00:00","dateModified":"2013-04-25T15:08:45+00:00","author":{"@id":"https:\/\/www.ull.es\/portal\/noticias\/#\/schema\/person\/c3b2aa857797592927a03740d6664376"},"breadcrumb":{"@id":"https:\/\/www.ull.es\/portal\/noticias\/2013\/el-ii-campus-de-participacion-estudiantil-de-la-ull-conto-con-la-intervencion-de-un-experto-en-psicologia\/#breadcrumb"},"inLanguage":"es","potentialAction":[{"@type":"ReadAction","target":["https:\/\/www.ull.es\/portal\/noticias\/2013\/el-ii-campus-de-participacion-estudiantil-de-la-ull-conto-con-la-intervencion-de-un-experto-en-psicologia\/"]}]},{"@type":"BreadcrumbList","@id":"https:\/\/www.ull.es\/portal\/noticias\/2013\/el-ii-campus-de-participacion-estudiantil-de-la-ull-conto-con-la-intervencion-de-un-experto-en-psicologia\/#breadcrumb","itemListElement":[{"@type":"ListItem","position":1,"name":"Portada","item":"https:\/\/www.ull.es\/portal\/noticias\/"},{"@type":"ListItem","position":2,"name":"El II Campus de Participaci\u00f3n Estudiantil de la ULL cont\u00f3 con la intervenci\u00f3n de un experto en psicolog\u00eda"}]},{"@type":"WebSite","@id":"https:\/\/www.ull.es\/portal\/noticias\/#website","url":"https:\/\/www.ull.es\/portal\/noticias\/","name":"ULL - Noticias","description":"","potentialAction":[{"@type":"SearchAction","target":{"@type":"EntryPoint","urlTemplate":"https:\/\/www.ull.es\/portal\/noticias\/?s={search_term_string}"},"query-input":"required name=search_term_string"}],"inLanguage":"es"},{"@type":"Person","@id":"https:\/\/www.ull.es\/portal\/noticias\/#\/schema\/person\/c3b2aa857797592927a03740d6664376","name":"prensa2","image":{"@type":"ImageObject","inLanguage":"es","@id":"https:\/\/www.ull.es\/portal\/noticias\/#\/schema\/person\/image\/","url":"https:\/\/secure.gravatar.com\/avatar\/b58f310a5de5feb33d1e026d2493f23c?s=96&d=mm&r=g","contentUrl":"https:\/\/secure.gravatar.com\/avatar\/b58f310a5de5feb33d1e026d2493f23c?s=96&d=mm&r=g","caption":"prensa2"},"url":"https:\/\/www.ull.es\/portal\/noticias\/author\/prensa2\/"}]}},"primary_category":null,"featured_image_thumbnail_url":"https:\/\/www.ull.es\/portal\/noticias\/wp-content\/uploads\/sites\/13\/2015\/07\/Campus-Partic-Estudiantil-14-300x205.jpg","_links":{"self":[{"href":"https:\/\/www.ull.es\/portal\/noticias\/wp-json\/wp\/v2\/posts\/20663"}],"collection":[{"href":"https:\/\/www.ull.es\/portal\/noticias\/wp-json\/wp\/v2\/posts"}],"about":[{"href":"https:\/\/www.ull.es\/portal\/noticias\/wp-json\/wp\/v2\/types\/post"}],"author":[{"embeddable":true,"href":"https:\/\/www.ull.es\/portal\/noticias\/wp-json\/wp\/v2\/users\/21"}],"replies":[{"embeddable":true,"href":"https:\/\/www.ull.es\/portal\/noticias\/wp-json\/wp\/v2\/comments?post=20663"}],"version-history":[{"count":0,"href":"https:\/\/www.ull.es\/portal\/noticias\/wp-json\/wp\/v2\/posts\/20663\/revisions"}],"wp:featuredmedia":[{"embeddable":true,"href":"https:\/\/www.ull.es\/portal\/noticias\/wp-json\/wp\/v2\/media\/20664"}],"wp:attachment":[{"href":"https:\/\/www.ull.es\/portal\/noticias\/wp-json\/wp\/v2\/media?parent=20663"}],"wp:term":[{"taxonomy":"category","embeddable":true,"href":"https:\/\/www.ull.es\/portal\/noticias\/wp-json\/wp\/v2\/categories?post=20663"},{"taxonomy":"post_tag","embeddable":true,"href":"https:\/\/www.ull.es\/portal\/noticias\/wp-json\/wp\/v2\/tags?post=20663"}],"curies":[{"name":"wp","href":"https:\/\/api.w.org\/{rel}","templated":true}]}}