{"id":20685,"date":"2013-04-29T20:15:18","date_gmt":"2013-04-29T20:15:18","guid":{"rendered":"http:\/\/ddigital.webs.ull.es\/el-debate-sobre-el-pacto-por-la-educacion-de-la-ull-pone-en-valor-el-apoyo-profesional-a-los-maestros-y-la-humanizacion-de-la-ensenanza\/"},"modified":"2013-04-29T20:15:18","modified_gmt":"2013-04-29T20:15:18","slug":"el-debate-sobre-el-pacto-por-la-educacion-de-la-ull-pone-en-valor-el-apoyo-profesional-a-los-maestros-y-la-humanizacion-de-la-ensenanza","status":"publish","type":"post","link":"https:\/\/www.ull.es\/portal\/noticias\/2013\/el-debate-sobre-el-pacto-por-la-educacion-de-la-ull-pone-en-valor-el-apoyo-profesional-a-los-maestros-y-la-humanizacion-de-la-ensenanza\/","title":{"rendered":"El debate sobre el Pacto por la Educaci\u00f3n de la ULL pone en valor el apoyo profesional a los maestros y la humanizaci\u00f3n de la ense\u00f1anza"},"content":{"rendered":"<p> \t&iquest;C&oacute;mo ser&aacute; la educaci&oacute;n del futuro? &iquest;Est&aacute; bien valorada la profesi&oacute;n del educador, pol&iacute;tica y socialmente? &iquest;Qu&eacute; papel juega la comunidad educativa en el &eacute;xito del sistema? Sobre estas cuestiones, entre otras muchas, se habl&oacute; hoy lunes 29 de abril en la Universidad de La Laguna. Y se hizo en el foro llamado &ldquo;Pacto por Tenerife para Canarias&rdquo;, una iniciativa liderada por el centro acad&eacute;mico en la que han participado los partidos pol&iacute;ticos con representaci&oacute;n parlamentaria, en la idea de construir un pacto o un espacio de consenso en torno a la tem&aacute;tica elegida. As&iacute;, tanto los ponentes como buena parte del p&uacute;blico se&ntilde;al&oacute; esta tarde la importancia de poner en valor la profesi&oacute;n del maestro, al tiempo que la necesidad de humanizar la ense&ntilde;anza.<\/p>\n<p> \tEl primero en intervenir en el debate, moderado por el psic&oacute;logo de la educaci&oacute;n Antonio Rodr&iacute;guez, fue el maestro y autor del afamado libro &ldquo;Educar con co-raz&oacute;n&rdquo;, Jos&eacute; Mar&iacute;a Toro. El experto habl&oacute; en primer lugar de las bondades del pacto, para se&ntilde;alar que en el caso de que se consiga, &ldquo;la ULL estar&iacute;a abriendo un camino que puede ser un referente en todo el Estado&rdquo;. <\/p>\n<p> \tEs imprescindible lograr una presencia evocadora del maestro, propuso el ponente sevillano, para quien todo maestro debe partir del coraz&oacute;n. Por eso, &ldquo;la escuela deber&iacute;a quiz&aacute; dejar de programar por objetivos y programar por horizontes, que es un concepto mucho m&aacute;s abierto&rdquo;.<\/p>\n<p> \tEl conferenciante tuvo tambi&eacute;n palabras para el maestro quemado, &ldquo;que no se quema por exceso de pasi&oacute;n, sino por falta de sentido, de horizonte&rdquo;. Ojal&aacute; que este pacto, apunt&oacute; el docente, &ldquo;no se quede en papeles sino que se encarne en proyectos que hagan de las escuelas tambi&eacute;n los hogares de los ni&ntilde;os&rdquo;.<\/p>\n<p> \tEn definitiva, estamos trabajando en la educaci&oacute;n del ser, y sin embargo vivimos en una escuela del hacer, se&ntilde;al&oacute; el experto. &ldquo;El ni&ntilde;o est&aacute; siempre inmerso en actividades, y pocas veces vive experiencias en s&iacute; mismas&rdquo;. Para el maestro, educar es el oficio de aprender ense&ntilde;ando. &ldquo;Un docente no puede vivir de las rentas, tiene que estar siempre creciendo. Por eso es importante la presencia oficial de maestros en los primeros a&ntilde;os de la titulaci&oacute;n, para contagiar de fuego y pasi&oacute;n a los futuros profesionales&rdquo;.<\/p>\n<p> \tLos ni&ntilde;os de hoy en d&iacute;a est&aacute;n rotos por la falta de coherencia del sistema y la multiplicidad de mensajes incoherentes, apunt&oacute;. Con todo, &ldquo;la sociedad no es consciente de la labor de colch&oacute;n y amortiguamiento que realiza la escuela frente a medios de comunicaci&oacute;n y otras presiones externas&rdquo;.<\/p>\n<p> \tLos padres y madres tienen que formarse. &ldquo;Ser padre no es un instinto, es una responsabilidad&rdquo;. De ah&iacute; la importancia del acuerdo entre la familia y la escuela. Los maestros tambi&eacute;n le debemos un&nbsp; reconocimiento a los padres de nuestros estudiantes&rdquo;. Jos&eacute; Mar&iacute;a Toro finaliz&oacute; su intervenci&oacute;n afirmando que el magisterio est&aacute; asfixiado por una burocracia in&uacute;til.<\/p>\n<p> \tRoc&iacute;o Pe&ntilde;a, experta en econom&iacute;a de la educaci&oacute;n de la ULL, constat&oacute; que muchos estudios han evidenciado que la educaci&oacute;n a lo largo de la vida es esencial para nuestra econom&iacute;a y para nuestras sociedades. As&iacute;, la educaci&oacute;n, adem&aacute;s de permitir el acceso a conocimientos, contribuye a la inserci&oacute;n laboral de los individuos.<\/p>\n<p> \tLa experta a&ntilde;adi&oacute; que Europa pretende ser la econom&iacute;a del conocimiento m&aacute;s competitiva del mundo, y para ello hay que mejorar la calidad de los sistemas de formaci&oacute;n, que han de ser accesibles a todos y que adem&aacute;s debe abrirse al resto de zonas del planeta.<\/p>\n<p> \tCon la estrategia 2010 la UE se plantea un crecimiento inteligente, basado en el crecimiento y la innovaci&oacute;n, m&aacute;s sostenible e integrador, con cohesi&oacute;n social y territorial, sostuvo la economista. <\/p>\n<p> \tEn el caso de Canarias, un 94% de los ni&ntilde;os est&aacute; en la fase de escolarizaci&oacute;n en etapa infantil, lo que es un buen resultado. En cambio, se produce un abandono escolar prematuro, en torno al 30%, m&aacute;s del doble recomendado por la UE. En secundaria, estamos todav&iacute;a por debajo de los que se pretende. Hemos cumplido con los objetivos del 2010 del 31% de poblaci&oacute;n con titulaci&oacute;n universitaria, aunque debemos alcanzar el 40%.<\/p>\n<p> \tPe&ntilde;a se&ntilde;al&oacute; dos objetivos fundamentales: reducir el abandono escolar y aumentar la formaci&oacute;n a lo largo de la vida. &iquest;Por qu&eacute; es importante que el alumnado siga escolarizado despu&eacute;s de la etapa obligatoria?, se pregunt&oacute;. La respuesta es bien sencilla: todo alumnado que sigue estudiando despu&eacute;s de la formaci&oacute;n obligatoria suele participar de la formaci&oacute;n a lo largo de la vida.<\/p>\n<p> \tPor su parte, Olga Alegre, catedr&aacute;tica de Did&aacute;ctica y Organizaci&oacute;n Escolar en la ULL y decana de la Facultad de Educaci&oacute;n, plante&oacute; la posibilidad de endurecer las exigencias para obtener la graduaci&oacute;n en la titulaci&oacute;n universitaria de Maestro. Adem&aacute;s, propuso que sea una profesi&oacute;n de alt&iacute;simo reconocimiento pol&iacute;tico y social. &ldquo;Ex&iacute;jannos una formaci&oacute;n de alto nivel para estos futuros maestros&rdquo;, un colectivo que desarrolla una profesi&oacute;n de alto riesgo, dijo, ya que trabajan con mentes moldeables de ni&ntilde;os y ni&ntilde;as. <\/p>\n<p> \tLa decana defendi&oacute; la idea de inculcar mayor respeto a una profesi&oacute;n de gran impacto social, y por eso apunt&oacute; que se hable positivamente de los maestros delante de los ni&ntilde;os. En el sistema finland&eacute;s, calificado como paradigm&aacute;tico en todas las encuestas, ser maestro es una profesi&oacute;n muy reconocida, con un gasto p&uacute;blico en este &aacute;mbito elevado, con formaci&oacute;n a lo largo de la vida para estos profesionales. &ldquo;La educaci&oacute;n no entra en el debate partidista, de tal modo que los pol&iacute;ticos dejan trabajar a los profesores en el aula. El alumnado trabaja relajadamente, disfrutando&rdquo;.<br \/> \t&nbsp;<\/p>\n","protected":false},"excerpt":{"rendered":"<p>&iquest;C&oacute;mo ser&aacute; la educaci&oacute;n del futuro? &iquest;Est&aacute; bien valorada la profesi&oacute;n del educador, pol&iacute;tica y socialmente? &iquest;Qu&eacute; papel juega la&#8230;<\/p>\n","protected":false},"author":21,"featured_media":20686,"comment_status":"open","ping_status":"open","sticky":false,"template":"","format":"standard","meta":{"inline_featured_image":false,"footnotes":""},"categories":[348,1],"tags":[],"acf":[],"yoast_head":"<!-- This site is optimized with the Yoast SEO plugin v21.3 - https:\/\/yoast.com\/wordpress\/plugins\/seo\/ -->\n<title>El debate sobre el Pacto por la Educaci\u00f3n de la ULL pone en valor el apoyo profesional a los maestros y la humanizaci\u00f3n de la ense\u00f1anza - ULL - Noticias<\/title>\n<meta name=\"robots\" content=\"index, follow, max-snippet:-1, max-image-preview:large, max-video-preview:-1\" \/>\n<link rel=\"canonical\" href=\"https:\/\/www.ull.es\/portal\/noticias\/2013\/el-debate-sobre-el-pacto-por-la-educacion-de-la-ull-pone-en-valor-el-apoyo-profesional-a-los-maestros-y-la-humanizacion-de-la-ensenanza\/\" \/>\n<meta property=\"og:locale\" content=\"es_ES\" \/>\n<meta property=\"og:type\" content=\"article\" \/>\n<meta property=\"og:title\" content=\"El debate sobre el Pacto por la Educaci\u00f3n de la ULL pone en valor el apoyo profesional a los maestros y la humanizaci\u00f3n de la ense\u00f1anza - ULL - Noticias\" \/>\n<meta property=\"og:description\" content=\"&iquest;C&oacute;mo ser&aacute; la educaci&oacute;n del futuro? &iquest;Est&aacute; bien valorada la profesi&oacute;n del educador, pol&iacute;tica y socialmente? &iquest;Qu&eacute; papel juega la...\" \/>\n<meta property=\"og:url\" content=\"https:\/\/www.ull.es\/portal\/noticias\/2013\/el-debate-sobre-el-pacto-por-la-educacion-de-la-ull-pone-en-valor-el-apoyo-profesional-a-los-maestros-y-la-humanizacion-de-la-ensenanza\/\" \/>\n<meta property=\"og:site_name\" content=\"ULL - Noticias\" \/>\n<meta property=\"article:publisher\" content=\"https:\/\/www.facebook.com\/universidaddelalaguna\/\" \/>\n<meta property=\"article:published_time\" content=\"2013-04-29T20:15:18+00:00\" \/>\n<meta property=\"og:image\" content=\"https:\/\/www.ull.es\/portal\/noticias\/wp-content\/uploads\/sites\/13\/2015\/07\/Pacto-por-Tenerife-Educacion-02.jpg\" \/>\n\t<meta property=\"og:image:width\" content=\"693\" \/>\n\t<meta property=\"og:image:height\" content=\"1049\" \/>\n\t<meta property=\"og:image:type\" content=\"image\/jpeg\" \/>\n<meta name=\"author\" content=\"prensa2\" \/>\n<meta name=\"twitter:card\" content=\"summary_large_image\" \/>\n<meta name=\"twitter:creator\" content=\"@CanalULL\" \/>\n<meta name=\"twitter:site\" content=\"@CanalULL\" \/>\n<meta name=\"twitter:label1\" content=\"Escrito por\" \/>\n\t<meta name=\"twitter:data1\" content=\"prensa2\" \/>\n\t<meta name=\"twitter:label2\" content=\"Tiempo de lectura\" \/>\n\t<meta name=\"twitter:data2\" content=\"6 minutos\" \/>\n<script type=\"application\/ld+json\" class=\"yoast-schema-graph\">{\"@context\":\"https:\/\/schema.org\",\"@graph\":[{\"@type\":\"WebPage\",\"@id\":\"https:\/\/www.ull.es\/portal\/noticias\/2013\/el-debate-sobre-el-pacto-por-la-educacion-de-la-ull-pone-en-valor-el-apoyo-profesional-a-los-maestros-y-la-humanizacion-de-la-ensenanza\/\",\"url\":\"https:\/\/www.ull.es\/portal\/noticias\/2013\/el-debate-sobre-el-pacto-por-la-educacion-de-la-ull-pone-en-valor-el-apoyo-profesional-a-los-maestros-y-la-humanizacion-de-la-ensenanza\/\",\"name\":\"El debate sobre el Pacto por la Educaci\u00f3n de la ULL pone en valor el apoyo profesional a los maestros y la humanizaci\u00f3n de la ense\u00f1anza - ULL - Noticias\",\"isPartOf\":{\"@id\":\"https:\/\/www.ull.es\/portal\/noticias\/#website\"},\"datePublished\":\"2013-04-29T20:15:18+00:00\",\"dateModified\":\"2013-04-29T20:15:18+00:00\",\"author\":{\"@id\":\"https:\/\/www.ull.es\/portal\/noticias\/#\/schema\/person\/c3b2aa857797592927a03740d6664376\"},\"breadcrumb\":{\"@id\":\"https:\/\/www.ull.es\/portal\/noticias\/2013\/el-debate-sobre-el-pacto-por-la-educacion-de-la-ull-pone-en-valor-el-apoyo-profesional-a-los-maestros-y-la-humanizacion-de-la-ensenanza\/#breadcrumb\"},\"inLanguage\":\"es\",\"potentialAction\":[{\"@type\":\"ReadAction\",\"target\":[\"https:\/\/www.ull.es\/portal\/noticias\/2013\/el-debate-sobre-el-pacto-por-la-educacion-de-la-ull-pone-en-valor-el-apoyo-profesional-a-los-maestros-y-la-humanizacion-de-la-ensenanza\/\"]}]},{\"@type\":\"BreadcrumbList\",\"@id\":\"https:\/\/www.ull.es\/portal\/noticias\/2013\/el-debate-sobre-el-pacto-por-la-educacion-de-la-ull-pone-en-valor-el-apoyo-profesional-a-los-maestros-y-la-humanizacion-de-la-ensenanza\/#breadcrumb\",\"itemListElement\":[{\"@type\":\"ListItem\",\"position\":1,\"name\":\"Portada\",\"item\":\"https:\/\/www.ull.es\/portal\/noticias\/\"},{\"@type\":\"ListItem\",\"position\":2,\"name\":\"El debate sobre el Pacto por la Educaci\u00f3n de la ULL pone en valor el apoyo profesional a los maestros y la humanizaci\u00f3n de la ense\u00f1anza\"}]},{\"@type\":\"WebSite\",\"@id\":\"https:\/\/www.ull.es\/portal\/noticias\/#website\",\"url\":\"https:\/\/www.ull.es\/portal\/noticias\/\",\"name\":\"ULL - Noticias\",\"description\":\"\",\"potentialAction\":[{\"@type\":\"SearchAction\",\"target\":{\"@type\":\"EntryPoint\",\"urlTemplate\":\"https:\/\/www.ull.es\/portal\/noticias\/?s={search_term_string}\"},\"query-input\":\"required name=search_term_string\"}],\"inLanguage\":\"es\"},{\"@type\":\"Person\",\"@id\":\"https:\/\/www.ull.es\/portal\/noticias\/#\/schema\/person\/c3b2aa857797592927a03740d6664376\",\"name\":\"prensa2\",\"image\":{\"@type\":\"ImageObject\",\"inLanguage\":\"es\",\"@id\":\"https:\/\/www.ull.es\/portal\/noticias\/#\/schema\/person\/image\/\",\"url\":\"https:\/\/secure.gravatar.com\/avatar\/b58f310a5de5feb33d1e026d2493f23c?s=96&d=mm&r=g\",\"contentUrl\":\"https:\/\/secure.gravatar.com\/avatar\/b58f310a5de5feb33d1e026d2493f23c?s=96&d=mm&r=g\",\"caption\":\"prensa2\"},\"url\":\"https:\/\/www.ull.es\/portal\/noticias\/author\/prensa2\/\"}]}<\/script>\n<!-- \/ Yoast SEO plugin. -->","yoast_head_json":{"title":"El debate sobre el Pacto por la Educaci\u00f3n de la ULL pone en valor el apoyo profesional a los maestros y la humanizaci\u00f3n de la ense\u00f1anza - ULL - Noticias","robots":{"index":"index","follow":"follow","max-snippet":"max-snippet:-1","max-image-preview":"max-image-preview:large","max-video-preview":"max-video-preview:-1"},"canonical":"https:\/\/www.ull.es\/portal\/noticias\/2013\/el-debate-sobre-el-pacto-por-la-educacion-de-la-ull-pone-en-valor-el-apoyo-profesional-a-los-maestros-y-la-humanizacion-de-la-ensenanza\/","og_locale":"es_ES","og_type":"article","og_title":"El debate sobre el Pacto por la Educaci\u00f3n de la ULL pone en valor el apoyo profesional a los maestros y la humanizaci\u00f3n de la ense\u00f1anza - ULL - Noticias","og_description":"&iquest;C&oacute;mo ser&aacute; la educaci&oacute;n del futuro? &iquest;Est&aacute; bien valorada la profesi&oacute;n del educador, pol&iacute;tica y socialmente? &iquest;Qu&eacute; papel juega la...","og_url":"https:\/\/www.ull.es\/portal\/noticias\/2013\/el-debate-sobre-el-pacto-por-la-educacion-de-la-ull-pone-en-valor-el-apoyo-profesional-a-los-maestros-y-la-humanizacion-de-la-ensenanza\/","og_site_name":"ULL - Noticias","article_publisher":"https:\/\/www.facebook.com\/universidaddelalaguna\/","article_published_time":"2013-04-29T20:15:18+00:00","og_image":[{"width":693,"height":1049,"url":"https:\/\/www.ull.es\/portal\/noticias\/wp-content\/uploads\/sites\/13\/2015\/07\/Pacto-por-Tenerife-Educacion-02.jpg","type":"image\/jpeg"}],"author":"prensa2","twitter_card":"summary_large_image","twitter_creator":"@CanalULL","twitter_site":"@CanalULL","twitter_misc":{"Escrito por":"prensa2","Tiempo de lectura":"6 minutos"},"schema":{"@context":"https:\/\/schema.org","@graph":[{"@type":"WebPage","@id":"https:\/\/www.ull.es\/portal\/noticias\/2013\/el-debate-sobre-el-pacto-por-la-educacion-de-la-ull-pone-en-valor-el-apoyo-profesional-a-los-maestros-y-la-humanizacion-de-la-ensenanza\/","url":"https:\/\/www.ull.es\/portal\/noticias\/2013\/el-debate-sobre-el-pacto-por-la-educacion-de-la-ull-pone-en-valor-el-apoyo-profesional-a-los-maestros-y-la-humanizacion-de-la-ensenanza\/","name":"El debate sobre el Pacto por la Educaci\u00f3n de la ULL pone en valor el apoyo profesional a los maestros y la humanizaci\u00f3n de la ense\u00f1anza - ULL - Noticias","isPartOf":{"@id":"https:\/\/www.ull.es\/portal\/noticias\/#website"},"datePublished":"2013-04-29T20:15:18+00:00","dateModified":"2013-04-29T20:15:18+00:00","author":{"@id":"https:\/\/www.ull.es\/portal\/noticias\/#\/schema\/person\/c3b2aa857797592927a03740d6664376"},"breadcrumb":{"@id":"https:\/\/www.ull.es\/portal\/noticias\/2013\/el-debate-sobre-el-pacto-por-la-educacion-de-la-ull-pone-en-valor-el-apoyo-profesional-a-los-maestros-y-la-humanizacion-de-la-ensenanza\/#breadcrumb"},"inLanguage":"es","potentialAction":[{"@type":"ReadAction","target":["https:\/\/www.ull.es\/portal\/noticias\/2013\/el-debate-sobre-el-pacto-por-la-educacion-de-la-ull-pone-en-valor-el-apoyo-profesional-a-los-maestros-y-la-humanizacion-de-la-ensenanza\/"]}]},{"@type":"BreadcrumbList","@id":"https:\/\/www.ull.es\/portal\/noticias\/2013\/el-debate-sobre-el-pacto-por-la-educacion-de-la-ull-pone-en-valor-el-apoyo-profesional-a-los-maestros-y-la-humanizacion-de-la-ensenanza\/#breadcrumb","itemListElement":[{"@type":"ListItem","position":1,"name":"Portada","item":"https:\/\/www.ull.es\/portal\/noticias\/"},{"@type":"ListItem","position":2,"name":"El debate sobre el Pacto por la Educaci\u00f3n de la ULL pone en valor el apoyo profesional a los maestros y la humanizaci\u00f3n de la ense\u00f1anza"}]},{"@type":"WebSite","@id":"https:\/\/www.ull.es\/portal\/noticias\/#website","url":"https:\/\/www.ull.es\/portal\/noticias\/","name":"ULL - Noticias","description":"","potentialAction":[{"@type":"SearchAction","target":{"@type":"EntryPoint","urlTemplate":"https:\/\/www.ull.es\/portal\/noticias\/?s={search_term_string}"},"query-input":"required name=search_term_string"}],"inLanguage":"es"},{"@type":"Person","@id":"https:\/\/www.ull.es\/portal\/noticias\/#\/schema\/person\/c3b2aa857797592927a03740d6664376","name":"prensa2","image":{"@type":"ImageObject","inLanguage":"es","@id":"https:\/\/www.ull.es\/portal\/noticias\/#\/schema\/person\/image\/","url":"https:\/\/secure.gravatar.com\/avatar\/b58f310a5de5feb33d1e026d2493f23c?s=96&d=mm&r=g","contentUrl":"https:\/\/secure.gravatar.com\/avatar\/b58f310a5de5feb33d1e026d2493f23c?s=96&d=mm&r=g","caption":"prensa2"},"url":"https:\/\/www.ull.es\/portal\/noticias\/author\/prensa2\/"}]}},"primary_category":null,"featured_image_thumbnail_url":"https:\/\/www.ull.es\/portal\/noticias\/wp-content\/uploads\/sites\/13\/2015\/07\/Pacto-por-Tenerife-Educacion-02-198x300.jpg","_links":{"self":[{"href":"https:\/\/www.ull.es\/portal\/noticias\/wp-json\/wp\/v2\/posts\/20685"}],"collection":[{"href":"https:\/\/www.ull.es\/portal\/noticias\/wp-json\/wp\/v2\/posts"}],"about":[{"href":"https:\/\/www.ull.es\/portal\/noticias\/wp-json\/wp\/v2\/types\/post"}],"author":[{"embeddable":true,"href":"https:\/\/www.ull.es\/portal\/noticias\/wp-json\/wp\/v2\/users\/21"}],"replies":[{"embeddable":true,"href":"https:\/\/www.ull.es\/portal\/noticias\/wp-json\/wp\/v2\/comments?post=20685"}],"version-history":[{"count":0,"href":"https:\/\/www.ull.es\/portal\/noticias\/wp-json\/wp\/v2\/posts\/20685\/revisions"}],"wp:featuredmedia":[{"embeddable":true,"href":"https:\/\/www.ull.es\/portal\/noticias\/wp-json\/wp\/v2\/media\/20686"}],"wp:attachment":[{"href":"https:\/\/www.ull.es\/portal\/noticias\/wp-json\/wp\/v2\/media?parent=20685"}],"wp:term":[{"taxonomy":"category","embeddable":true,"href":"https:\/\/www.ull.es\/portal\/noticias\/wp-json\/wp\/v2\/categories?post=20685"},{"taxonomy":"post_tag","embeddable":true,"href":"https:\/\/www.ull.es\/portal\/noticias\/wp-json\/wp\/v2\/tags?post=20685"}],"curies":[{"name":"wp","href":"https:\/\/api.w.org\/{rel}","templated":true}]}}