{"id":20692,"date":"2013-05-02T13:12:57","date_gmt":"2013-05-02T13:12:57","guid":{"rendered":"http:\/\/ddigital.webs.ull.es\/ivan-ferrer-expone-hasta-finales-de-mayo-en-la-sala-de-arte-paraninfo-la-muestra-retroespectativa\/"},"modified":"2013-05-02T13:12:57","modified_gmt":"2013-05-02T13:12:57","slug":"ivan-ferrer-expone-hasta-finales-de-mayo-en-la-sala-de-arte-paraninfo-la-muestra-retroespectativa","status":"publish","type":"post","link":"https:\/\/www.ull.es\/portal\/noticias\/2013\/ivan-ferrer-expone-hasta-finales-de-mayo-en-la-sala-de-arte-paraninfo-la-muestra-retroespectativa\/","title":{"rendered":"Iv\u00e1n Ferrer expone hasta finales de mayo en la Sala de Arte Paraninfo la muestra \u201cRetroespectativa\u201d"},"content":{"rendered":"<p>La Sala de Arte Paraninfo Pablo Gonz\u00e1lez Vera de la Universidad de La Laguna acoge desde el 30 de abril la exposici\u00f3n del pintor canario Iv\u00e1n Ferrer denominada \u201cRetroespectativa\u201d, que permanecer\u00e1 abierta hasta el 25 de mayo en el recinto acad\u00e9mico.<\/p>\n<p>En la muestra se puede disfrutar de una amplia variedad de sus trabajos tanto de esta \u00faltima etapa como otras obras m\u00e1s veteranas, pero que guardan todas el punto en com\u00fan del trazo marcado, casi un dibujo, con el predominio de colores muy vivos, con tem\u00e1ticas transgresoras que no dejan indiferente al que contempla sus obras.<\/p>\n<p>Iv\u00e1n Ferrer es licenciado en Bellas Artes por la Universidad de La Laguna. Desde 1995 su labor art\u00edstica se ha mostrado en exposiciones individuales y colectivas en diferentes salas de arte de la isla de Tenerife. En 2008 obtuvo el segundo galard\u00f3n en el Premio Nacional de Pintura Enrique Lite y en 2009 su obra recibi\u00f3 Menci\u00f3n Especial en el XVIII Certamen Regional de Pintura de Arona.<\/p>\n<p>La exposici\u00f3n de la sala de arte universitaria puede ser visitada todos los lunes, mi\u00e9rcoles y viernes de 17:30 a 20:00 horas. La entrada es gratuita.<\/p>\n<p>&nbsp;<\/p>\n","protected":false},"excerpt":{"rendered":"<p>La Sala de Arte Paraninfo Pablo Gonz\u00e1lez Vera de la Universidad de La Laguna acoge desde el 30 de abril&#8230;<\/p>\n","protected":false},"author":21,"featured_media":20696,"comment_status":"open","ping_status":"open","sticky":false,"template":"","format":"standard","meta":{"inline_featured_image":false,"footnotes":""},"categories":[344,1],"tags":[],"acf":[],"yoast_head":"<!-- This site is optimized with the Yoast SEO plugin v21.3 - https:\/\/yoast.com\/wordpress\/plugins\/seo\/ -->\n<title>Iv\u00e1n Ferrer expone hasta finales de mayo en la Sala de Arte Paraninfo la muestra \u201cRetroespectativa\u201d - ULL - Noticias<\/title>\n<meta name=\"robots\" content=\"index, follow, max-snippet:-1, max-image-preview:large, max-video-preview:-1\" \/>\n<link rel=\"canonical\" href=\"https:\/\/www.ull.es\/portal\/noticias\/2013\/ivan-ferrer-expone-hasta-finales-de-mayo-en-la-sala-de-arte-paraninfo-la-muestra-retroespectativa\/\" \/>\n<meta property=\"og:locale\" content=\"es_ES\" \/>\n<meta property=\"og:type\" content=\"article\" \/>\n<meta property=\"og:title\" content=\"Iv\u00e1n Ferrer expone hasta finales de mayo en la Sala de Arte Paraninfo la muestra \u201cRetroespectativa\u201d - ULL - Noticias\" \/>\n<meta property=\"og:description\" content=\"La Sala de Arte Paraninfo Pablo Gonz\u00e1lez Vera de la Universidad de La Laguna acoge desde el 30 de abril...\" \/>\n<meta property=\"og:url\" content=\"https:\/\/www.ull.es\/portal\/noticias\/2013\/ivan-ferrer-expone-hasta-finales-de-mayo-en-la-sala-de-arte-paraninfo-la-muestra-retroespectativa\/\" \/>\n<meta property=\"og:site_name\" content=\"ULL - Noticias\" \/>\n<meta property=\"article:publisher\" content=\"https:\/\/www.facebook.com\/universidaddelalaguna\/\" \/>\n<meta property=\"article:published_time\" content=\"2013-05-02T13:12:57+00:00\" \/>\n<meta property=\"og:image\" content=\"https:\/\/www.ull.es\/portal\/noticias\/wp-content\/uploads\/sites\/13\/2015\/07\/Expo-Ivan-Ferrer-016.jpeg\" \/>\n\t<meta property=\"og:image:width\" content=\"1034\" \/>\n\t<meta property=\"og:image:height\" content=\"708\" \/>\n\t<meta property=\"og:image:type\" content=\"image\/jpeg\" \/>\n<meta name=\"author\" content=\"prensa2\" \/>\n<meta name=\"twitter:card\" content=\"summary_large_image\" \/>\n<meta name=\"twitter:creator\" content=\"@CanalULL\" \/>\n<meta name=\"twitter:site\" content=\"@CanalULL\" \/>\n<meta name=\"twitter:label1\" content=\"Escrito por\" \/>\n\t<meta name=\"twitter:data1\" content=\"prensa2\" \/>\n\t<meta name=\"twitter:label2\" content=\"Tiempo de lectura\" \/>\n\t<meta name=\"twitter:data2\" content=\"1 minuto\" \/>\n<script type=\"application\/ld+json\" class=\"yoast-schema-graph\">{\"@context\":\"https:\/\/schema.org\",\"@graph\":[{\"@type\":\"WebPage\",\"@id\":\"https:\/\/www.ull.es\/portal\/noticias\/2013\/ivan-ferrer-expone-hasta-finales-de-mayo-en-la-sala-de-arte-paraninfo-la-muestra-retroespectativa\/\",\"url\":\"https:\/\/www.ull.es\/portal\/noticias\/2013\/ivan-ferrer-expone-hasta-finales-de-mayo-en-la-sala-de-arte-paraninfo-la-muestra-retroespectativa\/\",\"name\":\"Iv\u00e1n Ferrer expone hasta finales de mayo en la Sala de Arte Paraninfo la muestra \u201cRetroespectativa\u201d - ULL - Noticias\",\"isPartOf\":{\"@id\":\"https:\/\/www.ull.es\/portal\/noticias\/#website\"},\"datePublished\":\"2013-05-02T13:12:57+00:00\",\"dateModified\":\"2013-05-02T13:12:57+00:00\",\"author\":{\"@id\":\"https:\/\/www.ull.es\/portal\/noticias\/#\/schema\/person\/c3b2aa857797592927a03740d6664376\"},\"breadcrumb\":{\"@id\":\"https:\/\/www.ull.es\/portal\/noticias\/2013\/ivan-ferrer-expone-hasta-finales-de-mayo-en-la-sala-de-arte-paraninfo-la-muestra-retroespectativa\/#breadcrumb\"},\"inLanguage\":\"es\",\"potentialAction\":[{\"@type\":\"ReadAction\",\"target\":[\"https:\/\/www.ull.es\/portal\/noticias\/2013\/ivan-ferrer-expone-hasta-finales-de-mayo-en-la-sala-de-arte-paraninfo-la-muestra-retroespectativa\/\"]}]},{\"@type\":\"BreadcrumbList\",\"@id\":\"https:\/\/www.ull.es\/portal\/noticias\/2013\/ivan-ferrer-expone-hasta-finales-de-mayo-en-la-sala-de-arte-paraninfo-la-muestra-retroespectativa\/#breadcrumb\",\"itemListElement\":[{\"@type\":\"ListItem\",\"position\":1,\"name\":\"Portada\",\"item\":\"https:\/\/www.ull.es\/portal\/noticias\/\"},{\"@type\":\"ListItem\",\"position\":2,\"name\":\"Iv\u00e1n Ferrer expone hasta finales de mayo en la Sala de Arte Paraninfo la muestra \u201cRetroespectativa\u201d\"}]},{\"@type\":\"WebSite\",\"@id\":\"https:\/\/www.ull.es\/portal\/noticias\/#website\",\"url\":\"https:\/\/www.ull.es\/portal\/noticias\/\",\"name\":\"ULL - Noticias\",\"description\":\"\",\"potentialAction\":[{\"@type\":\"SearchAction\",\"target\":{\"@type\":\"EntryPoint\",\"urlTemplate\":\"https:\/\/www.ull.es\/portal\/noticias\/?s={search_term_string}\"},\"query-input\":\"required name=search_term_string\"}],\"inLanguage\":\"es\"},{\"@type\":\"Person\",\"@id\":\"https:\/\/www.ull.es\/portal\/noticias\/#\/schema\/person\/c3b2aa857797592927a03740d6664376\",\"name\":\"prensa2\",\"image\":{\"@type\":\"ImageObject\",\"inLanguage\":\"es\",\"@id\":\"https:\/\/www.ull.es\/portal\/noticias\/#\/schema\/person\/image\/\",\"url\":\"https:\/\/secure.gravatar.com\/avatar\/b58f310a5de5feb33d1e026d2493f23c?s=96&d=mm&r=g\",\"contentUrl\":\"https:\/\/secure.gravatar.com\/avatar\/b58f310a5de5feb33d1e026d2493f23c?s=96&d=mm&r=g\",\"caption\":\"prensa2\"},\"url\":\"https:\/\/www.ull.es\/portal\/noticias\/author\/prensa2\/\"}]}<\/script>\n<!-- \/ Yoast SEO plugin. -->","yoast_head_json":{"title":"Iv\u00e1n Ferrer expone hasta finales de mayo en la Sala de Arte Paraninfo la muestra \u201cRetroespectativa\u201d - ULL - Noticias","robots":{"index":"index","follow":"follow","max-snippet":"max-snippet:-1","max-image-preview":"max-image-preview:large","max-video-preview":"max-video-preview:-1"},"canonical":"https:\/\/www.ull.es\/portal\/noticias\/2013\/ivan-ferrer-expone-hasta-finales-de-mayo-en-la-sala-de-arte-paraninfo-la-muestra-retroespectativa\/","og_locale":"es_ES","og_type":"article","og_title":"Iv\u00e1n Ferrer expone hasta finales de mayo en la Sala de Arte Paraninfo la muestra \u201cRetroespectativa\u201d - ULL - Noticias","og_description":"La Sala de Arte Paraninfo Pablo Gonz\u00e1lez Vera de la Universidad de La Laguna acoge desde el 30 de abril...","og_url":"https:\/\/www.ull.es\/portal\/noticias\/2013\/ivan-ferrer-expone-hasta-finales-de-mayo-en-la-sala-de-arte-paraninfo-la-muestra-retroespectativa\/","og_site_name":"ULL - Noticias","article_publisher":"https:\/\/www.facebook.com\/universidaddelalaguna\/","article_published_time":"2013-05-02T13:12:57+00:00","og_image":[{"width":1034,"height":708,"url":"https:\/\/www.ull.es\/portal\/noticias\/wp-content\/uploads\/sites\/13\/2015\/07\/Expo-Ivan-Ferrer-016.jpeg","type":"image\/jpeg"}],"author":"prensa2","twitter_card":"summary_large_image","twitter_creator":"@CanalULL","twitter_site":"@CanalULL","twitter_misc":{"Escrito por":"prensa2","Tiempo de lectura":"1 minuto"},"schema":{"@context":"https:\/\/schema.org","@graph":[{"@type":"WebPage","@id":"https:\/\/www.ull.es\/portal\/noticias\/2013\/ivan-ferrer-expone-hasta-finales-de-mayo-en-la-sala-de-arte-paraninfo-la-muestra-retroespectativa\/","url":"https:\/\/www.ull.es\/portal\/noticias\/2013\/ivan-ferrer-expone-hasta-finales-de-mayo-en-la-sala-de-arte-paraninfo-la-muestra-retroespectativa\/","name":"Iv\u00e1n Ferrer expone hasta finales de mayo en la Sala de Arte Paraninfo la muestra \u201cRetroespectativa\u201d - ULL - Noticias","isPartOf":{"@id":"https:\/\/www.ull.es\/portal\/noticias\/#website"},"datePublished":"2013-05-02T13:12:57+00:00","dateModified":"2013-05-02T13:12:57+00:00","author":{"@id":"https:\/\/www.ull.es\/portal\/noticias\/#\/schema\/person\/c3b2aa857797592927a03740d6664376"},"breadcrumb":{"@id":"https:\/\/www.ull.es\/portal\/noticias\/2013\/ivan-ferrer-expone-hasta-finales-de-mayo-en-la-sala-de-arte-paraninfo-la-muestra-retroespectativa\/#breadcrumb"},"inLanguage":"es","potentialAction":[{"@type":"ReadAction","target":["https:\/\/www.ull.es\/portal\/noticias\/2013\/ivan-ferrer-expone-hasta-finales-de-mayo-en-la-sala-de-arte-paraninfo-la-muestra-retroespectativa\/"]}]},{"@type":"BreadcrumbList","@id":"https:\/\/www.ull.es\/portal\/noticias\/2013\/ivan-ferrer-expone-hasta-finales-de-mayo-en-la-sala-de-arte-paraninfo-la-muestra-retroespectativa\/#breadcrumb","itemListElement":[{"@type":"ListItem","position":1,"name":"Portada","item":"https:\/\/www.ull.es\/portal\/noticias\/"},{"@type":"ListItem","position":2,"name":"Iv\u00e1n Ferrer expone hasta finales de mayo en la Sala de Arte Paraninfo la muestra \u201cRetroespectativa\u201d"}]},{"@type":"WebSite","@id":"https:\/\/www.ull.es\/portal\/noticias\/#website","url":"https:\/\/www.ull.es\/portal\/noticias\/","name":"ULL - Noticias","description":"","potentialAction":[{"@type":"SearchAction","target":{"@type":"EntryPoint","urlTemplate":"https:\/\/www.ull.es\/portal\/noticias\/?s={search_term_string}"},"query-input":"required name=search_term_string"}],"inLanguage":"es"},{"@type":"Person","@id":"https:\/\/www.ull.es\/portal\/noticias\/#\/schema\/person\/c3b2aa857797592927a03740d6664376","name":"prensa2","image":{"@type":"ImageObject","inLanguage":"es","@id":"https:\/\/www.ull.es\/portal\/noticias\/#\/schema\/person\/image\/","url":"https:\/\/secure.gravatar.com\/avatar\/b58f310a5de5feb33d1e026d2493f23c?s=96&d=mm&r=g","contentUrl":"https:\/\/secure.gravatar.com\/avatar\/b58f310a5de5feb33d1e026d2493f23c?s=96&d=mm&r=g","caption":"prensa2"},"url":"https:\/\/www.ull.es\/portal\/noticias\/author\/prensa2\/"}]}},"primary_category":null,"featured_image_thumbnail_url":"https:\/\/www.ull.es\/portal\/noticias\/wp-content\/uploads\/sites\/13\/2015\/07\/Expo-Ivan-Ferrer-016-300x205.jpeg","_links":{"self":[{"href":"https:\/\/www.ull.es\/portal\/noticias\/wp-json\/wp\/v2\/posts\/20692"}],"collection":[{"href":"https:\/\/www.ull.es\/portal\/noticias\/wp-json\/wp\/v2\/posts"}],"about":[{"href":"https:\/\/www.ull.es\/portal\/noticias\/wp-json\/wp\/v2\/types\/post"}],"author":[{"embeddable":true,"href":"https:\/\/www.ull.es\/portal\/noticias\/wp-json\/wp\/v2\/users\/21"}],"replies":[{"embeddable":true,"href":"https:\/\/www.ull.es\/portal\/noticias\/wp-json\/wp\/v2\/comments?post=20692"}],"version-history":[{"count":0,"href":"https:\/\/www.ull.es\/portal\/noticias\/wp-json\/wp\/v2\/posts\/20692\/revisions"}],"wp:featuredmedia":[{"embeddable":true,"href":"https:\/\/www.ull.es\/portal\/noticias\/wp-json\/wp\/v2\/media\/20696"}],"wp:attachment":[{"href":"https:\/\/www.ull.es\/portal\/noticias\/wp-json\/wp\/v2\/media?parent=20692"}],"wp:term":[{"taxonomy":"category","embeddable":true,"href":"https:\/\/www.ull.es\/portal\/noticias\/wp-json\/wp\/v2\/categories?post=20692"},{"taxonomy":"post_tag","embeddable":true,"href":"https:\/\/www.ull.es\/portal\/noticias\/wp-json\/wp\/v2\/tags?post=20692"}],"curies":[{"name":"wp","href":"https:\/\/api.w.org\/{rel}","templated":true}]}}