{"id":20701,"date":"2013-05-03T11:39:40","date_gmt":"2013-05-03T11:39:40","guid":{"rendered":"http:\/\/ddigital.webs.ull.es\/la-muestra-de-artes-escenicas-continua-en-el-paraninfo-con-la-obra-te-y-mesa-camilla\/"},"modified":"2013-05-03T11:39:40","modified_gmt":"2013-05-03T11:39:40","slug":"la-muestra-de-artes-escenicas-continua-en-el-paraninfo-con-la-obra-te-y-mesa-camilla","status":"publish","type":"post","link":"https:\/\/www.ull.es\/portal\/noticias\/2013\/la-muestra-de-artes-escenicas-continua-en-el-paraninfo-con-la-obra-te-y-mesa-camilla\/","title":{"rendered":"La Muestra de Artes Esc\u00e9nicas contin\u00faa en el Paraninfo con la obra \u00abT\u00e9 y mesa-camilla\u00bb"},"content":{"rendered":"<p> \tLa Agrupaci&oacute;n Universitaria de Filolog&iacute;a de la Universidad de La Laguna representar&aacute; hoy viernes 3 de mayo, a las 20:30 horas, la obra &ldquo;T&eacute; y mesa-camilla&rdquo;, dentro de la Muestra Universitaria de Artes Esc&eacute;nicas que se celebra en el Paraninfo de la instituci&oacute;n acad&eacute;mica.<\/p>\n<p> \tEl grupo universitario lleva al escenario una obra de intriga y sospechas. La muerte de un vecino aparentemente natural desvela un secreto que hasta el momento permanec&iacute;a escondido. Los rumores se disparan y se apunta tanto a inocentes como a culpables, pero las mentiras duran poco y la verdad sale a luz.<\/p>\n<p> \tLas entradas solo cuestan cinco euros y se pueden adquirir en el Vicerrectorado de Relaciones Universidad y Sociedad en horario de oficina; en la cafeter&iacute;a del Edificio Central de 8 a&nbsp; 20 horas; en la cafeter&iacute;a El Orfe&oacute;n La Paz en el mismo horario y en la taquilla del Paraninfo el mismo d&iacute;a del espect&aacute;culo, una hora antes de su comienzo.<\/p>\n<p> \tLos asistentes disponen de estacionamiento gratuito en el aparcamiento del Edificio Central.<\/p>\n","protected":false},"excerpt":{"rendered":"<p>La Agrupaci&oacute;n Universitaria de Filolog&iacute;a de la Universidad de La Laguna representar&aacute; hoy viernes 3 de mayo, a las 20:30&#8230;<\/p>\n","protected":false},"author":21,"featured_media":20702,"comment_status":"open","ping_status":"open","sticky":false,"template":"","format":"standard","meta":{"inline_featured_image":false,"footnotes":""},"categories":[344,1],"tags":[],"acf":[],"yoast_head":"<!-- This site is optimized with the Yoast SEO plugin v21.3 - https:\/\/yoast.com\/wordpress\/plugins\/seo\/ -->\n<title>La Muestra de Artes Esc\u00e9nicas contin\u00faa en el Paraninfo con la obra &quot;T\u00e9 y mesa-camilla&quot; - ULL - Noticias<\/title>\n<meta name=\"robots\" content=\"index, follow, max-snippet:-1, max-image-preview:large, max-video-preview:-1\" \/>\n<link rel=\"canonical\" href=\"https:\/\/www.ull.es\/portal\/noticias\/2013\/la-muestra-de-artes-escenicas-continua-en-el-paraninfo-con-la-obra-te-y-mesa-camilla\/\" \/>\n<meta property=\"og:locale\" content=\"es_ES\" \/>\n<meta property=\"og:type\" content=\"article\" \/>\n<meta property=\"og:title\" content=\"La Muestra de Artes Esc\u00e9nicas contin\u00faa en el Paraninfo con la obra &quot;T\u00e9 y mesa-camilla&quot; - ULL - Noticias\" \/>\n<meta property=\"og:description\" content=\"La Agrupaci&oacute;n Universitaria de Filolog&iacute;a de la Universidad de La Laguna representar&aacute; hoy viernes 3 de mayo, a las 20:30...\" \/>\n<meta property=\"og:url\" content=\"https:\/\/www.ull.es\/portal\/noticias\/2013\/la-muestra-de-artes-escenicas-continua-en-el-paraninfo-con-la-obra-te-y-mesa-camilla\/\" \/>\n<meta property=\"og:site_name\" content=\"ULL - Noticias\" \/>\n<meta property=\"article:publisher\" content=\"https:\/\/www.facebook.com\/universidaddelalaguna\/\" \/>\n<meta property=\"article:published_time\" content=\"2013-05-03T11:39:40+00:00\" \/>\n<meta property=\"og:image\" content=\"https:\/\/www.ull.es\/portal\/noticias\/wp-content\/uploads\/sites\/13\/2015\/07\/TeyMesaCamillaConTitulo.jpg\" \/>\n\t<meta property=\"og:image:width\" content=\"566\" \/>\n\t<meta property=\"og:image:height\" content=\"800\" \/>\n\t<meta property=\"og:image:type\" content=\"image\/jpeg\" \/>\n<meta name=\"author\" content=\"prensa2\" \/>\n<meta name=\"twitter:card\" content=\"summary_large_image\" \/>\n<meta name=\"twitter:creator\" content=\"@CanalULL\" \/>\n<meta name=\"twitter:site\" content=\"@CanalULL\" \/>\n<meta name=\"twitter:label1\" content=\"Escrito por\" \/>\n\t<meta name=\"twitter:data1\" content=\"prensa2\" \/>\n\t<meta name=\"twitter:label2\" content=\"Tiempo de lectura\" \/>\n\t<meta name=\"twitter:data2\" content=\"1 minuto\" \/>\n<script type=\"application\/ld+json\" class=\"yoast-schema-graph\">{\"@context\":\"https:\/\/schema.org\",\"@graph\":[{\"@type\":\"WebPage\",\"@id\":\"https:\/\/www.ull.es\/portal\/noticias\/2013\/la-muestra-de-artes-escenicas-continua-en-el-paraninfo-con-la-obra-te-y-mesa-camilla\/\",\"url\":\"https:\/\/www.ull.es\/portal\/noticias\/2013\/la-muestra-de-artes-escenicas-continua-en-el-paraninfo-con-la-obra-te-y-mesa-camilla\/\",\"name\":\"La Muestra de Artes Esc\u00e9nicas contin\u00faa en el Paraninfo con la obra \\\"T\u00e9 y mesa-camilla\\\" - ULL - Noticias\",\"isPartOf\":{\"@id\":\"https:\/\/www.ull.es\/portal\/noticias\/#website\"},\"datePublished\":\"2013-05-03T11:39:40+00:00\",\"dateModified\":\"2013-05-03T11:39:40+00:00\",\"author\":{\"@id\":\"https:\/\/www.ull.es\/portal\/noticias\/#\/schema\/person\/c3b2aa857797592927a03740d6664376\"},\"breadcrumb\":{\"@id\":\"https:\/\/www.ull.es\/portal\/noticias\/2013\/la-muestra-de-artes-escenicas-continua-en-el-paraninfo-con-la-obra-te-y-mesa-camilla\/#breadcrumb\"},\"inLanguage\":\"es\",\"potentialAction\":[{\"@type\":\"ReadAction\",\"target\":[\"https:\/\/www.ull.es\/portal\/noticias\/2013\/la-muestra-de-artes-escenicas-continua-en-el-paraninfo-con-la-obra-te-y-mesa-camilla\/\"]}]},{\"@type\":\"BreadcrumbList\",\"@id\":\"https:\/\/www.ull.es\/portal\/noticias\/2013\/la-muestra-de-artes-escenicas-continua-en-el-paraninfo-con-la-obra-te-y-mesa-camilla\/#breadcrumb\",\"itemListElement\":[{\"@type\":\"ListItem\",\"position\":1,\"name\":\"Portada\",\"item\":\"https:\/\/www.ull.es\/portal\/noticias\/\"},{\"@type\":\"ListItem\",\"position\":2,\"name\":\"La Muestra de Artes Esc\u00e9nicas contin\u00faa en el Paraninfo con la obra \u00abT\u00e9 y mesa-camilla\u00bb\"}]},{\"@type\":\"WebSite\",\"@id\":\"https:\/\/www.ull.es\/portal\/noticias\/#website\",\"url\":\"https:\/\/www.ull.es\/portal\/noticias\/\",\"name\":\"ULL - Noticias\",\"description\":\"\",\"potentialAction\":[{\"@type\":\"SearchAction\",\"target\":{\"@type\":\"EntryPoint\",\"urlTemplate\":\"https:\/\/www.ull.es\/portal\/noticias\/?s={search_term_string}\"},\"query-input\":\"required name=search_term_string\"}],\"inLanguage\":\"es\"},{\"@type\":\"Person\",\"@id\":\"https:\/\/www.ull.es\/portal\/noticias\/#\/schema\/person\/c3b2aa857797592927a03740d6664376\",\"name\":\"prensa2\",\"image\":{\"@type\":\"ImageObject\",\"inLanguage\":\"es\",\"@id\":\"https:\/\/www.ull.es\/portal\/noticias\/#\/schema\/person\/image\/\",\"url\":\"https:\/\/secure.gravatar.com\/avatar\/b58f310a5de5feb33d1e026d2493f23c?s=96&d=mm&r=g\",\"contentUrl\":\"https:\/\/secure.gravatar.com\/avatar\/b58f310a5de5feb33d1e026d2493f23c?s=96&d=mm&r=g\",\"caption\":\"prensa2\"},\"url\":\"https:\/\/www.ull.es\/portal\/noticias\/author\/prensa2\/\"}]}<\/script>\n<!-- \/ Yoast SEO plugin. -->","yoast_head_json":{"title":"La Muestra de Artes Esc\u00e9nicas contin\u00faa en el Paraninfo con la obra \"T\u00e9 y mesa-camilla\" - ULL - Noticias","robots":{"index":"index","follow":"follow","max-snippet":"max-snippet:-1","max-image-preview":"max-image-preview:large","max-video-preview":"max-video-preview:-1"},"canonical":"https:\/\/www.ull.es\/portal\/noticias\/2013\/la-muestra-de-artes-escenicas-continua-en-el-paraninfo-con-la-obra-te-y-mesa-camilla\/","og_locale":"es_ES","og_type":"article","og_title":"La Muestra de Artes Esc\u00e9nicas contin\u00faa en el Paraninfo con la obra \"T\u00e9 y mesa-camilla\" - ULL - Noticias","og_description":"La Agrupaci&oacute;n Universitaria de Filolog&iacute;a de la Universidad de La Laguna representar&aacute; hoy viernes 3 de mayo, a las 20:30...","og_url":"https:\/\/www.ull.es\/portal\/noticias\/2013\/la-muestra-de-artes-escenicas-continua-en-el-paraninfo-con-la-obra-te-y-mesa-camilla\/","og_site_name":"ULL - Noticias","article_publisher":"https:\/\/www.facebook.com\/universidaddelalaguna\/","article_published_time":"2013-05-03T11:39:40+00:00","og_image":[{"width":566,"height":800,"url":"https:\/\/www.ull.es\/portal\/noticias\/wp-content\/uploads\/sites\/13\/2015\/07\/TeyMesaCamillaConTitulo.jpg","type":"image\/jpeg"}],"author":"prensa2","twitter_card":"summary_large_image","twitter_creator":"@CanalULL","twitter_site":"@CanalULL","twitter_misc":{"Escrito por":"prensa2","Tiempo de lectura":"1 minuto"},"schema":{"@context":"https:\/\/schema.org","@graph":[{"@type":"WebPage","@id":"https:\/\/www.ull.es\/portal\/noticias\/2013\/la-muestra-de-artes-escenicas-continua-en-el-paraninfo-con-la-obra-te-y-mesa-camilla\/","url":"https:\/\/www.ull.es\/portal\/noticias\/2013\/la-muestra-de-artes-escenicas-continua-en-el-paraninfo-con-la-obra-te-y-mesa-camilla\/","name":"La Muestra de Artes Esc\u00e9nicas contin\u00faa en el Paraninfo con la obra \"T\u00e9 y mesa-camilla\" - ULL - Noticias","isPartOf":{"@id":"https:\/\/www.ull.es\/portal\/noticias\/#website"},"datePublished":"2013-05-03T11:39:40+00:00","dateModified":"2013-05-03T11:39:40+00:00","author":{"@id":"https:\/\/www.ull.es\/portal\/noticias\/#\/schema\/person\/c3b2aa857797592927a03740d6664376"},"breadcrumb":{"@id":"https:\/\/www.ull.es\/portal\/noticias\/2013\/la-muestra-de-artes-escenicas-continua-en-el-paraninfo-con-la-obra-te-y-mesa-camilla\/#breadcrumb"},"inLanguage":"es","potentialAction":[{"@type":"ReadAction","target":["https:\/\/www.ull.es\/portal\/noticias\/2013\/la-muestra-de-artes-escenicas-continua-en-el-paraninfo-con-la-obra-te-y-mesa-camilla\/"]}]},{"@type":"BreadcrumbList","@id":"https:\/\/www.ull.es\/portal\/noticias\/2013\/la-muestra-de-artes-escenicas-continua-en-el-paraninfo-con-la-obra-te-y-mesa-camilla\/#breadcrumb","itemListElement":[{"@type":"ListItem","position":1,"name":"Portada","item":"https:\/\/www.ull.es\/portal\/noticias\/"},{"@type":"ListItem","position":2,"name":"La Muestra de Artes Esc\u00e9nicas contin\u00faa en el Paraninfo con la obra \u00abT\u00e9 y mesa-camilla\u00bb"}]},{"@type":"WebSite","@id":"https:\/\/www.ull.es\/portal\/noticias\/#website","url":"https:\/\/www.ull.es\/portal\/noticias\/","name":"ULL - Noticias","description":"","potentialAction":[{"@type":"SearchAction","target":{"@type":"EntryPoint","urlTemplate":"https:\/\/www.ull.es\/portal\/noticias\/?s={search_term_string}"},"query-input":"required name=search_term_string"}],"inLanguage":"es"},{"@type":"Person","@id":"https:\/\/www.ull.es\/portal\/noticias\/#\/schema\/person\/c3b2aa857797592927a03740d6664376","name":"prensa2","image":{"@type":"ImageObject","inLanguage":"es","@id":"https:\/\/www.ull.es\/portal\/noticias\/#\/schema\/person\/image\/","url":"https:\/\/secure.gravatar.com\/avatar\/b58f310a5de5feb33d1e026d2493f23c?s=96&d=mm&r=g","contentUrl":"https:\/\/secure.gravatar.com\/avatar\/b58f310a5de5feb33d1e026d2493f23c?s=96&d=mm&r=g","caption":"prensa2"},"url":"https:\/\/www.ull.es\/portal\/noticias\/author\/prensa2\/"}]}},"primary_category":null,"featured_image_thumbnail_url":"https:\/\/www.ull.es\/portal\/noticias\/wp-content\/uploads\/sites\/13\/2015\/07\/TeyMesaCamillaConTitulo-212x300.jpg","_links":{"self":[{"href":"https:\/\/www.ull.es\/portal\/noticias\/wp-json\/wp\/v2\/posts\/20701"}],"collection":[{"href":"https:\/\/www.ull.es\/portal\/noticias\/wp-json\/wp\/v2\/posts"}],"about":[{"href":"https:\/\/www.ull.es\/portal\/noticias\/wp-json\/wp\/v2\/types\/post"}],"author":[{"embeddable":true,"href":"https:\/\/www.ull.es\/portal\/noticias\/wp-json\/wp\/v2\/users\/21"}],"replies":[{"embeddable":true,"href":"https:\/\/www.ull.es\/portal\/noticias\/wp-json\/wp\/v2\/comments?post=20701"}],"version-history":[{"count":0,"href":"https:\/\/www.ull.es\/portal\/noticias\/wp-json\/wp\/v2\/posts\/20701\/revisions"}],"wp:featuredmedia":[{"embeddable":true,"href":"https:\/\/www.ull.es\/portal\/noticias\/wp-json\/wp\/v2\/media\/20702"}],"wp:attachment":[{"href":"https:\/\/www.ull.es\/portal\/noticias\/wp-json\/wp\/v2\/media?parent=20701"}],"wp:term":[{"taxonomy":"category","embeddable":true,"href":"https:\/\/www.ull.es\/portal\/noticias\/wp-json\/wp\/v2\/categories?post=20701"},{"taxonomy":"post_tag","embeddable":true,"href":"https:\/\/www.ull.es\/portal\/noticias\/wp-json\/wp\/v2\/tags?post=20701"}],"curies":[{"name":"wp","href":"https:\/\/api.w.org\/{rel}","templated":true}]}}