{"id":20713,"date":"2013-05-08T10:55:01","date_gmt":"2013-05-08T10:55:01","guid":{"rendered":"http:\/\/ddigital.webs.ull.es\/las-i-jornadas-de-ingenieria-civil-de-la-ull-centran-su-interes-en-la-hidrologia-y-las-obras-maritimas\/"},"modified":"2013-05-08T10:55:01","modified_gmt":"2013-05-08T10:55:01","slug":"las-i-jornadas-de-ingenieria-civil-de-la-ull-centran-su-interes-en-la-hidrologia-y-las-obras-maritimas","status":"publish","type":"post","link":"https:\/\/www.ull.es\/portal\/noticias\/2013\/las-i-jornadas-de-ingenieria-civil-de-la-ull-centran-su-interes-en-la-hidrologia-y-las-obras-maritimas\/","title":{"rendered":"Las I Jornadas de Ingenier\u00eda Civil de la ULL centran su inter\u00e9s en la hidrolog\u00eda y las obras mar\u00edtimas"},"content":{"rendered":"<p> \tEl Aula Magna del edificio de las facultades de F&iacute;sica y de Matem&aacute;ticas de la Universidad de La Laguna acoger&aacute; a partir de ma&ntilde;ana, jueves 9 de mayo, y hasta el d&iacute;a siguiente, las I Jornadas de Ingenier&iacute;a Civil, organizadas por el Colegio de Ingenieros T&eacute;cnicos de Obras P&uacute;blicas de Santa Cruz de Tenerife y la Escuela de Ingenier&iacute;a Civil e Industrial de la instituci&oacute;n acad&eacute;mica. A lo largo de los dos d&iacute;as que dure el encuentro, varios profesionales del sector abordar&aacute;n asuntos como la hidrolog&iacute;a, las obras mar&iacute;timas o los transportes guiados, entre otros.<\/p>\n<p> \tEste encuentro est&aacute; dirigido al colectivo de profesionales relacionado con esta disciplina y, especialmente, colegiados y precolegiados de Ingenier&iacute;a T&eacute;cnica de Obras P&uacute;blicas, a estudiantes universitarios del Grado en Ingenier&iacute;a Civil, a los de otras titulaciones relacionadas con la obra civil y a todos los alumnos no universitarios que se encuentran estudiando alguno de los diferentes ciclos formativos que posteriormente les servir&iacute;a de base a una futura ampliaci&oacute;n a la educaci&oacute;n superior.<br \/> \tLa primera sesi&oacute;n de ponencias del jueves 9 estar&aacute; centrada en los&nbsp; transportes guiados, y en ellas varios t&eacute;cnicos de Metropolitano de Tenerife hablar&aacute;n sobre la red tranviaria y el proyecto de trenes de Tenerife. Las siguientes dos ponencias de la ma&ntilde;ana, sobre hidrolog&iacute;a, se titulan &ldquo;Drenaje Territorial&rdquo; y &ldquo;Modelos de Hidrolog&iacute;a Superficial y Subterr&aacute;nea&rdquo;, impartidas por profesionales del Consejo Insular de Aguas del Cabildo de Tenerife.<br \/> \tLa tarde se completar&aacute; con la exposici&oacute;n de otras dos sesiones sobre obras mar&iacute;timas. En la primera se desarrollar&aacute;n dos ponencias sobre varios aspectos del proyecto de Puerto de Granadilla, a cargo de t&eacute;cnicos de la Autoridad Portuaria de Santa Cruz de Tenerife y de la UTE responsable de la ejecuci&oacute;n de las obras. La segunda, centrada en gesti&oacute;n costera y portuaria, ser&aacute; desarrollada por un&nbsp; profesional de la Consejer&iacute;a de Obras P&uacute;blicas, Transportes y Pol&iacute;tica Territorial del Gobierno de Canarias.<\/p>\n<p> \tLa jornada del viernes, 10 de mayo, estar&aacute; dedicada en una &uacute;ltima sesi&oacute;n sobre carreteras con dos ponencias sobre los cierres del Anillo Insular del Sur de Tenerife, tramo Adeje-Santiago del Teide, y del norte, tramo &ldquo;Icod-El Tanque&rdquo;. Como cierre, la Fundaci&oacute;n General Universidad de La Laguna expondr&aacute; la labor que desarrolla al servicio de los alumnos y su inserci&oacute;n laboral. Como acto final, se aprovechar&aacute;n las jornadas para hacer entrega del Premio al Mejor Proyecto Fin de Carrera de la escuela co-organizadora.<\/p>\n<p> \tLas jornadas han podido realizarse gracias al patrocinio de Metropolitano de Tenerife; Puertos de Tenerife; Esetec; UTE: Adeje-Santiago (Ferrovial, Agroman, V.V.O); UTE: Icod-El Tanque (Acciona, Ferrovial Agroman, Bruesa); y el ayuntamiento de Bre&ntilde;a Baja (La Palma). Adem&aacute;s, se ha contado con el patrocinio de la Fundaci&oacute;n General de la ULL, el Consejo Insular de Aguas de Tenerife, Dragados, Linda Trofeos y Regalos y Comidas Ferm&iacute;n Mesa.<\/p>\n","protected":false},"excerpt":{"rendered":"<p>El Aula Magna del edificio de las facultades de F&iacute;sica y de Matem&aacute;ticas de la Universidad de La Laguna acoger&aacute;&#8230;<\/p>\n","protected":false},"author":21,"featured_media":20714,"comment_status":"open","ping_status":"open","sticky":false,"template":"","format":"standard","meta":{"inline_featured_image":false,"footnotes":""},"categories":[346,1],"tags":[],"acf":[],"yoast_head":"<!-- This site is optimized with the Yoast SEO plugin v21.3 - https:\/\/yoast.com\/wordpress\/plugins\/seo\/ -->\n<title>Las I Jornadas de Ingenier\u00eda Civil de la ULL centran su inter\u00e9s en la hidrolog\u00eda y las obras mar\u00edtimas - ULL - Noticias<\/title>\n<meta name=\"robots\" content=\"index, follow, max-snippet:-1, max-image-preview:large, max-video-preview:-1\" \/>\n<link rel=\"canonical\" href=\"https:\/\/www.ull.es\/portal\/noticias\/2013\/las-i-jornadas-de-ingenieria-civil-de-la-ull-centran-su-interes-en-la-hidrologia-y-las-obras-maritimas\/\" \/>\n<meta property=\"og:locale\" content=\"es_ES\" \/>\n<meta property=\"og:type\" content=\"article\" \/>\n<meta property=\"og:title\" content=\"Las I Jornadas de Ingenier\u00eda Civil de la ULL centran su inter\u00e9s en la hidrolog\u00eda y las obras mar\u00edtimas - ULL - Noticias\" \/>\n<meta property=\"og:description\" content=\"El Aula Magna del edificio de las facultades de F&iacute;sica y de Matem&aacute;ticas de la Universidad de La Laguna acoger&aacute;...\" \/>\n<meta property=\"og:url\" content=\"https:\/\/www.ull.es\/portal\/noticias\/2013\/las-i-jornadas-de-ingenieria-civil-de-la-ull-centran-su-interes-en-la-hidrologia-y-las-obras-maritimas\/\" \/>\n<meta property=\"og:site_name\" content=\"ULL - Noticias\" \/>\n<meta property=\"article:publisher\" content=\"https:\/\/www.facebook.com\/universidaddelalaguna\/\" \/>\n<meta property=\"article:published_time\" content=\"2013-05-08T10:55:01+00:00\" \/>\n<meta property=\"og:image\" content=\"https:\/\/www.ull.es\/portal\/noticias\/wp-content\/uploads\/sites\/13\/2015\/07\/jornada_ingenieria.jpg\" \/>\n\t<meta property=\"og:image:width\" content=\"318\" \/>\n\t<meta property=\"og:image:height\" content=\"448\" \/>\n\t<meta property=\"og:image:type\" content=\"image\/jpeg\" \/>\n<meta name=\"author\" content=\"prensa2\" \/>\n<meta name=\"twitter:card\" content=\"summary_large_image\" \/>\n<meta name=\"twitter:creator\" content=\"@CanalULL\" \/>\n<meta name=\"twitter:site\" content=\"@CanalULL\" \/>\n<meta name=\"twitter:label1\" content=\"Escrito por\" \/>\n\t<meta name=\"twitter:data1\" content=\"prensa2\" \/>\n\t<meta name=\"twitter:label2\" content=\"Tiempo de lectura\" \/>\n\t<meta name=\"twitter:data2\" content=\"3 minutos\" \/>\n<script type=\"application\/ld+json\" class=\"yoast-schema-graph\">{\"@context\":\"https:\/\/schema.org\",\"@graph\":[{\"@type\":\"WebPage\",\"@id\":\"https:\/\/www.ull.es\/portal\/noticias\/2013\/las-i-jornadas-de-ingenieria-civil-de-la-ull-centran-su-interes-en-la-hidrologia-y-las-obras-maritimas\/\",\"url\":\"https:\/\/www.ull.es\/portal\/noticias\/2013\/las-i-jornadas-de-ingenieria-civil-de-la-ull-centran-su-interes-en-la-hidrologia-y-las-obras-maritimas\/\",\"name\":\"Las I Jornadas de Ingenier\u00eda Civil de la ULL centran su inter\u00e9s en la hidrolog\u00eda y las obras mar\u00edtimas - ULL - Noticias\",\"isPartOf\":{\"@id\":\"https:\/\/www.ull.es\/portal\/noticias\/#website\"},\"datePublished\":\"2013-05-08T10:55:01+00:00\",\"dateModified\":\"2013-05-08T10:55:01+00:00\",\"author\":{\"@id\":\"https:\/\/www.ull.es\/portal\/noticias\/#\/schema\/person\/c3b2aa857797592927a03740d6664376\"},\"breadcrumb\":{\"@id\":\"https:\/\/www.ull.es\/portal\/noticias\/2013\/las-i-jornadas-de-ingenieria-civil-de-la-ull-centran-su-interes-en-la-hidrologia-y-las-obras-maritimas\/#breadcrumb\"},\"inLanguage\":\"es\",\"potentialAction\":[{\"@type\":\"ReadAction\",\"target\":[\"https:\/\/www.ull.es\/portal\/noticias\/2013\/las-i-jornadas-de-ingenieria-civil-de-la-ull-centran-su-interes-en-la-hidrologia-y-las-obras-maritimas\/\"]}]},{\"@type\":\"BreadcrumbList\",\"@id\":\"https:\/\/www.ull.es\/portal\/noticias\/2013\/las-i-jornadas-de-ingenieria-civil-de-la-ull-centran-su-interes-en-la-hidrologia-y-las-obras-maritimas\/#breadcrumb\",\"itemListElement\":[{\"@type\":\"ListItem\",\"position\":1,\"name\":\"Portada\",\"item\":\"https:\/\/www.ull.es\/portal\/noticias\/\"},{\"@type\":\"ListItem\",\"position\":2,\"name\":\"Las I Jornadas de Ingenier\u00eda Civil de la ULL centran su inter\u00e9s en la hidrolog\u00eda y las obras mar\u00edtimas\"}]},{\"@type\":\"WebSite\",\"@id\":\"https:\/\/www.ull.es\/portal\/noticias\/#website\",\"url\":\"https:\/\/www.ull.es\/portal\/noticias\/\",\"name\":\"ULL - Noticias\",\"description\":\"\",\"potentialAction\":[{\"@type\":\"SearchAction\",\"target\":{\"@type\":\"EntryPoint\",\"urlTemplate\":\"https:\/\/www.ull.es\/portal\/noticias\/?s={search_term_string}\"},\"query-input\":\"required name=search_term_string\"}],\"inLanguage\":\"es\"},{\"@type\":\"Person\",\"@id\":\"https:\/\/www.ull.es\/portal\/noticias\/#\/schema\/person\/c3b2aa857797592927a03740d6664376\",\"name\":\"prensa2\",\"image\":{\"@type\":\"ImageObject\",\"inLanguage\":\"es\",\"@id\":\"https:\/\/www.ull.es\/portal\/noticias\/#\/schema\/person\/image\/\",\"url\":\"https:\/\/secure.gravatar.com\/avatar\/b58f310a5de5feb33d1e026d2493f23c?s=96&d=mm&r=g\",\"contentUrl\":\"https:\/\/secure.gravatar.com\/avatar\/b58f310a5de5feb33d1e026d2493f23c?s=96&d=mm&r=g\",\"caption\":\"prensa2\"},\"url\":\"https:\/\/www.ull.es\/portal\/noticias\/author\/prensa2\/\"}]}<\/script>\n<!-- \/ Yoast SEO plugin. -->","yoast_head_json":{"title":"Las I Jornadas de Ingenier\u00eda Civil de la ULL centran su inter\u00e9s en la hidrolog\u00eda y las obras mar\u00edtimas - ULL - Noticias","robots":{"index":"index","follow":"follow","max-snippet":"max-snippet:-1","max-image-preview":"max-image-preview:large","max-video-preview":"max-video-preview:-1"},"canonical":"https:\/\/www.ull.es\/portal\/noticias\/2013\/las-i-jornadas-de-ingenieria-civil-de-la-ull-centran-su-interes-en-la-hidrologia-y-las-obras-maritimas\/","og_locale":"es_ES","og_type":"article","og_title":"Las I Jornadas de Ingenier\u00eda Civil de la ULL centran su inter\u00e9s en la hidrolog\u00eda y las obras mar\u00edtimas - ULL - Noticias","og_description":"El Aula Magna del edificio de las facultades de F&iacute;sica y de Matem&aacute;ticas de la Universidad de La Laguna acoger&aacute;...","og_url":"https:\/\/www.ull.es\/portal\/noticias\/2013\/las-i-jornadas-de-ingenieria-civil-de-la-ull-centran-su-interes-en-la-hidrologia-y-las-obras-maritimas\/","og_site_name":"ULL - Noticias","article_publisher":"https:\/\/www.facebook.com\/universidaddelalaguna\/","article_published_time":"2013-05-08T10:55:01+00:00","og_image":[{"width":318,"height":448,"url":"https:\/\/www.ull.es\/portal\/noticias\/wp-content\/uploads\/sites\/13\/2015\/07\/jornada_ingenieria.jpg","type":"image\/jpeg"}],"author":"prensa2","twitter_card":"summary_large_image","twitter_creator":"@CanalULL","twitter_site":"@CanalULL","twitter_misc":{"Escrito por":"prensa2","Tiempo de lectura":"3 minutos"},"schema":{"@context":"https:\/\/schema.org","@graph":[{"@type":"WebPage","@id":"https:\/\/www.ull.es\/portal\/noticias\/2013\/las-i-jornadas-de-ingenieria-civil-de-la-ull-centran-su-interes-en-la-hidrologia-y-las-obras-maritimas\/","url":"https:\/\/www.ull.es\/portal\/noticias\/2013\/las-i-jornadas-de-ingenieria-civil-de-la-ull-centran-su-interes-en-la-hidrologia-y-las-obras-maritimas\/","name":"Las I Jornadas de Ingenier\u00eda Civil de la ULL centran su inter\u00e9s en la hidrolog\u00eda y las obras mar\u00edtimas - ULL - Noticias","isPartOf":{"@id":"https:\/\/www.ull.es\/portal\/noticias\/#website"},"datePublished":"2013-05-08T10:55:01+00:00","dateModified":"2013-05-08T10:55:01+00:00","author":{"@id":"https:\/\/www.ull.es\/portal\/noticias\/#\/schema\/person\/c3b2aa857797592927a03740d6664376"},"breadcrumb":{"@id":"https:\/\/www.ull.es\/portal\/noticias\/2013\/las-i-jornadas-de-ingenieria-civil-de-la-ull-centran-su-interes-en-la-hidrologia-y-las-obras-maritimas\/#breadcrumb"},"inLanguage":"es","potentialAction":[{"@type":"ReadAction","target":["https:\/\/www.ull.es\/portal\/noticias\/2013\/las-i-jornadas-de-ingenieria-civil-de-la-ull-centran-su-interes-en-la-hidrologia-y-las-obras-maritimas\/"]}]},{"@type":"BreadcrumbList","@id":"https:\/\/www.ull.es\/portal\/noticias\/2013\/las-i-jornadas-de-ingenieria-civil-de-la-ull-centran-su-interes-en-la-hidrologia-y-las-obras-maritimas\/#breadcrumb","itemListElement":[{"@type":"ListItem","position":1,"name":"Portada","item":"https:\/\/www.ull.es\/portal\/noticias\/"},{"@type":"ListItem","position":2,"name":"Las I Jornadas de Ingenier\u00eda Civil de la ULL centran su inter\u00e9s en la hidrolog\u00eda y las obras mar\u00edtimas"}]},{"@type":"WebSite","@id":"https:\/\/www.ull.es\/portal\/noticias\/#website","url":"https:\/\/www.ull.es\/portal\/noticias\/","name":"ULL - Noticias","description":"","potentialAction":[{"@type":"SearchAction","target":{"@type":"EntryPoint","urlTemplate":"https:\/\/www.ull.es\/portal\/noticias\/?s={search_term_string}"},"query-input":"required name=search_term_string"}],"inLanguage":"es"},{"@type":"Person","@id":"https:\/\/www.ull.es\/portal\/noticias\/#\/schema\/person\/c3b2aa857797592927a03740d6664376","name":"prensa2","image":{"@type":"ImageObject","inLanguage":"es","@id":"https:\/\/www.ull.es\/portal\/noticias\/#\/schema\/person\/image\/","url":"https:\/\/secure.gravatar.com\/avatar\/b58f310a5de5feb33d1e026d2493f23c?s=96&d=mm&r=g","contentUrl":"https:\/\/secure.gravatar.com\/avatar\/b58f310a5de5feb33d1e026d2493f23c?s=96&d=mm&r=g","caption":"prensa2"},"url":"https:\/\/www.ull.es\/portal\/noticias\/author\/prensa2\/"}]}},"primary_category":null,"featured_image_thumbnail_url":"https:\/\/www.ull.es\/portal\/noticias\/wp-content\/uploads\/sites\/13\/2015\/07\/jornada_ingenieria-213x300.jpg","_links":{"self":[{"href":"https:\/\/www.ull.es\/portal\/noticias\/wp-json\/wp\/v2\/posts\/20713"}],"collection":[{"href":"https:\/\/www.ull.es\/portal\/noticias\/wp-json\/wp\/v2\/posts"}],"about":[{"href":"https:\/\/www.ull.es\/portal\/noticias\/wp-json\/wp\/v2\/types\/post"}],"author":[{"embeddable":true,"href":"https:\/\/www.ull.es\/portal\/noticias\/wp-json\/wp\/v2\/users\/21"}],"replies":[{"embeddable":true,"href":"https:\/\/www.ull.es\/portal\/noticias\/wp-json\/wp\/v2\/comments?post=20713"}],"version-history":[{"count":0,"href":"https:\/\/www.ull.es\/portal\/noticias\/wp-json\/wp\/v2\/posts\/20713\/revisions"}],"wp:featuredmedia":[{"embeddable":true,"href":"https:\/\/www.ull.es\/portal\/noticias\/wp-json\/wp\/v2\/media\/20714"}],"wp:attachment":[{"href":"https:\/\/www.ull.es\/portal\/noticias\/wp-json\/wp\/v2\/media?parent=20713"}],"wp:term":[{"taxonomy":"category","embeddable":true,"href":"https:\/\/www.ull.es\/portal\/noticias\/wp-json\/wp\/v2\/categories?post=20713"},{"taxonomy":"post_tag","embeddable":true,"href":"https:\/\/www.ull.es\/portal\/noticias\/wp-json\/wp\/v2\/tags?post=20713"}],"curies":[{"name":"wp","href":"https:\/\/api.w.org\/{rel}","templated":true}]}}