{"id":20729,"date":"2013-05-10T09:40:24","date_gmt":"2013-05-10T09:40:24","guid":{"rendered":"http:\/\/ddigital.webs.ull.es\/finaliza-la-edicion-2013-de-la-muestra-de-cortos-de-la-ull-con-una-sesion-en-la-que-se-proclama-el-premio-del-publico\/"},"modified":"2013-05-10T09:40:24","modified_gmt":"2013-05-10T09:40:24","slug":"finaliza-la-edicion-2013-de-la-muestra-de-cortos-de-la-ull-con-una-sesion-en-la-que-se-proclama-el-premio-del-publico","status":"publish","type":"post","link":"https:\/\/www.ull.es\/portal\/noticias\/2013\/finaliza-la-edicion-2013-de-la-muestra-de-cortos-de-la-ull-con-una-sesion-en-la-que-se-proclama-el-premio-del-publico\/","title":{"rendered":"Finaliza la edici\u00f3n 2013 de la muestra de cortos de la ULL con una sesi\u00f3n en la que se proclama el premio del p\u00fablico"},"content":{"rendered":"<p> \tLa X Muestra Internacional de Cortometrajes de la Universidad de La Laguna, MIDEC 2013, finaliza el s&aacute;bado 11 de mayo su edici&oacute;n de este a&ntilde;o con una nueva sesi&oacute;n de cortos que dar&aacute; comienzo a las 20.30 horas en el Aguere Espacio Cultural (La Laguna). El evento est&aacute; organizado por el Vicerrectorado de Relaciones Universidad y Sociedad de la Universidad de La Laguna y producido por Digital 104. El precio de la entrada es de 3 euros por sesi&oacute;n.<\/p>\n<p> \tLa &uacute;ltima jornada se abre con &ldquo;La huida&rdquo;, un original cortometraje dirigido por V&iacute;ctor Carrey y que ha sido merecedor del Premio al Lenguaje Cinematogr&aacute;fico m&aacute;s Innovador. Virginia Llera firma una reflexi&oacute;n sobre el amor, la soledad y las relaciones de pareja en &ldquo;Lone-Illness&rdquo;. V&iacute;ctor Palacios se traslada a Argentina para rodar una dura historia con dos hermanas como protagonistas. &ldquo;Abril&rdquo; fue merecedora de la menci&oacute;n especial a la mejor actriz compartido por sus int&eacute;rpretes: Cecilia Palacios y Melina Alejandra Rua. <\/p>\n<p> \t&ldquo;Abstenerse agencias&rdquo; relata la b&uacute;squeda de piso de una joven pareja dispuesta a dar el siguiente paso en su relaci&oacute;n. Dirige Gaizka Urresti y en el reparto destaca la veterana Asunci&oacute;n Balaguer. &ldquo;Friendsheep&rdquo;, dirigido por Jaime Maestro y producido por la escuela de animaci&oacute;n valenciana Primer Frame, es una divertida historia protagonizada por un lobo que se debate entre su condici&oacute;n m&aacute;s animal y la amistad con sus nuevas compa&ntilde;eras de oficina. <\/p>\n<p> \tCierra la sesi&oacute;n &ldquo;Aquel no era yo&rdquo;, de Esteban Crespo, galardonado con el Premio al Mejor Cortometraje en el certamen de la ULL y con la menci&oacute;n especial al mejor actor para Gustavo Salmer&oacute;n. Este duro cortometraje ha sido merecedor adem&aacute;s, entre muchos otros reconocimientos, del Goya de este a&ntilde;o al Mejor Cortometraje de Ficci&oacute;n.<\/p>\n<p> \tEl p&uacute;blico asistente a las proyecciones podr&aacute; votar por su cortometraje favorito participando en el Premio del P&uacute;blico, que se proclamar&aacute; al finalizar la proyecci&oacute;n fuera de concurso de &ldquo;Le quiero y espero&rdquo;, dirigido por Valeria Sartori, Premio del P&uacute;blico de la pasada edici&oacute;n. <br \/> \t&nbsp;<\/p>\n","protected":false},"excerpt":{"rendered":"<p>La X Muestra Internacional de Cortometrajes de la Universidad de La Laguna, MIDEC 2013, finaliza el s&aacute;bado 11 de mayo&#8230;<\/p>\n","protected":false},"author":21,"featured_media":0,"comment_status":"open","ping_status":"open","sticky":false,"template":"","format":"standard","meta":{"inline_featured_image":false,"footnotes":""},"categories":[344,1],"tags":[],"acf":[],"yoast_head":"<!-- This site is optimized with the Yoast SEO plugin v21.3 - https:\/\/yoast.com\/wordpress\/plugins\/seo\/ -->\n<title>Finaliza la edici\u00f3n 2013 de la muestra de cortos de la ULL con una sesi\u00f3n en la que se proclama el premio del p\u00fablico - ULL - Noticias<\/title>\n<meta name=\"robots\" content=\"index, follow, max-snippet:-1, max-image-preview:large, max-video-preview:-1\" \/>\n<link rel=\"canonical\" href=\"https:\/\/www.ull.es\/portal\/noticias\/2013\/finaliza-la-edicion-2013-de-la-muestra-de-cortos-de-la-ull-con-una-sesion-en-la-que-se-proclama-el-premio-del-publico\/\" \/>\n<meta property=\"og:locale\" content=\"es_ES\" \/>\n<meta property=\"og:type\" content=\"article\" \/>\n<meta property=\"og:title\" content=\"Finaliza la edici\u00f3n 2013 de la muestra de cortos de la ULL con una sesi\u00f3n en la que se proclama el premio del p\u00fablico - ULL - Noticias\" \/>\n<meta property=\"og:description\" content=\"La X Muestra Internacional de Cortometrajes de la Universidad de La Laguna, MIDEC 2013, finaliza el s&aacute;bado 11 de mayo...\" \/>\n<meta property=\"og:url\" content=\"https:\/\/www.ull.es\/portal\/noticias\/2013\/finaliza-la-edicion-2013-de-la-muestra-de-cortos-de-la-ull-con-una-sesion-en-la-que-se-proclama-el-premio-del-publico\/\" \/>\n<meta property=\"og:site_name\" content=\"ULL - Noticias\" \/>\n<meta property=\"article:publisher\" content=\"https:\/\/www.facebook.com\/universidaddelalaguna\/\" \/>\n<meta property=\"article:published_time\" content=\"2013-05-10T09:40:24+00:00\" \/>\n<meta property=\"og:image\" content=\"https:\/\/www.ull.es\/portal\/noticias\/wp-content\/uploads\/sites\/13\/2023\/06\/logo-redimensionado.png\" \/>\n\t<meta property=\"og:image:width\" content=\"1200\" \/>\n\t<meta property=\"og:image:height\" content=\"630\" \/>\n\t<meta property=\"og:image:type\" content=\"image\/png\" \/>\n<meta name=\"author\" content=\"prensa2\" \/>\n<meta name=\"twitter:card\" content=\"summary_large_image\" \/>\n<meta name=\"twitter:creator\" content=\"@CanalULL\" \/>\n<meta name=\"twitter:site\" content=\"@CanalULL\" \/>\n<meta name=\"twitter:label1\" content=\"Escrito por\" \/>\n\t<meta name=\"twitter:data1\" content=\"prensa2\" \/>\n\t<meta name=\"twitter:label2\" content=\"Tiempo de lectura\" \/>\n\t<meta name=\"twitter:data2\" content=\"2 minutos\" \/>\n<script type=\"application\/ld+json\" class=\"yoast-schema-graph\">{\"@context\":\"https:\/\/schema.org\",\"@graph\":[{\"@type\":\"WebPage\",\"@id\":\"https:\/\/www.ull.es\/portal\/noticias\/2013\/finaliza-la-edicion-2013-de-la-muestra-de-cortos-de-la-ull-con-una-sesion-en-la-que-se-proclama-el-premio-del-publico\/\",\"url\":\"https:\/\/www.ull.es\/portal\/noticias\/2013\/finaliza-la-edicion-2013-de-la-muestra-de-cortos-de-la-ull-con-una-sesion-en-la-que-se-proclama-el-premio-del-publico\/\",\"name\":\"Finaliza la edici\u00f3n 2013 de la muestra de cortos de la ULL con una sesi\u00f3n en la que se proclama el premio del p\u00fablico - ULL - Noticias\",\"isPartOf\":{\"@id\":\"https:\/\/www.ull.es\/portal\/noticias\/#website\"},\"datePublished\":\"2013-05-10T09:40:24+00:00\",\"dateModified\":\"2013-05-10T09:40:24+00:00\",\"author\":{\"@id\":\"https:\/\/www.ull.es\/portal\/noticias\/#\/schema\/person\/c3b2aa857797592927a03740d6664376\"},\"breadcrumb\":{\"@id\":\"https:\/\/www.ull.es\/portal\/noticias\/2013\/finaliza-la-edicion-2013-de-la-muestra-de-cortos-de-la-ull-con-una-sesion-en-la-que-se-proclama-el-premio-del-publico\/#breadcrumb\"},\"inLanguage\":\"es\",\"potentialAction\":[{\"@type\":\"ReadAction\",\"target\":[\"https:\/\/www.ull.es\/portal\/noticias\/2013\/finaliza-la-edicion-2013-de-la-muestra-de-cortos-de-la-ull-con-una-sesion-en-la-que-se-proclama-el-premio-del-publico\/\"]}]},{\"@type\":\"BreadcrumbList\",\"@id\":\"https:\/\/www.ull.es\/portal\/noticias\/2013\/finaliza-la-edicion-2013-de-la-muestra-de-cortos-de-la-ull-con-una-sesion-en-la-que-se-proclama-el-premio-del-publico\/#breadcrumb\",\"itemListElement\":[{\"@type\":\"ListItem\",\"position\":1,\"name\":\"Portada\",\"item\":\"https:\/\/www.ull.es\/portal\/noticias\/\"},{\"@type\":\"ListItem\",\"position\":2,\"name\":\"Finaliza la edici\u00f3n 2013 de la muestra de cortos de la ULL con una sesi\u00f3n en la que se proclama el premio del p\u00fablico\"}]},{\"@type\":\"WebSite\",\"@id\":\"https:\/\/www.ull.es\/portal\/noticias\/#website\",\"url\":\"https:\/\/www.ull.es\/portal\/noticias\/\",\"name\":\"ULL - Noticias\",\"description\":\"\",\"potentialAction\":[{\"@type\":\"SearchAction\",\"target\":{\"@type\":\"EntryPoint\",\"urlTemplate\":\"https:\/\/www.ull.es\/portal\/noticias\/?s={search_term_string}\"},\"query-input\":\"required name=search_term_string\"}],\"inLanguage\":\"es\"},{\"@type\":\"Person\",\"@id\":\"https:\/\/www.ull.es\/portal\/noticias\/#\/schema\/person\/c3b2aa857797592927a03740d6664376\",\"name\":\"prensa2\",\"image\":{\"@type\":\"ImageObject\",\"inLanguage\":\"es\",\"@id\":\"https:\/\/www.ull.es\/portal\/noticias\/#\/schema\/person\/image\/\",\"url\":\"https:\/\/secure.gravatar.com\/avatar\/b58f310a5de5feb33d1e026d2493f23c?s=96&d=mm&r=g\",\"contentUrl\":\"https:\/\/secure.gravatar.com\/avatar\/b58f310a5de5feb33d1e026d2493f23c?s=96&d=mm&r=g\",\"caption\":\"prensa2\"},\"url\":\"https:\/\/www.ull.es\/portal\/noticias\/author\/prensa2\/\"}]}<\/script>\n<!-- \/ Yoast SEO plugin. -->","yoast_head_json":{"title":"Finaliza la edici\u00f3n 2013 de la muestra de cortos de la ULL con una sesi\u00f3n en la que se proclama el premio del p\u00fablico - ULL - Noticias","robots":{"index":"index","follow":"follow","max-snippet":"max-snippet:-1","max-image-preview":"max-image-preview:large","max-video-preview":"max-video-preview:-1"},"canonical":"https:\/\/www.ull.es\/portal\/noticias\/2013\/finaliza-la-edicion-2013-de-la-muestra-de-cortos-de-la-ull-con-una-sesion-en-la-que-se-proclama-el-premio-del-publico\/","og_locale":"es_ES","og_type":"article","og_title":"Finaliza la edici\u00f3n 2013 de la muestra de cortos de la ULL con una sesi\u00f3n en la que se proclama el premio del p\u00fablico - ULL - Noticias","og_description":"La X Muestra Internacional de Cortometrajes de la Universidad de La Laguna, MIDEC 2013, finaliza el s&aacute;bado 11 de mayo...","og_url":"https:\/\/www.ull.es\/portal\/noticias\/2013\/finaliza-la-edicion-2013-de-la-muestra-de-cortos-de-la-ull-con-una-sesion-en-la-que-se-proclama-el-premio-del-publico\/","og_site_name":"ULL - Noticias","article_publisher":"https:\/\/www.facebook.com\/universidaddelalaguna\/","article_published_time":"2013-05-10T09:40:24+00:00","og_image":[{"width":1200,"height":630,"url":"https:\/\/www.ull.es\/portal\/noticias\/wp-content\/uploads\/sites\/13\/2023\/06\/logo-redimensionado.png","type":"image\/png"}],"author":"prensa2","twitter_card":"summary_large_image","twitter_creator":"@CanalULL","twitter_site":"@CanalULL","twitter_misc":{"Escrito por":"prensa2","Tiempo de lectura":"2 minutos"},"schema":{"@context":"https:\/\/schema.org","@graph":[{"@type":"WebPage","@id":"https:\/\/www.ull.es\/portal\/noticias\/2013\/finaliza-la-edicion-2013-de-la-muestra-de-cortos-de-la-ull-con-una-sesion-en-la-que-se-proclama-el-premio-del-publico\/","url":"https:\/\/www.ull.es\/portal\/noticias\/2013\/finaliza-la-edicion-2013-de-la-muestra-de-cortos-de-la-ull-con-una-sesion-en-la-que-se-proclama-el-premio-del-publico\/","name":"Finaliza la edici\u00f3n 2013 de la muestra de cortos de la ULL con una sesi\u00f3n en la que se proclama el premio del p\u00fablico - ULL - Noticias","isPartOf":{"@id":"https:\/\/www.ull.es\/portal\/noticias\/#website"},"datePublished":"2013-05-10T09:40:24+00:00","dateModified":"2013-05-10T09:40:24+00:00","author":{"@id":"https:\/\/www.ull.es\/portal\/noticias\/#\/schema\/person\/c3b2aa857797592927a03740d6664376"},"breadcrumb":{"@id":"https:\/\/www.ull.es\/portal\/noticias\/2013\/finaliza-la-edicion-2013-de-la-muestra-de-cortos-de-la-ull-con-una-sesion-en-la-que-se-proclama-el-premio-del-publico\/#breadcrumb"},"inLanguage":"es","potentialAction":[{"@type":"ReadAction","target":["https:\/\/www.ull.es\/portal\/noticias\/2013\/finaliza-la-edicion-2013-de-la-muestra-de-cortos-de-la-ull-con-una-sesion-en-la-que-se-proclama-el-premio-del-publico\/"]}]},{"@type":"BreadcrumbList","@id":"https:\/\/www.ull.es\/portal\/noticias\/2013\/finaliza-la-edicion-2013-de-la-muestra-de-cortos-de-la-ull-con-una-sesion-en-la-que-se-proclama-el-premio-del-publico\/#breadcrumb","itemListElement":[{"@type":"ListItem","position":1,"name":"Portada","item":"https:\/\/www.ull.es\/portal\/noticias\/"},{"@type":"ListItem","position":2,"name":"Finaliza la edici\u00f3n 2013 de la muestra de cortos de la ULL con una sesi\u00f3n en la que se proclama el premio del p\u00fablico"}]},{"@type":"WebSite","@id":"https:\/\/www.ull.es\/portal\/noticias\/#website","url":"https:\/\/www.ull.es\/portal\/noticias\/","name":"ULL - Noticias","description":"","potentialAction":[{"@type":"SearchAction","target":{"@type":"EntryPoint","urlTemplate":"https:\/\/www.ull.es\/portal\/noticias\/?s={search_term_string}"},"query-input":"required name=search_term_string"}],"inLanguage":"es"},{"@type":"Person","@id":"https:\/\/www.ull.es\/portal\/noticias\/#\/schema\/person\/c3b2aa857797592927a03740d6664376","name":"prensa2","image":{"@type":"ImageObject","inLanguage":"es","@id":"https:\/\/www.ull.es\/portal\/noticias\/#\/schema\/person\/image\/","url":"https:\/\/secure.gravatar.com\/avatar\/b58f310a5de5feb33d1e026d2493f23c?s=96&d=mm&r=g","contentUrl":"https:\/\/secure.gravatar.com\/avatar\/b58f310a5de5feb33d1e026d2493f23c?s=96&d=mm&r=g","caption":"prensa2"},"url":"https:\/\/www.ull.es\/portal\/noticias\/author\/prensa2\/"}]}},"primary_category":null,"featured_image_thumbnail_url":null,"_links":{"self":[{"href":"https:\/\/www.ull.es\/portal\/noticias\/wp-json\/wp\/v2\/posts\/20729"}],"collection":[{"href":"https:\/\/www.ull.es\/portal\/noticias\/wp-json\/wp\/v2\/posts"}],"about":[{"href":"https:\/\/www.ull.es\/portal\/noticias\/wp-json\/wp\/v2\/types\/post"}],"author":[{"embeddable":true,"href":"https:\/\/www.ull.es\/portal\/noticias\/wp-json\/wp\/v2\/users\/21"}],"replies":[{"embeddable":true,"href":"https:\/\/www.ull.es\/portal\/noticias\/wp-json\/wp\/v2\/comments?post=20729"}],"version-history":[{"count":0,"href":"https:\/\/www.ull.es\/portal\/noticias\/wp-json\/wp\/v2\/posts\/20729\/revisions"}],"wp:attachment":[{"href":"https:\/\/www.ull.es\/portal\/noticias\/wp-json\/wp\/v2\/media?parent=20729"}],"wp:term":[{"taxonomy":"category","embeddable":true,"href":"https:\/\/www.ull.es\/portal\/noticias\/wp-json\/wp\/v2\/categories?post=20729"},{"taxonomy":"post_tag","embeddable":true,"href":"https:\/\/www.ull.es\/portal\/noticias\/wp-json\/wp\/v2\/tags?post=20729"}],"curies":[{"name":"wp","href":"https:\/\/api.w.org\/{rel}","templated":true}]}}