{"id":20747,"date":"2013-05-13T15:37:26","date_gmt":"2013-05-13T15:37:26","guid":{"rendered":"http:\/\/ddigital.webs.ull.es\/una-delegacion-de-la-universidad-de-la-laguna-visito-varias-instituciones-educativas-y-politicas-de-senegal\/"},"modified":"2013-05-13T15:37:26","modified_gmt":"2013-05-13T15:37:26","slug":"una-delegacion-de-la-universidad-de-la-laguna-visito-varias-instituciones-educativas-y-politicas-de-senegal","status":"publish","type":"post","link":"https:\/\/www.ull.es\/portal\/noticias\/2013\/una-delegacion-de-la-universidad-de-la-laguna-visito-varias-instituciones-educativas-y-politicas-de-senegal\/","title":{"rendered":"Una delegaci\u00f3n de la Universidad de La Laguna visit\u00f3 varias instituciones educativas y pol\u00edticas de Senegal"},"content":{"rendered":"<p> \tUna delegaci&oacute;n de la Universidad de La Laguna, dirigida por el vicerrector de Internacionalizaci&oacute;n y Excelencia, Rodrigo Trujillo, realiz&oacute; una visita institucional a Senegal entre el 6 y el 10 de mayo, en la cual ha mantenido reuniones con diversos ministros e instituciones acad&eacute;micas del pa&iacute;s africano. Adem&aacute;s del vicerrector, asistieron el director del Instituto Universitario de Investigaci&oacute;n en Enfermedades Tropicales y Salud P&uacute;blica de Canarias, Basilio Valladares, y la t&eacute;cnico para el fomento de la Proyecci&oacute;n Internacional Lidia Carrillo.<\/p>\n<p> \tUna de las reuniones que se mantuvieron fue con el ministro de Educaci&oacute;n Superior e Investigaci&oacute;n, Mary Teuw Niane, en la que se abordaron diversos proyectos de colaboraci&oacute;n. El principal inter&eacute;s del gobierno senegal&eacute;s es el lanzamiento de su universidad virtual, que atienda la enorme demanda de plazas acad&eacute;micas que se da en estos momentos y que no puede su asumida por su su oferta presencial.<\/p>\n<p> \tLa delegaci&oacute;n de la ULL le present&oacute; sus recursos telem&aacute;ticos (ULLMedia, ejemplos de aulas virtuales, el portal de UDV, etc.), y se abrieron v&iacute;as para un futura cooperaci&oacute;n en materia de asesoramiento tecnol&oacute;gico y pedag&oacute;gico de sus profesionales.<\/p>\n<p> \tTambi&eacute;n hubo un encuentro con la ministra de Sanidad y Acci&oacute;n Social, Eva Marie Coll Seck, en la cual se trataron las estrategias de captaci&oacute;n de fondos que apoye los proyectos comunes de la ULL con este ministerio en materias de tanta importancia para la salud de la poblaci&oacute;n como es la erradicaci&oacute;n de la malaria. La construcci&oacute;n de laboratorios gemelos a los de la ULL, acci&oacute;n ya iniciada en Per&uacute; y Cabo Verde, es uno de los primeros objetivos.<\/p>\n<p> \tPor otro lado, en el marco del Campus de Excelencia Internacional, se dise&ntilde;&oacute; un plan integral de an&aacute;lisis de campo de la prevalencia de la enfermedad en la poblaci&oacute;n, el dise&ntilde;o de campa&ntilde;as preventivas y el esbozo de protocolos de actuaci&oacute;n ante crisis de infectados. Este &uacute;ltimo programa es de relevancia suficiente para coordinarlo con pa&iacute;ses del entorno del Sahel, en un plan integral de erradicaci&oacute;n de la malaria.<\/p>\n<p> \tLa tercera autoridad a la que se visit&oacute; fue al ministro de Communication, des T&eacute;l&eacute;communications et de l&#039;Economie Num&eacute;rique, que tambi&eacute;n es alcalde de la ciudad universitaria de Saint Louis, Cheikh Mamadou Abiboulaye Dieye. En ella se manifest&oacute; el inter&eacute;s por que esta localidad cuente con un laboratorio de investigaci&oacute;n en enfermedades tropicales y convierta a la ciudad en referente para la zona del Sahel. Se abord&oacute; tambi&eacute;n la posibilidad de promover pr&aacute;cticas laborales de titulados de la ULL en el ayuntamiento, promovidas a partir de la relaci&oacute;n estrecha con el Cabildo de Tenerife, que asumir&iacute;a la financiaci&oacute;n del proyecto.<\/p>\n<p> \tHubo un encuentro con la direcci&oacute;n de la Escuela de Turismo de Dakar, dependiente del Ministerio de Cultura y Turismo, centro interesado en preparar un programa de estudios conjunto que facilite a sus graduados el acceso al Master en Innovaci&oacute;n en Dise&ntilde;o para el Sector Tur&iacute;stico de la ULL.<\/p>\n<p> \tSe visit&oacute; adicionalmente la Universidad Gaston-Berger de Saint Louis. Que mantiene una ya larga relaci&oacute;n con la ULL en varios proyectos enmarcados varios en el programa PCT-MAC. Se abord&oacute; como prioridad el intensificar las actividades en doctorado, y aprovechar el nuevo programa Erasmus for All que abrir&aacute; la puerta a mayor movilidad entre nuestros doctorandos.<\/p>\n<p> \tLa visita sirvi&oacute; para finalizar el Proyecto PITECCA (PCT-MAC) que lidera Radio ECCA, el cual ha desarrollado una plataforma de ense&ntilde;anza de espa&ntilde;ol totalmente adaptada al alumno de Senegal. Se concluy&oacute; la parte formativa con la entrega de los diplomas a los alumnos que terminaron la formaci&oacute;n en Saint Louis y Dakar. La aportaci&oacute;n de la ULL fue en la fase inicial de diagn&oacute;stico de conocimiento de inform&aacute;tica de los potenciales alumnos.<\/p>\n","protected":false},"excerpt":{"rendered":"<p>Una delegaci&oacute;n de la Universidad de La Laguna, dirigida por el vicerrector de Internacionalizaci&oacute;n y Excelencia, Rodrigo Trujillo, realiz&oacute; una&#8230;<\/p>\n","protected":false},"author":21,"featured_media":0,"comment_status":"open","ping_status":"open","sticky":false,"template":"","format":"standard","meta":{"inline_featured_image":false,"footnotes":""},"categories":[348,1],"tags":[],"acf":[],"yoast_head":"<!-- This site is optimized with the Yoast SEO plugin v21.3 - https:\/\/yoast.com\/wordpress\/plugins\/seo\/ -->\n<title>Una delegaci\u00f3n de la Universidad de La Laguna visit\u00f3 varias instituciones educativas y pol\u00edticas de Senegal - ULL - Noticias<\/title>\n<meta name=\"robots\" content=\"index, follow, max-snippet:-1, max-image-preview:large, max-video-preview:-1\" \/>\n<link rel=\"canonical\" href=\"https:\/\/www.ull.es\/portal\/noticias\/2013\/una-delegacion-de-la-universidad-de-la-laguna-visito-varias-instituciones-educativas-y-politicas-de-senegal\/\" \/>\n<meta property=\"og:locale\" content=\"es_ES\" \/>\n<meta property=\"og:type\" content=\"article\" \/>\n<meta property=\"og:title\" content=\"Una delegaci\u00f3n de la Universidad de La Laguna visit\u00f3 varias instituciones educativas y pol\u00edticas de Senegal - ULL - Noticias\" \/>\n<meta property=\"og:description\" content=\"Una delegaci&oacute;n de la Universidad de La Laguna, dirigida por el vicerrector de Internacionalizaci&oacute;n y Excelencia, Rodrigo Trujillo, realiz&oacute; una...\" \/>\n<meta property=\"og:url\" content=\"https:\/\/www.ull.es\/portal\/noticias\/2013\/una-delegacion-de-la-universidad-de-la-laguna-visito-varias-instituciones-educativas-y-politicas-de-senegal\/\" \/>\n<meta property=\"og:site_name\" content=\"ULL - Noticias\" \/>\n<meta property=\"article:publisher\" content=\"https:\/\/www.facebook.com\/universidaddelalaguna\/\" \/>\n<meta property=\"article:published_time\" content=\"2013-05-13T15:37:26+00:00\" \/>\n<meta property=\"og:image\" content=\"https:\/\/www.ull.es\/portal\/noticias\/wp-content\/uploads\/sites\/13\/2023\/06\/logo-redimensionado.png\" \/>\n\t<meta property=\"og:image:width\" content=\"1200\" \/>\n\t<meta property=\"og:image:height\" content=\"630\" \/>\n\t<meta property=\"og:image:type\" content=\"image\/png\" \/>\n<meta name=\"author\" content=\"prensa2\" \/>\n<meta name=\"twitter:card\" content=\"summary_large_image\" \/>\n<meta name=\"twitter:creator\" content=\"@CanalULL\" \/>\n<meta name=\"twitter:site\" content=\"@CanalULL\" \/>\n<meta name=\"twitter:label1\" content=\"Escrito por\" \/>\n\t<meta name=\"twitter:data1\" content=\"prensa2\" \/>\n\t<meta name=\"twitter:label2\" content=\"Tiempo de lectura\" \/>\n\t<meta name=\"twitter:data2\" content=\"4 minutos\" \/>\n<script type=\"application\/ld+json\" class=\"yoast-schema-graph\">{\"@context\":\"https:\/\/schema.org\",\"@graph\":[{\"@type\":\"WebPage\",\"@id\":\"https:\/\/www.ull.es\/portal\/noticias\/2013\/una-delegacion-de-la-universidad-de-la-laguna-visito-varias-instituciones-educativas-y-politicas-de-senegal\/\",\"url\":\"https:\/\/www.ull.es\/portal\/noticias\/2013\/una-delegacion-de-la-universidad-de-la-laguna-visito-varias-instituciones-educativas-y-politicas-de-senegal\/\",\"name\":\"Una delegaci\u00f3n de la Universidad de La Laguna visit\u00f3 varias instituciones educativas y pol\u00edticas de Senegal - ULL - Noticias\",\"isPartOf\":{\"@id\":\"https:\/\/www.ull.es\/portal\/noticias\/#website\"},\"datePublished\":\"2013-05-13T15:37:26+00:00\",\"dateModified\":\"2013-05-13T15:37:26+00:00\",\"author\":{\"@id\":\"https:\/\/www.ull.es\/portal\/noticias\/#\/schema\/person\/c3b2aa857797592927a03740d6664376\"},\"breadcrumb\":{\"@id\":\"https:\/\/www.ull.es\/portal\/noticias\/2013\/una-delegacion-de-la-universidad-de-la-laguna-visito-varias-instituciones-educativas-y-politicas-de-senegal\/#breadcrumb\"},\"inLanguage\":\"es\",\"potentialAction\":[{\"@type\":\"ReadAction\",\"target\":[\"https:\/\/www.ull.es\/portal\/noticias\/2013\/una-delegacion-de-la-universidad-de-la-laguna-visito-varias-instituciones-educativas-y-politicas-de-senegal\/\"]}]},{\"@type\":\"BreadcrumbList\",\"@id\":\"https:\/\/www.ull.es\/portal\/noticias\/2013\/una-delegacion-de-la-universidad-de-la-laguna-visito-varias-instituciones-educativas-y-politicas-de-senegal\/#breadcrumb\",\"itemListElement\":[{\"@type\":\"ListItem\",\"position\":1,\"name\":\"Portada\",\"item\":\"https:\/\/www.ull.es\/portal\/noticias\/\"},{\"@type\":\"ListItem\",\"position\":2,\"name\":\"Una delegaci\u00f3n de la Universidad de La Laguna visit\u00f3 varias instituciones educativas y pol\u00edticas de Senegal\"}]},{\"@type\":\"WebSite\",\"@id\":\"https:\/\/www.ull.es\/portal\/noticias\/#website\",\"url\":\"https:\/\/www.ull.es\/portal\/noticias\/\",\"name\":\"ULL - Noticias\",\"description\":\"\",\"potentialAction\":[{\"@type\":\"SearchAction\",\"target\":{\"@type\":\"EntryPoint\",\"urlTemplate\":\"https:\/\/www.ull.es\/portal\/noticias\/?s={search_term_string}\"},\"query-input\":\"required name=search_term_string\"}],\"inLanguage\":\"es\"},{\"@type\":\"Person\",\"@id\":\"https:\/\/www.ull.es\/portal\/noticias\/#\/schema\/person\/c3b2aa857797592927a03740d6664376\",\"name\":\"prensa2\",\"image\":{\"@type\":\"ImageObject\",\"inLanguage\":\"es\",\"@id\":\"https:\/\/www.ull.es\/portal\/noticias\/#\/schema\/person\/image\/\",\"url\":\"https:\/\/secure.gravatar.com\/avatar\/b58f310a5de5feb33d1e026d2493f23c?s=96&d=mm&r=g\",\"contentUrl\":\"https:\/\/secure.gravatar.com\/avatar\/b58f310a5de5feb33d1e026d2493f23c?s=96&d=mm&r=g\",\"caption\":\"prensa2\"},\"url\":\"https:\/\/www.ull.es\/portal\/noticias\/author\/prensa2\/\"}]}<\/script>\n<!-- \/ Yoast SEO plugin. -->","yoast_head_json":{"title":"Una delegaci\u00f3n de la Universidad de La Laguna visit\u00f3 varias instituciones educativas y pol\u00edticas de Senegal - ULL - Noticias","robots":{"index":"index","follow":"follow","max-snippet":"max-snippet:-1","max-image-preview":"max-image-preview:large","max-video-preview":"max-video-preview:-1"},"canonical":"https:\/\/www.ull.es\/portal\/noticias\/2013\/una-delegacion-de-la-universidad-de-la-laguna-visito-varias-instituciones-educativas-y-politicas-de-senegal\/","og_locale":"es_ES","og_type":"article","og_title":"Una delegaci\u00f3n de la Universidad de La Laguna visit\u00f3 varias instituciones educativas y pol\u00edticas de Senegal - ULL - Noticias","og_description":"Una delegaci&oacute;n de la Universidad de La Laguna, dirigida por el vicerrector de Internacionalizaci&oacute;n y Excelencia, Rodrigo Trujillo, realiz&oacute; una...","og_url":"https:\/\/www.ull.es\/portal\/noticias\/2013\/una-delegacion-de-la-universidad-de-la-laguna-visito-varias-instituciones-educativas-y-politicas-de-senegal\/","og_site_name":"ULL - Noticias","article_publisher":"https:\/\/www.facebook.com\/universidaddelalaguna\/","article_published_time":"2013-05-13T15:37:26+00:00","og_image":[{"width":1200,"height":630,"url":"https:\/\/www.ull.es\/portal\/noticias\/wp-content\/uploads\/sites\/13\/2023\/06\/logo-redimensionado.png","type":"image\/png"}],"author":"prensa2","twitter_card":"summary_large_image","twitter_creator":"@CanalULL","twitter_site":"@CanalULL","twitter_misc":{"Escrito por":"prensa2","Tiempo de lectura":"4 minutos"},"schema":{"@context":"https:\/\/schema.org","@graph":[{"@type":"WebPage","@id":"https:\/\/www.ull.es\/portal\/noticias\/2013\/una-delegacion-de-la-universidad-de-la-laguna-visito-varias-instituciones-educativas-y-politicas-de-senegal\/","url":"https:\/\/www.ull.es\/portal\/noticias\/2013\/una-delegacion-de-la-universidad-de-la-laguna-visito-varias-instituciones-educativas-y-politicas-de-senegal\/","name":"Una delegaci\u00f3n de la Universidad de La Laguna visit\u00f3 varias instituciones educativas y pol\u00edticas de Senegal - ULL - Noticias","isPartOf":{"@id":"https:\/\/www.ull.es\/portal\/noticias\/#website"},"datePublished":"2013-05-13T15:37:26+00:00","dateModified":"2013-05-13T15:37:26+00:00","author":{"@id":"https:\/\/www.ull.es\/portal\/noticias\/#\/schema\/person\/c3b2aa857797592927a03740d6664376"},"breadcrumb":{"@id":"https:\/\/www.ull.es\/portal\/noticias\/2013\/una-delegacion-de-la-universidad-de-la-laguna-visito-varias-instituciones-educativas-y-politicas-de-senegal\/#breadcrumb"},"inLanguage":"es","potentialAction":[{"@type":"ReadAction","target":["https:\/\/www.ull.es\/portal\/noticias\/2013\/una-delegacion-de-la-universidad-de-la-laguna-visito-varias-instituciones-educativas-y-politicas-de-senegal\/"]}]},{"@type":"BreadcrumbList","@id":"https:\/\/www.ull.es\/portal\/noticias\/2013\/una-delegacion-de-la-universidad-de-la-laguna-visito-varias-instituciones-educativas-y-politicas-de-senegal\/#breadcrumb","itemListElement":[{"@type":"ListItem","position":1,"name":"Portada","item":"https:\/\/www.ull.es\/portal\/noticias\/"},{"@type":"ListItem","position":2,"name":"Una delegaci\u00f3n de la Universidad de La Laguna visit\u00f3 varias instituciones educativas y pol\u00edticas de Senegal"}]},{"@type":"WebSite","@id":"https:\/\/www.ull.es\/portal\/noticias\/#website","url":"https:\/\/www.ull.es\/portal\/noticias\/","name":"ULL - Noticias","description":"","potentialAction":[{"@type":"SearchAction","target":{"@type":"EntryPoint","urlTemplate":"https:\/\/www.ull.es\/portal\/noticias\/?s={search_term_string}"},"query-input":"required name=search_term_string"}],"inLanguage":"es"},{"@type":"Person","@id":"https:\/\/www.ull.es\/portal\/noticias\/#\/schema\/person\/c3b2aa857797592927a03740d6664376","name":"prensa2","image":{"@type":"ImageObject","inLanguage":"es","@id":"https:\/\/www.ull.es\/portal\/noticias\/#\/schema\/person\/image\/","url":"https:\/\/secure.gravatar.com\/avatar\/b58f310a5de5feb33d1e026d2493f23c?s=96&d=mm&r=g","contentUrl":"https:\/\/secure.gravatar.com\/avatar\/b58f310a5de5feb33d1e026d2493f23c?s=96&d=mm&r=g","caption":"prensa2"},"url":"https:\/\/www.ull.es\/portal\/noticias\/author\/prensa2\/"}]}},"primary_category":null,"featured_image_thumbnail_url":null,"_links":{"self":[{"href":"https:\/\/www.ull.es\/portal\/noticias\/wp-json\/wp\/v2\/posts\/20747"}],"collection":[{"href":"https:\/\/www.ull.es\/portal\/noticias\/wp-json\/wp\/v2\/posts"}],"about":[{"href":"https:\/\/www.ull.es\/portal\/noticias\/wp-json\/wp\/v2\/types\/post"}],"author":[{"embeddable":true,"href":"https:\/\/www.ull.es\/portal\/noticias\/wp-json\/wp\/v2\/users\/21"}],"replies":[{"embeddable":true,"href":"https:\/\/www.ull.es\/portal\/noticias\/wp-json\/wp\/v2\/comments?post=20747"}],"version-history":[{"count":0,"href":"https:\/\/www.ull.es\/portal\/noticias\/wp-json\/wp\/v2\/posts\/20747\/revisions"}],"wp:attachment":[{"href":"https:\/\/www.ull.es\/portal\/noticias\/wp-json\/wp\/v2\/media?parent=20747"}],"wp:term":[{"taxonomy":"category","embeddable":true,"href":"https:\/\/www.ull.es\/portal\/noticias\/wp-json\/wp\/v2\/categories?post=20747"},{"taxonomy":"post_tag","embeddable":true,"href":"https:\/\/www.ull.es\/portal\/noticias\/wp-json\/wp\/v2\/tags?post=20747"}],"curies":[{"name":"wp","href":"https:\/\/api.w.org\/{rel}","templated":true}]}}