{"id":20748,"date":"2013-05-14T13:53:16","date_gmt":"2013-05-14T13:53:16","guid":{"rendered":"http:\/\/ddigital.webs.ull.es\/la-escuela-de-ingenieria-civil-e-industrial-de-la-ull-celebro-sus-primeros-diez-anos-de-actividad\/"},"modified":"2013-05-14T13:53:16","modified_gmt":"2013-05-14T13:53:16","slug":"la-escuela-de-ingenieria-civil-e-industrial-de-la-ull-celebro-sus-primeros-diez-anos-de-actividad","status":"publish","type":"post","link":"https:\/\/www.ull.es\/portal\/noticias\/2013\/la-escuela-de-ingenieria-civil-e-industrial-de-la-ull-celebro-sus-primeros-diez-anos-de-actividad\/","title":{"rendered":"La Escuela de Ingenier\u00eda Civil e Industrial de la ULL celebr\u00f3 sus primeros diez a\u00f1os de actividad"},"content":{"rendered":"<p> \tLa Escuela T&eacute;cnica Superior de Ingenier&iacute;a Civil e Industrial de la Universidad de La Laguna celebr&oacute; en la tarde de ayer, lunes 13 de mayo, un acto conmemorativo del d&eacute;cimo aniversario de su fundaci&oacute;n. Durante la ceremonia, que estuvo presidida por el rector de la ULL, Eduardo Dom&eacute;nech, se honr&oacute; a varias personas que han sido muy importantes para la creaci&oacute;n y posterior crecimiento del centro: el profesorado que lo puso en marcha, sus diferentes directores y administradores, y docentes de otras universidades implicados en el proceso. Tambi&eacute;n se aprovech&oacute; la ocasi&oacute;n para hacer entrega del premio a los mejores expedientes del alumnado de la escuela en el pasado curso acad&eacute;mico.<\/p>\n<p> \tEl rector del centro acad&eacute;mico presidi&oacute; la ceremonia, en la que destac&oacute; que, hist&oacute;ricamente, una de las carencias que siempre se achacaron a nuestra instituci&oacute;n era la escasa presencia de estudios de cariz t&eacute;cnico, a pesar de la alta demanda existente entre el alumnado y la propia sociedad. &quot;Pero todos sabemos que si sacar adelante una nueva titulaci&oacute;n supone todo un desaf&iacute;o, lo es a&uacute;n m&aacute;s crear desde cero una nueva escuela&quot;, a&ntilde;adi&oacute; Dom&eacute;nech. <\/p>\n<p> \tEl pragmatismo debe pesar, explic&oacute; el rector, y, &quot;aunque a todos nos gustar&iacute;a tener la oferta de titulaciones mas variada posible, esa aspiraci&oacute;n debe chocar contra el muro de la realidad, los recursos y las infraestructuras, y m&aacute;s en el caso de las ingenier&iacute;as, cuyo perfil t&eacute;cnico exige de recursos materiales espec&iacute;ficos&quot;.<\/p>\n<p> \tSin embargo, el desaf&iacute;o se asumi&oacute; y poco a poco se pudo ir creando un centro que, una d&eacute;cada m&aacute;s tarde, &quot;se halla en la senda no ya de la consolidaci&oacute;n, sino del crecimiento&quot;. En su opini&oacute;n, queda mucho camino por recorrer, con desaf&iacute;os como la propia sede del centro o la apertura de m&aacute;s posgrados y especialidades. &quot;Pero pese a ello, tranquiliza saber que lo m&aacute;s duro ya ha pasado, que el trabajo de puesta en marcha ya ha sido realizado y con resultados de calidad palpables&quot;.<\/p>\n<p> \tAdem&aacute;s, la presencia de estos estudios ha supuesto la apertura de nuestras v&iacute;as de comunicaci&oacute;n hacia otros sectores productivos y sociales, gracias al estrecho contacto con los colegios profesionales representados en el acto de cleebraci&oacute;n de aniversario.<\/p>\n<p> \tPor ello, quiso agradecer al profesorado, que supo sortear los obst&aacute;culos para poner en marcha la escuela;&nbsp; al personal de administraci&oacute;n y servicios, cuya labor fue inestimable en el proceso de consolidaci&oacute;n; y al al alumnado, &quot;que confi&oacute; en nuestra propuesta acad&eacute;mica, especialmente los primeros a&ntilde;os de andadura, que siempre son m&aacute;s dif&iacute;ciles y conllevan m&aacute;s trabas log&iacute;sticas&quot;. <br \/> \t&nbsp;<\/p>\n","protected":false},"excerpt":{"rendered":"<p>La Escuela T&eacute;cnica Superior de Ingenier&iacute;a Civil e Industrial de la Universidad de La Laguna celebr&oacute; en la tarde de&#8230;<\/p>\n","protected":false},"author":21,"featured_media":20752,"comment_status":"open","ping_status":"open","sticky":false,"template":"","format":"standard","meta":{"inline_featured_image":false,"footnotes":""},"categories":[348,1],"tags":[],"acf":[],"yoast_head":"<!-- This site is optimized with the Yoast SEO plugin v21.3 - https:\/\/yoast.com\/wordpress\/plugins\/seo\/ -->\n<title>La Escuela de Ingenier\u00eda Civil e Industrial de la ULL celebr\u00f3 sus primeros diez a\u00f1os de actividad - ULL - Noticias<\/title>\n<meta name=\"robots\" content=\"index, follow, max-snippet:-1, max-image-preview:large, max-video-preview:-1\" \/>\n<link rel=\"canonical\" href=\"https:\/\/www.ull.es\/portal\/noticias\/2013\/la-escuela-de-ingenieria-civil-e-industrial-de-la-ull-celebro-sus-primeros-diez-anos-de-actividad\/\" \/>\n<meta property=\"og:locale\" content=\"es_ES\" \/>\n<meta property=\"og:type\" content=\"article\" \/>\n<meta property=\"og:title\" content=\"La Escuela de Ingenier\u00eda Civil e Industrial de la ULL celebr\u00f3 sus primeros diez a\u00f1os de actividad - ULL - Noticias\" \/>\n<meta property=\"og:description\" content=\"La Escuela T&eacute;cnica Superior de Ingenier&iacute;a Civil e Industrial de la Universidad de La Laguna celebr&oacute; en la tarde de...\" \/>\n<meta property=\"og:url\" content=\"https:\/\/www.ull.es\/portal\/noticias\/2013\/la-escuela-de-ingenieria-civil-e-industrial-de-la-ull-celebro-sus-primeros-diez-anos-de-actividad\/\" \/>\n<meta property=\"og:site_name\" content=\"ULL - Noticias\" \/>\n<meta property=\"article:publisher\" content=\"https:\/\/www.facebook.com\/universidaddelalaguna\/\" \/>\n<meta property=\"article:published_time\" content=\"2013-05-14T13:53:16+00:00\" \/>\n<meta property=\"og:image\" content=\"https:\/\/www.ull.es\/portal\/noticias\/wp-content\/uploads\/sites\/13\/2015\/07\/10-Aniv-Ingenieria-27.jpg\" \/>\n\t<meta property=\"og:image:width\" content=\"1034\" \/>\n\t<meta property=\"og:image:height\" content=\"708\" \/>\n\t<meta property=\"og:image:type\" content=\"image\/jpeg\" \/>\n<meta name=\"author\" content=\"prensa2\" \/>\n<meta name=\"twitter:card\" content=\"summary_large_image\" \/>\n<meta name=\"twitter:creator\" content=\"@CanalULL\" \/>\n<meta name=\"twitter:site\" content=\"@CanalULL\" \/>\n<meta name=\"twitter:label1\" content=\"Escrito por\" \/>\n\t<meta name=\"twitter:data1\" content=\"prensa2\" \/>\n\t<meta name=\"twitter:label2\" content=\"Tiempo de lectura\" \/>\n\t<meta name=\"twitter:data2\" content=\"3 minutos\" \/>\n<script type=\"application\/ld+json\" class=\"yoast-schema-graph\">{\"@context\":\"https:\/\/schema.org\",\"@graph\":[{\"@type\":\"WebPage\",\"@id\":\"https:\/\/www.ull.es\/portal\/noticias\/2013\/la-escuela-de-ingenieria-civil-e-industrial-de-la-ull-celebro-sus-primeros-diez-anos-de-actividad\/\",\"url\":\"https:\/\/www.ull.es\/portal\/noticias\/2013\/la-escuela-de-ingenieria-civil-e-industrial-de-la-ull-celebro-sus-primeros-diez-anos-de-actividad\/\",\"name\":\"La Escuela de Ingenier\u00eda Civil e Industrial de la ULL celebr\u00f3 sus primeros diez a\u00f1os de actividad - ULL - Noticias\",\"isPartOf\":{\"@id\":\"https:\/\/www.ull.es\/portal\/noticias\/#website\"},\"datePublished\":\"2013-05-14T13:53:16+00:00\",\"dateModified\":\"2013-05-14T13:53:16+00:00\",\"author\":{\"@id\":\"https:\/\/www.ull.es\/portal\/noticias\/#\/schema\/person\/c3b2aa857797592927a03740d6664376\"},\"breadcrumb\":{\"@id\":\"https:\/\/www.ull.es\/portal\/noticias\/2013\/la-escuela-de-ingenieria-civil-e-industrial-de-la-ull-celebro-sus-primeros-diez-anos-de-actividad\/#breadcrumb\"},\"inLanguage\":\"es\",\"potentialAction\":[{\"@type\":\"ReadAction\",\"target\":[\"https:\/\/www.ull.es\/portal\/noticias\/2013\/la-escuela-de-ingenieria-civil-e-industrial-de-la-ull-celebro-sus-primeros-diez-anos-de-actividad\/\"]}]},{\"@type\":\"BreadcrumbList\",\"@id\":\"https:\/\/www.ull.es\/portal\/noticias\/2013\/la-escuela-de-ingenieria-civil-e-industrial-de-la-ull-celebro-sus-primeros-diez-anos-de-actividad\/#breadcrumb\",\"itemListElement\":[{\"@type\":\"ListItem\",\"position\":1,\"name\":\"Portada\",\"item\":\"https:\/\/www.ull.es\/portal\/noticias\/\"},{\"@type\":\"ListItem\",\"position\":2,\"name\":\"La Escuela de Ingenier\u00eda Civil e Industrial de la ULL celebr\u00f3 sus primeros diez a\u00f1os de actividad\"}]},{\"@type\":\"WebSite\",\"@id\":\"https:\/\/www.ull.es\/portal\/noticias\/#website\",\"url\":\"https:\/\/www.ull.es\/portal\/noticias\/\",\"name\":\"ULL - Noticias\",\"description\":\"\",\"potentialAction\":[{\"@type\":\"SearchAction\",\"target\":{\"@type\":\"EntryPoint\",\"urlTemplate\":\"https:\/\/www.ull.es\/portal\/noticias\/?s={search_term_string}\"},\"query-input\":\"required name=search_term_string\"}],\"inLanguage\":\"es\"},{\"@type\":\"Person\",\"@id\":\"https:\/\/www.ull.es\/portal\/noticias\/#\/schema\/person\/c3b2aa857797592927a03740d6664376\",\"name\":\"prensa2\",\"image\":{\"@type\":\"ImageObject\",\"inLanguage\":\"es\",\"@id\":\"https:\/\/www.ull.es\/portal\/noticias\/#\/schema\/person\/image\/\",\"url\":\"https:\/\/secure.gravatar.com\/avatar\/b58f310a5de5feb33d1e026d2493f23c?s=96&d=mm&r=g\",\"contentUrl\":\"https:\/\/secure.gravatar.com\/avatar\/b58f310a5de5feb33d1e026d2493f23c?s=96&d=mm&r=g\",\"caption\":\"prensa2\"},\"url\":\"https:\/\/www.ull.es\/portal\/noticias\/author\/prensa2\/\"}]}<\/script>\n<!-- \/ Yoast SEO plugin. -->","yoast_head_json":{"title":"La Escuela de Ingenier\u00eda Civil e Industrial de la ULL celebr\u00f3 sus primeros diez a\u00f1os de actividad - ULL - Noticias","robots":{"index":"index","follow":"follow","max-snippet":"max-snippet:-1","max-image-preview":"max-image-preview:large","max-video-preview":"max-video-preview:-1"},"canonical":"https:\/\/www.ull.es\/portal\/noticias\/2013\/la-escuela-de-ingenieria-civil-e-industrial-de-la-ull-celebro-sus-primeros-diez-anos-de-actividad\/","og_locale":"es_ES","og_type":"article","og_title":"La Escuela de Ingenier\u00eda Civil e Industrial de la ULL celebr\u00f3 sus primeros diez a\u00f1os de actividad - ULL - Noticias","og_description":"La Escuela T&eacute;cnica Superior de Ingenier&iacute;a Civil e Industrial de la Universidad de La Laguna celebr&oacute; en la tarde de...","og_url":"https:\/\/www.ull.es\/portal\/noticias\/2013\/la-escuela-de-ingenieria-civil-e-industrial-de-la-ull-celebro-sus-primeros-diez-anos-de-actividad\/","og_site_name":"ULL - Noticias","article_publisher":"https:\/\/www.facebook.com\/universidaddelalaguna\/","article_published_time":"2013-05-14T13:53:16+00:00","og_image":[{"width":1034,"height":708,"url":"https:\/\/www.ull.es\/portal\/noticias\/wp-content\/uploads\/sites\/13\/2015\/07\/10-Aniv-Ingenieria-27.jpg","type":"image\/jpeg"}],"author":"prensa2","twitter_card":"summary_large_image","twitter_creator":"@CanalULL","twitter_site":"@CanalULL","twitter_misc":{"Escrito por":"prensa2","Tiempo de lectura":"3 minutos"},"schema":{"@context":"https:\/\/schema.org","@graph":[{"@type":"WebPage","@id":"https:\/\/www.ull.es\/portal\/noticias\/2013\/la-escuela-de-ingenieria-civil-e-industrial-de-la-ull-celebro-sus-primeros-diez-anos-de-actividad\/","url":"https:\/\/www.ull.es\/portal\/noticias\/2013\/la-escuela-de-ingenieria-civil-e-industrial-de-la-ull-celebro-sus-primeros-diez-anos-de-actividad\/","name":"La Escuela de Ingenier\u00eda Civil e Industrial de la ULL celebr\u00f3 sus primeros diez a\u00f1os de actividad - ULL - Noticias","isPartOf":{"@id":"https:\/\/www.ull.es\/portal\/noticias\/#website"},"datePublished":"2013-05-14T13:53:16+00:00","dateModified":"2013-05-14T13:53:16+00:00","author":{"@id":"https:\/\/www.ull.es\/portal\/noticias\/#\/schema\/person\/c3b2aa857797592927a03740d6664376"},"breadcrumb":{"@id":"https:\/\/www.ull.es\/portal\/noticias\/2013\/la-escuela-de-ingenieria-civil-e-industrial-de-la-ull-celebro-sus-primeros-diez-anos-de-actividad\/#breadcrumb"},"inLanguage":"es","potentialAction":[{"@type":"ReadAction","target":["https:\/\/www.ull.es\/portal\/noticias\/2013\/la-escuela-de-ingenieria-civil-e-industrial-de-la-ull-celebro-sus-primeros-diez-anos-de-actividad\/"]}]},{"@type":"BreadcrumbList","@id":"https:\/\/www.ull.es\/portal\/noticias\/2013\/la-escuela-de-ingenieria-civil-e-industrial-de-la-ull-celebro-sus-primeros-diez-anos-de-actividad\/#breadcrumb","itemListElement":[{"@type":"ListItem","position":1,"name":"Portada","item":"https:\/\/www.ull.es\/portal\/noticias\/"},{"@type":"ListItem","position":2,"name":"La Escuela de Ingenier\u00eda Civil e Industrial de la ULL celebr\u00f3 sus primeros diez a\u00f1os de actividad"}]},{"@type":"WebSite","@id":"https:\/\/www.ull.es\/portal\/noticias\/#website","url":"https:\/\/www.ull.es\/portal\/noticias\/","name":"ULL - Noticias","description":"","potentialAction":[{"@type":"SearchAction","target":{"@type":"EntryPoint","urlTemplate":"https:\/\/www.ull.es\/portal\/noticias\/?s={search_term_string}"},"query-input":"required name=search_term_string"}],"inLanguage":"es"},{"@type":"Person","@id":"https:\/\/www.ull.es\/portal\/noticias\/#\/schema\/person\/c3b2aa857797592927a03740d6664376","name":"prensa2","image":{"@type":"ImageObject","inLanguage":"es","@id":"https:\/\/www.ull.es\/portal\/noticias\/#\/schema\/person\/image\/","url":"https:\/\/secure.gravatar.com\/avatar\/b58f310a5de5feb33d1e026d2493f23c?s=96&d=mm&r=g","contentUrl":"https:\/\/secure.gravatar.com\/avatar\/b58f310a5de5feb33d1e026d2493f23c?s=96&d=mm&r=g","caption":"prensa2"},"url":"https:\/\/www.ull.es\/portal\/noticias\/author\/prensa2\/"}]}},"primary_category":null,"featured_image_thumbnail_url":"https:\/\/www.ull.es\/portal\/noticias\/wp-content\/uploads\/sites\/13\/2015\/07\/10-Aniv-Ingenieria-27-300x205.jpg","_links":{"self":[{"href":"https:\/\/www.ull.es\/portal\/noticias\/wp-json\/wp\/v2\/posts\/20748"}],"collection":[{"href":"https:\/\/www.ull.es\/portal\/noticias\/wp-json\/wp\/v2\/posts"}],"about":[{"href":"https:\/\/www.ull.es\/portal\/noticias\/wp-json\/wp\/v2\/types\/post"}],"author":[{"embeddable":true,"href":"https:\/\/www.ull.es\/portal\/noticias\/wp-json\/wp\/v2\/users\/21"}],"replies":[{"embeddable":true,"href":"https:\/\/www.ull.es\/portal\/noticias\/wp-json\/wp\/v2\/comments?post=20748"}],"version-history":[{"count":0,"href":"https:\/\/www.ull.es\/portal\/noticias\/wp-json\/wp\/v2\/posts\/20748\/revisions"}],"wp:featuredmedia":[{"embeddable":true,"href":"https:\/\/www.ull.es\/portal\/noticias\/wp-json\/wp\/v2\/media\/20752"}],"wp:attachment":[{"href":"https:\/\/www.ull.es\/portal\/noticias\/wp-json\/wp\/v2\/media?parent=20748"}],"wp:term":[{"taxonomy":"category","embeddable":true,"href":"https:\/\/www.ull.es\/portal\/noticias\/wp-json\/wp\/v2\/categories?post=20748"},{"taxonomy":"post_tag","embeddable":true,"href":"https:\/\/www.ull.es\/portal\/noticias\/wp-json\/wp\/v2\/tags?post=20748"}],"curies":[{"name":"wp","href":"https:\/\/api.w.org\/{rel}","templated":true}]}}