{"id":20755,"date":"2013-05-15T10:15:19","date_gmt":"2013-05-15T10:15:19","guid":{"rendered":"http:\/\/ddigital.webs.ull.es\/la-universidad-de-la-laguna-se-suma-a-la-celebracion-del-ano-mundial-de-la-estadistica\/"},"modified":"2013-05-15T10:15:19","modified_gmt":"2013-05-15T10:15:19","slug":"la-universidad-de-la-laguna-se-suma-a-la-celebracion-del-ano-mundial-de-la-estadistica","status":"publish","type":"post","link":"https:\/\/www.ull.es\/portal\/noticias\/2013\/la-universidad-de-la-laguna-se-suma-a-la-celebracion-del-ano-mundial-de-la-estadistica\/","title":{"rendered":"La Universidad de La Laguna se suma a la celebraci\u00f3n del A\u00f1o Mundial de la Estad\u00edstica"},"content":{"rendered":"<p> \tEl a&ntilde;o 2013 ha sido declarado A&ntilde;o Internacional de la Estad&iacute;stica como reconocimiento a&nbsp; las aportaciones de esta ciencia en amplios sectores de la sociedad. Consciente de la necesidad de este impulso, la Facultad de Matem&aacute;ticas de la Universidad de La Laguna celebra durante 2013 un programa de actividades que respalde y se sume a tal celebraci&oacute;n.<br \/> \t&nbsp;<\/p>\n<p> \tEncuestas de opini&oacute;n, sondeos de intenci&oacute;n de voto, valoraci&oacute;n de la eficacia de un tratamiento oncol&oacute;gico o estimaci&oacute;n del grado de satisfacci&oacute;n de nuestros turistas con el servicio que han recibido: la estad&iacute;stica es una ciencia aplicada en diversos y amplios campos que incide directamente en la din&aacute;mica social y que no siempre tiene la visibilidad y el reconocimiento que se merece. As&iacute;, con esta iniciativa, la Facultad de Matem&aacute;ticas de la ULL pretende aumentar la conciencia p&uacute;blica sobre el papel y el impacto de la estad&iacute;stica en la sociedad, divulgar sus aplicaciones en &aacute;mbitos cient&iacute;ficos y no cient&iacute;ficos, potenciarla como una salida profesional y, a la vez, relanzar la figura laboral del matem&aacute;tico, en conexi&oacute;n con el sector empresarial.<\/p>\n<p> \tEl programa del A&ntilde;o Internacional de la Estad&iacute;stica se desarrollar&aacute; durante 2013 y contempla la organizaci&oacute;n de mesas redondas, conferencias, tertulias y cine f&oacute;rum. El objetivo de esta efem&eacute;ride es mostrar este &aacute;mbito cient&iacute;fico no s&oacute;lo como una propuesta atractiva para la comunidad educativa o cient&iacute;fica, sino para que la poblaci&oacute;n en general se acerque a la labor del estad&iacute;stico y en c&oacute;mo &eacute;sta permite el estudio y an&aacute;lisis de la toma de decisiones pol&iacute;ticas, la mejora del sistema sanitario, la eficacia de experimentos o la validez de pruebas m&eacute;dicas que inciden directamente en la vida cotidiana.<\/p>\n<p> \tLa celebraci&oacute;n arranca en la Universidad de La Laguna con el acto de inauguraci&oacute;n de este viernes 17 de mayo de 2013 a las 10:30 horas&nbsp; en el Aula Magna de la Facultad de Matem&aacute;ticas, en una ceremonia presidida por el rector de la Universidad de La Laguna, Eduardo Dom&eacute;nech. <\/p>\n<p> \tTras la inauguraci&oacute;n oficial del programa, se llevar&aacute; a cabo la primera de las mesas redondas que, bajo el lema&nbsp; &ldquo;La estad&iacute;stica: garant&iacute;a en la calidad y el turismo&rdquo;, reunir&aacute; expertos en el sector tur&iacute;stico y hotelero que disertar&aacute;n sobre la importancia de los estudios estad&iacute;sticos en el an&aacute;lisis y mejora de la eficacia y eficiencia del sector tur&iacute;stico en Canarias: medici&oacute;n de la satisfacci&oacute;n del cliente en el sector tur&iacute;stico como indicador de calidad y nuevos mercados y toma de decisiones en funci&oacute;n del an&aacute;lisis de datos. <\/p>\n<p> \tEn esta mesa participar&aacute;n Miguel &Aacute;ngel Santos, consejero delegado de Turismo del Cabildo Insular de Tenerife; Ra&uacute;l Hern&aacute;ndez, director de la C&aacute;tedra de Turismo CajaCanarias-ASHOTEL-Universidad de La Laguna; Jes&uacute;s Alberto Gonz&aacute;lez, jefe del servicio de Estad&iacute;sticas Econ&oacute;micas del ISTAC; Juan Pablo Gonz&aacute;lez, gerente de ASHOTEL; y Mercedes Su&aacute;rez, vicedecana de Ordenaci&oacute;n Acad&eacute;mica de la Facultad de Matem&aacute;ticas.<\/p>\n<p> \tEste programa ha sido posible gracias al apoyo y colaboraci&oacute;n de empresas como Cajasiete, ASHOTEL, C&aacute;tedra de Turismo de la ULL y Turismo de Tenerife.<br \/> \t&nbsp;<\/p>\n","protected":false},"excerpt":{"rendered":"<p>El a&ntilde;o 2013 ha sido declarado A&ntilde;o Internacional de la Estad&iacute;stica como reconocimiento a&nbsp; las aportaciones de esta ciencia en&#8230;<\/p>\n","protected":false},"author":21,"featured_media":20756,"comment_status":"open","ping_status":"open","sticky":false,"template":"","format":"standard","meta":{"inline_featured_image":false,"footnotes":""},"categories":[348,1],"tags":[],"acf":[],"yoast_head":"<!-- This site is optimized with the Yoast SEO plugin v21.3 - https:\/\/yoast.com\/wordpress\/plugins\/seo\/ -->\n<title>La Universidad de La Laguna se suma a la celebraci\u00f3n del A\u00f1o Mundial de la Estad\u00edstica - ULL - Noticias<\/title>\n<meta name=\"robots\" content=\"index, follow, max-snippet:-1, max-image-preview:large, max-video-preview:-1\" \/>\n<link rel=\"canonical\" href=\"https:\/\/www.ull.es\/portal\/noticias\/2013\/la-universidad-de-la-laguna-se-suma-a-la-celebracion-del-ano-mundial-de-la-estadistica\/\" \/>\n<meta property=\"og:locale\" content=\"es_ES\" \/>\n<meta property=\"og:type\" content=\"article\" \/>\n<meta property=\"og:title\" content=\"La Universidad de La Laguna se suma a la celebraci\u00f3n del A\u00f1o Mundial de la Estad\u00edstica - ULL - Noticias\" \/>\n<meta property=\"og:description\" content=\"El a&ntilde;o 2013 ha sido declarado A&ntilde;o Internacional de la Estad&iacute;stica como reconocimiento a&nbsp; las aportaciones de esta ciencia en...\" \/>\n<meta property=\"og:url\" content=\"https:\/\/www.ull.es\/portal\/noticias\/2013\/la-universidad-de-la-laguna-se-suma-a-la-celebracion-del-ano-mundial-de-la-estadistica\/\" \/>\n<meta property=\"og:site_name\" content=\"ULL - Noticias\" \/>\n<meta property=\"article:publisher\" content=\"https:\/\/www.facebook.com\/universidaddelalaguna\/\" \/>\n<meta property=\"article:published_time\" content=\"2013-05-15T10:15:19+00:00\" \/>\n<meta property=\"og:image\" content=\"https:\/\/www.ull.es\/portal\/noticias\/wp-content\/uploads\/sites\/13\/2015\/07\/cartel_estadistica.jpg\" \/>\n\t<meta property=\"og:image:width\" content=\"554\" \/>\n\t<meta property=\"og:image:height\" content=\"800\" \/>\n\t<meta property=\"og:image:type\" content=\"image\/jpeg\" \/>\n<meta name=\"author\" content=\"prensa2\" \/>\n<meta name=\"twitter:card\" content=\"summary_large_image\" \/>\n<meta name=\"twitter:creator\" content=\"@CanalULL\" \/>\n<meta name=\"twitter:site\" content=\"@CanalULL\" \/>\n<meta name=\"twitter:label1\" content=\"Escrito por\" \/>\n\t<meta name=\"twitter:data1\" content=\"prensa2\" \/>\n\t<meta name=\"twitter:label2\" content=\"Tiempo de lectura\" \/>\n\t<meta name=\"twitter:data2\" content=\"3 minutos\" \/>\n<script type=\"application\/ld+json\" class=\"yoast-schema-graph\">{\"@context\":\"https:\/\/schema.org\",\"@graph\":[{\"@type\":\"WebPage\",\"@id\":\"https:\/\/www.ull.es\/portal\/noticias\/2013\/la-universidad-de-la-laguna-se-suma-a-la-celebracion-del-ano-mundial-de-la-estadistica\/\",\"url\":\"https:\/\/www.ull.es\/portal\/noticias\/2013\/la-universidad-de-la-laguna-se-suma-a-la-celebracion-del-ano-mundial-de-la-estadistica\/\",\"name\":\"La Universidad de La Laguna se suma a la celebraci\u00f3n del A\u00f1o Mundial de la Estad\u00edstica - ULL - Noticias\",\"isPartOf\":{\"@id\":\"https:\/\/www.ull.es\/portal\/noticias\/#website\"},\"datePublished\":\"2013-05-15T10:15:19+00:00\",\"dateModified\":\"2013-05-15T10:15:19+00:00\",\"author\":{\"@id\":\"https:\/\/www.ull.es\/portal\/noticias\/#\/schema\/person\/c3b2aa857797592927a03740d6664376\"},\"breadcrumb\":{\"@id\":\"https:\/\/www.ull.es\/portal\/noticias\/2013\/la-universidad-de-la-laguna-se-suma-a-la-celebracion-del-ano-mundial-de-la-estadistica\/#breadcrumb\"},\"inLanguage\":\"es\",\"potentialAction\":[{\"@type\":\"ReadAction\",\"target\":[\"https:\/\/www.ull.es\/portal\/noticias\/2013\/la-universidad-de-la-laguna-se-suma-a-la-celebracion-del-ano-mundial-de-la-estadistica\/\"]}]},{\"@type\":\"BreadcrumbList\",\"@id\":\"https:\/\/www.ull.es\/portal\/noticias\/2013\/la-universidad-de-la-laguna-se-suma-a-la-celebracion-del-ano-mundial-de-la-estadistica\/#breadcrumb\",\"itemListElement\":[{\"@type\":\"ListItem\",\"position\":1,\"name\":\"Portada\",\"item\":\"https:\/\/www.ull.es\/portal\/noticias\/\"},{\"@type\":\"ListItem\",\"position\":2,\"name\":\"La Universidad de La Laguna se suma a la celebraci\u00f3n del A\u00f1o Mundial de la Estad\u00edstica\"}]},{\"@type\":\"WebSite\",\"@id\":\"https:\/\/www.ull.es\/portal\/noticias\/#website\",\"url\":\"https:\/\/www.ull.es\/portal\/noticias\/\",\"name\":\"ULL - Noticias\",\"description\":\"\",\"potentialAction\":[{\"@type\":\"SearchAction\",\"target\":{\"@type\":\"EntryPoint\",\"urlTemplate\":\"https:\/\/www.ull.es\/portal\/noticias\/?s={search_term_string}\"},\"query-input\":\"required name=search_term_string\"}],\"inLanguage\":\"es\"},{\"@type\":\"Person\",\"@id\":\"https:\/\/www.ull.es\/portal\/noticias\/#\/schema\/person\/c3b2aa857797592927a03740d6664376\",\"name\":\"prensa2\",\"image\":{\"@type\":\"ImageObject\",\"inLanguage\":\"es\",\"@id\":\"https:\/\/www.ull.es\/portal\/noticias\/#\/schema\/person\/image\/\",\"url\":\"https:\/\/secure.gravatar.com\/avatar\/b58f310a5de5feb33d1e026d2493f23c?s=96&d=mm&r=g\",\"contentUrl\":\"https:\/\/secure.gravatar.com\/avatar\/b58f310a5de5feb33d1e026d2493f23c?s=96&d=mm&r=g\",\"caption\":\"prensa2\"},\"url\":\"https:\/\/www.ull.es\/portal\/noticias\/author\/prensa2\/\"}]}<\/script>\n<!-- \/ Yoast SEO plugin. -->","yoast_head_json":{"title":"La Universidad de La Laguna se suma a la celebraci\u00f3n del A\u00f1o Mundial de la Estad\u00edstica - ULL - Noticias","robots":{"index":"index","follow":"follow","max-snippet":"max-snippet:-1","max-image-preview":"max-image-preview:large","max-video-preview":"max-video-preview:-1"},"canonical":"https:\/\/www.ull.es\/portal\/noticias\/2013\/la-universidad-de-la-laguna-se-suma-a-la-celebracion-del-ano-mundial-de-la-estadistica\/","og_locale":"es_ES","og_type":"article","og_title":"La Universidad de La Laguna se suma a la celebraci\u00f3n del A\u00f1o Mundial de la Estad\u00edstica - ULL - Noticias","og_description":"El a&ntilde;o 2013 ha sido declarado A&ntilde;o Internacional de la Estad&iacute;stica como reconocimiento a&nbsp; las aportaciones de esta ciencia en...","og_url":"https:\/\/www.ull.es\/portal\/noticias\/2013\/la-universidad-de-la-laguna-se-suma-a-la-celebracion-del-ano-mundial-de-la-estadistica\/","og_site_name":"ULL - Noticias","article_publisher":"https:\/\/www.facebook.com\/universidaddelalaguna\/","article_published_time":"2013-05-15T10:15:19+00:00","og_image":[{"width":554,"height":800,"url":"https:\/\/www.ull.es\/portal\/noticias\/wp-content\/uploads\/sites\/13\/2015\/07\/cartel_estadistica.jpg","type":"image\/jpeg"}],"author":"prensa2","twitter_card":"summary_large_image","twitter_creator":"@CanalULL","twitter_site":"@CanalULL","twitter_misc":{"Escrito por":"prensa2","Tiempo de lectura":"3 minutos"},"schema":{"@context":"https:\/\/schema.org","@graph":[{"@type":"WebPage","@id":"https:\/\/www.ull.es\/portal\/noticias\/2013\/la-universidad-de-la-laguna-se-suma-a-la-celebracion-del-ano-mundial-de-la-estadistica\/","url":"https:\/\/www.ull.es\/portal\/noticias\/2013\/la-universidad-de-la-laguna-se-suma-a-la-celebracion-del-ano-mundial-de-la-estadistica\/","name":"La Universidad de La Laguna se suma a la celebraci\u00f3n del A\u00f1o Mundial de la Estad\u00edstica - ULL - Noticias","isPartOf":{"@id":"https:\/\/www.ull.es\/portal\/noticias\/#website"},"datePublished":"2013-05-15T10:15:19+00:00","dateModified":"2013-05-15T10:15:19+00:00","author":{"@id":"https:\/\/www.ull.es\/portal\/noticias\/#\/schema\/person\/c3b2aa857797592927a03740d6664376"},"breadcrumb":{"@id":"https:\/\/www.ull.es\/portal\/noticias\/2013\/la-universidad-de-la-laguna-se-suma-a-la-celebracion-del-ano-mundial-de-la-estadistica\/#breadcrumb"},"inLanguage":"es","potentialAction":[{"@type":"ReadAction","target":["https:\/\/www.ull.es\/portal\/noticias\/2013\/la-universidad-de-la-laguna-se-suma-a-la-celebracion-del-ano-mundial-de-la-estadistica\/"]}]},{"@type":"BreadcrumbList","@id":"https:\/\/www.ull.es\/portal\/noticias\/2013\/la-universidad-de-la-laguna-se-suma-a-la-celebracion-del-ano-mundial-de-la-estadistica\/#breadcrumb","itemListElement":[{"@type":"ListItem","position":1,"name":"Portada","item":"https:\/\/www.ull.es\/portal\/noticias\/"},{"@type":"ListItem","position":2,"name":"La Universidad de La Laguna se suma a la celebraci\u00f3n del A\u00f1o Mundial de la Estad\u00edstica"}]},{"@type":"WebSite","@id":"https:\/\/www.ull.es\/portal\/noticias\/#website","url":"https:\/\/www.ull.es\/portal\/noticias\/","name":"ULL - Noticias","description":"","potentialAction":[{"@type":"SearchAction","target":{"@type":"EntryPoint","urlTemplate":"https:\/\/www.ull.es\/portal\/noticias\/?s={search_term_string}"},"query-input":"required name=search_term_string"}],"inLanguage":"es"},{"@type":"Person","@id":"https:\/\/www.ull.es\/portal\/noticias\/#\/schema\/person\/c3b2aa857797592927a03740d6664376","name":"prensa2","image":{"@type":"ImageObject","inLanguage":"es","@id":"https:\/\/www.ull.es\/portal\/noticias\/#\/schema\/person\/image\/","url":"https:\/\/secure.gravatar.com\/avatar\/b58f310a5de5feb33d1e026d2493f23c?s=96&d=mm&r=g","contentUrl":"https:\/\/secure.gravatar.com\/avatar\/b58f310a5de5feb33d1e026d2493f23c?s=96&d=mm&r=g","caption":"prensa2"},"url":"https:\/\/www.ull.es\/portal\/noticias\/author\/prensa2\/"}]}},"primary_category":null,"featured_image_thumbnail_url":"https:\/\/www.ull.es\/portal\/noticias\/wp-content\/uploads\/sites\/13\/2015\/07\/cartel_estadistica-208x300.jpg","_links":{"self":[{"href":"https:\/\/www.ull.es\/portal\/noticias\/wp-json\/wp\/v2\/posts\/20755"}],"collection":[{"href":"https:\/\/www.ull.es\/portal\/noticias\/wp-json\/wp\/v2\/posts"}],"about":[{"href":"https:\/\/www.ull.es\/portal\/noticias\/wp-json\/wp\/v2\/types\/post"}],"author":[{"embeddable":true,"href":"https:\/\/www.ull.es\/portal\/noticias\/wp-json\/wp\/v2\/users\/21"}],"replies":[{"embeddable":true,"href":"https:\/\/www.ull.es\/portal\/noticias\/wp-json\/wp\/v2\/comments?post=20755"}],"version-history":[{"count":0,"href":"https:\/\/www.ull.es\/portal\/noticias\/wp-json\/wp\/v2\/posts\/20755\/revisions"}],"wp:featuredmedia":[{"embeddable":true,"href":"https:\/\/www.ull.es\/portal\/noticias\/wp-json\/wp\/v2\/media\/20756"}],"wp:attachment":[{"href":"https:\/\/www.ull.es\/portal\/noticias\/wp-json\/wp\/v2\/media?parent=20755"}],"wp:term":[{"taxonomy":"category","embeddable":true,"href":"https:\/\/www.ull.es\/portal\/noticias\/wp-json\/wp\/v2\/categories?post=20755"},{"taxonomy":"post_tag","embeddable":true,"href":"https:\/\/www.ull.es\/portal\/noticias\/wp-json\/wp\/v2\/tags?post=20755"}],"curies":[{"name":"wp","href":"https:\/\/api.w.org\/{rel}","templated":true}]}}