{"id":20766,"date":"2013-05-17T10:50:16","date_gmt":"2013-05-17T10:50:16","guid":{"rendered":"http:\/\/ddigital.webs.ull.es\/una-delegacion-marroqui-visita-la-ull-para-establecer-cooperacion-en-gestion-de-residuos-y-desalinizacion\/"},"modified":"2013-05-17T10:50:16","modified_gmt":"2013-05-17T10:50:16","slug":"una-delegacion-marroqui-visita-la-ull-para-establecer-cooperacion-en-gestion-de-residuos-y-desalinizacion","status":"publish","type":"post","link":"https:\/\/www.ull.es\/portal\/noticias\/2013\/una-delegacion-marroqui-visita-la-ull-para-establecer-cooperacion-en-gestion-de-residuos-y-desalinizacion\/","title":{"rendered":"Una delegaci\u00f3n marroqu\u00ed visita la ULL para establecer cooperaci\u00f3n en gesti\u00f3n de residuos y desalinizaci\u00f3n"},"content":{"rendered":"<p> \tUna representaci&oacute;n de autoridades pol&iacute;ticas, t&eacute;cnicas de organismos p&uacute;blicos y universitarios de la regi&oacute;n marroqu&iacute; de Sus-Masa-Draa visit&oacute; ayer 16 de mayo la Universidad de La Laguna en el marco de una serie reuniones que han tenido en la isla de Tenerife con diferentes agentes sociales. Fueron recibidos por el rector del centro acad&eacute;mico, Eduardo Dom&eacute;nech, y el vicerrector de Internacionalizaci&oacute;n y Excelencia, Rodrigo Trujillo.<br \/> \t&nbsp;<\/p>\n<p> \tLa expedici&oacute;n estaba formada por Abdellah Taia, miembro de la comisi&oacute;n de cooperaci&oacute;n y vicepresidente de la comunidad rural de&nbsp; Imessouan; Mustapha Almoutaouakil, alcalde de Taroudant; Mohamed Akhdaich, vicepresidente encargado de medio ambiente; Hassan Aassassa, encargado de la cooperaci&oacute;n de la regi&oacute;n marroqu&iacute;; y Abdelhadi Bounar, vicepresidente de cooperaci&oacute;n y de investigaci&oacute;n cient&iacute;fica de la Universidad de Ibn Zohr de Agadir.<\/p>\n<p> \tEl principal motivo de la visita se ha centrado alrededor de la gesti&oacute;n de residuos y la sostenibilidad en nuestra isla, que es referente para toda esta regi&oacute;n y que intenta generar sinergias con el Cabildo de Tenerife como m&aacute;ximo responsable en Tenerife en este &aacute;mbito. <\/p>\n<p> \tLa presencia de la Universidad Ibn-Zohr de Agadir en el equipo de trabajo marroqu&iacute; ha sido el determinante para que se materializase la reuni&oacute;n en la Universidad de La Laguna, ya que la colaboraci&oacute;n con esta universidad en cuestiones relacionadas con el cambio clim&aacute;tico es ya prolongada, y la b&uacute;squeda de nuevos &aacute;mbitos de cooperaci&oacute;n se hace imprescindible para los objetivos de toda la regi&oacute;n de Sus-Masa-Draa.<\/p>\n<p> \tLa recuperaci&oacute;n de terrenos &aacute;ridos, reforestaci&oacute;n y tratamiento de aguas (depuraci&oacute;n y desalinizaci&oacute;n) como &aacute;reas espec&iacute;ficas, adem&aacute;s de la formaci&oacute;n de t&eacute;cnicos y la mejora de la cualificaci&oacute;n del personal responsable de forma transversal, son los temas que se trataron en la reuni&oacute;n.<\/p>\n<p> \tLa regi&oacute;n de Sus-Masa-Draa es de las m&aacute;s pr&oacute;speras de Marruecos, y la delegaci&oacute;n que visit&oacute; la Universidad de La Laguna se plantea que las acciones que han de llevarse a cabo, en las materias mencionadas, deben buscar tambi&eacute;n el desarrollo social y la generaci&oacute;n de empleo basados en la innovaci&oacute;n y el conocimiento. De hecho, el reciclaje, la reutilizaci&oacute;n de deshechos y las empresas de car&aacute;cter t&eacute;cnico en materias afines son nichos de nuevos perfiles profesionales.<br \/> \t&nbsp;<\/p>\n","protected":false},"excerpt":{"rendered":"<p>Una representaci&oacute;n de autoridades pol&iacute;ticas, t&eacute;cnicas de organismos p&uacute;blicos y universitarios de la regi&oacute;n marroqu&iacute; de Sus-Masa-Draa visit&oacute; ayer 16&#8230;<\/p>\n","protected":false},"author":21,"featured_media":20767,"comment_status":"open","ping_status":"open","sticky":false,"template":"","format":"standard","meta":{"inline_featured_image":false,"footnotes":""},"categories":[348,1],"tags":[],"acf":[],"yoast_head":"<!-- This site is optimized with the Yoast SEO plugin v21.3 - https:\/\/yoast.com\/wordpress\/plugins\/seo\/ -->\n<title>Una delegaci\u00f3n marroqu\u00ed visita la ULL para establecer cooperaci\u00f3n en gesti\u00f3n de residuos y desalinizaci\u00f3n - ULL - Noticias<\/title>\n<meta name=\"robots\" content=\"index, follow, max-snippet:-1, max-image-preview:large, max-video-preview:-1\" \/>\n<link rel=\"canonical\" href=\"https:\/\/www.ull.es\/portal\/noticias\/2013\/una-delegacion-marroqui-visita-la-ull-para-establecer-cooperacion-en-gestion-de-residuos-y-desalinizacion\/\" \/>\n<meta property=\"og:locale\" content=\"es_ES\" \/>\n<meta property=\"og:type\" content=\"article\" \/>\n<meta property=\"og:title\" content=\"Una delegaci\u00f3n marroqu\u00ed visita la ULL para establecer cooperaci\u00f3n en gesti\u00f3n de residuos y desalinizaci\u00f3n - ULL - Noticias\" \/>\n<meta property=\"og:description\" content=\"Una representaci&oacute;n de autoridades pol&iacute;ticas, t&eacute;cnicas de organismos p&uacute;blicos y universitarios de la regi&oacute;n marroqu&iacute; de Sus-Masa-Draa visit&oacute; ayer 16...\" \/>\n<meta property=\"og:url\" content=\"https:\/\/www.ull.es\/portal\/noticias\/2013\/una-delegacion-marroqui-visita-la-ull-para-establecer-cooperacion-en-gestion-de-residuos-y-desalinizacion\/\" \/>\n<meta property=\"og:site_name\" content=\"ULL - Noticias\" \/>\n<meta property=\"article:publisher\" content=\"https:\/\/www.facebook.com\/universidaddelalaguna\/\" \/>\n<meta property=\"article:published_time\" content=\"2013-05-17T10:50:16+00:00\" \/>\n<meta property=\"og:image\" content=\"https:\/\/www.ull.es\/portal\/noticias\/wp-content\/uploads\/sites\/13\/2015\/07\/Visita-marroquies-04.jpg\" \/>\n\t<meta property=\"og:image:width\" content=\"1034\" \/>\n\t<meta property=\"og:image:height\" content=\"708\" \/>\n\t<meta property=\"og:image:type\" content=\"image\/jpeg\" \/>\n<meta name=\"author\" content=\"prensa2\" \/>\n<meta name=\"twitter:card\" content=\"summary_large_image\" \/>\n<meta name=\"twitter:creator\" content=\"@CanalULL\" \/>\n<meta name=\"twitter:site\" content=\"@CanalULL\" \/>\n<meta name=\"twitter:label1\" content=\"Escrito por\" \/>\n\t<meta name=\"twitter:data1\" content=\"prensa2\" \/>\n\t<meta name=\"twitter:label2\" content=\"Tiempo de lectura\" \/>\n\t<meta name=\"twitter:data2\" content=\"2 minutos\" \/>\n<script type=\"application\/ld+json\" class=\"yoast-schema-graph\">{\"@context\":\"https:\/\/schema.org\",\"@graph\":[{\"@type\":\"WebPage\",\"@id\":\"https:\/\/www.ull.es\/portal\/noticias\/2013\/una-delegacion-marroqui-visita-la-ull-para-establecer-cooperacion-en-gestion-de-residuos-y-desalinizacion\/\",\"url\":\"https:\/\/www.ull.es\/portal\/noticias\/2013\/una-delegacion-marroqui-visita-la-ull-para-establecer-cooperacion-en-gestion-de-residuos-y-desalinizacion\/\",\"name\":\"Una delegaci\u00f3n marroqu\u00ed visita la ULL para establecer cooperaci\u00f3n en gesti\u00f3n de residuos y desalinizaci\u00f3n - ULL - Noticias\",\"isPartOf\":{\"@id\":\"https:\/\/www.ull.es\/portal\/noticias\/#website\"},\"datePublished\":\"2013-05-17T10:50:16+00:00\",\"dateModified\":\"2013-05-17T10:50:16+00:00\",\"author\":{\"@id\":\"https:\/\/www.ull.es\/portal\/noticias\/#\/schema\/person\/c3b2aa857797592927a03740d6664376\"},\"breadcrumb\":{\"@id\":\"https:\/\/www.ull.es\/portal\/noticias\/2013\/una-delegacion-marroqui-visita-la-ull-para-establecer-cooperacion-en-gestion-de-residuos-y-desalinizacion\/#breadcrumb\"},\"inLanguage\":\"es\",\"potentialAction\":[{\"@type\":\"ReadAction\",\"target\":[\"https:\/\/www.ull.es\/portal\/noticias\/2013\/una-delegacion-marroqui-visita-la-ull-para-establecer-cooperacion-en-gestion-de-residuos-y-desalinizacion\/\"]}]},{\"@type\":\"BreadcrumbList\",\"@id\":\"https:\/\/www.ull.es\/portal\/noticias\/2013\/una-delegacion-marroqui-visita-la-ull-para-establecer-cooperacion-en-gestion-de-residuos-y-desalinizacion\/#breadcrumb\",\"itemListElement\":[{\"@type\":\"ListItem\",\"position\":1,\"name\":\"Portada\",\"item\":\"https:\/\/www.ull.es\/portal\/noticias\/\"},{\"@type\":\"ListItem\",\"position\":2,\"name\":\"Una delegaci\u00f3n marroqu\u00ed visita la ULL para establecer cooperaci\u00f3n en gesti\u00f3n de residuos y desalinizaci\u00f3n\"}]},{\"@type\":\"WebSite\",\"@id\":\"https:\/\/www.ull.es\/portal\/noticias\/#website\",\"url\":\"https:\/\/www.ull.es\/portal\/noticias\/\",\"name\":\"ULL - Noticias\",\"description\":\"\",\"potentialAction\":[{\"@type\":\"SearchAction\",\"target\":{\"@type\":\"EntryPoint\",\"urlTemplate\":\"https:\/\/www.ull.es\/portal\/noticias\/?s={search_term_string}\"},\"query-input\":\"required name=search_term_string\"}],\"inLanguage\":\"es\"},{\"@type\":\"Person\",\"@id\":\"https:\/\/www.ull.es\/portal\/noticias\/#\/schema\/person\/c3b2aa857797592927a03740d6664376\",\"name\":\"prensa2\",\"image\":{\"@type\":\"ImageObject\",\"inLanguage\":\"es\",\"@id\":\"https:\/\/www.ull.es\/portal\/noticias\/#\/schema\/person\/image\/\",\"url\":\"https:\/\/secure.gravatar.com\/avatar\/b58f310a5de5feb33d1e026d2493f23c?s=96&d=mm&r=g\",\"contentUrl\":\"https:\/\/secure.gravatar.com\/avatar\/b58f310a5de5feb33d1e026d2493f23c?s=96&d=mm&r=g\",\"caption\":\"prensa2\"},\"url\":\"https:\/\/www.ull.es\/portal\/noticias\/author\/prensa2\/\"}]}<\/script>\n<!-- \/ Yoast SEO plugin. -->","yoast_head_json":{"title":"Una delegaci\u00f3n marroqu\u00ed visita la ULL para establecer cooperaci\u00f3n en gesti\u00f3n de residuos y desalinizaci\u00f3n - ULL - Noticias","robots":{"index":"index","follow":"follow","max-snippet":"max-snippet:-1","max-image-preview":"max-image-preview:large","max-video-preview":"max-video-preview:-1"},"canonical":"https:\/\/www.ull.es\/portal\/noticias\/2013\/una-delegacion-marroqui-visita-la-ull-para-establecer-cooperacion-en-gestion-de-residuos-y-desalinizacion\/","og_locale":"es_ES","og_type":"article","og_title":"Una delegaci\u00f3n marroqu\u00ed visita la ULL para establecer cooperaci\u00f3n en gesti\u00f3n de residuos y desalinizaci\u00f3n - ULL - Noticias","og_description":"Una representaci&oacute;n de autoridades pol&iacute;ticas, t&eacute;cnicas de organismos p&uacute;blicos y universitarios de la regi&oacute;n marroqu&iacute; de Sus-Masa-Draa visit&oacute; ayer 16...","og_url":"https:\/\/www.ull.es\/portal\/noticias\/2013\/una-delegacion-marroqui-visita-la-ull-para-establecer-cooperacion-en-gestion-de-residuos-y-desalinizacion\/","og_site_name":"ULL - Noticias","article_publisher":"https:\/\/www.facebook.com\/universidaddelalaguna\/","article_published_time":"2013-05-17T10:50:16+00:00","og_image":[{"width":1034,"height":708,"url":"https:\/\/www.ull.es\/portal\/noticias\/wp-content\/uploads\/sites\/13\/2015\/07\/Visita-marroquies-04.jpg","type":"image\/jpeg"}],"author":"prensa2","twitter_card":"summary_large_image","twitter_creator":"@CanalULL","twitter_site":"@CanalULL","twitter_misc":{"Escrito por":"prensa2","Tiempo de lectura":"2 minutos"},"schema":{"@context":"https:\/\/schema.org","@graph":[{"@type":"WebPage","@id":"https:\/\/www.ull.es\/portal\/noticias\/2013\/una-delegacion-marroqui-visita-la-ull-para-establecer-cooperacion-en-gestion-de-residuos-y-desalinizacion\/","url":"https:\/\/www.ull.es\/portal\/noticias\/2013\/una-delegacion-marroqui-visita-la-ull-para-establecer-cooperacion-en-gestion-de-residuos-y-desalinizacion\/","name":"Una delegaci\u00f3n marroqu\u00ed visita la ULL para establecer cooperaci\u00f3n en gesti\u00f3n de residuos y desalinizaci\u00f3n - ULL - Noticias","isPartOf":{"@id":"https:\/\/www.ull.es\/portal\/noticias\/#website"},"datePublished":"2013-05-17T10:50:16+00:00","dateModified":"2013-05-17T10:50:16+00:00","author":{"@id":"https:\/\/www.ull.es\/portal\/noticias\/#\/schema\/person\/c3b2aa857797592927a03740d6664376"},"breadcrumb":{"@id":"https:\/\/www.ull.es\/portal\/noticias\/2013\/una-delegacion-marroqui-visita-la-ull-para-establecer-cooperacion-en-gestion-de-residuos-y-desalinizacion\/#breadcrumb"},"inLanguage":"es","potentialAction":[{"@type":"ReadAction","target":["https:\/\/www.ull.es\/portal\/noticias\/2013\/una-delegacion-marroqui-visita-la-ull-para-establecer-cooperacion-en-gestion-de-residuos-y-desalinizacion\/"]}]},{"@type":"BreadcrumbList","@id":"https:\/\/www.ull.es\/portal\/noticias\/2013\/una-delegacion-marroqui-visita-la-ull-para-establecer-cooperacion-en-gestion-de-residuos-y-desalinizacion\/#breadcrumb","itemListElement":[{"@type":"ListItem","position":1,"name":"Portada","item":"https:\/\/www.ull.es\/portal\/noticias\/"},{"@type":"ListItem","position":2,"name":"Una delegaci\u00f3n marroqu\u00ed visita la ULL para establecer cooperaci\u00f3n en gesti\u00f3n de residuos y desalinizaci\u00f3n"}]},{"@type":"WebSite","@id":"https:\/\/www.ull.es\/portal\/noticias\/#website","url":"https:\/\/www.ull.es\/portal\/noticias\/","name":"ULL - Noticias","description":"","potentialAction":[{"@type":"SearchAction","target":{"@type":"EntryPoint","urlTemplate":"https:\/\/www.ull.es\/portal\/noticias\/?s={search_term_string}"},"query-input":"required name=search_term_string"}],"inLanguage":"es"},{"@type":"Person","@id":"https:\/\/www.ull.es\/portal\/noticias\/#\/schema\/person\/c3b2aa857797592927a03740d6664376","name":"prensa2","image":{"@type":"ImageObject","inLanguage":"es","@id":"https:\/\/www.ull.es\/portal\/noticias\/#\/schema\/person\/image\/","url":"https:\/\/secure.gravatar.com\/avatar\/b58f310a5de5feb33d1e026d2493f23c?s=96&d=mm&r=g","contentUrl":"https:\/\/secure.gravatar.com\/avatar\/b58f310a5de5feb33d1e026d2493f23c?s=96&d=mm&r=g","caption":"prensa2"},"url":"https:\/\/www.ull.es\/portal\/noticias\/author\/prensa2\/"}]}},"primary_category":null,"featured_image_thumbnail_url":"https:\/\/www.ull.es\/portal\/noticias\/wp-content\/uploads\/sites\/13\/2015\/07\/Visita-marroquies-04-300x205.jpg","_links":{"self":[{"href":"https:\/\/www.ull.es\/portal\/noticias\/wp-json\/wp\/v2\/posts\/20766"}],"collection":[{"href":"https:\/\/www.ull.es\/portal\/noticias\/wp-json\/wp\/v2\/posts"}],"about":[{"href":"https:\/\/www.ull.es\/portal\/noticias\/wp-json\/wp\/v2\/types\/post"}],"author":[{"embeddable":true,"href":"https:\/\/www.ull.es\/portal\/noticias\/wp-json\/wp\/v2\/users\/21"}],"replies":[{"embeddable":true,"href":"https:\/\/www.ull.es\/portal\/noticias\/wp-json\/wp\/v2\/comments?post=20766"}],"version-history":[{"count":0,"href":"https:\/\/www.ull.es\/portal\/noticias\/wp-json\/wp\/v2\/posts\/20766\/revisions"}],"wp:featuredmedia":[{"embeddable":true,"href":"https:\/\/www.ull.es\/portal\/noticias\/wp-json\/wp\/v2\/media\/20767"}],"wp:attachment":[{"href":"https:\/\/www.ull.es\/portal\/noticias\/wp-json\/wp\/v2\/media?parent=20766"}],"wp:term":[{"taxonomy":"category","embeddable":true,"href":"https:\/\/www.ull.es\/portal\/noticias\/wp-json\/wp\/v2\/categories?post=20766"},{"taxonomy":"post_tag","embeddable":true,"href":"https:\/\/www.ull.es\/portal\/noticias\/wp-json\/wp\/v2\/tags?post=20766"}],"curies":[{"name":"wp","href":"https:\/\/api.w.org\/{rel}","templated":true}]}}