{"id":20834,"date":"2013-05-29T16:01:02","date_gmt":"2013-05-29T16:01:02","guid":{"rendered":"http:\/\/ddigital.webs.ull.es\/ferran-adria-defiende-en-la-ull-la-innovacion-y-la-transformacion-como-ejes-de-su-carrera-personal\/"},"modified":"2013-05-29T16:01:02","modified_gmt":"2013-05-29T16:01:02","slug":"ferran-adria-defiende-en-la-ull-la-innovacion-y-la-transformacion-como-ejes-de-su-carrera-personal","status":"publish","type":"post","link":"https:\/\/www.ull.es\/portal\/noticias\/2013\/ferran-adria-defiende-en-la-ull-la-innovacion-y-la-transformacion-como-ejes-de-su-carrera-personal\/","title":{"rendered":"Ferran Adri\u00e0 defiende en la ULL la innovaci\u00f3n y la transformaci\u00f3n como ejes de su carrera personal"},"content":{"rendered":"<p> \tEl prestigioso chef Ferran Adri&agrave; ha dictado hoy, mi&eacute;rcoles 29 de mayo de 2013, una conferencia celebrada en el Paraninfo de la instituci&oacute;n acad&eacute;mica auspiciada por la empresa Telef&oacute;nica. El ponente no se centr&oacute; espec&iacute;ficamente en asuntos gastron&oacute;micos, sino que reflexion&oacute; sobre el poder transformador de la innovaci&oacute;n, bas&aacute;ndose en su propia experiencia.<\/p>\n<p> \tEsta ponencia forma parte de una gira que ha pasado por dieciocho instituciones acad&eacute;micas espa&ntilde;olas cuya primera fase finaliza precisamente en la cita celebrada en la Universidad de La Laguna. Adri&agrave; record&oacute; en el comienzo de su charla a Manuel Iglesias, cr&iacute;tico gastron&oacute;mico tinerfe&ntilde;o fallecido hace un a&ntilde;o, al cual conoci&oacute; en 1987 durante los dos inviernos que el chef pas&oacute; en la isla.<\/p>\n<p> \tEl chef coment&oacute; que su principal labor es preguntarse el &quot;porqu&eacute;&quot; de las cosas, y valor&oacute; c&oacute;mo el contexto puede afectar a todas las decisiones, de ah&iacute; la importanca de poseer capacidad para &quot;innovar y transformar&quot;, conceptos que no s&oacute;lo han articulado este ciclo de conferencias, sino toda su carrera profesional.<\/p>\n<p> \t&quot;Es verdad que &uacute;ltimamente estamos exagerando con todo esto de la transformaci&oacute;n y el cambio. Y esto se ha hecho siempre, porque o cambias o cerrabas el negocio&quot;, reflexion&oacute; el ponente. Y tambi&eacute;n se&ntilde;al&oacute; que no hay una receta m&aacute;gica e infalible para estas innovaciones, algunas funcionan, como ocurri&oacute; a Zara, y a otros no, como sucedi&oacute; a Kodak o Polaroid. Cada uno debe buscar su proceso.<\/p>\n<p> \tAdri&agrave; aclar&oacute; que &eacute;l no &quot;tiene&quot; un equipo, sino que &quot;forma parte&quot; de uno, matiz con el que quiso resaltar la importancia de la colaboraci&oacute;n y el trabajo com&uacute;n. En ese sentido, valor&oacute; el papel de las personas: &quot;En esta crisis no han fallado las personas, que son maravillosas, sino el sistema&quot;. Por ello considera que es importante la ilusi&oacute;n, la motivaci&oacute;n e intentar, pese a todo, ser optimistas.<\/p>\n<p> \tDe este modo, el ponente resalt&oacute; la importancia de las personas en las empresas: &quot;&iquest;Hablamos de Apple o de Steve Jobs? &iquest;De El Bulli o de m&iacute;?&quot; La evoluci&oacute;n de las personas va ligada a la de las iniciativas empresariales que promuevan. Por ello record&oacute; sus inicios y se&ntilde;al&oacute; que su ejemplo no es extrapolable: &quot;Mont&eacute; un restaurante donde no viv&iacute;a nadie a siete kil&oacute;metros de todo. Lo que no se har&iacute;a en ning&uacute;n estudio de mercado&quot;.<\/p>\n<p> \tEl primer hito de su carrera fue en 1987, cerrando seis meses &quot;no por estrategia, sino porque no ven&iacute;a nadie. Eso le permiti&oacute; reflexionar y empezar a innovar. El siguiente paso fue en 1992, cambiando la cocina en una inversi&oacute;n de nada menos que 150 millones de pesetas, lo cual le llev&oacute; a arruinarse: &quot;Tienes que arruinarte al menos una vez en la vida&quot;. El siguiente paso fue en 1997, separando la producci&oacute;n de la innovaci&oacute;n, y dedicar el 10% de lo ingresado en I+D. En 2001 dio un salto m&aacute;s radical: se cerraba al mediod&iacute;a y se elimin&oacute; la carta, lo cual calific&oacute; como un signo de libertad, &quot;algo muy importante si quieres hacer algo creativo y de vanguardia&quot;. En 2003 llega el gran &eacute;xito mundial, que dur&oacute; hasta 2009, momento en el que decidi&oacute; pensar en el nuevo cambio: cerrar el restaurante tres a&ntilde;os para que el personal se reciclase, y no volver como restaurante.<\/p>\n<p> \tEl propio Adri&agrave; calific&oacute; de &quot;locura&quot; del impacto medi&aacute;tico que se produjo cuando anunci&oacute; esa decisi&oacute;n, y brome&oacute; con la rumorolog&iacute;a que se gener&oacute; alrededor. En alg&uacute;n momento se plante&oacute; dejarlo todo, y fue su mujer la que le dijo: &quot;Con todo lo que se ha montado con la gastronom&iacute;a, ser&iacute;a cobarde dejarlo a mitad del partido&quot;. Y de ah&iacute; surgi&oacute; la idea de crear una fundaci&oacute;n, &quot;algo que ahora tiene mala fama por cuatro desalmados, pero que en general hacen cosas buenas&quot;.<\/p>\n<p> \tPoner en marcha el proyecto de la fundaci&oacute;n le llev&oacute; a contactar con varias escuelas de negocio, establecer contactos y poner en marcha varias ideas. Pero sobre todo, era importante tener presi&oacute;n, ya que Adri&agrave; considera que sin ella no se pueden sacar adelante cualquier proyecto.<\/p>\n<p> \tTodo lo que genere la Fundaci&oacute;n el Bulli ser&aacute; donado a la&nbsp; Generalitat de Calalunya, porque el ponente considera que es importante tender previsto desde ahora el futuro, cuando &eacute;l no est&eacute;. &quot;Es algo que muchas empresas familiares no tiene en cuenta y a la muerte de los creadores, surgen los problemas&quot;.<\/p>\n<p> \tMediante un video, explic&oacute; en qu&eacute; consiste El Bulli Foundation, que ahora mismo tiene en marcha tres proyectos: la base de datos inform&aacute;tica Bullipedia; &quot;El Bulli 1846&quot;, museo para mantener el legado del famoso restaurante ubicado en el que fuera su local; y &quot;El Bulli DNA&quot; para centrarse en las cuestiones creativas.<\/p>\n<p> \tAdri&agrave; reflexion&oacute; que la innovaci&oacute;n forma parte incluso de la cocina tradicional. El tomate o las papas hoy parecen de lo m&aacute;s habitual en Canarias, pero no dejan de ser productos provenientes de Am&eacute;rica. Es decir, que en su d&iacute;a fueron innovaci&oacute;n. &quot;En el futuro, nos servir&aacute;n unas papas arrugadas, mojo de cilantro y, por qu&eacute; no, soja&quot;.<br \/> \t&nbsp;<\/p>\n","protected":false},"excerpt":{"rendered":"<p>El prestigioso chef Ferran Adri&agrave; ha dictado hoy, mi&eacute;rcoles 29 de mayo de 2013, una conferencia celebrada en el Paraninfo&#8230;<\/p>\n","protected":false},"author":21,"featured_media":20838,"comment_status":"open","ping_status":"open","sticky":false,"template":"","format":"standard","meta":{"inline_featured_image":false,"footnotes":""},"categories":[348,1],"tags":[],"acf":[],"yoast_head":"<!-- This site is optimized with the Yoast SEO plugin v21.3 - https:\/\/yoast.com\/wordpress\/plugins\/seo\/ -->\n<title>Ferran Adri\u00e0 defiende en la ULL la innovaci\u00f3n y la transformaci\u00f3n como ejes de su carrera personal - ULL - Noticias<\/title>\n<meta name=\"robots\" content=\"index, follow, max-snippet:-1, max-image-preview:large, max-video-preview:-1\" \/>\n<link rel=\"canonical\" href=\"https:\/\/www.ull.es\/portal\/noticias\/2013\/ferran-adria-defiende-en-la-ull-la-innovacion-y-la-transformacion-como-ejes-de-su-carrera-personal\/\" \/>\n<meta property=\"og:locale\" content=\"es_ES\" \/>\n<meta property=\"og:type\" content=\"article\" \/>\n<meta property=\"og:title\" content=\"Ferran Adri\u00e0 defiende en la ULL la innovaci\u00f3n y la transformaci\u00f3n como ejes de su carrera personal - ULL - Noticias\" \/>\n<meta property=\"og:description\" content=\"El prestigioso chef Ferran Adri&agrave; ha dictado hoy, mi&eacute;rcoles 29 de mayo de 2013, una conferencia celebrada en el Paraninfo...\" \/>\n<meta property=\"og:url\" content=\"https:\/\/www.ull.es\/portal\/noticias\/2013\/ferran-adria-defiende-en-la-ull-la-innovacion-y-la-transformacion-como-ejes-de-su-carrera-personal\/\" \/>\n<meta property=\"og:site_name\" content=\"ULL - Noticias\" \/>\n<meta property=\"article:publisher\" content=\"https:\/\/www.facebook.com\/universidaddelalaguna\/\" \/>\n<meta property=\"article:published_time\" content=\"2013-05-29T16:01:02+00:00\" \/>\n<meta property=\"og:image\" content=\"https:\/\/www.ull.es\/portal\/noticias\/wp-content\/uploads\/sites\/13\/2015\/07\/Ferran-Adria-Conferencia-08.jpg\" \/>\n\t<meta property=\"og:image:width\" content=\"1034\" \/>\n\t<meta property=\"og:image:height\" content=\"708\" \/>\n\t<meta property=\"og:image:type\" content=\"image\/jpeg\" \/>\n<meta name=\"author\" content=\"prensa2\" \/>\n<meta name=\"twitter:card\" content=\"summary_large_image\" \/>\n<meta name=\"twitter:creator\" content=\"@CanalULL\" \/>\n<meta name=\"twitter:site\" content=\"@CanalULL\" \/>\n<meta name=\"twitter:label1\" content=\"Escrito por\" \/>\n\t<meta name=\"twitter:data1\" content=\"prensa2\" \/>\n\t<meta name=\"twitter:label2\" content=\"Tiempo de lectura\" \/>\n\t<meta name=\"twitter:data2\" content=\"5 minutos\" \/>\n<script type=\"application\/ld+json\" class=\"yoast-schema-graph\">{\"@context\":\"https:\/\/schema.org\",\"@graph\":[{\"@type\":\"WebPage\",\"@id\":\"https:\/\/www.ull.es\/portal\/noticias\/2013\/ferran-adria-defiende-en-la-ull-la-innovacion-y-la-transformacion-como-ejes-de-su-carrera-personal\/\",\"url\":\"https:\/\/www.ull.es\/portal\/noticias\/2013\/ferran-adria-defiende-en-la-ull-la-innovacion-y-la-transformacion-como-ejes-de-su-carrera-personal\/\",\"name\":\"Ferran Adri\u00e0 defiende en la ULL la innovaci\u00f3n y la transformaci\u00f3n como ejes de su carrera personal - ULL - Noticias\",\"isPartOf\":{\"@id\":\"https:\/\/www.ull.es\/portal\/noticias\/#website\"},\"datePublished\":\"2013-05-29T16:01:02+00:00\",\"dateModified\":\"2013-05-29T16:01:02+00:00\",\"author\":{\"@id\":\"https:\/\/www.ull.es\/portal\/noticias\/#\/schema\/person\/c3b2aa857797592927a03740d6664376\"},\"breadcrumb\":{\"@id\":\"https:\/\/www.ull.es\/portal\/noticias\/2013\/ferran-adria-defiende-en-la-ull-la-innovacion-y-la-transformacion-como-ejes-de-su-carrera-personal\/#breadcrumb\"},\"inLanguage\":\"es\",\"potentialAction\":[{\"@type\":\"ReadAction\",\"target\":[\"https:\/\/www.ull.es\/portal\/noticias\/2013\/ferran-adria-defiende-en-la-ull-la-innovacion-y-la-transformacion-como-ejes-de-su-carrera-personal\/\"]}]},{\"@type\":\"BreadcrumbList\",\"@id\":\"https:\/\/www.ull.es\/portal\/noticias\/2013\/ferran-adria-defiende-en-la-ull-la-innovacion-y-la-transformacion-como-ejes-de-su-carrera-personal\/#breadcrumb\",\"itemListElement\":[{\"@type\":\"ListItem\",\"position\":1,\"name\":\"Portada\",\"item\":\"https:\/\/www.ull.es\/portal\/noticias\/\"},{\"@type\":\"ListItem\",\"position\":2,\"name\":\"Ferran Adri\u00e0 defiende en la ULL la innovaci\u00f3n y la transformaci\u00f3n como ejes de su carrera personal\"}]},{\"@type\":\"WebSite\",\"@id\":\"https:\/\/www.ull.es\/portal\/noticias\/#website\",\"url\":\"https:\/\/www.ull.es\/portal\/noticias\/\",\"name\":\"ULL - Noticias\",\"description\":\"\",\"potentialAction\":[{\"@type\":\"SearchAction\",\"target\":{\"@type\":\"EntryPoint\",\"urlTemplate\":\"https:\/\/www.ull.es\/portal\/noticias\/?s={search_term_string}\"},\"query-input\":\"required name=search_term_string\"}],\"inLanguage\":\"es\"},{\"@type\":\"Person\",\"@id\":\"https:\/\/www.ull.es\/portal\/noticias\/#\/schema\/person\/c3b2aa857797592927a03740d6664376\",\"name\":\"prensa2\",\"image\":{\"@type\":\"ImageObject\",\"inLanguage\":\"es\",\"@id\":\"https:\/\/www.ull.es\/portal\/noticias\/#\/schema\/person\/image\/\",\"url\":\"https:\/\/secure.gravatar.com\/avatar\/b58f310a5de5feb33d1e026d2493f23c?s=96&d=mm&r=g\",\"contentUrl\":\"https:\/\/secure.gravatar.com\/avatar\/b58f310a5de5feb33d1e026d2493f23c?s=96&d=mm&r=g\",\"caption\":\"prensa2\"},\"url\":\"https:\/\/www.ull.es\/portal\/noticias\/author\/prensa2\/\"}]}<\/script>\n<!-- \/ Yoast SEO plugin. -->","yoast_head_json":{"title":"Ferran Adri\u00e0 defiende en la ULL la innovaci\u00f3n y la transformaci\u00f3n como ejes de su carrera personal - ULL - Noticias","robots":{"index":"index","follow":"follow","max-snippet":"max-snippet:-1","max-image-preview":"max-image-preview:large","max-video-preview":"max-video-preview:-1"},"canonical":"https:\/\/www.ull.es\/portal\/noticias\/2013\/ferran-adria-defiende-en-la-ull-la-innovacion-y-la-transformacion-como-ejes-de-su-carrera-personal\/","og_locale":"es_ES","og_type":"article","og_title":"Ferran Adri\u00e0 defiende en la ULL la innovaci\u00f3n y la transformaci\u00f3n como ejes de su carrera personal - ULL - Noticias","og_description":"El prestigioso chef Ferran Adri&agrave; ha dictado hoy, mi&eacute;rcoles 29 de mayo de 2013, una conferencia celebrada en el Paraninfo...","og_url":"https:\/\/www.ull.es\/portal\/noticias\/2013\/ferran-adria-defiende-en-la-ull-la-innovacion-y-la-transformacion-como-ejes-de-su-carrera-personal\/","og_site_name":"ULL - Noticias","article_publisher":"https:\/\/www.facebook.com\/universidaddelalaguna\/","article_published_time":"2013-05-29T16:01:02+00:00","og_image":[{"width":1034,"height":708,"url":"https:\/\/www.ull.es\/portal\/noticias\/wp-content\/uploads\/sites\/13\/2015\/07\/Ferran-Adria-Conferencia-08.jpg","type":"image\/jpeg"}],"author":"prensa2","twitter_card":"summary_large_image","twitter_creator":"@CanalULL","twitter_site":"@CanalULL","twitter_misc":{"Escrito por":"prensa2","Tiempo de lectura":"5 minutos"},"schema":{"@context":"https:\/\/schema.org","@graph":[{"@type":"WebPage","@id":"https:\/\/www.ull.es\/portal\/noticias\/2013\/ferran-adria-defiende-en-la-ull-la-innovacion-y-la-transformacion-como-ejes-de-su-carrera-personal\/","url":"https:\/\/www.ull.es\/portal\/noticias\/2013\/ferran-adria-defiende-en-la-ull-la-innovacion-y-la-transformacion-como-ejes-de-su-carrera-personal\/","name":"Ferran Adri\u00e0 defiende en la ULL la innovaci\u00f3n y la transformaci\u00f3n como ejes de su carrera personal - ULL - Noticias","isPartOf":{"@id":"https:\/\/www.ull.es\/portal\/noticias\/#website"},"datePublished":"2013-05-29T16:01:02+00:00","dateModified":"2013-05-29T16:01:02+00:00","author":{"@id":"https:\/\/www.ull.es\/portal\/noticias\/#\/schema\/person\/c3b2aa857797592927a03740d6664376"},"breadcrumb":{"@id":"https:\/\/www.ull.es\/portal\/noticias\/2013\/ferran-adria-defiende-en-la-ull-la-innovacion-y-la-transformacion-como-ejes-de-su-carrera-personal\/#breadcrumb"},"inLanguage":"es","potentialAction":[{"@type":"ReadAction","target":["https:\/\/www.ull.es\/portal\/noticias\/2013\/ferran-adria-defiende-en-la-ull-la-innovacion-y-la-transformacion-como-ejes-de-su-carrera-personal\/"]}]},{"@type":"BreadcrumbList","@id":"https:\/\/www.ull.es\/portal\/noticias\/2013\/ferran-adria-defiende-en-la-ull-la-innovacion-y-la-transformacion-como-ejes-de-su-carrera-personal\/#breadcrumb","itemListElement":[{"@type":"ListItem","position":1,"name":"Portada","item":"https:\/\/www.ull.es\/portal\/noticias\/"},{"@type":"ListItem","position":2,"name":"Ferran Adri\u00e0 defiende en la ULL la innovaci\u00f3n y la transformaci\u00f3n como ejes de su carrera personal"}]},{"@type":"WebSite","@id":"https:\/\/www.ull.es\/portal\/noticias\/#website","url":"https:\/\/www.ull.es\/portal\/noticias\/","name":"ULL - Noticias","description":"","potentialAction":[{"@type":"SearchAction","target":{"@type":"EntryPoint","urlTemplate":"https:\/\/www.ull.es\/portal\/noticias\/?s={search_term_string}"},"query-input":"required name=search_term_string"}],"inLanguage":"es"},{"@type":"Person","@id":"https:\/\/www.ull.es\/portal\/noticias\/#\/schema\/person\/c3b2aa857797592927a03740d6664376","name":"prensa2","image":{"@type":"ImageObject","inLanguage":"es","@id":"https:\/\/www.ull.es\/portal\/noticias\/#\/schema\/person\/image\/","url":"https:\/\/secure.gravatar.com\/avatar\/b58f310a5de5feb33d1e026d2493f23c?s=96&d=mm&r=g","contentUrl":"https:\/\/secure.gravatar.com\/avatar\/b58f310a5de5feb33d1e026d2493f23c?s=96&d=mm&r=g","caption":"prensa2"},"url":"https:\/\/www.ull.es\/portal\/noticias\/author\/prensa2\/"}]}},"primary_category":null,"featured_image_thumbnail_url":"https:\/\/www.ull.es\/portal\/noticias\/wp-content\/uploads\/sites\/13\/2015\/07\/Ferran-Adria-Conferencia-08-300x205.jpg","_links":{"self":[{"href":"https:\/\/www.ull.es\/portal\/noticias\/wp-json\/wp\/v2\/posts\/20834"}],"collection":[{"href":"https:\/\/www.ull.es\/portal\/noticias\/wp-json\/wp\/v2\/posts"}],"about":[{"href":"https:\/\/www.ull.es\/portal\/noticias\/wp-json\/wp\/v2\/types\/post"}],"author":[{"embeddable":true,"href":"https:\/\/www.ull.es\/portal\/noticias\/wp-json\/wp\/v2\/users\/21"}],"replies":[{"embeddable":true,"href":"https:\/\/www.ull.es\/portal\/noticias\/wp-json\/wp\/v2\/comments?post=20834"}],"version-history":[{"count":0,"href":"https:\/\/www.ull.es\/portal\/noticias\/wp-json\/wp\/v2\/posts\/20834\/revisions"}],"wp:featuredmedia":[{"embeddable":true,"href":"https:\/\/www.ull.es\/portal\/noticias\/wp-json\/wp\/v2\/media\/20838"}],"wp:attachment":[{"href":"https:\/\/www.ull.es\/portal\/noticias\/wp-json\/wp\/v2\/media?parent=20834"}],"wp:term":[{"taxonomy":"category","embeddable":true,"href":"https:\/\/www.ull.es\/portal\/noticias\/wp-json\/wp\/v2\/categories?post=20834"},{"taxonomy":"post_tag","embeddable":true,"href":"https:\/\/www.ull.es\/portal\/noticias\/wp-json\/wp\/v2\/tags?post=20834"}],"curies":[{"name":"wp","href":"https:\/\/api.w.org\/{rel}","templated":true}]}}