{"id":20856,"date":"2013-06-05T11:16:01","date_gmt":"2013-06-05T11:16:01","guid":{"rendered":"http:\/\/ddigital.webs.ull.es\/la-universidad-de-la-laguna-acuerda-con-la-fundacion-correillo-la-palma-la-promocion-de-actividades\/"},"modified":"2013-06-05T11:16:01","modified_gmt":"2013-06-05T11:16:01","slug":"la-universidad-de-la-laguna-acuerda-con-la-fundacion-correillo-la-palma-la-promocion-de-actividades","status":"publish","type":"post","link":"https:\/\/www.ull.es\/portal\/noticias\/2013\/la-universidad-de-la-laguna-acuerda-con-la-fundacion-correillo-la-palma-la-promocion-de-actividades\/","title":{"rendered":"La Universidad de La Laguna acuerda con la Fundaci\u00f3n Corre\u00edllo La Palma la promoci\u00f3n de actividades"},"content":{"rendered":"<p> \tEl rector de la Universidad de La Laguna, Eduardo Dom&eacute;nech, y el representante de la Fundaci&oacute;n Canaria Corre&iacute;llo La Palma, Juan Pedro Morales, han firmado recientemente un convenio de colaboraci&oacute;n con el objeto de poner en marcha actividades conjuntas. <br \/> \t&nbsp;<\/p>\n<p> \tEsta fundaci&oacute;n, creada en 2003 y dedicada a la captaci&oacute;n de fondos para la restauraci&oacute;n completa del buque dise&ntilde;ado a comienzos del siglo pasado, ya ha realizado algunas acciones con la Escuela T&eacute;cnica Superior de N&aacute;utica, M&aacute;quinas y Radioelectr&oacute;nica Naval de la instituci&oacute;n acad&eacute;mica, si bien ahora se trata de ampliar la cooperaci&oacute;n al resto de centros, especialmente a aquellas ense&ntilde;anzas centradas en el patrimonio, la historia o la ingenier&iacute;a civil.<\/p>\n<p> \tAs&iacute;, se pretende poner en marcha un programa de actividades formativas o culturales que habr&aacute;n de detallarse en los respectivos convenios espec&iacute;ficos o contratos. El convenio suscrito entre las dos partes anuncia las modalidades de colaboraci&oacute;n, que bien puede ser la ejecuci&oacute;n de proyectos o programas de investigaci&oacute;n, de extensi&oacute;n universitaria o de formaci&oacute;n a lo largo de la vida.<\/p>\n<p> \tEl acuerdo tambi&eacute;n alberga la posibilidad de llevar a cabo pr&aacute;cticas curriculares o profesionales de los alumnos, as&iacute; como la posibilidad de establecer un programa de becas de promoci&oacute;n al estudio o la edici&oacute;n de publicaciones, entre otras acciones, que deben todav&iacute;a concretarse.<\/p>\n<p> \tComo es habitual en este tipo de convenios, se establece una comisi&oacute;n mixta que vele por su desarrollo y proponga y defina las l&iacute;neas de colaboraci&oacute;n que se lleven a cabo.<\/p>\n<p> \tPara los miembros de la fundaci&oacute;n, el barco constituye, ante todo, un elemento patrimonial que debe ser preservado, cuesti&oacute;n que tambi&eacute;n recoge el convenio. Ubicado en la parte norte del muelle de Santa Cruz de Tenerife, y con acceso cerrado al p&uacute;blico, la idea de los promotores de la fundaci&oacute;n es trasladarlo al muelle sur, zona de llegada de los cruceros tur&iacute;sticos. Es por tanto, a su juicio, el enclave natural de esta pieza, construida en 1912 en Gran Breta&ntilde;a. Dada la afluencia de turismo brit&aacute;nico a la isla y la cantidad de pasajeros que desembarcan en esa zona, El Corre&iacute;llo se ver&iacute;a as&iacute; revitalizado y m&aacute;s valorado por la sociedad, consideran.<\/p>\n<p> \tEl objetivo final de todo ello es lograr que el buque, calificado como pieza de museo internacional, vuelva a navegar alg&uacute;n d&iacute;a, para lo cual es necesario terminar su restauraci&oacute;n y adecuar su estructura a las condiciones de navegabilidad exigidas en la actualidad. Todos los s&aacute;bados de primero de mes est&aacute; abierto al p&uacute;blico.<br \/> \t&nbsp;<\/p>\n","protected":false},"excerpt":{"rendered":"<p>El rector de la Universidad de La Laguna, Eduardo Dom&eacute;nech, y el representante de la Fundaci&oacute;n Canaria Corre&iacute;llo La Palma,&#8230;<\/p>\n","protected":false},"author":21,"featured_media":20857,"comment_status":"open","ping_status":"open","sticky":false,"template":"","format":"standard","meta":{"inline_featured_image":false,"footnotes":""},"categories":[348,1],"tags":[],"acf":[],"yoast_head":"<!-- This site is optimized with the Yoast SEO plugin v21.3 - https:\/\/yoast.com\/wordpress\/plugins\/seo\/ -->\n<title>La Universidad de La Laguna acuerda con la Fundaci\u00f3n Corre\u00edllo La Palma la promoci\u00f3n de actividades - ULL - Noticias<\/title>\n<meta name=\"robots\" content=\"index, follow, max-snippet:-1, max-image-preview:large, max-video-preview:-1\" \/>\n<link rel=\"canonical\" href=\"https:\/\/www.ull.es\/portal\/noticias\/2013\/la-universidad-de-la-laguna-acuerda-con-la-fundacion-correillo-la-palma-la-promocion-de-actividades\/\" \/>\n<meta property=\"og:locale\" content=\"es_ES\" \/>\n<meta property=\"og:type\" content=\"article\" \/>\n<meta property=\"og:title\" content=\"La Universidad de La Laguna acuerda con la Fundaci\u00f3n Corre\u00edllo La Palma la promoci\u00f3n de actividades - ULL - Noticias\" \/>\n<meta property=\"og:description\" content=\"El rector de la Universidad de La Laguna, Eduardo Dom&eacute;nech, y el representante de la Fundaci&oacute;n Canaria Corre&iacute;llo La Palma,...\" \/>\n<meta property=\"og:url\" content=\"https:\/\/www.ull.es\/portal\/noticias\/2013\/la-universidad-de-la-laguna-acuerda-con-la-fundacion-correillo-la-palma-la-promocion-de-actividades\/\" \/>\n<meta property=\"og:site_name\" content=\"ULL - Noticias\" \/>\n<meta property=\"article:publisher\" content=\"https:\/\/www.facebook.com\/universidaddelalaguna\/\" \/>\n<meta property=\"article:published_time\" content=\"2013-06-05T11:16:01+00:00\" \/>\n<meta property=\"og:image\" content=\"https:\/\/www.ull.es\/portal\/noticias\/wp-content\/uploads\/sites\/13\/2015\/07\/Convenio-Correillo-La-Palma-01.jpeg\" \/>\n\t<meta property=\"og:image:width\" content=\"1034\" \/>\n\t<meta property=\"og:image:height\" content=\"708\" \/>\n\t<meta property=\"og:image:type\" content=\"image\/jpeg\" \/>\n<meta name=\"author\" content=\"prensa2\" \/>\n<meta name=\"twitter:card\" content=\"summary_large_image\" \/>\n<meta name=\"twitter:creator\" content=\"@CanalULL\" \/>\n<meta name=\"twitter:site\" content=\"@CanalULL\" \/>\n<meta name=\"twitter:label1\" content=\"Escrito por\" \/>\n\t<meta name=\"twitter:data1\" content=\"prensa2\" \/>\n\t<meta name=\"twitter:label2\" content=\"Tiempo de lectura\" \/>\n\t<meta name=\"twitter:data2\" content=\"3 minutos\" \/>\n<script type=\"application\/ld+json\" class=\"yoast-schema-graph\">{\"@context\":\"https:\/\/schema.org\",\"@graph\":[{\"@type\":\"WebPage\",\"@id\":\"https:\/\/www.ull.es\/portal\/noticias\/2013\/la-universidad-de-la-laguna-acuerda-con-la-fundacion-correillo-la-palma-la-promocion-de-actividades\/\",\"url\":\"https:\/\/www.ull.es\/portal\/noticias\/2013\/la-universidad-de-la-laguna-acuerda-con-la-fundacion-correillo-la-palma-la-promocion-de-actividades\/\",\"name\":\"La Universidad de La Laguna acuerda con la Fundaci\u00f3n Corre\u00edllo La Palma la promoci\u00f3n de actividades - ULL - Noticias\",\"isPartOf\":{\"@id\":\"https:\/\/www.ull.es\/portal\/noticias\/#website\"},\"datePublished\":\"2013-06-05T11:16:01+00:00\",\"dateModified\":\"2013-06-05T11:16:01+00:00\",\"author\":{\"@id\":\"https:\/\/www.ull.es\/portal\/noticias\/#\/schema\/person\/c3b2aa857797592927a03740d6664376\"},\"breadcrumb\":{\"@id\":\"https:\/\/www.ull.es\/portal\/noticias\/2013\/la-universidad-de-la-laguna-acuerda-con-la-fundacion-correillo-la-palma-la-promocion-de-actividades\/#breadcrumb\"},\"inLanguage\":\"es\",\"potentialAction\":[{\"@type\":\"ReadAction\",\"target\":[\"https:\/\/www.ull.es\/portal\/noticias\/2013\/la-universidad-de-la-laguna-acuerda-con-la-fundacion-correillo-la-palma-la-promocion-de-actividades\/\"]}]},{\"@type\":\"BreadcrumbList\",\"@id\":\"https:\/\/www.ull.es\/portal\/noticias\/2013\/la-universidad-de-la-laguna-acuerda-con-la-fundacion-correillo-la-palma-la-promocion-de-actividades\/#breadcrumb\",\"itemListElement\":[{\"@type\":\"ListItem\",\"position\":1,\"name\":\"Portada\",\"item\":\"https:\/\/www.ull.es\/portal\/noticias\/\"},{\"@type\":\"ListItem\",\"position\":2,\"name\":\"La Universidad de La Laguna acuerda con la Fundaci\u00f3n Corre\u00edllo La Palma la promoci\u00f3n de actividades\"}]},{\"@type\":\"WebSite\",\"@id\":\"https:\/\/www.ull.es\/portal\/noticias\/#website\",\"url\":\"https:\/\/www.ull.es\/portal\/noticias\/\",\"name\":\"ULL - Noticias\",\"description\":\"\",\"potentialAction\":[{\"@type\":\"SearchAction\",\"target\":{\"@type\":\"EntryPoint\",\"urlTemplate\":\"https:\/\/www.ull.es\/portal\/noticias\/?s={search_term_string}\"},\"query-input\":\"required name=search_term_string\"}],\"inLanguage\":\"es\"},{\"@type\":\"Person\",\"@id\":\"https:\/\/www.ull.es\/portal\/noticias\/#\/schema\/person\/c3b2aa857797592927a03740d6664376\",\"name\":\"prensa2\",\"image\":{\"@type\":\"ImageObject\",\"inLanguage\":\"es\",\"@id\":\"https:\/\/www.ull.es\/portal\/noticias\/#\/schema\/person\/image\/\",\"url\":\"https:\/\/secure.gravatar.com\/avatar\/b58f310a5de5feb33d1e026d2493f23c?s=96&d=mm&r=g\",\"contentUrl\":\"https:\/\/secure.gravatar.com\/avatar\/b58f310a5de5feb33d1e026d2493f23c?s=96&d=mm&r=g\",\"caption\":\"prensa2\"},\"url\":\"https:\/\/www.ull.es\/portal\/noticias\/author\/prensa2\/\"}]}<\/script>\n<!-- \/ Yoast SEO plugin. -->","yoast_head_json":{"title":"La Universidad de La Laguna acuerda con la Fundaci\u00f3n Corre\u00edllo La Palma la promoci\u00f3n de actividades - ULL - Noticias","robots":{"index":"index","follow":"follow","max-snippet":"max-snippet:-1","max-image-preview":"max-image-preview:large","max-video-preview":"max-video-preview:-1"},"canonical":"https:\/\/www.ull.es\/portal\/noticias\/2013\/la-universidad-de-la-laguna-acuerda-con-la-fundacion-correillo-la-palma-la-promocion-de-actividades\/","og_locale":"es_ES","og_type":"article","og_title":"La Universidad de La Laguna acuerda con la Fundaci\u00f3n Corre\u00edllo La Palma la promoci\u00f3n de actividades - ULL - Noticias","og_description":"El rector de la Universidad de La Laguna, Eduardo Dom&eacute;nech, y el representante de la Fundaci&oacute;n Canaria Corre&iacute;llo La Palma,...","og_url":"https:\/\/www.ull.es\/portal\/noticias\/2013\/la-universidad-de-la-laguna-acuerda-con-la-fundacion-correillo-la-palma-la-promocion-de-actividades\/","og_site_name":"ULL - Noticias","article_publisher":"https:\/\/www.facebook.com\/universidaddelalaguna\/","article_published_time":"2013-06-05T11:16:01+00:00","og_image":[{"width":1034,"height":708,"url":"https:\/\/www.ull.es\/portal\/noticias\/wp-content\/uploads\/sites\/13\/2015\/07\/Convenio-Correillo-La-Palma-01.jpeg","type":"image\/jpeg"}],"author":"prensa2","twitter_card":"summary_large_image","twitter_creator":"@CanalULL","twitter_site":"@CanalULL","twitter_misc":{"Escrito por":"prensa2","Tiempo de lectura":"3 minutos"},"schema":{"@context":"https:\/\/schema.org","@graph":[{"@type":"WebPage","@id":"https:\/\/www.ull.es\/portal\/noticias\/2013\/la-universidad-de-la-laguna-acuerda-con-la-fundacion-correillo-la-palma-la-promocion-de-actividades\/","url":"https:\/\/www.ull.es\/portal\/noticias\/2013\/la-universidad-de-la-laguna-acuerda-con-la-fundacion-correillo-la-palma-la-promocion-de-actividades\/","name":"La Universidad de La Laguna acuerda con la Fundaci\u00f3n Corre\u00edllo La Palma la promoci\u00f3n de actividades - ULL - Noticias","isPartOf":{"@id":"https:\/\/www.ull.es\/portal\/noticias\/#website"},"datePublished":"2013-06-05T11:16:01+00:00","dateModified":"2013-06-05T11:16:01+00:00","author":{"@id":"https:\/\/www.ull.es\/portal\/noticias\/#\/schema\/person\/c3b2aa857797592927a03740d6664376"},"breadcrumb":{"@id":"https:\/\/www.ull.es\/portal\/noticias\/2013\/la-universidad-de-la-laguna-acuerda-con-la-fundacion-correillo-la-palma-la-promocion-de-actividades\/#breadcrumb"},"inLanguage":"es","potentialAction":[{"@type":"ReadAction","target":["https:\/\/www.ull.es\/portal\/noticias\/2013\/la-universidad-de-la-laguna-acuerda-con-la-fundacion-correillo-la-palma-la-promocion-de-actividades\/"]}]},{"@type":"BreadcrumbList","@id":"https:\/\/www.ull.es\/portal\/noticias\/2013\/la-universidad-de-la-laguna-acuerda-con-la-fundacion-correillo-la-palma-la-promocion-de-actividades\/#breadcrumb","itemListElement":[{"@type":"ListItem","position":1,"name":"Portada","item":"https:\/\/www.ull.es\/portal\/noticias\/"},{"@type":"ListItem","position":2,"name":"La Universidad de La Laguna acuerda con la Fundaci\u00f3n Corre\u00edllo La Palma la promoci\u00f3n de actividades"}]},{"@type":"WebSite","@id":"https:\/\/www.ull.es\/portal\/noticias\/#website","url":"https:\/\/www.ull.es\/portal\/noticias\/","name":"ULL - Noticias","description":"","potentialAction":[{"@type":"SearchAction","target":{"@type":"EntryPoint","urlTemplate":"https:\/\/www.ull.es\/portal\/noticias\/?s={search_term_string}"},"query-input":"required name=search_term_string"}],"inLanguage":"es"},{"@type":"Person","@id":"https:\/\/www.ull.es\/portal\/noticias\/#\/schema\/person\/c3b2aa857797592927a03740d6664376","name":"prensa2","image":{"@type":"ImageObject","inLanguage":"es","@id":"https:\/\/www.ull.es\/portal\/noticias\/#\/schema\/person\/image\/","url":"https:\/\/secure.gravatar.com\/avatar\/b58f310a5de5feb33d1e026d2493f23c?s=96&d=mm&r=g","contentUrl":"https:\/\/secure.gravatar.com\/avatar\/b58f310a5de5feb33d1e026d2493f23c?s=96&d=mm&r=g","caption":"prensa2"},"url":"https:\/\/www.ull.es\/portal\/noticias\/author\/prensa2\/"}]}},"primary_category":null,"featured_image_thumbnail_url":"https:\/\/www.ull.es\/portal\/noticias\/wp-content\/uploads\/sites\/13\/2015\/07\/Convenio-Correillo-La-Palma-01-300x205.jpeg","_links":{"self":[{"href":"https:\/\/www.ull.es\/portal\/noticias\/wp-json\/wp\/v2\/posts\/20856"}],"collection":[{"href":"https:\/\/www.ull.es\/portal\/noticias\/wp-json\/wp\/v2\/posts"}],"about":[{"href":"https:\/\/www.ull.es\/portal\/noticias\/wp-json\/wp\/v2\/types\/post"}],"author":[{"embeddable":true,"href":"https:\/\/www.ull.es\/portal\/noticias\/wp-json\/wp\/v2\/users\/21"}],"replies":[{"embeddable":true,"href":"https:\/\/www.ull.es\/portal\/noticias\/wp-json\/wp\/v2\/comments?post=20856"}],"version-history":[{"count":0,"href":"https:\/\/www.ull.es\/portal\/noticias\/wp-json\/wp\/v2\/posts\/20856\/revisions"}],"wp:featuredmedia":[{"embeddable":true,"href":"https:\/\/www.ull.es\/portal\/noticias\/wp-json\/wp\/v2\/media\/20857"}],"wp:attachment":[{"href":"https:\/\/www.ull.es\/portal\/noticias\/wp-json\/wp\/v2\/media?parent=20856"}],"wp:term":[{"taxonomy":"category","embeddable":true,"href":"https:\/\/www.ull.es\/portal\/noticias\/wp-json\/wp\/v2\/categories?post=20856"},{"taxonomy":"post_tag","embeddable":true,"href":"https:\/\/www.ull.es\/portal\/noticias\/wp-json\/wp\/v2\/tags?post=20856"}],"curies":[{"name":"wp","href":"https:\/\/api.w.org\/{rel}","templated":true}]}}