{"id":20869,"date":"2013-06-07T10:45:29","date_gmt":"2013-06-07T10:45:29","guid":{"rendered":"http:\/\/ddigital.webs.ull.es\/el-sila-acoge-la-presentacion-de-un-estudio-de-la-ull-sobre-relaciones-economicas-internacionales-con-africa\/"},"modified":"2013-06-07T10:45:29","modified_gmt":"2013-06-07T10:45:29","slug":"el-sila-acoge-la-presentacion-de-un-estudio-de-la-ull-sobre-relaciones-economicas-internacionales-con-africa","status":"publish","type":"post","link":"https:\/\/www.ull.es\/portal\/noticias\/2013\/el-sila-acoge-la-presentacion-de-un-estudio-de-la-ull-sobre-relaciones-economicas-internacionales-con-africa\/","title":{"rendered":"El SILA acoge la presentaci\u00f3n de un estudio de la ULL sobre Relaciones Econ\u00f3micas Internacionales con \u00c1frica"},"content":{"rendered":"<p> \tLa consejera insular de Acci&oacute;n Exterior del Cabildo, Delia Herrera, particip&oacute; el d&iacute;a 5 en la apertura del Sal&oacute;n del Libro Africano, celebrado en Tenerife Espacio de las Artes como punto de partida de un conjunto de actividades que se prolongar&aacute;n hasta el pr&oacute;ximo mes de septiembre. El acto consisti&oacute; en la presentaci&oacute;n del libro &ldquo;Canarias, Base Estrat&eacute;gica para las Relaciones Econ&oacute;micas Internacionales de &Aacute;frica: 1850-2010&rdquo;, patrocinado por el Cabildo de Tenerife, coordinado por el profesor&nbsp; Fernando Carnero Lorenzo, miembro del Centro de Estudios Africanos de la&nbsp; Universidad de La Laguna.<\/p>\n<p> \tEn este estudio se realiza un an&aacute;lisis a largo plazo de las relaciones econ&oacute;micas entre Canarias y &Aacute;frica, en concreto durante la etapa capitalista. Para ello, este documento, no s&oacute;lo se centra en los intercambios comerciales entre ambos territorios, sino tambi&eacute;n se analizan otros &aacute;mbitos, como el papel desarrollado por las Islas como plataforma log&iacute;stica internacional para los agentes econ&oacute;micos de otros pa&iacute;ses que realizaban transacciones econ&oacute;micas con &Aacute;frica, o las inversiones realizadas por la clase empresarial isle&ntilde;a en los pa&iacute;ses africanos.<\/p>\n<p> \tCon posterioridad se realiz&oacute; un coloquio sobre Cabo Verde y las Islas Canarias: dos archipi&eacute;lagos, dos identidades frente a la insularidad, con la presencia de Antonio Correia e Silva, Ministro de Ense&ntilde;anza Superior, Ciencia e Innovaci&oacute;n y escritor (Cabo Verde), Juan Manuel Garc&iacute;a Ramos, Universidad de La Laguna (Espa&ntilde;a) y con Jos&eacute; S. Gomez Soli&ntilde;o, director del Centro de Estudios Africanos de la Universidad de La Laguna (Espa&ntilde;a), como introductor.<\/p>\n<p> \tEn este coloquio se trat&oacute; de analizar la importancia de las similitudes existentes entre las islas que conformar la Macaronesia, no s&oacute;lo en el &aacute;mbito geogr&aacute;fico referido a la orograf&iacute;a, clima, insularidad, sino en otros a&ntilde;adidos como el cultural o demogr&aacute;fico.<\/p>\n<p> \t(Nota y fotograf&iacute;a cedidas)<\/p>\n","protected":false},"excerpt":{"rendered":"<p>La consejera insular de Acci&oacute;n Exterior del Cabildo, Delia Herrera, particip&oacute; el d&iacute;a 5 en la apertura del Sal&oacute;n del&#8230;<\/p>\n","protected":false},"author":21,"featured_media":20870,"comment_status":"open","ping_status":"open","sticky":false,"template":"","format":"standard","meta":{"inline_featured_image":false,"footnotes":""},"categories":[344,1],"tags":[],"acf":[],"yoast_head":"<!-- This site is optimized with the Yoast SEO plugin v21.3 - https:\/\/yoast.com\/wordpress\/plugins\/seo\/ -->\n<title>El SILA acoge la presentaci\u00f3n de un estudio de la ULL sobre Relaciones Econ\u00f3micas Internacionales con \u00c1frica - ULL - Noticias<\/title>\n<meta name=\"robots\" content=\"index, follow, max-snippet:-1, max-image-preview:large, max-video-preview:-1\" \/>\n<link rel=\"canonical\" href=\"https:\/\/www.ull.es\/portal\/noticias\/2013\/el-sila-acoge-la-presentacion-de-un-estudio-de-la-ull-sobre-relaciones-economicas-internacionales-con-africa\/\" \/>\n<meta property=\"og:locale\" content=\"es_ES\" \/>\n<meta property=\"og:type\" content=\"article\" \/>\n<meta property=\"og:title\" content=\"El SILA acoge la presentaci\u00f3n de un estudio de la ULL sobre Relaciones Econ\u00f3micas Internacionales con \u00c1frica - ULL - Noticias\" \/>\n<meta property=\"og:description\" content=\"La consejera insular de Acci&oacute;n Exterior del Cabildo, Delia Herrera, particip&oacute; el d&iacute;a 5 en la apertura del Sal&oacute;n del...\" \/>\n<meta property=\"og:url\" content=\"https:\/\/www.ull.es\/portal\/noticias\/2013\/el-sila-acoge-la-presentacion-de-un-estudio-de-la-ull-sobre-relaciones-economicas-internacionales-con-africa\/\" \/>\n<meta property=\"og:site_name\" content=\"ULL - Noticias\" \/>\n<meta property=\"article:publisher\" content=\"https:\/\/www.facebook.com\/universidaddelalaguna\/\" \/>\n<meta property=\"article:published_time\" content=\"2013-06-07T10:45:29+00:00\" \/>\n<meta property=\"og:image\" content=\"https:\/\/www.ull.es\/portal\/noticias\/wp-content\/uploads\/sites\/13\/2015\/07\/060613.jpg\" \/>\n\t<meta property=\"og:image:width\" content=\"800\" \/>\n\t<meta property=\"og:image:height\" content=\"533\" \/>\n\t<meta property=\"og:image:type\" content=\"image\/jpeg\" \/>\n<meta name=\"author\" content=\"prensa2\" \/>\n<meta name=\"twitter:card\" content=\"summary_large_image\" \/>\n<meta name=\"twitter:creator\" content=\"@CanalULL\" \/>\n<meta name=\"twitter:site\" content=\"@CanalULL\" \/>\n<meta name=\"twitter:label1\" content=\"Escrito por\" \/>\n\t<meta name=\"twitter:data1\" content=\"prensa2\" \/>\n\t<meta name=\"twitter:label2\" content=\"Tiempo de lectura\" \/>\n\t<meta name=\"twitter:data2\" content=\"2 minutos\" \/>\n<script type=\"application\/ld+json\" class=\"yoast-schema-graph\">{\"@context\":\"https:\/\/schema.org\",\"@graph\":[{\"@type\":\"WebPage\",\"@id\":\"https:\/\/www.ull.es\/portal\/noticias\/2013\/el-sila-acoge-la-presentacion-de-un-estudio-de-la-ull-sobre-relaciones-economicas-internacionales-con-africa\/\",\"url\":\"https:\/\/www.ull.es\/portal\/noticias\/2013\/el-sila-acoge-la-presentacion-de-un-estudio-de-la-ull-sobre-relaciones-economicas-internacionales-con-africa\/\",\"name\":\"El SILA acoge la presentaci\u00f3n de un estudio de la ULL sobre Relaciones Econ\u00f3micas Internacionales con \u00c1frica - ULL - Noticias\",\"isPartOf\":{\"@id\":\"https:\/\/www.ull.es\/portal\/noticias\/#website\"},\"datePublished\":\"2013-06-07T10:45:29+00:00\",\"dateModified\":\"2013-06-07T10:45:29+00:00\",\"author\":{\"@id\":\"https:\/\/www.ull.es\/portal\/noticias\/#\/schema\/person\/c3b2aa857797592927a03740d6664376\"},\"breadcrumb\":{\"@id\":\"https:\/\/www.ull.es\/portal\/noticias\/2013\/el-sila-acoge-la-presentacion-de-un-estudio-de-la-ull-sobre-relaciones-economicas-internacionales-con-africa\/#breadcrumb\"},\"inLanguage\":\"es\",\"potentialAction\":[{\"@type\":\"ReadAction\",\"target\":[\"https:\/\/www.ull.es\/portal\/noticias\/2013\/el-sila-acoge-la-presentacion-de-un-estudio-de-la-ull-sobre-relaciones-economicas-internacionales-con-africa\/\"]}]},{\"@type\":\"BreadcrumbList\",\"@id\":\"https:\/\/www.ull.es\/portal\/noticias\/2013\/el-sila-acoge-la-presentacion-de-un-estudio-de-la-ull-sobre-relaciones-economicas-internacionales-con-africa\/#breadcrumb\",\"itemListElement\":[{\"@type\":\"ListItem\",\"position\":1,\"name\":\"Portada\",\"item\":\"https:\/\/www.ull.es\/portal\/noticias\/\"},{\"@type\":\"ListItem\",\"position\":2,\"name\":\"El SILA acoge la presentaci\u00f3n de un estudio de la ULL sobre Relaciones Econ\u00f3micas Internacionales con \u00c1frica\"}]},{\"@type\":\"WebSite\",\"@id\":\"https:\/\/www.ull.es\/portal\/noticias\/#website\",\"url\":\"https:\/\/www.ull.es\/portal\/noticias\/\",\"name\":\"ULL - Noticias\",\"description\":\"\",\"potentialAction\":[{\"@type\":\"SearchAction\",\"target\":{\"@type\":\"EntryPoint\",\"urlTemplate\":\"https:\/\/www.ull.es\/portal\/noticias\/?s={search_term_string}\"},\"query-input\":\"required name=search_term_string\"}],\"inLanguage\":\"es\"},{\"@type\":\"Person\",\"@id\":\"https:\/\/www.ull.es\/portal\/noticias\/#\/schema\/person\/c3b2aa857797592927a03740d6664376\",\"name\":\"prensa2\",\"image\":{\"@type\":\"ImageObject\",\"inLanguage\":\"es\",\"@id\":\"https:\/\/www.ull.es\/portal\/noticias\/#\/schema\/person\/image\/\",\"url\":\"https:\/\/secure.gravatar.com\/avatar\/b58f310a5de5feb33d1e026d2493f23c?s=96&d=mm&r=g\",\"contentUrl\":\"https:\/\/secure.gravatar.com\/avatar\/b58f310a5de5feb33d1e026d2493f23c?s=96&d=mm&r=g\",\"caption\":\"prensa2\"},\"url\":\"https:\/\/www.ull.es\/portal\/noticias\/author\/prensa2\/\"}]}<\/script>\n<!-- \/ Yoast SEO plugin. -->","yoast_head_json":{"title":"El SILA acoge la presentaci\u00f3n de un estudio de la ULL sobre Relaciones Econ\u00f3micas Internacionales con \u00c1frica - ULL - Noticias","robots":{"index":"index","follow":"follow","max-snippet":"max-snippet:-1","max-image-preview":"max-image-preview:large","max-video-preview":"max-video-preview:-1"},"canonical":"https:\/\/www.ull.es\/portal\/noticias\/2013\/el-sila-acoge-la-presentacion-de-un-estudio-de-la-ull-sobre-relaciones-economicas-internacionales-con-africa\/","og_locale":"es_ES","og_type":"article","og_title":"El SILA acoge la presentaci\u00f3n de un estudio de la ULL sobre Relaciones Econ\u00f3micas Internacionales con \u00c1frica - ULL - Noticias","og_description":"La consejera insular de Acci&oacute;n Exterior del Cabildo, Delia Herrera, particip&oacute; el d&iacute;a 5 en la apertura del Sal&oacute;n del...","og_url":"https:\/\/www.ull.es\/portal\/noticias\/2013\/el-sila-acoge-la-presentacion-de-un-estudio-de-la-ull-sobre-relaciones-economicas-internacionales-con-africa\/","og_site_name":"ULL - Noticias","article_publisher":"https:\/\/www.facebook.com\/universidaddelalaguna\/","article_published_time":"2013-06-07T10:45:29+00:00","og_image":[{"width":800,"height":533,"url":"https:\/\/www.ull.es\/portal\/noticias\/wp-content\/uploads\/sites\/13\/2015\/07\/060613.jpg","type":"image\/jpeg"}],"author":"prensa2","twitter_card":"summary_large_image","twitter_creator":"@CanalULL","twitter_site":"@CanalULL","twitter_misc":{"Escrito por":"prensa2","Tiempo de lectura":"2 minutos"},"schema":{"@context":"https:\/\/schema.org","@graph":[{"@type":"WebPage","@id":"https:\/\/www.ull.es\/portal\/noticias\/2013\/el-sila-acoge-la-presentacion-de-un-estudio-de-la-ull-sobre-relaciones-economicas-internacionales-con-africa\/","url":"https:\/\/www.ull.es\/portal\/noticias\/2013\/el-sila-acoge-la-presentacion-de-un-estudio-de-la-ull-sobre-relaciones-economicas-internacionales-con-africa\/","name":"El SILA acoge la presentaci\u00f3n de un estudio de la ULL sobre Relaciones Econ\u00f3micas Internacionales con \u00c1frica - ULL - Noticias","isPartOf":{"@id":"https:\/\/www.ull.es\/portal\/noticias\/#website"},"datePublished":"2013-06-07T10:45:29+00:00","dateModified":"2013-06-07T10:45:29+00:00","author":{"@id":"https:\/\/www.ull.es\/portal\/noticias\/#\/schema\/person\/c3b2aa857797592927a03740d6664376"},"breadcrumb":{"@id":"https:\/\/www.ull.es\/portal\/noticias\/2013\/el-sila-acoge-la-presentacion-de-un-estudio-de-la-ull-sobre-relaciones-economicas-internacionales-con-africa\/#breadcrumb"},"inLanguage":"es","potentialAction":[{"@type":"ReadAction","target":["https:\/\/www.ull.es\/portal\/noticias\/2013\/el-sila-acoge-la-presentacion-de-un-estudio-de-la-ull-sobre-relaciones-economicas-internacionales-con-africa\/"]}]},{"@type":"BreadcrumbList","@id":"https:\/\/www.ull.es\/portal\/noticias\/2013\/el-sila-acoge-la-presentacion-de-un-estudio-de-la-ull-sobre-relaciones-economicas-internacionales-con-africa\/#breadcrumb","itemListElement":[{"@type":"ListItem","position":1,"name":"Portada","item":"https:\/\/www.ull.es\/portal\/noticias\/"},{"@type":"ListItem","position":2,"name":"El SILA acoge la presentaci\u00f3n de un estudio de la ULL sobre Relaciones Econ\u00f3micas Internacionales con \u00c1frica"}]},{"@type":"WebSite","@id":"https:\/\/www.ull.es\/portal\/noticias\/#website","url":"https:\/\/www.ull.es\/portal\/noticias\/","name":"ULL - Noticias","description":"","potentialAction":[{"@type":"SearchAction","target":{"@type":"EntryPoint","urlTemplate":"https:\/\/www.ull.es\/portal\/noticias\/?s={search_term_string}"},"query-input":"required name=search_term_string"}],"inLanguage":"es"},{"@type":"Person","@id":"https:\/\/www.ull.es\/portal\/noticias\/#\/schema\/person\/c3b2aa857797592927a03740d6664376","name":"prensa2","image":{"@type":"ImageObject","inLanguage":"es","@id":"https:\/\/www.ull.es\/portal\/noticias\/#\/schema\/person\/image\/","url":"https:\/\/secure.gravatar.com\/avatar\/b58f310a5de5feb33d1e026d2493f23c?s=96&d=mm&r=g","contentUrl":"https:\/\/secure.gravatar.com\/avatar\/b58f310a5de5feb33d1e026d2493f23c?s=96&d=mm&r=g","caption":"prensa2"},"url":"https:\/\/www.ull.es\/portal\/noticias\/author\/prensa2\/"}]}},"primary_category":null,"featured_image_thumbnail_url":"https:\/\/www.ull.es\/portal\/noticias\/wp-content\/uploads\/sites\/13\/2015\/07\/060613-300x200.jpg","_links":{"self":[{"href":"https:\/\/www.ull.es\/portal\/noticias\/wp-json\/wp\/v2\/posts\/20869"}],"collection":[{"href":"https:\/\/www.ull.es\/portal\/noticias\/wp-json\/wp\/v2\/posts"}],"about":[{"href":"https:\/\/www.ull.es\/portal\/noticias\/wp-json\/wp\/v2\/types\/post"}],"author":[{"embeddable":true,"href":"https:\/\/www.ull.es\/portal\/noticias\/wp-json\/wp\/v2\/users\/21"}],"replies":[{"embeddable":true,"href":"https:\/\/www.ull.es\/portal\/noticias\/wp-json\/wp\/v2\/comments?post=20869"}],"version-history":[{"count":0,"href":"https:\/\/www.ull.es\/portal\/noticias\/wp-json\/wp\/v2\/posts\/20869\/revisions"}],"wp:featuredmedia":[{"embeddable":true,"href":"https:\/\/www.ull.es\/portal\/noticias\/wp-json\/wp\/v2\/media\/20870"}],"wp:attachment":[{"href":"https:\/\/www.ull.es\/portal\/noticias\/wp-json\/wp\/v2\/media?parent=20869"}],"wp:term":[{"taxonomy":"category","embeddable":true,"href":"https:\/\/www.ull.es\/portal\/noticias\/wp-json\/wp\/v2\/categories?post=20869"},{"taxonomy":"post_tag","embeddable":true,"href":"https:\/\/www.ull.es\/portal\/noticias\/wp-json\/wp\/v2\/tags?post=20869"}],"curies":[{"name":"wp","href":"https:\/\/api.w.org\/{rel}","templated":true}]}}