{"id":20873,"date":"2013-06-07T11:40:04","date_gmt":"2013-06-07T11:40:04","guid":{"rendered":"http:\/\/ddigital.webs.ull.es\/el-ministerio-de-educacion-cultura-y-deporte-y-el-ico-acuerdan-una-solucion-para-los-afectados-por-los-prestamos-renta-universidad-200910\/"},"modified":"2013-06-07T11:40:04","modified_gmt":"2013-06-07T11:40:04","slug":"el-ministerio-de-educacion-cultura-y-deporte-y-el-ico-acuerdan-una-solucion-para-los-afectados-por-los-prestamos-renta-universidad-200910","status":"publish","type":"post","link":"https:\/\/www.ull.es\/portal\/noticias\/2013\/el-ministerio-de-educacion-cultura-y-deporte-y-el-ico-acuerdan-una-solucion-para-los-afectados-por-los-prestamos-renta-universidad-200910\/","title":{"rendered":"El Ministerio de Educaci\u00f3n, Cultura y Deporte y el ICO acuerdan una soluci\u00f3n para los afectados por los pr\u00e9stamos renta universidad 2009\/10"},"content":{"rendered":"<p> \tEl Ministerio de Educaci&oacute;n, Cultura y Deporte y el Instituto de Cr&eacute;dito Oficial, conscientes de la complicada situaci&oacute;n por la que atraviesan muchos j&oacute;venes espa&ntilde;oles, han acordado en la reuni&oacute;n de la Comisi&oacute;n T&eacute;cnica de Seguimiento del convenio MECD-ICO 2009\/2010 celebrada el d&iacute;a 5, y tras resolver los problemas t&eacute;cnicos detectados, ofrecer a los estudiantes que se acogieron a la l&iacute;nea de pr&eacute;stamos-renta universidad en 2009\/2010&nbsp; un nuevo plazo para solicitar la pr&oacute;rroga del periodo de carencia.<\/p>\n<p> \tEstos pr&eacute;stamos puestos en marcha por el Gobierno anterior, se han convertido en un problema para aquellos estudiantes que se acogieron a ellos y que llegado el momento de comenzar a devolverlos no pueden hacerlo. Los representantes del Ministerio de Educaci&oacute;n y del ICO, han indicado que &ldquo; nuestro principal objetivo es buscar soluciones y que los estudiantes afectados no se queden desamparados&quot;.<\/p>\n<p> \tEn los pr&oacute;ximos d&iacute;as los solicitantes de la l&iacute;nea de Pr&eacute;stamos 2009\/2010 recibir&aacute;n una comunicaci&oacute;n&nbsp; personalizada, donde encontrar&aacute;n las instrucciones pertinentes en funci&oacute;n de su situaci&oacute;n particular, para acogerse a esta nueva oportunidad de prorrogar del periodo de carencia.<br \/> \t&nbsp;<br \/> \tCon respecto a la L&iacute;nea 2010\/2011, que cuenta con unas especiales caracter&iacute;sticas y&nbsp; que no prev&eacute;&nbsp; la ampliaci&oacute;n del periodo de carencia, el Ministerio y el ICO est&aacute;n trabajando conjuntamente en el estudio de alternativas que posibiliten una respuesta satisfactoria lo m&aacute;s pronto posible a los estudiantes acogidos a la misma&nbsp; y que se encuentren en situaciones de imposibilidad de pago.<\/p>\n<p> \t(Nota cedida)<\/p>\n","protected":false},"excerpt":{"rendered":"<p>El Ministerio de Educaci&oacute;n, Cultura y Deporte y el Instituto de Cr&eacute;dito Oficial, conscientes de la complicada situaci&oacute;n por la&#8230;<\/p>\n","protected":false},"author":21,"featured_media":0,"comment_status":"open","ping_status":"open","sticky":false,"template":"","format":"standard","meta":{"inline_featured_image":false,"footnotes":""},"categories":[348,1],"tags":[],"acf":[],"yoast_head":"<!-- This site is optimized with the Yoast SEO plugin v21.3 - https:\/\/yoast.com\/wordpress\/plugins\/seo\/ -->\n<title>El Ministerio de Educaci\u00f3n, Cultura y Deporte y el ICO acuerdan una soluci\u00f3n para los afectados por los pr\u00e9stamos renta universidad 2009\/10 - ULL - Noticias<\/title>\n<meta name=\"robots\" content=\"index, follow, max-snippet:-1, max-image-preview:large, max-video-preview:-1\" \/>\n<link rel=\"canonical\" href=\"https:\/\/www.ull.es\/portal\/noticias\/2013\/el-ministerio-de-educacion-cultura-y-deporte-y-el-ico-acuerdan-una-solucion-para-los-afectados-por-los-prestamos-renta-universidad-200910\/\" \/>\n<meta property=\"og:locale\" content=\"es_ES\" \/>\n<meta property=\"og:type\" content=\"article\" \/>\n<meta property=\"og:title\" content=\"El Ministerio de Educaci\u00f3n, Cultura y Deporte y el ICO acuerdan una soluci\u00f3n para los afectados por los pr\u00e9stamos renta universidad 2009\/10 - ULL - Noticias\" \/>\n<meta property=\"og:description\" content=\"El Ministerio de Educaci&oacute;n, Cultura y Deporte y el Instituto de Cr&eacute;dito Oficial, conscientes de la complicada situaci&oacute;n por la...\" \/>\n<meta property=\"og:url\" content=\"https:\/\/www.ull.es\/portal\/noticias\/2013\/el-ministerio-de-educacion-cultura-y-deporte-y-el-ico-acuerdan-una-solucion-para-los-afectados-por-los-prestamos-renta-universidad-200910\/\" \/>\n<meta property=\"og:site_name\" content=\"ULL - Noticias\" \/>\n<meta property=\"article:publisher\" content=\"https:\/\/www.facebook.com\/universidaddelalaguna\/\" \/>\n<meta property=\"article:published_time\" content=\"2013-06-07T11:40:04+00:00\" \/>\n<meta property=\"og:image\" content=\"https:\/\/www.ull.es\/portal\/noticias\/wp-content\/uploads\/sites\/13\/2023\/06\/logo-redimensionado.png\" \/>\n\t<meta property=\"og:image:width\" content=\"1200\" \/>\n\t<meta property=\"og:image:height\" content=\"630\" \/>\n\t<meta property=\"og:image:type\" content=\"image\/png\" \/>\n<meta name=\"author\" content=\"prensa2\" \/>\n<meta name=\"twitter:card\" content=\"summary_large_image\" \/>\n<meta name=\"twitter:creator\" content=\"@CanalULL\" \/>\n<meta name=\"twitter:site\" content=\"@CanalULL\" \/>\n<meta name=\"twitter:label1\" content=\"Escrito por\" \/>\n\t<meta name=\"twitter:data1\" content=\"prensa2\" \/>\n\t<meta name=\"twitter:label2\" content=\"Tiempo de lectura\" \/>\n\t<meta name=\"twitter:data2\" content=\"2 minutos\" \/>\n<script type=\"application\/ld+json\" class=\"yoast-schema-graph\">{\"@context\":\"https:\/\/schema.org\",\"@graph\":[{\"@type\":\"WebPage\",\"@id\":\"https:\/\/www.ull.es\/portal\/noticias\/2013\/el-ministerio-de-educacion-cultura-y-deporte-y-el-ico-acuerdan-una-solucion-para-los-afectados-por-los-prestamos-renta-universidad-200910\/\",\"url\":\"https:\/\/www.ull.es\/portal\/noticias\/2013\/el-ministerio-de-educacion-cultura-y-deporte-y-el-ico-acuerdan-una-solucion-para-los-afectados-por-los-prestamos-renta-universidad-200910\/\",\"name\":\"El Ministerio de Educaci\u00f3n, Cultura y Deporte y el ICO acuerdan una soluci\u00f3n para los afectados por los pr\u00e9stamos renta universidad 2009\/10 - ULL - Noticias\",\"isPartOf\":{\"@id\":\"https:\/\/www.ull.es\/portal\/noticias\/#website\"},\"datePublished\":\"2013-06-07T11:40:04+00:00\",\"dateModified\":\"2013-06-07T11:40:04+00:00\",\"author\":{\"@id\":\"https:\/\/www.ull.es\/portal\/noticias\/#\/schema\/person\/c3b2aa857797592927a03740d6664376\"},\"breadcrumb\":{\"@id\":\"https:\/\/www.ull.es\/portal\/noticias\/2013\/el-ministerio-de-educacion-cultura-y-deporte-y-el-ico-acuerdan-una-solucion-para-los-afectados-por-los-prestamos-renta-universidad-200910\/#breadcrumb\"},\"inLanguage\":\"es\",\"potentialAction\":[{\"@type\":\"ReadAction\",\"target\":[\"https:\/\/www.ull.es\/portal\/noticias\/2013\/el-ministerio-de-educacion-cultura-y-deporte-y-el-ico-acuerdan-una-solucion-para-los-afectados-por-los-prestamos-renta-universidad-200910\/\"]}]},{\"@type\":\"BreadcrumbList\",\"@id\":\"https:\/\/www.ull.es\/portal\/noticias\/2013\/el-ministerio-de-educacion-cultura-y-deporte-y-el-ico-acuerdan-una-solucion-para-los-afectados-por-los-prestamos-renta-universidad-200910\/#breadcrumb\",\"itemListElement\":[{\"@type\":\"ListItem\",\"position\":1,\"name\":\"Portada\",\"item\":\"https:\/\/www.ull.es\/portal\/noticias\/\"},{\"@type\":\"ListItem\",\"position\":2,\"name\":\"El Ministerio de Educaci\u00f3n, Cultura y Deporte y el ICO acuerdan una soluci\u00f3n para los afectados por los pr\u00e9stamos renta universidad 2009\/10\"}]},{\"@type\":\"WebSite\",\"@id\":\"https:\/\/www.ull.es\/portal\/noticias\/#website\",\"url\":\"https:\/\/www.ull.es\/portal\/noticias\/\",\"name\":\"ULL - Noticias\",\"description\":\"\",\"potentialAction\":[{\"@type\":\"SearchAction\",\"target\":{\"@type\":\"EntryPoint\",\"urlTemplate\":\"https:\/\/www.ull.es\/portal\/noticias\/?s={search_term_string}\"},\"query-input\":\"required name=search_term_string\"}],\"inLanguage\":\"es\"},{\"@type\":\"Person\",\"@id\":\"https:\/\/www.ull.es\/portal\/noticias\/#\/schema\/person\/c3b2aa857797592927a03740d6664376\",\"name\":\"prensa2\",\"image\":{\"@type\":\"ImageObject\",\"inLanguage\":\"es\",\"@id\":\"https:\/\/www.ull.es\/portal\/noticias\/#\/schema\/person\/image\/\",\"url\":\"https:\/\/secure.gravatar.com\/avatar\/b58f310a5de5feb33d1e026d2493f23c?s=96&d=mm&r=g\",\"contentUrl\":\"https:\/\/secure.gravatar.com\/avatar\/b58f310a5de5feb33d1e026d2493f23c?s=96&d=mm&r=g\",\"caption\":\"prensa2\"},\"url\":\"https:\/\/www.ull.es\/portal\/noticias\/author\/prensa2\/\"}]}<\/script>\n<!-- \/ Yoast SEO plugin. -->","yoast_head_json":{"title":"El Ministerio de Educaci\u00f3n, Cultura y Deporte y el ICO acuerdan una soluci\u00f3n para los afectados por los pr\u00e9stamos renta universidad 2009\/10 - ULL - Noticias","robots":{"index":"index","follow":"follow","max-snippet":"max-snippet:-1","max-image-preview":"max-image-preview:large","max-video-preview":"max-video-preview:-1"},"canonical":"https:\/\/www.ull.es\/portal\/noticias\/2013\/el-ministerio-de-educacion-cultura-y-deporte-y-el-ico-acuerdan-una-solucion-para-los-afectados-por-los-prestamos-renta-universidad-200910\/","og_locale":"es_ES","og_type":"article","og_title":"El Ministerio de Educaci\u00f3n, Cultura y Deporte y el ICO acuerdan una soluci\u00f3n para los afectados por los pr\u00e9stamos renta universidad 2009\/10 - ULL - Noticias","og_description":"El Ministerio de Educaci&oacute;n, Cultura y Deporte y el Instituto de Cr&eacute;dito Oficial, conscientes de la complicada situaci&oacute;n por la...","og_url":"https:\/\/www.ull.es\/portal\/noticias\/2013\/el-ministerio-de-educacion-cultura-y-deporte-y-el-ico-acuerdan-una-solucion-para-los-afectados-por-los-prestamos-renta-universidad-200910\/","og_site_name":"ULL - Noticias","article_publisher":"https:\/\/www.facebook.com\/universidaddelalaguna\/","article_published_time":"2013-06-07T11:40:04+00:00","og_image":[{"width":1200,"height":630,"url":"https:\/\/www.ull.es\/portal\/noticias\/wp-content\/uploads\/sites\/13\/2023\/06\/logo-redimensionado.png","type":"image\/png"}],"author":"prensa2","twitter_card":"summary_large_image","twitter_creator":"@CanalULL","twitter_site":"@CanalULL","twitter_misc":{"Escrito por":"prensa2","Tiempo de lectura":"2 minutos"},"schema":{"@context":"https:\/\/schema.org","@graph":[{"@type":"WebPage","@id":"https:\/\/www.ull.es\/portal\/noticias\/2013\/el-ministerio-de-educacion-cultura-y-deporte-y-el-ico-acuerdan-una-solucion-para-los-afectados-por-los-prestamos-renta-universidad-200910\/","url":"https:\/\/www.ull.es\/portal\/noticias\/2013\/el-ministerio-de-educacion-cultura-y-deporte-y-el-ico-acuerdan-una-solucion-para-los-afectados-por-los-prestamos-renta-universidad-200910\/","name":"El Ministerio de Educaci\u00f3n, Cultura y Deporte y el ICO acuerdan una soluci\u00f3n para los afectados por los pr\u00e9stamos renta universidad 2009\/10 - ULL - Noticias","isPartOf":{"@id":"https:\/\/www.ull.es\/portal\/noticias\/#website"},"datePublished":"2013-06-07T11:40:04+00:00","dateModified":"2013-06-07T11:40:04+00:00","author":{"@id":"https:\/\/www.ull.es\/portal\/noticias\/#\/schema\/person\/c3b2aa857797592927a03740d6664376"},"breadcrumb":{"@id":"https:\/\/www.ull.es\/portal\/noticias\/2013\/el-ministerio-de-educacion-cultura-y-deporte-y-el-ico-acuerdan-una-solucion-para-los-afectados-por-los-prestamos-renta-universidad-200910\/#breadcrumb"},"inLanguage":"es","potentialAction":[{"@type":"ReadAction","target":["https:\/\/www.ull.es\/portal\/noticias\/2013\/el-ministerio-de-educacion-cultura-y-deporte-y-el-ico-acuerdan-una-solucion-para-los-afectados-por-los-prestamos-renta-universidad-200910\/"]}]},{"@type":"BreadcrumbList","@id":"https:\/\/www.ull.es\/portal\/noticias\/2013\/el-ministerio-de-educacion-cultura-y-deporte-y-el-ico-acuerdan-una-solucion-para-los-afectados-por-los-prestamos-renta-universidad-200910\/#breadcrumb","itemListElement":[{"@type":"ListItem","position":1,"name":"Portada","item":"https:\/\/www.ull.es\/portal\/noticias\/"},{"@type":"ListItem","position":2,"name":"El Ministerio de Educaci\u00f3n, Cultura y Deporte y el ICO acuerdan una soluci\u00f3n para los afectados por los pr\u00e9stamos renta universidad 2009\/10"}]},{"@type":"WebSite","@id":"https:\/\/www.ull.es\/portal\/noticias\/#website","url":"https:\/\/www.ull.es\/portal\/noticias\/","name":"ULL - Noticias","description":"","potentialAction":[{"@type":"SearchAction","target":{"@type":"EntryPoint","urlTemplate":"https:\/\/www.ull.es\/portal\/noticias\/?s={search_term_string}"},"query-input":"required name=search_term_string"}],"inLanguage":"es"},{"@type":"Person","@id":"https:\/\/www.ull.es\/portal\/noticias\/#\/schema\/person\/c3b2aa857797592927a03740d6664376","name":"prensa2","image":{"@type":"ImageObject","inLanguage":"es","@id":"https:\/\/www.ull.es\/portal\/noticias\/#\/schema\/person\/image\/","url":"https:\/\/secure.gravatar.com\/avatar\/b58f310a5de5feb33d1e026d2493f23c?s=96&d=mm&r=g","contentUrl":"https:\/\/secure.gravatar.com\/avatar\/b58f310a5de5feb33d1e026d2493f23c?s=96&d=mm&r=g","caption":"prensa2"},"url":"https:\/\/www.ull.es\/portal\/noticias\/author\/prensa2\/"}]}},"primary_category":null,"featured_image_thumbnail_url":null,"_links":{"self":[{"href":"https:\/\/www.ull.es\/portal\/noticias\/wp-json\/wp\/v2\/posts\/20873"}],"collection":[{"href":"https:\/\/www.ull.es\/portal\/noticias\/wp-json\/wp\/v2\/posts"}],"about":[{"href":"https:\/\/www.ull.es\/portal\/noticias\/wp-json\/wp\/v2\/types\/post"}],"author":[{"embeddable":true,"href":"https:\/\/www.ull.es\/portal\/noticias\/wp-json\/wp\/v2\/users\/21"}],"replies":[{"embeddable":true,"href":"https:\/\/www.ull.es\/portal\/noticias\/wp-json\/wp\/v2\/comments?post=20873"}],"version-history":[{"count":0,"href":"https:\/\/www.ull.es\/portal\/noticias\/wp-json\/wp\/v2\/posts\/20873\/revisions"}],"wp:attachment":[{"href":"https:\/\/www.ull.es\/portal\/noticias\/wp-json\/wp\/v2\/media?parent=20873"}],"wp:term":[{"taxonomy":"category","embeddable":true,"href":"https:\/\/www.ull.es\/portal\/noticias\/wp-json\/wp\/v2\/categories?post=20873"},{"taxonomy":"post_tag","embeddable":true,"href":"https:\/\/www.ull.es\/portal\/noticias\/wp-json\/wp\/v2\/tags?post=20873"}],"curies":[{"name":"wp","href":"https:\/\/api.w.org\/{rel}","templated":true}]}}