{"id":20891,"date":"2013-06-13T15:19:15","date_gmt":"2013-06-13T15:19:15","guid":{"rendered":"http:\/\/ddigital.webs.ull.es\/la-ull-firma-un-convenio-de-colaboracion-con-el-colegio-de-ingenieros-tecnicos-de-obras-publicas\/"},"modified":"2013-06-13T15:19:15","modified_gmt":"2013-06-13T15:19:15","slug":"la-ull-firma-un-convenio-de-colaboracion-con-el-colegio-de-ingenieros-tecnicos-de-obras-publicas","status":"publish","type":"post","link":"https:\/\/www.ull.es\/portal\/noticias\/2013\/la-ull-firma-un-convenio-de-colaboracion-con-el-colegio-de-ingenieros-tecnicos-de-obras-publicas\/","title":{"rendered":"La ULL firma un convenio de colaboraci\u00f3n con el Colegio de Ingenieros T\u00e9cnicos de Obras P\u00fablicas"},"content":{"rendered":"<p> \tEl rector de la Universidad de La Laguna, Eduardo Dom&eacute;nech, y el decano del Colegio de Ingenieros T&eacute;cnicos de Obras P&uacute;blicas de Santa Cruz de Tenerife, Francisco L&oacute;pez, suscribieron hoy jueves 13 de junio un convenio de colaboraci&oacute;n en virtud del cual ambas instituciones se prestan a cooperar en diversas materias.<\/p>\n<p> \tLas modalidades de colaboraci&oacute;n previstas se centran en la cooperaci&oacute;n en programas de formaci&oacute;n para los universitarios -en concreto, un programa de pr&aacute;cticas profesionales de alumnos en empresas- y cuantas otras sean consideradas de inter&eacute;s mutuo.<\/p>\n<p> \tEn concreto, este colegio profesional mantiene un estrecho contacto con la Escuela T&eacute;cnica Superior de Ingenier&iacute;a Civil, que ahora queda formalizado a trav&eacute;s del acuerdo rubricado esta ma&ntilde;ana en la sala de juntas del Rectorado. As&iacute;, para el decano del colegio, ubicado en Tenerife desde 1965 pero con una trayectoria de 150 a&ntilde;os, el documento suscrito representa &ldquo;un reto y una oportunidad&rdquo;, por cuanto se trata de un acuerdo ampliamente deseado dentro de esta organizaci&oacute;n y que reportar&aacute; beneficios para ambas partes.<\/p>\n<p> \tSe prev&eacute; as&iacute; continuar con la impartici&oacute;n de conferencias por parte de profesionales adscritos al colegio, que orientar&aacute;n al alumnado universitario acerca de salidas profesionales, nuevas oportunidades de mercado y nuevos perfiles de la profesi&oacute;n del ingeniero t&eacute;cnico de Obras P&uacute;blicas. Tambi&eacute;n est&aacute; previsto, en el caso de estudiantes de los dos &uacute;ltimos cursos, la tutorizaci&oacute;n de trabajos de fin de grado y de las pr&aacute;cticas en empresas. <\/p>\n<p> \tEl rector reconoci&oacute; por su parte la carencia de ingenieros en algunas de las titulaciones universitarias, por lo que un acuerdo como este refuerza la presencia del sector profesional en la docencia universitaria, al tiempo que posibilita un mayor acercamiento de los alumnos a la realidad de la profesi&oacute;n.<\/p>\n<p> \t&nbsp;<\/p>\n","protected":false},"excerpt":{"rendered":"<p>El rector de la Universidad de La Laguna, Eduardo Dom&eacute;nech, y el decano del Colegio de Ingenieros T&eacute;cnicos de Obras&#8230;<\/p>\n","protected":false},"author":21,"featured_media":20892,"comment_status":"open","ping_status":"open","sticky":false,"template":"","format":"standard","meta":{"inline_featured_image":false,"footnotes":""},"categories":[348,1],"tags":[],"acf":[],"yoast_head":"<!-- This site is optimized with the Yoast SEO plugin v21.3 - https:\/\/yoast.com\/wordpress\/plugins\/seo\/ -->\n<title>La ULL firma un convenio de colaboraci\u00f3n con el Colegio de Ingenieros T\u00e9cnicos de Obras P\u00fablicas - ULL - Noticias<\/title>\n<meta name=\"robots\" content=\"index, follow, max-snippet:-1, max-image-preview:large, max-video-preview:-1\" \/>\n<link rel=\"canonical\" href=\"https:\/\/www.ull.es\/portal\/noticias\/2013\/la-ull-firma-un-convenio-de-colaboracion-con-el-colegio-de-ingenieros-tecnicos-de-obras-publicas\/\" \/>\n<meta property=\"og:locale\" content=\"es_ES\" \/>\n<meta property=\"og:type\" content=\"article\" \/>\n<meta property=\"og:title\" content=\"La ULL firma un convenio de colaboraci\u00f3n con el Colegio de Ingenieros T\u00e9cnicos de Obras P\u00fablicas - ULL - Noticias\" \/>\n<meta property=\"og:description\" content=\"El rector de la Universidad de La Laguna, Eduardo Dom&eacute;nech, y el decano del Colegio de Ingenieros T&eacute;cnicos de Obras...\" \/>\n<meta property=\"og:url\" content=\"https:\/\/www.ull.es\/portal\/noticias\/2013\/la-ull-firma-un-convenio-de-colaboracion-con-el-colegio-de-ingenieros-tecnicos-de-obras-publicas\/\" \/>\n<meta property=\"og:site_name\" content=\"ULL - Noticias\" \/>\n<meta property=\"article:publisher\" content=\"https:\/\/www.facebook.com\/universidaddelalaguna\/\" \/>\n<meta property=\"article:published_time\" content=\"2013-06-13T15:19:15+00:00\" \/>\n<meta property=\"og:image\" content=\"https:\/\/www.ull.es\/portal\/noticias\/wp-content\/uploads\/sites\/13\/2015\/07\/Conv-colegio-ingenieros-05.jpg\" \/>\n\t<meta property=\"og:image:width\" content=\"1034\" \/>\n\t<meta property=\"og:image:height\" content=\"708\" \/>\n\t<meta property=\"og:image:type\" content=\"image\/jpeg\" \/>\n<meta name=\"author\" content=\"prensa2\" \/>\n<meta name=\"twitter:card\" content=\"summary_large_image\" \/>\n<meta name=\"twitter:creator\" content=\"@CanalULL\" \/>\n<meta name=\"twitter:site\" content=\"@CanalULL\" \/>\n<meta name=\"twitter:label1\" content=\"Escrito por\" \/>\n\t<meta name=\"twitter:data1\" content=\"prensa2\" \/>\n\t<meta name=\"twitter:label2\" content=\"Tiempo de lectura\" \/>\n\t<meta name=\"twitter:data2\" content=\"2 minutos\" \/>\n<script type=\"application\/ld+json\" class=\"yoast-schema-graph\">{\"@context\":\"https:\/\/schema.org\",\"@graph\":[{\"@type\":\"WebPage\",\"@id\":\"https:\/\/www.ull.es\/portal\/noticias\/2013\/la-ull-firma-un-convenio-de-colaboracion-con-el-colegio-de-ingenieros-tecnicos-de-obras-publicas\/\",\"url\":\"https:\/\/www.ull.es\/portal\/noticias\/2013\/la-ull-firma-un-convenio-de-colaboracion-con-el-colegio-de-ingenieros-tecnicos-de-obras-publicas\/\",\"name\":\"La ULL firma un convenio de colaboraci\u00f3n con el Colegio de Ingenieros T\u00e9cnicos de Obras P\u00fablicas - ULL - Noticias\",\"isPartOf\":{\"@id\":\"https:\/\/www.ull.es\/portal\/noticias\/#website\"},\"datePublished\":\"2013-06-13T15:19:15+00:00\",\"dateModified\":\"2013-06-13T15:19:15+00:00\",\"author\":{\"@id\":\"https:\/\/www.ull.es\/portal\/noticias\/#\/schema\/person\/c3b2aa857797592927a03740d6664376\"},\"breadcrumb\":{\"@id\":\"https:\/\/www.ull.es\/portal\/noticias\/2013\/la-ull-firma-un-convenio-de-colaboracion-con-el-colegio-de-ingenieros-tecnicos-de-obras-publicas\/#breadcrumb\"},\"inLanguage\":\"es\",\"potentialAction\":[{\"@type\":\"ReadAction\",\"target\":[\"https:\/\/www.ull.es\/portal\/noticias\/2013\/la-ull-firma-un-convenio-de-colaboracion-con-el-colegio-de-ingenieros-tecnicos-de-obras-publicas\/\"]}]},{\"@type\":\"BreadcrumbList\",\"@id\":\"https:\/\/www.ull.es\/portal\/noticias\/2013\/la-ull-firma-un-convenio-de-colaboracion-con-el-colegio-de-ingenieros-tecnicos-de-obras-publicas\/#breadcrumb\",\"itemListElement\":[{\"@type\":\"ListItem\",\"position\":1,\"name\":\"Portada\",\"item\":\"https:\/\/www.ull.es\/portal\/noticias\/\"},{\"@type\":\"ListItem\",\"position\":2,\"name\":\"La ULL firma un convenio de colaboraci\u00f3n con el Colegio de Ingenieros T\u00e9cnicos de Obras P\u00fablicas\"}]},{\"@type\":\"WebSite\",\"@id\":\"https:\/\/www.ull.es\/portal\/noticias\/#website\",\"url\":\"https:\/\/www.ull.es\/portal\/noticias\/\",\"name\":\"ULL - Noticias\",\"description\":\"\",\"potentialAction\":[{\"@type\":\"SearchAction\",\"target\":{\"@type\":\"EntryPoint\",\"urlTemplate\":\"https:\/\/www.ull.es\/portal\/noticias\/?s={search_term_string}\"},\"query-input\":\"required name=search_term_string\"}],\"inLanguage\":\"es\"},{\"@type\":\"Person\",\"@id\":\"https:\/\/www.ull.es\/portal\/noticias\/#\/schema\/person\/c3b2aa857797592927a03740d6664376\",\"name\":\"prensa2\",\"image\":{\"@type\":\"ImageObject\",\"inLanguage\":\"es\",\"@id\":\"https:\/\/www.ull.es\/portal\/noticias\/#\/schema\/person\/image\/\",\"url\":\"https:\/\/secure.gravatar.com\/avatar\/b58f310a5de5feb33d1e026d2493f23c?s=96&d=mm&r=g\",\"contentUrl\":\"https:\/\/secure.gravatar.com\/avatar\/b58f310a5de5feb33d1e026d2493f23c?s=96&d=mm&r=g\",\"caption\":\"prensa2\"},\"url\":\"https:\/\/www.ull.es\/portal\/noticias\/author\/prensa2\/\"}]}<\/script>\n<!-- \/ Yoast SEO plugin. -->","yoast_head_json":{"title":"La ULL firma un convenio de colaboraci\u00f3n con el Colegio de Ingenieros T\u00e9cnicos de Obras P\u00fablicas - ULL - Noticias","robots":{"index":"index","follow":"follow","max-snippet":"max-snippet:-1","max-image-preview":"max-image-preview:large","max-video-preview":"max-video-preview:-1"},"canonical":"https:\/\/www.ull.es\/portal\/noticias\/2013\/la-ull-firma-un-convenio-de-colaboracion-con-el-colegio-de-ingenieros-tecnicos-de-obras-publicas\/","og_locale":"es_ES","og_type":"article","og_title":"La ULL firma un convenio de colaboraci\u00f3n con el Colegio de Ingenieros T\u00e9cnicos de Obras P\u00fablicas - ULL - Noticias","og_description":"El rector de la Universidad de La Laguna, Eduardo Dom&eacute;nech, y el decano del Colegio de Ingenieros T&eacute;cnicos de Obras...","og_url":"https:\/\/www.ull.es\/portal\/noticias\/2013\/la-ull-firma-un-convenio-de-colaboracion-con-el-colegio-de-ingenieros-tecnicos-de-obras-publicas\/","og_site_name":"ULL - Noticias","article_publisher":"https:\/\/www.facebook.com\/universidaddelalaguna\/","article_published_time":"2013-06-13T15:19:15+00:00","og_image":[{"width":1034,"height":708,"url":"https:\/\/www.ull.es\/portal\/noticias\/wp-content\/uploads\/sites\/13\/2015\/07\/Conv-colegio-ingenieros-05.jpg","type":"image\/jpeg"}],"author":"prensa2","twitter_card":"summary_large_image","twitter_creator":"@CanalULL","twitter_site":"@CanalULL","twitter_misc":{"Escrito por":"prensa2","Tiempo de lectura":"2 minutos"},"schema":{"@context":"https:\/\/schema.org","@graph":[{"@type":"WebPage","@id":"https:\/\/www.ull.es\/portal\/noticias\/2013\/la-ull-firma-un-convenio-de-colaboracion-con-el-colegio-de-ingenieros-tecnicos-de-obras-publicas\/","url":"https:\/\/www.ull.es\/portal\/noticias\/2013\/la-ull-firma-un-convenio-de-colaboracion-con-el-colegio-de-ingenieros-tecnicos-de-obras-publicas\/","name":"La ULL firma un convenio de colaboraci\u00f3n con el Colegio de Ingenieros T\u00e9cnicos de Obras P\u00fablicas - ULL - Noticias","isPartOf":{"@id":"https:\/\/www.ull.es\/portal\/noticias\/#website"},"datePublished":"2013-06-13T15:19:15+00:00","dateModified":"2013-06-13T15:19:15+00:00","author":{"@id":"https:\/\/www.ull.es\/portal\/noticias\/#\/schema\/person\/c3b2aa857797592927a03740d6664376"},"breadcrumb":{"@id":"https:\/\/www.ull.es\/portal\/noticias\/2013\/la-ull-firma-un-convenio-de-colaboracion-con-el-colegio-de-ingenieros-tecnicos-de-obras-publicas\/#breadcrumb"},"inLanguage":"es","potentialAction":[{"@type":"ReadAction","target":["https:\/\/www.ull.es\/portal\/noticias\/2013\/la-ull-firma-un-convenio-de-colaboracion-con-el-colegio-de-ingenieros-tecnicos-de-obras-publicas\/"]}]},{"@type":"BreadcrumbList","@id":"https:\/\/www.ull.es\/portal\/noticias\/2013\/la-ull-firma-un-convenio-de-colaboracion-con-el-colegio-de-ingenieros-tecnicos-de-obras-publicas\/#breadcrumb","itemListElement":[{"@type":"ListItem","position":1,"name":"Portada","item":"https:\/\/www.ull.es\/portal\/noticias\/"},{"@type":"ListItem","position":2,"name":"La ULL firma un convenio de colaboraci\u00f3n con el Colegio de Ingenieros T\u00e9cnicos de Obras P\u00fablicas"}]},{"@type":"WebSite","@id":"https:\/\/www.ull.es\/portal\/noticias\/#website","url":"https:\/\/www.ull.es\/portal\/noticias\/","name":"ULL - Noticias","description":"","potentialAction":[{"@type":"SearchAction","target":{"@type":"EntryPoint","urlTemplate":"https:\/\/www.ull.es\/portal\/noticias\/?s={search_term_string}"},"query-input":"required name=search_term_string"}],"inLanguage":"es"},{"@type":"Person","@id":"https:\/\/www.ull.es\/portal\/noticias\/#\/schema\/person\/c3b2aa857797592927a03740d6664376","name":"prensa2","image":{"@type":"ImageObject","inLanguage":"es","@id":"https:\/\/www.ull.es\/portal\/noticias\/#\/schema\/person\/image\/","url":"https:\/\/secure.gravatar.com\/avatar\/b58f310a5de5feb33d1e026d2493f23c?s=96&d=mm&r=g","contentUrl":"https:\/\/secure.gravatar.com\/avatar\/b58f310a5de5feb33d1e026d2493f23c?s=96&d=mm&r=g","caption":"prensa2"},"url":"https:\/\/www.ull.es\/portal\/noticias\/author\/prensa2\/"}]}},"primary_category":null,"featured_image_thumbnail_url":"https:\/\/www.ull.es\/portal\/noticias\/wp-content\/uploads\/sites\/13\/2015\/07\/Conv-colegio-ingenieros-05-300x205.jpg","_links":{"self":[{"href":"https:\/\/www.ull.es\/portal\/noticias\/wp-json\/wp\/v2\/posts\/20891"}],"collection":[{"href":"https:\/\/www.ull.es\/portal\/noticias\/wp-json\/wp\/v2\/posts"}],"about":[{"href":"https:\/\/www.ull.es\/portal\/noticias\/wp-json\/wp\/v2\/types\/post"}],"author":[{"embeddable":true,"href":"https:\/\/www.ull.es\/portal\/noticias\/wp-json\/wp\/v2\/users\/21"}],"replies":[{"embeddable":true,"href":"https:\/\/www.ull.es\/portal\/noticias\/wp-json\/wp\/v2\/comments?post=20891"}],"version-history":[{"count":0,"href":"https:\/\/www.ull.es\/portal\/noticias\/wp-json\/wp\/v2\/posts\/20891\/revisions"}],"wp:featuredmedia":[{"embeddable":true,"href":"https:\/\/www.ull.es\/portal\/noticias\/wp-json\/wp\/v2\/media\/20892"}],"wp:attachment":[{"href":"https:\/\/www.ull.es\/portal\/noticias\/wp-json\/wp\/v2\/media?parent=20891"}],"wp:term":[{"taxonomy":"category","embeddable":true,"href":"https:\/\/www.ull.es\/portal\/noticias\/wp-json\/wp\/v2\/categories?post=20891"},{"taxonomy":"post_tag","embeddable":true,"href":"https:\/\/www.ull.es\/portal\/noticias\/wp-json\/wp\/v2\/tags?post=20891"}],"curies":[{"name":"wp","href":"https:\/\/api.w.org\/{rel}","templated":true}]}}