{"id":20954,"date":"2013-06-25T13:21:05","date_gmt":"2013-06-25T13:21:05","guid":{"rendered":"http:\/\/ddigital.webs.ull.es\/la-ull-participa-en-una-jornada-de-formacion-en-estudios-hidrogeologicos-y-explotacion-de-acuiferos-en-la-palma\/"},"modified":"2013-06-25T13:21:05","modified_gmt":"2013-06-25T13:21:05","slug":"la-ull-participa-en-una-jornada-de-formacion-en-estudios-hidrogeologicos-y-explotacion-de-acuiferos-en-la-palma","status":"publish","type":"post","link":"https:\/\/www.ull.es\/portal\/noticias\/2013\/la-ull-participa-en-una-jornada-de-formacion-en-estudios-hidrogeologicos-y-explotacion-de-acuiferos-en-la-palma\/","title":{"rendered":"La ULL participa en una jornada de formaci\u00f3n en estudios hidrogeol\u00f3gicos y explotaci\u00f3n de acu\u00edferos en La Palma"},"content":{"rendered":"<p> \tLa necesidad de formaci&oacute;n de t&eacute;cnicos en la b&uacute;squeda y&nbsp; valoraci&oacute;n de los recursos h&iacute;dricos subterr&aacute;neos en las Islas Canarias y en territorios volc&aacute;nicos ha hecho que esta edici&oacute;n del citado curso sea la n&uacute;mero diez pues en cada una de sus ediciones se han ido incorporando nuevos docentes especializados principalmente en la aguas subterr&aacute;neas y su explotaci&oacute;n.<\/p>\n<p> \tEl curso ha sido dirigido por el profesor Juan Carlos Santamarta Cerezal y ha contado como en otras ocasiones con la colaboraci&oacute;n del Servicio de Minas del Gobierno de Canarias, principalmente para las materias relativas a la&nbsp; seguridad y mantenimiento de explotaciones. Los ingenieros de Minas, Rafael Lario Bascones, Elzbieta Skupien y el ge&oacute;logo Roberto Poncela junto al propio Santamarta han configurado el profesorado del presente curso, desarrollando temas relacionados con la investigaci&oacute;n y prospecci&oacute;n del agua en las islas, las galer&iacute;as, minas, pozos y sondeos, atm&oacute;sferas de trabajo, sistemas constructivos y calidad de aguas. <\/p>\n<p> \tTambi&eacute;n, como es habitual, en este tipo de cursos, se realiz&oacute; una visita t&eacute;cnica a una explotaci&oacute;n subterr&aacute;nea. En esta ocasi&oacute;n se seleccion&oacute; la galer&iacute;a de la Fuente Santa en el sur de la isla, conocida por albergar aguas termales y tambi&eacute;n por la complejidad de ejecuci&oacute;n como destac&oacute; Skupien.<\/p>\n<p> \tPara este curso se cont&oacute; con tres becas para estudiantes, patrocinadas por la Comunidad de Aguas La Candelaria y de la propia isla de La Palma, que fueron repartidas, previa convocatoria, en la Escuela de Ingenier&iacute;a Civil e Industrial de la ULL.<\/p>\n<p> \tEsta jornada no s&oacute;lo se celebra en Canarias sino que en la Pen&iacute;nsula tambi&eacute;n se organiza anualmente con una importante aceptaci&oacute;n, como as&iacute; lo atestiguan las tres ediciones realizadas en la Universidad de Barcelona, cuatro en la de Sevilla y una en la Universidad de Alicante.<\/p>\n","protected":false},"excerpt":{"rendered":"<p>La necesidad de formaci&oacute;n de t&eacute;cnicos en la b&uacute;squeda y&nbsp; valoraci&oacute;n de los recursos h&iacute;dricos subterr&aacute;neos en las Islas Canarias&#8230;<\/p>\n","protected":false},"author":21,"featured_media":20955,"comment_status":"open","ping_status":"open","sticky":false,"template":"","format":"standard","meta":{"inline_featured_image":false,"footnotes":""},"categories":[346,1],"tags":[],"acf":[],"yoast_head":"<!-- This site is optimized with the Yoast SEO plugin v21.3 - https:\/\/yoast.com\/wordpress\/plugins\/seo\/ -->\n<title>La ULL participa en una jornada de formaci\u00f3n en estudios hidrogeol\u00f3gicos y explotaci\u00f3n de acu\u00edferos en La Palma - ULL - Noticias<\/title>\n<meta name=\"robots\" content=\"index, follow, max-snippet:-1, max-image-preview:large, max-video-preview:-1\" \/>\n<link rel=\"canonical\" href=\"https:\/\/www.ull.es\/portal\/noticias\/2013\/la-ull-participa-en-una-jornada-de-formacion-en-estudios-hidrogeologicos-y-explotacion-de-acuiferos-en-la-palma\/\" \/>\n<meta property=\"og:locale\" content=\"es_ES\" \/>\n<meta property=\"og:type\" content=\"article\" \/>\n<meta property=\"og:title\" content=\"La ULL participa en una jornada de formaci\u00f3n en estudios hidrogeol\u00f3gicos y explotaci\u00f3n de acu\u00edferos en La Palma - ULL - Noticias\" \/>\n<meta property=\"og:description\" content=\"La necesidad de formaci&oacute;n de t&eacute;cnicos en la b&uacute;squeda y&nbsp; valoraci&oacute;n de los recursos h&iacute;dricos subterr&aacute;neos en las Islas Canarias...\" \/>\n<meta property=\"og:url\" content=\"https:\/\/www.ull.es\/portal\/noticias\/2013\/la-ull-participa-en-una-jornada-de-formacion-en-estudios-hidrogeologicos-y-explotacion-de-acuiferos-en-la-palma\/\" \/>\n<meta property=\"og:site_name\" content=\"ULL - Noticias\" \/>\n<meta property=\"article:publisher\" content=\"https:\/\/www.facebook.com\/universidaddelalaguna\/\" \/>\n<meta property=\"article:published_time\" content=\"2013-06-25T13:21:05+00:00\" \/>\n<meta property=\"og:image\" content=\"https:\/\/www.ull.es\/portal\/noticias\/wp-content\/uploads\/sites\/13\/2015\/07\/formacion_lapalma.jpg\" \/>\n\t<meta property=\"og:image:width\" content=\"900\" \/>\n\t<meta property=\"og:image:height\" content=\"599\" \/>\n\t<meta property=\"og:image:type\" content=\"image\/jpeg\" \/>\n<meta name=\"author\" content=\"prensa2\" \/>\n<meta name=\"twitter:card\" content=\"summary_large_image\" \/>\n<meta name=\"twitter:creator\" content=\"@CanalULL\" \/>\n<meta name=\"twitter:site\" content=\"@CanalULL\" \/>\n<meta name=\"twitter:label1\" content=\"Escrito por\" \/>\n\t<meta name=\"twitter:data1\" content=\"prensa2\" \/>\n\t<meta name=\"twitter:label2\" content=\"Tiempo de lectura\" \/>\n\t<meta name=\"twitter:data2\" content=\"2 minutos\" \/>\n<script type=\"application\/ld+json\" class=\"yoast-schema-graph\">{\"@context\":\"https:\/\/schema.org\",\"@graph\":[{\"@type\":\"WebPage\",\"@id\":\"https:\/\/www.ull.es\/portal\/noticias\/2013\/la-ull-participa-en-una-jornada-de-formacion-en-estudios-hidrogeologicos-y-explotacion-de-acuiferos-en-la-palma\/\",\"url\":\"https:\/\/www.ull.es\/portal\/noticias\/2013\/la-ull-participa-en-una-jornada-de-formacion-en-estudios-hidrogeologicos-y-explotacion-de-acuiferos-en-la-palma\/\",\"name\":\"La ULL participa en una jornada de formaci\u00f3n en estudios hidrogeol\u00f3gicos y explotaci\u00f3n de acu\u00edferos en La Palma - ULL - Noticias\",\"isPartOf\":{\"@id\":\"https:\/\/www.ull.es\/portal\/noticias\/#website\"},\"datePublished\":\"2013-06-25T13:21:05+00:00\",\"dateModified\":\"2013-06-25T13:21:05+00:00\",\"author\":{\"@id\":\"https:\/\/www.ull.es\/portal\/noticias\/#\/schema\/person\/c3b2aa857797592927a03740d6664376\"},\"breadcrumb\":{\"@id\":\"https:\/\/www.ull.es\/portal\/noticias\/2013\/la-ull-participa-en-una-jornada-de-formacion-en-estudios-hidrogeologicos-y-explotacion-de-acuiferos-en-la-palma\/#breadcrumb\"},\"inLanguage\":\"es\",\"potentialAction\":[{\"@type\":\"ReadAction\",\"target\":[\"https:\/\/www.ull.es\/portal\/noticias\/2013\/la-ull-participa-en-una-jornada-de-formacion-en-estudios-hidrogeologicos-y-explotacion-de-acuiferos-en-la-palma\/\"]}]},{\"@type\":\"BreadcrumbList\",\"@id\":\"https:\/\/www.ull.es\/portal\/noticias\/2013\/la-ull-participa-en-una-jornada-de-formacion-en-estudios-hidrogeologicos-y-explotacion-de-acuiferos-en-la-palma\/#breadcrumb\",\"itemListElement\":[{\"@type\":\"ListItem\",\"position\":1,\"name\":\"Portada\",\"item\":\"https:\/\/www.ull.es\/portal\/noticias\/\"},{\"@type\":\"ListItem\",\"position\":2,\"name\":\"La ULL participa en una jornada de formaci\u00f3n en estudios hidrogeol\u00f3gicos y explotaci\u00f3n de acu\u00edferos en La Palma\"}]},{\"@type\":\"WebSite\",\"@id\":\"https:\/\/www.ull.es\/portal\/noticias\/#website\",\"url\":\"https:\/\/www.ull.es\/portal\/noticias\/\",\"name\":\"ULL - Noticias\",\"description\":\"\",\"potentialAction\":[{\"@type\":\"SearchAction\",\"target\":{\"@type\":\"EntryPoint\",\"urlTemplate\":\"https:\/\/www.ull.es\/portal\/noticias\/?s={search_term_string}\"},\"query-input\":\"required name=search_term_string\"}],\"inLanguage\":\"es\"},{\"@type\":\"Person\",\"@id\":\"https:\/\/www.ull.es\/portal\/noticias\/#\/schema\/person\/c3b2aa857797592927a03740d6664376\",\"name\":\"prensa2\",\"image\":{\"@type\":\"ImageObject\",\"inLanguage\":\"es\",\"@id\":\"https:\/\/www.ull.es\/portal\/noticias\/#\/schema\/person\/image\/\",\"url\":\"https:\/\/secure.gravatar.com\/avatar\/b58f310a5de5feb33d1e026d2493f23c?s=96&d=mm&r=g\",\"contentUrl\":\"https:\/\/secure.gravatar.com\/avatar\/b58f310a5de5feb33d1e026d2493f23c?s=96&d=mm&r=g\",\"caption\":\"prensa2\"},\"url\":\"https:\/\/www.ull.es\/portal\/noticias\/author\/prensa2\/\"}]}<\/script>\n<!-- \/ Yoast SEO plugin. -->","yoast_head_json":{"title":"La ULL participa en una jornada de formaci\u00f3n en estudios hidrogeol\u00f3gicos y explotaci\u00f3n de acu\u00edferos en La Palma - ULL - Noticias","robots":{"index":"index","follow":"follow","max-snippet":"max-snippet:-1","max-image-preview":"max-image-preview:large","max-video-preview":"max-video-preview:-1"},"canonical":"https:\/\/www.ull.es\/portal\/noticias\/2013\/la-ull-participa-en-una-jornada-de-formacion-en-estudios-hidrogeologicos-y-explotacion-de-acuiferos-en-la-palma\/","og_locale":"es_ES","og_type":"article","og_title":"La ULL participa en una jornada de formaci\u00f3n en estudios hidrogeol\u00f3gicos y explotaci\u00f3n de acu\u00edferos en La Palma - ULL - Noticias","og_description":"La necesidad de formaci&oacute;n de t&eacute;cnicos en la b&uacute;squeda y&nbsp; valoraci&oacute;n de los recursos h&iacute;dricos subterr&aacute;neos en las Islas Canarias...","og_url":"https:\/\/www.ull.es\/portal\/noticias\/2013\/la-ull-participa-en-una-jornada-de-formacion-en-estudios-hidrogeologicos-y-explotacion-de-acuiferos-en-la-palma\/","og_site_name":"ULL - Noticias","article_publisher":"https:\/\/www.facebook.com\/universidaddelalaguna\/","article_published_time":"2013-06-25T13:21:05+00:00","og_image":[{"width":900,"height":599,"url":"https:\/\/www.ull.es\/portal\/noticias\/wp-content\/uploads\/sites\/13\/2015\/07\/formacion_lapalma.jpg","type":"image\/jpeg"}],"author":"prensa2","twitter_card":"summary_large_image","twitter_creator":"@CanalULL","twitter_site":"@CanalULL","twitter_misc":{"Escrito por":"prensa2","Tiempo de lectura":"2 minutos"},"schema":{"@context":"https:\/\/schema.org","@graph":[{"@type":"WebPage","@id":"https:\/\/www.ull.es\/portal\/noticias\/2013\/la-ull-participa-en-una-jornada-de-formacion-en-estudios-hidrogeologicos-y-explotacion-de-acuiferos-en-la-palma\/","url":"https:\/\/www.ull.es\/portal\/noticias\/2013\/la-ull-participa-en-una-jornada-de-formacion-en-estudios-hidrogeologicos-y-explotacion-de-acuiferos-en-la-palma\/","name":"La ULL participa en una jornada de formaci\u00f3n en estudios hidrogeol\u00f3gicos y explotaci\u00f3n de acu\u00edferos en La Palma - ULL - Noticias","isPartOf":{"@id":"https:\/\/www.ull.es\/portal\/noticias\/#website"},"datePublished":"2013-06-25T13:21:05+00:00","dateModified":"2013-06-25T13:21:05+00:00","author":{"@id":"https:\/\/www.ull.es\/portal\/noticias\/#\/schema\/person\/c3b2aa857797592927a03740d6664376"},"breadcrumb":{"@id":"https:\/\/www.ull.es\/portal\/noticias\/2013\/la-ull-participa-en-una-jornada-de-formacion-en-estudios-hidrogeologicos-y-explotacion-de-acuiferos-en-la-palma\/#breadcrumb"},"inLanguage":"es","potentialAction":[{"@type":"ReadAction","target":["https:\/\/www.ull.es\/portal\/noticias\/2013\/la-ull-participa-en-una-jornada-de-formacion-en-estudios-hidrogeologicos-y-explotacion-de-acuiferos-en-la-palma\/"]}]},{"@type":"BreadcrumbList","@id":"https:\/\/www.ull.es\/portal\/noticias\/2013\/la-ull-participa-en-una-jornada-de-formacion-en-estudios-hidrogeologicos-y-explotacion-de-acuiferos-en-la-palma\/#breadcrumb","itemListElement":[{"@type":"ListItem","position":1,"name":"Portada","item":"https:\/\/www.ull.es\/portal\/noticias\/"},{"@type":"ListItem","position":2,"name":"La ULL participa en una jornada de formaci\u00f3n en estudios hidrogeol\u00f3gicos y explotaci\u00f3n de acu\u00edferos en La Palma"}]},{"@type":"WebSite","@id":"https:\/\/www.ull.es\/portal\/noticias\/#website","url":"https:\/\/www.ull.es\/portal\/noticias\/","name":"ULL - Noticias","description":"","potentialAction":[{"@type":"SearchAction","target":{"@type":"EntryPoint","urlTemplate":"https:\/\/www.ull.es\/portal\/noticias\/?s={search_term_string}"},"query-input":"required name=search_term_string"}],"inLanguage":"es"},{"@type":"Person","@id":"https:\/\/www.ull.es\/portal\/noticias\/#\/schema\/person\/c3b2aa857797592927a03740d6664376","name":"prensa2","image":{"@type":"ImageObject","inLanguage":"es","@id":"https:\/\/www.ull.es\/portal\/noticias\/#\/schema\/person\/image\/","url":"https:\/\/secure.gravatar.com\/avatar\/b58f310a5de5feb33d1e026d2493f23c?s=96&d=mm&r=g","contentUrl":"https:\/\/secure.gravatar.com\/avatar\/b58f310a5de5feb33d1e026d2493f23c?s=96&d=mm&r=g","caption":"prensa2"},"url":"https:\/\/www.ull.es\/portal\/noticias\/author\/prensa2\/"}]}},"primary_category":null,"featured_image_thumbnail_url":"https:\/\/www.ull.es\/portal\/noticias\/wp-content\/uploads\/sites\/13\/2015\/07\/formacion_lapalma-300x200.jpg","_links":{"self":[{"href":"https:\/\/www.ull.es\/portal\/noticias\/wp-json\/wp\/v2\/posts\/20954"}],"collection":[{"href":"https:\/\/www.ull.es\/portal\/noticias\/wp-json\/wp\/v2\/posts"}],"about":[{"href":"https:\/\/www.ull.es\/portal\/noticias\/wp-json\/wp\/v2\/types\/post"}],"author":[{"embeddable":true,"href":"https:\/\/www.ull.es\/portal\/noticias\/wp-json\/wp\/v2\/users\/21"}],"replies":[{"embeddable":true,"href":"https:\/\/www.ull.es\/portal\/noticias\/wp-json\/wp\/v2\/comments?post=20954"}],"version-history":[{"count":0,"href":"https:\/\/www.ull.es\/portal\/noticias\/wp-json\/wp\/v2\/posts\/20954\/revisions"}],"wp:featuredmedia":[{"embeddable":true,"href":"https:\/\/www.ull.es\/portal\/noticias\/wp-json\/wp\/v2\/media\/20955"}],"wp:attachment":[{"href":"https:\/\/www.ull.es\/portal\/noticias\/wp-json\/wp\/v2\/media?parent=20954"}],"wp:term":[{"taxonomy":"category","embeddable":true,"href":"https:\/\/www.ull.es\/portal\/noticias\/wp-json\/wp\/v2\/categories?post=20954"},{"taxonomy":"post_tag","embeddable":true,"href":"https:\/\/www.ull.es\/portal\/noticias\/wp-json\/wp\/v2\/tags?post=20954"}],"curies":[{"name":"wp","href":"https:\/\/api.w.org\/{rel}","templated":true}]}}