{"id":21007,"date":"2013-07-04T14:02:34","date_gmt":"2013-07-04T14:02:34","guid":{"rendered":"http:\/\/ddigital.webs.ull.es\/el-consejo-social-de-la-ull-impulsara-el-proximo-curso-las-ayudas-para-posgrado-y-la-formacion-en-idiomas\/"},"modified":"2013-07-04T14:02:34","modified_gmt":"2013-07-04T14:02:34","slug":"el-consejo-social-de-la-ull-impulsara-el-proximo-curso-las-ayudas-para-posgrado-y-la-formacion-en-idiomas","status":"publish","type":"post","link":"https:\/\/www.ull.es\/portal\/noticias\/2013\/el-consejo-social-de-la-ull-impulsara-el-proximo-curso-las-ayudas-para-posgrado-y-la-formacion-en-idiomas\/","title":{"rendered":"El Consejo Social de la ULL impulsar\u00e1 el pr\u00f3ximo curso las ayudas para posgrado y la formaci\u00f3n en idiomas"},"content":{"rendered":"<p> \tLos miembros del Consejo Social de la Universidad de La Laguna celebraron ayer 3 de julio una sesi&oacute;n ordinaria del pleno de esta instituci&oacute;n, presidida por Jos&eacute; Miguel Gonz&aacute;lez, en el que destacaron la necesidad de impulsar las ayudas para posgrado, la formaci&oacute;n en idiomas y la colaboraci&oacute;n con el exterior, adem&aacute;s de aportar a los estudiantes informaci&oacute;n sobre emprendedur&iacute;a con el objetivo de que sepan el modo de buscar nuevas oportunidades de negocio. El &oacute;rgano desarrollar&aacute; tambi&eacute;n nuevas acciones que promover&aacute;n la Responsabilidad Social Universitaria para mejorar los canales de comunicaci&oacute;n con el entorno local y por lo tanto optimizar la calidad en la ense&ntilde;anza.<br \/> \t&nbsp;<\/p>\n<p> \tEl plan de actuaciones aprobado y que se desarrollar&aacute; en los pr&oacute;ximos meses se fundamenta principalmente en cinco objetivos, que son la docencia, la investigaci&oacute;n, las relaciones con la sociedad, la gesti&oacute;n y calidad en la prestaci&oacute;n de servicios, y el desarrollo de la propia instituci&oacute;n. A trav&eacute;s de estas l&iacute;neas de trabajo, el &oacute;rgano dar&aacute; continuidad a las propuestas fijadas en a&ntilde;os previos. <\/p>\n<p> \tEn cuanto a la docencia, se analizar&aacute; la evoluci&oacute;n de los grados y posgrados; se colaborar&aacute; con la Fundaci&oacute;n General de la ULL para la concesi&oacute;n de ayudas del estudio de franc&eacute;s y portugu&eacute;s para el pr&oacute;ximo curso y se celebrar&aacute;n reuniones informativas sobre los criterios de evaluaci&oacute;n. Con respecto a la investigaci&oacute;n, entre sus objetivos se encuentran la difusi&oacute;n de trabajos cient&iacute;ficos elaborados por profesores de la instituci&oacute;n acad&eacute;mica, as&iacute; como conceder dos becas de doctorado, en colaboraci&oacute;n con el Vicerrectorado de Posgrado, Nuevos Estudios y Espacio Europeo de Educaci&oacute;n Superior para la concesi&oacute;n de dos becas de doctorado. <\/p>\n<p> \tEl Consejo Social tambi&eacute;n fomentar&aacute; las relaciones con la sociedad mediante colaboraciones con distintas fundaciones y entidades que permitan propiciar el &oacute;ptimo desarrollo de la ULL. Para ello, se celebrar&aacute;n actividades como conferencias, plenos y diversas iniciativas en diferentes espacios acad&eacute;micos. Para mejorar la calidad y la gesti&oacute;n en la calidad de los servicios, el Consejo Social de la ULL incrementar&aacute; la colaboraci&oacute;n con los distintos centros de la Universidad y asociaciones de estudiantes, entre otros.<\/p>\n<p> \tEn relaci&oacute;n a la propia instituci&oacute;n, &eacute;sta llevar&aacute; a cabo una serie de actividades como por ejemplo la participaci&oacute;n en la Conferencia de Consejos Sociales de Canarias y en la de las universidades p&uacute;blicas de Espa&ntilde;a. Asimismo, realizar&aacute;, junto con la Universidad, un estudio sobre la repercusi&oacute;n econ&oacute;mico-social de los Campus de Excelencia y de la ULL.<\/p>\n<p> \tLos miembros del Consejo Social de la ULL abordaron otros temas a lo largo de la sesi&oacute;n ordinaria mantenida ayer. Cabe destacar que en el transcurso del encuentro se inform&oacute; favorablemente sobre la propuesta de adaptaci&oacute;n de las ense&ntilde;anzas universitarias conducentes a la obtenci&oacute;n del M&aacute;ster Universitario en Direcci&oacute;n de Comercio Exterior, as&iacute; como la implantaci&oacute;n de la nueva titulaci&oacute;n de M&aacute;ster Universitario en Ingenier&iacute;a Industrial. <\/p>\n<p> \tDurante el pleno se establecieron tambi&eacute;n los precios p&uacute;blicos de las ense&ntilde;anzas de posgrado que conducen a los t&iacute;tulos de Especialista Universitario en Redes Sociales y Comunidades Virtuales; Experto Universitario en Protocolo; en Reinvenci&oacute;n Educativa y Recreaci&oacute;n Escolar; en Traducci&oacute;n e Interpretaci&oacute;n para los Servicios Comunitarios; y M&aacute;ster Universitario en Asesor&iacute;a Fiscal y Contable; en Direcci&oacute;n de Empresas; en Interpretaci&oacute;n de Conferencias; y en Psicogeriatr&iacute;a y Gerontolog&iacute;a Social, entre otras.<\/p>\n<p> \tAdem&aacute;s, los miembros del &oacute;rgano han distribuido las 53 becas de colaboraci&oacute;n que se han adjudicado a la Universidad para el curso 2013-2014 y&nbsp; abordaron otras cuestiones relacionadas con tr&aacute;mites administrativos correspondientes al propio Consejo Social de la ULL.<\/p>\n<p> \t(Nota cedida por el Consejo Social).<br \/> \t&nbsp;<\/p>\n","protected":false},"excerpt":{"rendered":"<p>Los miembros del Consejo Social de la Universidad de La Laguna celebraron ayer 3 de julio una sesi&oacute;n ordinaria del&#8230;<\/p>\n","protected":false},"author":21,"featured_media":21008,"comment_status":"open","ping_status":"open","sticky":false,"template":"","format":"standard","meta":{"inline_featured_image":false,"footnotes":""},"categories":[347,1],"tags":[],"acf":[],"yoast_head":"<!-- This site is optimized with the Yoast SEO plugin v21.3 - https:\/\/yoast.com\/wordpress\/plugins\/seo\/ -->\n<title>El Consejo Social de la ULL impulsar\u00e1 el pr\u00f3ximo curso las ayudas para posgrado y la formaci\u00f3n en idiomas - ULL - Noticias<\/title>\n<meta name=\"robots\" content=\"index, follow, max-snippet:-1, max-image-preview:large, max-video-preview:-1\" \/>\n<link rel=\"canonical\" href=\"https:\/\/www.ull.es\/portal\/noticias\/2013\/el-consejo-social-de-la-ull-impulsara-el-proximo-curso-las-ayudas-para-posgrado-y-la-formacion-en-idiomas\/\" \/>\n<meta property=\"og:locale\" content=\"es_ES\" \/>\n<meta property=\"og:type\" content=\"article\" \/>\n<meta property=\"og:title\" content=\"El Consejo Social de la ULL impulsar\u00e1 el pr\u00f3ximo curso las ayudas para posgrado y la formaci\u00f3n en idiomas - ULL - Noticias\" \/>\n<meta property=\"og:description\" content=\"Los miembros del Consejo Social de la Universidad de La Laguna celebraron ayer 3 de julio una sesi&oacute;n ordinaria del...\" \/>\n<meta property=\"og:url\" content=\"https:\/\/www.ull.es\/portal\/noticias\/2013\/el-consejo-social-de-la-ull-impulsara-el-proximo-curso-las-ayudas-para-posgrado-y-la-formacion-en-idiomas\/\" \/>\n<meta property=\"og:site_name\" content=\"ULL - Noticias\" \/>\n<meta property=\"article:publisher\" content=\"https:\/\/www.facebook.com\/universidaddelalaguna\/\" \/>\n<meta property=\"article:published_time\" content=\"2013-07-04T14:02:34+00:00\" \/>\n<meta property=\"og:image\" content=\"https:\/\/www.ull.es\/portal\/noticias\/wp-content\/uploads\/sites\/13\/2015\/07\/consejo-social.jpg\" \/>\n\t<meta property=\"og:image:width\" content=\"800\" \/>\n\t<meta property=\"og:image:height\" content=\"533\" \/>\n\t<meta property=\"og:image:type\" content=\"image\/jpeg\" \/>\n<meta name=\"author\" content=\"prensa2\" \/>\n<meta name=\"twitter:card\" content=\"summary_large_image\" \/>\n<meta name=\"twitter:creator\" content=\"@CanalULL\" \/>\n<meta name=\"twitter:site\" content=\"@CanalULL\" \/>\n<meta name=\"twitter:label1\" content=\"Escrito por\" \/>\n\t<meta name=\"twitter:data1\" content=\"prensa2\" \/>\n\t<meta name=\"twitter:label2\" content=\"Tiempo de lectura\" \/>\n\t<meta name=\"twitter:data2\" content=\"4 minutos\" \/>\n<script type=\"application\/ld+json\" class=\"yoast-schema-graph\">{\"@context\":\"https:\/\/schema.org\",\"@graph\":[{\"@type\":\"WebPage\",\"@id\":\"https:\/\/www.ull.es\/portal\/noticias\/2013\/el-consejo-social-de-la-ull-impulsara-el-proximo-curso-las-ayudas-para-posgrado-y-la-formacion-en-idiomas\/\",\"url\":\"https:\/\/www.ull.es\/portal\/noticias\/2013\/el-consejo-social-de-la-ull-impulsara-el-proximo-curso-las-ayudas-para-posgrado-y-la-formacion-en-idiomas\/\",\"name\":\"El Consejo Social de la ULL impulsar\u00e1 el pr\u00f3ximo curso las ayudas para posgrado y la formaci\u00f3n en idiomas - ULL - Noticias\",\"isPartOf\":{\"@id\":\"https:\/\/www.ull.es\/portal\/noticias\/#website\"},\"datePublished\":\"2013-07-04T14:02:34+00:00\",\"dateModified\":\"2013-07-04T14:02:34+00:00\",\"author\":{\"@id\":\"https:\/\/www.ull.es\/portal\/noticias\/#\/schema\/person\/c3b2aa857797592927a03740d6664376\"},\"breadcrumb\":{\"@id\":\"https:\/\/www.ull.es\/portal\/noticias\/2013\/el-consejo-social-de-la-ull-impulsara-el-proximo-curso-las-ayudas-para-posgrado-y-la-formacion-en-idiomas\/#breadcrumb\"},\"inLanguage\":\"es\",\"potentialAction\":[{\"@type\":\"ReadAction\",\"target\":[\"https:\/\/www.ull.es\/portal\/noticias\/2013\/el-consejo-social-de-la-ull-impulsara-el-proximo-curso-las-ayudas-para-posgrado-y-la-formacion-en-idiomas\/\"]}]},{\"@type\":\"BreadcrumbList\",\"@id\":\"https:\/\/www.ull.es\/portal\/noticias\/2013\/el-consejo-social-de-la-ull-impulsara-el-proximo-curso-las-ayudas-para-posgrado-y-la-formacion-en-idiomas\/#breadcrumb\",\"itemListElement\":[{\"@type\":\"ListItem\",\"position\":1,\"name\":\"Portada\",\"item\":\"https:\/\/www.ull.es\/portal\/noticias\/\"},{\"@type\":\"ListItem\",\"position\":2,\"name\":\"El Consejo Social de la ULL impulsar\u00e1 el pr\u00f3ximo curso las ayudas para posgrado y la formaci\u00f3n en idiomas\"}]},{\"@type\":\"WebSite\",\"@id\":\"https:\/\/www.ull.es\/portal\/noticias\/#website\",\"url\":\"https:\/\/www.ull.es\/portal\/noticias\/\",\"name\":\"ULL - Noticias\",\"description\":\"\",\"potentialAction\":[{\"@type\":\"SearchAction\",\"target\":{\"@type\":\"EntryPoint\",\"urlTemplate\":\"https:\/\/www.ull.es\/portal\/noticias\/?s={search_term_string}\"},\"query-input\":\"required name=search_term_string\"}],\"inLanguage\":\"es\"},{\"@type\":\"Person\",\"@id\":\"https:\/\/www.ull.es\/portal\/noticias\/#\/schema\/person\/c3b2aa857797592927a03740d6664376\",\"name\":\"prensa2\",\"image\":{\"@type\":\"ImageObject\",\"inLanguage\":\"es\",\"@id\":\"https:\/\/www.ull.es\/portal\/noticias\/#\/schema\/person\/image\/\",\"url\":\"https:\/\/secure.gravatar.com\/avatar\/b58f310a5de5feb33d1e026d2493f23c?s=96&d=mm&r=g\",\"contentUrl\":\"https:\/\/secure.gravatar.com\/avatar\/b58f310a5de5feb33d1e026d2493f23c?s=96&d=mm&r=g\",\"caption\":\"prensa2\"},\"url\":\"https:\/\/www.ull.es\/portal\/noticias\/author\/prensa2\/\"}]}<\/script>\n<!-- \/ Yoast SEO plugin. -->","yoast_head_json":{"title":"El Consejo Social de la ULL impulsar\u00e1 el pr\u00f3ximo curso las ayudas para posgrado y la formaci\u00f3n en idiomas - ULL - Noticias","robots":{"index":"index","follow":"follow","max-snippet":"max-snippet:-1","max-image-preview":"max-image-preview:large","max-video-preview":"max-video-preview:-1"},"canonical":"https:\/\/www.ull.es\/portal\/noticias\/2013\/el-consejo-social-de-la-ull-impulsara-el-proximo-curso-las-ayudas-para-posgrado-y-la-formacion-en-idiomas\/","og_locale":"es_ES","og_type":"article","og_title":"El Consejo Social de la ULL impulsar\u00e1 el pr\u00f3ximo curso las ayudas para posgrado y la formaci\u00f3n en idiomas - ULL - Noticias","og_description":"Los miembros del Consejo Social de la Universidad de La Laguna celebraron ayer 3 de julio una sesi&oacute;n ordinaria del...","og_url":"https:\/\/www.ull.es\/portal\/noticias\/2013\/el-consejo-social-de-la-ull-impulsara-el-proximo-curso-las-ayudas-para-posgrado-y-la-formacion-en-idiomas\/","og_site_name":"ULL - Noticias","article_publisher":"https:\/\/www.facebook.com\/universidaddelalaguna\/","article_published_time":"2013-07-04T14:02:34+00:00","og_image":[{"width":800,"height":533,"url":"https:\/\/www.ull.es\/portal\/noticias\/wp-content\/uploads\/sites\/13\/2015\/07\/consejo-social.jpg","type":"image\/jpeg"}],"author":"prensa2","twitter_card":"summary_large_image","twitter_creator":"@CanalULL","twitter_site":"@CanalULL","twitter_misc":{"Escrito por":"prensa2","Tiempo de lectura":"4 minutos"},"schema":{"@context":"https:\/\/schema.org","@graph":[{"@type":"WebPage","@id":"https:\/\/www.ull.es\/portal\/noticias\/2013\/el-consejo-social-de-la-ull-impulsara-el-proximo-curso-las-ayudas-para-posgrado-y-la-formacion-en-idiomas\/","url":"https:\/\/www.ull.es\/portal\/noticias\/2013\/el-consejo-social-de-la-ull-impulsara-el-proximo-curso-las-ayudas-para-posgrado-y-la-formacion-en-idiomas\/","name":"El Consejo Social de la ULL impulsar\u00e1 el pr\u00f3ximo curso las ayudas para posgrado y la formaci\u00f3n en idiomas - ULL - Noticias","isPartOf":{"@id":"https:\/\/www.ull.es\/portal\/noticias\/#website"},"datePublished":"2013-07-04T14:02:34+00:00","dateModified":"2013-07-04T14:02:34+00:00","author":{"@id":"https:\/\/www.ull.es\/portal\/noticias\/#\/schema\/person\/c3b2aa857797592927a03740d6664376"},"breadcrumb":{"@id":"https:\/\/www.ull.es\/portal\/noticias\/2013\/el-consejo-social-de-la-ull-impulsara-el-proximo-curso-las-ayudas-para-posgrado-y-la-formacion-en-idiomas\/#breadcrumb"},"inLanguage":"es","potentialAction":[{"@type":"ReadAction","target":["https:\/\/www.ull.es\/portal\/noticias\/2013\/el-consejo-social-de-la-ull-impulsara-el-proximo-curso-las-ayudas-para-posgrado-y-la-formacion-en-idiomas\/"]}]},{"@type":"BreadcrumbList","@id":"https:\/\/www.ull.es\/portal\/noticias\/2013\/el-consejo-social-de-la-ull-impulsara-el-proximo-curso-las-ayudas-para-posgrado-y-la-formacion-en-idiomas\/#breadcrumb","itemListElement":[{"@type":"ListItem","position":1,"name":"Portada","item":"https:\/\/www.ull.es\/portal\/noticias\/"},{"@type":"ListItem","position":2,"name":"El Consejo Social de la ULL impulsar\u00e1 el pr\u00f3ximo curso las ayudas para posgrado y la formaci\u00f3n en idiomas"}]},{"@type":"WebSite","@id":"https:\/\/www.ull.es\/portal\/noticias\/#website","url":"https:\/\/www.ull.es\/portal\/noticias\/","name":"ULL - Noticias","description":"","potentialAction":[{"@type":"SearchAction","target":{"@type":"EntryPoint","urlTemplate":"https:\/\/www.ull.es\/portal\/noticias\/?s={search_term_string}"},"query-input":"required name=search_term_string"}],"inLanguage":"es"},{"@type":"Person","@id":"https:\/\/www.ull.es\/portal\/noticias\/#\/schema\/person\/c3b2aa857797592927a03740d6664376","name":"prensa2","image":{"@type":"ImageObject","inLanguage":"es","@id":"https:\/\/www.ull.es\/portal\/noticias\/#\/schema\/person\/image\/","url":"https:\/\/secure.gravatar.com\/avatar\/b58f310a5de5feb33d1e026d2493f23c?s=96&d=mm&r=g","contentUrl":"https:\/\/secure.gravatar.com\/avatar\/b58f310a5de5feb33d1e026d2493f23c?s=96&d=mm&r=g","caption":"prensa2"},"url":"https:\/\/www.ull.es\/portal\/noticias\/author\/prensa2\/"}]}},"primary_category":null,"featured_image_thumbnail_url":"https:\/\/www.ull.es\/portal\/noticias\/wp-content\/uploads\/sites\/13\/2015\/07\/consejo-social-300x200.jpg","_links":{"self":[{"href":"https:\/\/www.ull.es\/portal\/noticias\/wp-json\/wp\/v2\/posts\/21007"}],"collection":[{"href":"https:\/\/www.ull.es\/portal\/noticias\/wp-json\/wp\/v2\/posts"}],"about":[{"href":"https:\/\/www.ull.es\/portal\/noticias\/wp-json\/wp\/v2\/types\/post"}],"author":[{"embeddable":true,"href":"https:\/\/www.ull.es\/portal\/noticias\/wp-json\/wp\/v2\/users\/21"}],"replies":[{"embeddable":true,"href":"https:\/\/www.ull.es\/portal\/noticias\/wp-json\/wp\/v2\/comments?post=21007"}],"version-history":[{"count":0,"href":"https:\/\/www.ull.es\/portal\/noticias\/wp-json\/wp\/v2\/posts\/21007\/revisions"}],"wp:featuredmedia":[{"embeddable":true,"href":"https:\/\/www.ull.es\/portal\/noticias\/wp-json\/wp\/v2\/media\/21008"}],"wp:attachment":[{"href":"https:\/\/www.ull.es\/portal\/noticias\/wp-json\/wp\/v2\/media?parent=21007"}],"wp:term":[{"taxonomy":"category","embeddable":true,"href":"https:\/\/www.ull.es\/portal\/noticias\/wp-json\/wp\/v2\/categories?post=21007"},{"taxonomy":"post_tag","embeddable":true,"href":"https:\/\/www.ull.es\/portal\/noticias\/wp-json\/wp\/v2\/tags?post=21007"}],"curies":[{"name":"wp","href":"https:\/\/api.w.org\/{rel}","templated":true}]}}