{"id":21170,"date":"2013-09-18T12:20:09","date_gmt":"2013-09-18T12:20:09","guid":{"rendered":"http:\/\/ddigital.webs.ull.es\/la-pintora-beatriz-hernandez-transmite-las-dificultades-del-artista-a-traves-de-su-exposicion-mal-de-alturas\/"},"modified":"2013-09-18T12:20:09","modified_gmt":"2013-09-18T12:20:09","slug":"la-pintora-beatriz-hernandez-transmite-las-dificultades-del-artista-a-traves-de-su-exposicion-mal-de-alturas","status":"publish","type":"post","link":"https:\/\/www.ull.es\/portal\/noticias\/2013\/la-pintora-beatriz-hernandez-transmite-las-dificultades-del-artista-a-traves-de-su-exposicion-mal-de-alturas\/","title":{"rendered":"La pintora Beatriz Hern\u00e1ndez transmite las dificultades del artista a trav\u00e9s de su exposici\u00f3n \u201cMal de alturas\u201d"},"content":{"rendered":"<p>Beatriz Hern\u00e1ndez muestra hasta el 28 de septiembre su exposici\u00f3n \u201cMal de alturas\u201d en la Sala de Arte Paraninfo Pablo Gonz\u00e1lez de Vera de la Universidad de La Laguna. En una treintena de cuadros esta joven artista transmite al visitante las dificultades que deben superar los pintores en las creaciones de sus obras, compar\u00e1ndolos con los alpinistas que deben superar obst\u00e1culos para llegar hasta la cima de la monta\u00f1a.<\/p>\n<p>Con \u201cMal de alturas\u201d la pintora recala en Tenerife tras haber participado este mismo a\u00f1o en varias exposiciones colectivas en Barcelona y Sevilla. En su trayectoria art\u00edstica sus trabajos han sido reconocido con diferentes galardones, como el Tercer Premio en el Certamen Nacional de Pintura Dimas Coello de Candelaria; el Primer Premio en el Certamen Regional de Pintura Gu\u00eda de Isora; y finalista del Certamen Nacional de Pintura Enrique Lite de la ULL.<\/p>\n<p>La muestra, formada por obras de varios tama\u00f1os desde peque\u00f1os formatos de 20&#215;20 cent\u00edmetros hasta de mayores dimensiones, de 1&#215;1 metro, llena de color la sala de arte universitaria. La pintora ha empleado para su creaci\u00f3n la t\u00e9cnica mixta (acr\u00edlico y \u00f3leo sobre lienzo) y la tinta gouache sobre papel.<\/p>\n<p>Beatriz Hern\u00e1ndez parte de una serie de obras anteriores, vinculadas a la figura de la monta\u00f1a, no s\u00f3lo como referencia formal sino tambi\u00e9n vital, planteando un recorrido pict\u00f3rico por los diferentes s\u00edntomas provocados por lo que se podr\u00eda llamar \u201cmal de la pintura\u201d. Esta licenciada en Bellas Artes por la Universidad de Sevilla presenta su refugio, sus sherpas, sus compa\u00f1eros, sus equipajes, etc\u00e9tera. Hern\u00e1ndez explica que esta muestra pretende hacer part\u00edcipe al p\u00fablico de su recorrido y c\u00f3mplice de todo el proyecto, pues es el espectador quien marca el final del trayecto, cerrando el c\u00edrculo que se inicia con el trabajo en el taller y culmina en la exposici\u00f3n de \u201cMal de alturas\u201d.<\/p>\n<p>La Sala de Arte Paraninfo estar\u00e1 abierta de lunes a viernes de 11:00 a 13:00 horas y los d\u00edas de espect\u00e1culo durante el horario de cada representaci\u00f3n. La entrada a la exposici\u00f3n es gratuita.<\/p>\n","protected":false},"excerpt":{"rendered":"<p>Beatriz Hern\u00e1ndez muestra hasta el 28 de septiembre su exposici\u00f3n \u201cMal de alturas\u201d en la Sala de Arte Paraninfo Pablo&#8230;<\/p>\n","protected":false},"author":21,"featured_media":21174,"comment_status":"open","ping_status":"open","sticky":false,"template":"","format":"standard","meta":{"inline_featured_image":false,"footnotes":""},"categories":[344,1,352],"tags":[624,2047,2307,2527,2560],"acf":[],"yoast_head":"<!-- This site is optimized with the Yoast SEO plugin v21.3 - https:\/\/yoast.com\/wordpress\/plugins\/seo\/ -->\n<title>La pintora Beatriz Hern\u00e1ndez transmite las dificultades del artista a trav\u00e9s de su exposici\u00f3n \u201cMal de alturas\u201d - ULL - Noticias<\/title>\n<meta name=\"robots\" content=\"index, follow, max-snippet:-1, max-image-preview:large, max-video-preview:-1\" \/>\n<link rel=\"canonical\" href=\"https:\/\/www.ull.es\/portal\/noticias\/2013\/la-pintora-beatriz-hernandez-transmite-las-dificultades-del-artista-a-traves-de-su-exposicion-mal-de-alturas\/\" \/>\n<meta property=\"og:locale\" content=\"es_ES\" \/>\n<meta property=\"og:type\" content=\"article\" \/>\n<meta property=\"og:title\" content=\"La pintora Beatriz Hern\u00e1ndez transmite las dificultades del artista a trav\u00e9s de su exposici\u00f3n \u201cMal de alturas\u201d - ULL - Noticias\" \/>\n<meta property=\"og:description\" content=\"Beatriz Hern\u00e1ndez muestra hasta el 28 de septiembre su exposici\u00f3n \u201cMal de alturas\u201d en la Sala de Arte Paraninfo Pablo...\" \/>\n<meta property=\"og:url\" content=\"https:\/\/www.ull.es\/portal\/noticias\/2013\/la-pintora-beatriz-hernandez-transmite-las-dificultades-del-artista-a-traves-de-su-exposicion-mal-de-alturas\/\" \/>\n<meta property=\"og:site_name\" content=\"ULL - Noticias\" \/>\n<meta property=\"article:publisher\" content=\"https:\/\/www.facebook.com\/universidaddelalaguna\/\" \/>\n<meta property=\"article:published_time\" content=\"2013-09-18T12:20:09+00:00\" \/>\n<meta property=\"og:image\" content=\"https:\/\/www.ull.es\/portal\/noticias\/wp-content\/uploads\/sites\/13\/2015\/07\/Expo-Mal-de-altura-10.jpg\" \/>\n\t<meta property=\"og:image:width\" content=\"1034\" \/>\n\t<meta property=\"og:image:height\" content=\"708\" \/>\n\t<meta property=\"og:image:type\" content=\"image\/jpeg\" \/>\n<meta name=\"author\" content=\"prensa2\" \/>\n<meta name=\"twitter:card\" content=\"summary_large_image\" \/>\n<meta name=\"twitter:creator\" content=\"@CanalULL\" \/>\n<meta name=\"twitter:site\" content=\"@CanalULL\" \/>\n<meta name=\"twitter:label1\" content=\"Escrito por\" \/>\n\t<meta name=\"twitter:data1\" content=\"prensa2\" \/>\n\t<meta name=\"twitter:label2\" content=\"Tiempo de lectura\" \/>\n\t<meta name=\"twitter:data2\" content=\"2 minutos\" \/>\n<script type=\"application\/ld+json\" class=\"yoast-schema-graph\">{\"@context\":\"https:\/\/schema.org\",\"@graph\":[{\"@type\":\"WebPage\",\"@id\":\"https:\/\/www.ull.es\/portal\/noticias\/2013\/la-pintora-beatriz-hernandez-transmite-las-dificultades-del-artista-a-traves-de-su-exposicion-mal-de-alturas\/\",\"url\":\"https:\/\/www.ull.es\/portal\/noticias\/2013\/la-pintora-beatriz-hernandez-transmite-las-dificultades-del-artista-a-traves-de-su-exposicion-mal-de-alturas\/\",\"name\":\"La pintora Beatriz Hern\u00e1ndez transmite las dificultades del artista a trav\u00e9s de su exposici\u00f3n \u201cMal de alturas\u201d - ULL - Noticias\",\"isPartOf\":{\"@id\":\"https:\/\/www.ull.es\/portal\/noticias\/#website\"},\"datePublished\":\"2013-09-18T12:20:09+00:00\",\"dateModified\":\"2013-09-18T12:20:09+00:00\",\"author\":{\"@id\":\"https:\/\/www.ull.es\/portal\/noticias\/#\/schema\/person\/c3b2aa857797592927a03740d6664376\"},\"breadcrumb\":{\"@id\":\"https:\/\/www.ull.es\/portal\/noticias\/2013\/la-pintora-beatriz-hernandez-transmite-las-dificultades-del-artista-a-traves-de-su-exposicion-mal-de-alturas\/#breadcrumb\"},\"inLanguage\":\"es\",\"potentialAction\":[{\"@type\":\"ReadAction\",\"target\":[\"https:\/\/www.ull.es\/portal\/noticias\/2013\/la-pintora-beatriz-hernandez-transmite-las-dificultades-del-artista-a-traves-de-su-exposicion-mal-de-alturas\/\"]}]},{\"@type\":\"BreadcrumbList\",\"@id\":\"https:\/\/www.ull.es\/portal\/noticias\/2013\/la-pintora-beatriz-hernandez-transmite-las-dificultades-del-artista-a-traves-de-su-exposicion-mal-de-alturas\/#breadcrumb\",\"itemListElement\":[{\"@type\":\"ListItem\",\"position\":1,\"name\":\"Portada\",\"item\":\"https:\/\/www.ull.es\/portal\/noticias\/\"},{\"@type\":\"ListItem\",\"position\":2,\"name\":\"La pintora Beatriz Hern\u00e1ndez transmite las dificultades del artista a trav\u00e9s de su exposici\u00f3n \u201cMal de alturas\u201d\"}]},{\"@type\":\"WebSite\",\"@id\":\"https:\/\/www.ull.es\/portal\/noticias\/#website\",\"url\":\"https:\/\/www.ull.es\/portal\/noticias\/\",\"name\":\"ULL - Noticias\",\"description\":\"\",\"potentialAction\":[{\"@type\":\"SearchAction\",\"target\":{\"@type\":\"EntryPoint\",\"urlTemplate\":\"https:\/\/www.ull.es\/portal\/noticias\/?s={search_term_string}\"},\"query-input\":\"required name=search_term_string\"}],\"inLanguage\":\"es\"},{\"@type\":\"Person\",\"@id\":\"https:\/\/www.ull.es\/portal\/noticias\/#\/schema\/person\/c3b2aa857797592927a03740d6664376\",\"name\":\"prensa2\",\"image\":{\"@type\":\"ImageObject\",\"inLanguage\":\"es\",\"@id\":\"https:\/\/www.ull.es\/portal\/noticias\/#\/schema\/person\/image\/\",\"url\":\"https:\/\/secure.gravatar.com\/avatar\/b58f310a5de5feb33d1e026d2493f23c?s=96&d=mm&r=g\",\"contentUrl\":\"https:\/\/secure.gravatar.com\/avatar\/b58f310a5de5feb33d1e026d2493f23c?s=96&d=mm&r=g\",\"caption\":\"prensa2\"},\"url\":\"https:\/\/www.ull.es\/portal\/noticias\/author\/prensa2\/\"}]}<\/script>\n<!-- \/ Yoast SEO plugin. -->","yoast_head_json":{"title":"La pintora Beatriz Hern\u00e1ndez transmite las dificultades del artista a trav\u00e9s de su exposici\u00f3n \u201cMal de alturas\u201d - ULL - Noticias","robots":{"index":"index","follow":"follow","max-snippet":"max-snippet:-1","max-image-preview":"max-image-preview:large","max-video-preview":"max-video-preview:-1"},"canonical":"https:\/\/www.ull.es\/portal\/noticias\/2013\/la-pintora-beatriz-hernandez-transmite-las-dificultades-del-artista-a-traves-de-su-exposicion-mal-de-alturas\/","og_locale":"es_ES","og_type":"article","og_title":"La pintora Beatriz Hern\u00e1ndez transmite las dificultades del artista a trav\u00e9s de su exposici\u00f3n \u201cMal de alturas\u201d - ULL - Noticias","og_description":"Beatriz Hern\u00e1ndez muestra hasta el 28 de septiembre su exposici\u00f3n \u201cMal de alturas\u201d en la Sala de Arte Paraninfo Pablo...","og_url":"https:\/\/www.ull.es\/portal\/noticias\/2013\/la-pintora-beatriz-hernandez-transmite-las-dificultades-del-artista-a-traves-de-su-exposicion-mal-de-alturas\/","og_site_name":"ULL - Noticias","article_publisher":"https:\/\/www.facebook.com\/universidaddelalaguna\/","article_published_time":"2013-09-18T12:20:09+00:00","og_image":[{"width":1034,"height":708,"url":"https:\/\/www.ull.es\/portal\/noticias\/wp-content\/uploads\/sites\/13\/2015\/07\/Expo-Mal-de-altura-10.jpg","type":"image\/jpeg"}],"author":"prensa2","twitter_card":"summary_large_image","twitter_creator":"@CanalULL","twitter_site":"@CanalULL","twitter_misc":{"Escrito por":"prensa2","Tiempo de lectura":"2 minutos"},"schema":{"@context":"https:\/\/schema.org","@graph":[{"@type":"WebPage","@id":"https:\/\/www.ull.es\/portal\/noticias\/2013\/la-pintora-beatriz-hernandez-transmite-las-dificultades-del-artista-a-traves-de-su-exposicion-mal-de-alturas\/","url":"https:\/\/www.ull.es\/portal\/noticias\/2013\/la-pintora-beatriz-hernandez-transmite-las-dificultades-del-artista-a-traves-de-su-exposicion-mal-de-alturas\/","name":"La pintora Beatriz Hern\u00e1ndez transmite las dificultades del artista a trav\u00e9s de su exposici\u00f3n \u201cMal de alturas\u201d - ULL - Noticias","isPartOf":{"@id":"https:\/\/www.ull.es\/portal\/noticias\/#website"},"datePublished":"2013-09-18T12:20:09+00:00","dateModified":"2013-09-18T12:20:09+00:00","author":{"@id":"https:\/\/www.ull.es\/portal\/noticias\/#\/schema\/person\/c3b2aa857797592927a03740d6664376"},"breadcrumb":{"@id":"https:\/\/www.ull.es\/portal\/noticias\/2013\/la-pintora-beatriz-hernandez-transmite-las-dificultades-del-artista-a-traves-de-su-exposicion-mal-de-alturas\/#breadcrumb"},"inLanguage":"es","potentialAction":[{"@type":"ReadAction","target":["https:\/\/www.ull.es\/portal\/noticias\/2013\/la-pintora-beatriz-hernandez-transmite-las-dificultades-del-artista-a-traves-de-su-exposicion-mal-de-alturas\/"]}]},{"@type":"BreadcrumbList","@id":"https:\/\/www.ull.es\/portal\/noticias\/2013\/la-pintora-beatriz-hernandez-transmite-las-dificultades-del-artista-a-traves-de-su-exposicion-mal-de-alturas\/#breadcrumb","itemListElement":[{"@type":"ListItem","position":1,"name":"Portada","item":"https:\/\/www.ull.es\/portal\/noticias\/"},{"@type":"ListItem","position":2,"name":"La pintora Beatriz Hern\u00e1ndez transmite las dificultades del artista a trav\u00e9s de su exposici\u00f3n \u201cMal de alturas\u201d"}]},{"@type":"WebSite","@id":"https:\/\/www.ull.es\/portal\/noticias\/#website","url":"https:\/\/www.ull.es\/portal\/noticias\/","name":"ULL - Noticias","description":"","potentialAction":[{"@type":"SearchAction","target":{"@type":"EntryPoint","urlTemplate":"https:\/\/www.ull.es\/portal\/noticias\/?s={search_term_string}"},"query-input":"required name=search_term_string"}],"inLanguage":"es"},{"@type":"Person","@id":"https:\/\/www.ull.es\/portal\/noticias\/#\/schema\/person\/c3b2aa857797592927a03740d6664376","name":"prensa2","image":{"@type":"ImageObject","inLanguage":"es","@id":"https:\/\/www.ull.es\/portal\/noticias\/#\/schema\/person\/image\/","url":"https:\/\/secure.gravatar.com\/avatar\/b58f310a5de5feb33d1e026d2493f23c?s=96&d=mm&r=g","contentUrl":"https:\/\/secure.gravatar.com\/avatar\/b58f310a5de5feb33d1e026d2493f23c?s=96&d=mm&r=g","caption":"prensa2"},"url":"https:\/\/www.ull.es\/portal\/noticias\/author\/prensa2\/"}]}},"primary_category":null,"featured_image_thumbnail_url":"https:\/\/www.ull.es\/portal\/noticias\/wp-content\/uploads\/sites\/13\/2015\/07\/Expo-Mal-de-altura-10-300x205.jpg","_links":{"self":[{"href":"https:\/\/www.ull.es\/portal\/noticias\/wp-json\/wp\/v2\/posts\/21170"}],"collection":[{"href":"https:\/\/www.ull.es\/portal\/noticias\/wp-json\/wp\/v2\/posts"}],"about":[{"href":"https:\/\/www.ull.es\/portal\/noticias\/wp-json\/wp\/v2\/types\/post"}],"author":[{"embeddable":true,"href":"https:\/\/www.ull.es\/portal\/noticias\/wp-json\/wp\/v2\/users\/21"}],"replies":[{"embeddable":true,"href":"https:\/\/www.ull.es\/portal\/noticias\/wp-json\/wp\/v2\/comments?post=21170"}],"version-history":[{"count":0,"href":"https:\/\/www.ull.es\/portal\/noticias\/wp-json\/wp\/v2\/posts\/21170\/revisions"}],"wp:featuredmedia":[{"embeddable":true,"href":"https:\/\/www.ull.es\/portal\/noticias\/wp-json\/wp\/v2\/media\/21174"}],"wp:attachment":[{"href":"https:\/\/www.ull.es\/portal\/noticias\/wp-json\/wp\/v2\/media?parent=21170"}],"wp:term":[{"taxonomy":"category","embeddable":true,"href":"https:\/\/www.ull.es\/portal\/noticias\/wp-json\/wp\/v2\/categories?post=21170"},{"taxonomy":"post_tag","embeddable":true,"href":"https:\/\/www.ull.es\/portal\/noticias\/wp-json\/wp\/v2\/tags?post=21170"}],"curies":[{"name":"wp","href":"https:\/\/api.w.org\/{rel}","templated":true}]}}