{"id":21521,"date":"2013-11-19T10:05:52","date_gmt":"2013-11-19T10:05:52","guid":{"rendered":"http:\/\/ddigital.webs.ull.es\/el-consejo-social-aprueba-la-implantacion-de-los-masteres-en-ingenierias-agronomica-e-informatica-y-en-psicologia-general-sanitaria\/"},"modified":"2013-11-19T10:05:52","modified_gmt":"2013-11-19T10:05:52","slug":"el-consejo-social-aprueba-la-implantacion-de-los-masteres-en-ingenierias-agronomica-e-informatica-y-en-psicologia-general-sanitaria","status":"publish","type":"post","link":"https:\/\/www.ull.es\/portal\/noticias\/2013\/el-consejo-social-aprueba-la-implantacion-de-los-masteres-en-ingenierias-agronomica-e-informatica-y-en-psicologia-general-sanitaria\/","title":{"rendered":"El Consejo Social aprueba la implantaci\u00f3n de los m\u00e1steres en ingenier\u00edas Agron\u00f3mica e Inform\u00e1tica y en Psicolog\u00eda General Sanitaria"},"content":{"rendered":"<p> \tLos miembros del Consejo Social de la Universidad de La Laguna (ULL) han celebrado una sesi&oacute;n extraordinaria del pleno de esta instituci&oacute;n, presidido por Jos&eacute; Miguel Gonz&aacute;lez, en la que han informado de la implantaci&oacute;n de las ense&ntilde;anzas universitarias conducentes a la obtenci&oacute;n de los t&iacute;tulos de m&aacute;ster de las ingenier&iacute;as Agron&oacute;mica e Inform&aacute;tica, adem&aacute;s del de Psicolog&iacute;a General Sanitaria. <\/p>\n<p> \tEl &oacute;rgano ha aprobado tambi&eacute;n la implantaci&oacute;n del programa de Doctorado en Estudios Interdisciplinares de G&eacute;nero, que se impartir&aacute; de forma conjunta con la Universidad Aut&oacute;noma de Madrid, Jaume I de Castell&oacute;n, Rey Juan Carlos, Alcal&aacute;, Huelva e Islas Baleares. De esta forma se alcanza el n&uacute;mero necesario de alumnos que permite impartir este tipo de t&iacute;tulos acad&eacute;micos.<\/p>\n<p> \tEstas titulaciones tienen car&aacute;cter oficial y validez en todo el territorio nacional y se pondr&aacute;n en marcha una vez obtengan el visto bueno de la Agencia de Evaluaci&oacute;n Universitaria Nacional (ANECA).<\/p>\n<p> \tAdem&aacute;s, durante el desarrollo de la sesi&oacute;n extraordinaria se ha informado favorablemente sobre la fusi&oacute;n de centros para la creaci&oacute;n de otros nuevos en la ULL, seg&uacute;n una propuesta del rector Eduardo Dom&eacute;nech. Esta reorganizaci&oacute;n administrativa forma parte de las medidas implementadas para reducir el gasto, tras la reducci&oacute;n presupuestaria que ha sufrido el centro acad&eacute;mico en los &uacute;ltimos a&ntilde;os. Adem&aacute;s, servir&aacute; para dar mayor coherencia a la organizaci&oacute;n del campus. Con ella habr&aacute; una adaptaci&oacute;n a la nueva situaci&oacute;n econ&oacute;mica y una proyecci&oacute;n hacia el futuro, mejorando al mismo tiempo el servicio que presta la ULL. A partir de este momento, falta solo la aprobaci&oacute;n por parte del Consejo de Gobierno de Canarias, para su publicaci&oacute;n en el Bolet&iacute;n Oficial de la Autonom&iacute;a.<\/p>\n<p> \tEn cuanto a las facultades, los nuevos centros ser&iacute;an los de Ciencias; Econom&iacute;a, Empresa y Turismo; Ciencias Pol&iacute;ticas, Sociales y de la Comunicaci&oacute;n; Humanidades; y Ciencias de la Salud. Las facultades de Derecho y Educaci&oacute;n permanecer&aacute;n independientes, puesto que se trata de centros de grandes dimensiones con mucho alumnado. Con respecto a las nuevas escuelas, se encuentran la Escuela Superior de Tecnolog&iacute;a y Escuela Polit&eacute;cnica Superior de Ingenier&iacute;a. <\/p>\n<p> \tCabe destacar que durante la sesi&oacute;n extraordinaria del pleno del Consejo Social de la ULL tambi&eacute;n se ha informado sobre sobre la Memoria Anual de Gesti&oacute;n de la Intervenci&oacute;n de la ULL, del ejercicio de 2012, adem&aacute;s de algunos tr&aacute;mites relativos al profesorado, as&iacute; como al propio &oacute;rgano universitario. <\/p>\n<p> \t(Nota y foto cedidas por el Consejo Social)<br \/> \t&nbsp;<\/p>\n","protected":false},"excerpt":{"rendered":"<p>Los miembros del Consejo Social de la Universidad de La Laguna (ULL) han celebrado una sesi&oacute;n extraordinaria del pleno de&#8230;<\/p>\n","protected":false},"author":21,"featured_media":16931,"comment_status":"open","ping_status":"open","sticky":false,"template":"","format":"standard","meta":{"inline_featured_image":false,"footnotes":""},"categories":[347,1],"tags":[],"acf":[],"yoast_head":"<!-- This site is optimized with the Yoast SEO plugin v21.3 - https:\/\/yoast.com\/wordpress\/plugins\/seo\/ -->\n<title>El Consejo Social aprueba la implantaci\u00f3n de los m\u00e1steres en ingenier\u00edas Agron\u00f3mica e Inform\u00e1tica y en Psicolog\u00eda General Sanitaria - ULL - Noticias<\/title>\n<meta name=\"robots\" content=\"index, follow, max-snippet:-1, max-image-preview:large, max-video-preview:-1\" \/>\n<link rel=\"canonical\" href=\"https:\/\/www.ull.es\/portal\/noticias\/2013\/el-consejo-social-aprueba-la-implantacion-de-los-masteres-en-ingenierias-agronomica-e-informatica-y-en-psicologia-general-sanitaria\/\" \/>\n<meta property=\"og:locale\" content=\"es_ES\" \/>\n<meta property=\"og:type\" content=\"article\" \/>\n<meta property=\"og:title\" content=\"El Consejo Social aprueba la implantaci\u00f3n de los m\u00e1steres en ingenier\u00edas Agron\u00f3mica e Inform\u00e1tica y en Psicolog\u00eda General Sanitaria - ULL - Noticias\" \/>\n<meta property=\"og:description\" content=\"Los miembros del Consejo Social de la Universidad de La Laguna (ULL) han celebrado una sesi&oacute;n extraordinaria del pleno de...\" \/>\n<meta property=\"og:url\" content=\"https:\/\/www.ull.es\/portal\/noticias\/2013\/el-consejo-social-aprueba-la-implantacion-de-los-masteres-en-ingenierias-agronomica-e-informatica-y-en-psicologia-general-sanitaria\/\" \/>\n<meta property=\"og:site_name\" content=\"ULL - Noticias\" \/>\n<meta property=\"article:publisher\" content=\"https:\/\/www.facebook.com\/universidaddelalaguna\/\" \/>\n<meta property=\"article:published_time\" content=\"2013-11-19T10:05:52+00:00\" \/>\n<meta property=\"og:image\" content=\"https:\/\/www.ull.es\/portal\/noticias\/wp-content\/uploads\/sites\/13\/2015\/07\/consejo_social.jpg\" \/>\n\t<meta property=\"og:image:width\" content=\"800\" \/>\n\t<meta property=\"og:image:height\" content=\"534\" \/>\n\t<meta property=\"og:image:type\" content=\"image\/jpeg\" \/>\n<meta name=\"author\" content=\"prensa2\" \/>\n<meta name=\"twitter:card\" content=\"summary_large_image\" \/>\n<meta name=\"twitter:creator\" content=\"@CanalULL\" \/>\n<meta name=\"twitter:site\" content=\"@CanalULL\" \/>\n<meta name=\"twitter:label1\" content=\"Escrito por\" \/>\n\t<meta name=\"twitter:data1\" content=\"prensa2\" \/>\n\t<meta name=\"twitter:label2\" content=\"Tiempo de lectura\" \/>\n\t<meta name=\"twitter:data2\" content=\"3 minutos\" \/>\n<script type=\"application\/ld+json\" class=\"yoast-schema-graph\">{\"@context\":\"https:\/\/schema.org\",\"@graph\":[{\"@type\":\"WebPage\",\"@id\":\"https:\/\/www.ull.es\/portal\/noticias\/2013\/el-consejo-social-aprueba-la-implantacion-de-los-masteres-en-ingenierias-agronomica-e-informatica-y-en-psicologia-general-sanitaria\/\",\"url\":\"https:\/\/www.ull.es\/portal\/noticias\/2013\/el-consejo-social-aprueba-la-implantacion-de-los-masteres-en-ingenierias-agronomica-e-informatica-y-en-psicologia-general-sanitaria\/\",\"name\":\"El Consejo Social aprueba la implantaci\u00f3n de los m\u00e1steres en ingenier\u00edas Agron\u00f3mica e Inform\u00e1tica y en Psicolog\u00eda General Sanitaria - ULL - Noticias\",\"isPartOf\":{\"@id\":\"https:\/\/www.ull.es\/portal\/noticias\/#website\"},\"datePublished\":\"2013-11-19T10:05:52+00:00\",\"dateModified\":\"2013-11-19T10:05:52+00:00\",\"author\":{\"@id\":\"https:\/\/www.ull.es\/portal\/noticias\/#\/schema\/person\/c3b2aa857797592927a03740d6664376\"},\"breadcrumb\":{\"@id\":\"https:\/\/www.ull.es\/portal\/noticias\/2013\/el-consejo-social-aprueba-la-implantacion-de-los-masteres-en-ingenierias-agronomica-e-informatica-y-en-psicologia-general-sanitaria\/#breadcrumb\"},\"inLanguage\":\"es\",\"potentialAction\":[{\"@type\":\"ReadAction\",\"target\":[\"https:\/\/www.ull.es\/portal\/noticias\/2013\/el-consejo-social-aprueba-la-implantacion-de-los-masteres-en-ingenierias-agronomica-e-informatica-y-en-psicologia-general-sanitaria\/\"]}]},{\"@type\":\"BreadcrumbList\",\"@id\":\"https:\/\/www.ull.es\/portal\/noticias\/2013\/el-consejo-social-aprueba-la-implantacion-de-los-masteres-en-ingenierias-agronomica-e-informatica-y-en-psicologia-general-sanitaria\/#breadcrumb\",\"itemListElement\":[{\"@type\":\"ListItem\",\"position\":1,\"name\":\"Portada\",\"item\":\"https:\/\/www.ull.es\/portal\/noticias\/\"},{\"@type\":\"ListItem\",\"position\":2,\"name\":\"El Consejo Social aprueba la implantaci\u00f3n de los m\u00e1steres en ingenier\u00edas Agron\u00f3mica e Inform\u00e1tica y en Psicolog\u00eda General Sanitaria\"}]},{\"@type\":\"WebSite\",\"@id\":\"https:\/\/www.ull.es\/portal\/noticias\/#website\",\"url\":\"https:\/\/www.ull.es\/portal\/noticias\/\",\"name\":\"ULL - Noticias\",\"description\":\"\",\"potentialAction\":[{\"@type\":\"SearchAction\",\"target\":{\"@type\":\"EntryPoint\",\"urlTemplate\":\"https:\/\/www.ull.es\/portal\/noticias\/?s={search_term_string}\"},\"query-input\":\"required name=search_term_string\"}],\"inLanguage\":\"es\"},{\"@type\":\"Person\",\"@id\":\"https:\/\/www.ull.es\/portal\/noticias\/#\/schema\/person\/c3b2aa857797592927a03740d6664376\",\"name\":\"prensa2\",\"image\":{\"@type\":\"ImageObject\",\"inLanguage\":\"es\",\"@id\":\"https:\/\/www.ull.es\/portal\/noticias\/#\/schema\/person\/image\/\",\"url\":\"https:\/\/secure.gravatar.com\/avatar\/b58f310a5de5feb33d1e026d2493f23c?s=96&d=mm&r=g\",\"contentUrl\":\"https:\/\/secure.gravatar.com\/avatar\/b58f310a5de5feb33d1e026d2493f23c?s=96&d=mm&r=g\",\"caption\":\"prensa2\"},\"url\":\"https:\/\/www.ull.es\/portal\/noticias\/author\/prensa2\/\"}]}<\/script>\n<!-- \/ Yoast SEO plugin. -->","yoast_head_json":{"title":"El Consejo Social aprueba la implantaci\u00f3n de los m\u00e1steres en ingenier\u00edas Agron\u00f3mica e Inform\u00e1tica y en Psicolog\u00eda General Sanitaria - ULL - Noticias","robots":{"index":"index","follow":"follow","max-snippet":"max-snippet:-1","max-image-preview":"max-image-preview:large","max-video-preview":"max-video-preview:-1"},"canonical":"https:\/\/www.ull.es\/portal\/noticias\/2013\/el-consejo-social-aprueba-la-implantacion-de-los-masteres-en-ingenierias-agronomica-e-informatica-y-en-psicologia-general-sanitaria\/","og_locale":"es_ES","og_type":"article","og_title":"El Consejo Social aprueba la implantaci\u00f3n de los m\u00e1steres en ingenier\u00edas Agron\u00f3mica e Inform\u00e1tica y en Psicolog\u00eda General Sanitaria - ULL - Noticias","og_description":"Los miembros del Consejo Social de la Universidad de La Laguna (ULL) han celebrado una sesi&oacute;n extraordinaria del pleno de...","og_url":"https:\/\/www.ull.es\/portal\/noticias\/2013\/el-consejo-social-aprueba-la-implantacion-de-los-masteres-en-ingenierias-agronomica-e-informatica-y-en-psicologia-general-sanitaria\/","og_site_name":"ULL - Noticias","article_publisher":"https:\/\/www.facebook.com\/universidaddelalaguna\/","article_published_time":"2013-11-19T10:05:52+00:00","og_image":[{"width":800,"height":534,"url":"https:\/\/www.ull.es\/portal\/noticias\/wp-content\/uploads\/sites\/13\/2015\/07\/consejo_social.jpg","type":"image\/jpeg"}],"author":"prensa2","twitter_card":"summary_large_image","twitter_creator":"@CanalULL","twitter_site":"@CanalULL","twitter_misc":{"Escrito por":"prensa2","Tiempo de lectura":"3 minutos"},"schema":{"@context":"https:\/\/schema.org","@graph":[{"@type":"WebPage","@id":"https:\/\/www.ull.es\/portal\/noticias\/2013\/el-consejo-social-aprueba-la-implantacion-de-los-masteres-en-ingenierias-agronomica-e-informatica-y-en-psicologia-general-sanitaria\/","url":"https:\/\/www.ull.es\/portal\/noticias\/2013\/el-consejo-social-aprueba-la-implantacion-de-los-masteres-en-ingenierias-agronomica-e-informatica-y-en-psicologia-general-sanitaria\/","name":"El Consejo Social aprueba la implantaci\u00f3n de los m\u00e1steres en ingenier\u00edas Agron\u00f3mica e Inform\u00e1tica y en Psicolog\u00eda General Sanitaria - ULL - Noticias","isPartOf":{"@id":"https:\/\/www.ull.es\/portal\/noticias\/#website"},"datePublished":"2013-11-19T10:05:52+00:00","dateModified":"2013-11-19T10:05:52+00:00","author":{"@id":"https:\/\/www.ull.es\/portal\/noticias\/#\/schema\/person\/c3b2aa857797592927a03740d6664376"},"breadcrumb":{"@id":"https:\/\/www.ull.es\/portal\/noticias\/2013\/el-consejo-social-aprueba-la-implantacion-de-los-masteres-en-ingenierias-agronomica-e-informatica-y-en-psicologia-general-sanitaria\/#breadcrumb"},"inLanguage":"es","potentialAction":[{"@type":"ReadAction","target":["https:\/\/www.ull.es\/portal\/noticias\/2013\/el-consejo-social-aprueba-la-implantacion-de-los-masteres-en-ingenierias-agronomica-e-informatica-y-en-psicologia-general-sanitaria\/"]}]},{"@type":"BreadcrumbList","@id":"https:\/\/www.ull.es\/portal\/noticias\/2013\/el-consejo-social-aprueba-la-implantacion-de-los-masteres-en-ingenierias-agronomica-e-informatica-y-en-psicologia-general-sanitaria\/#breadcrumb","itemListElement":[{"@type":"ListItem","position":1,"name":"Portada","item":"https:\/\/www.ull.es\/portal\/noticias\/"},{"@type":"ListItem","position":2,"name":"El Consejo Social aprueba la implantaci\u00f3n de los m\u00e1steres en ingenier\u00edas Agron\u00f3mica e Inform\u00e1tica y en Psicolog\u00eda General Sanitaria"}]},{"@type":"WebSite","@id":"https:\/\/www.ull.es\/portal\/noticias\/#website","url":"https:\/\/www.ull.es\/portal\/noticias\/","name":"ULL - Noticias","description":"","potentialAction":[{"@type":"SearchAction","target":{"@type":"EntryPoint","urlTemplate":"https:\/\/www.ull.es\/portal\/noticias\/?s={search_term_string}"},"query-input":"required name=search_term_string"}],"inLanguage":"es"},{"@type":"Person","@id":"https:\/\/www.ull.es\/portal\/noticias\/#\/schema\/person\/c3b2aa857797592927a03740d6664376","name":"prensa2","image":{"@type":"ImageObject","inLanguage":"es","@id":"https:\/\/www.ull.es\/portal\/noticias\/#\/schema\/person\/image\/","url":"https:\/\/secure.gravatar.com\/avatar\/b58f310a5de5feb33d1e026d2493f23c?s=96&d=mm&r=g","contentUrl":"https:\/\/secure.gravatar.com\/avatar\/b58f310a5de5feb33d1e026d2493f23c?s=96&d=mm&r=g","caption":"prensa2"},"url":"https:\/\/www.ull.es\/portal\/noticias\/author\/prensa2\/"}]}},"primary_category":null,"featured_image_thumbnail_url":"https:\/\/www.ull.es\/portal\/noticias\/wp-content\/uploads\/sites\/13\/2015\/07\/consejo_social-300x200.jpg","_links":{"self":[{"href":"https:\/\/www.ull.es\/portal\/noticias\/wp-json\/wp\/v2\/posts\/21521"}],"collection":[{"href":"https:\/\/www.ull.es\/portal\/noticias\/wp-json\/wp\/v2\/posts"}],"about":[{"href":"https:\/\/www.ull.es\/portal\/noticias\/wp-json\/wp\/v2\/types\/post"}],"author":[{"embeddable":true,"href":"https:\/\/www.ull.es\/portal\/noticias\/wp-json\/wp\/v2\/users\/21"}],"replies":[{"embeddable":true,"href":"https:\/\/www.ull.es\/portal\/noticias\/wp-json\/wp\/v2\/comments?post=21521"}],"version-history":[{"count":0,"href":"https:\/\/www.ull.es\/portal\/noticias\/wp-json\/wp\/v2\/posts\/21521\/revisions"}],"wp:featuredmedia":[{"embeddable":true,"href":"https:\/\/www.ull.es\/portal\/noticias\/wp-json\/wp\/v2\/media\/16931"}],"wp:attachment":[{"href":"https:\/\/www.ull.es\/portal\/noticias\/wp-json\/wp\/v2\/media?parent=21521"}],"wp:term":[{"taxonomy":"category","embeddable":true,"href":"https:\/\/www.ull.es\/portal\/noticias\/wp-json\/wp\/v2\/categories?post=21521"},{"taxonomy":"post_tag","embeddable":true,"href":"https:\/\/www.ull.es\/portal\/noticias\/wp-json\/wp\/v2\/tags?post=21521"}],"curies":[{"name":"wp","href":"https:\/\/api.w.org\/{rel}","templated":true}]}}