{"id":21531,"date":"2013-11-20T09:34:28","date_gmt":"2013-11-20T09:34:28","guid":{"rendered":"http:\/\/ddigital.webs.ull.es\/la-pensadora-victoria-camps-ofrecera-manana-una-conferencia-en-la-ull-con-motivo-del-dia-internacional-de-la-filosofia\/"},"modified":"2013-11-20T09:34:28","modified_gmt":"2013-11-20T09:34:28","slug":"la-pensadora-victoria-camps-ofrecera-manana-una-conferencia-en-la-ull-con-motivo-del-dia-internacional-de-la-filosofia","status":"publish","type":"post","link":"https:\/\/www.ull.es\/portal\/noticias\/2013\/la-pensadora-victoria-camps-ofrecera-manana-una-conferencia-en-la-ull-con-motivo-del-dia-internacional-de-la-filosofia\/","title":{"rendered":"La pensadora Victoria Camps ofrecer\u00e1 ma\u00f1ana una conferencia en la ULL con motivo del D\u00eda Internacional de la Filosof\u00eda"},"content":{"rendered":"<p> \tLa Facultad de Filosof&iacute;a de la Universidad de La Laguna celebrar&aacute; ma&ntilde;ana jueves, 21 de noviembre, una serie de actos con motivo del D&iacute;a Internacional de la Filosof&iacute;a, entre los que se incluye una conferencia impartida por la prestigiosa pensadora Victoria Camps, titulada &ldquo;La filosof&iacute;a como vocaci&oacute;n&rdquo;, la cual se desarrollar&aacute; a las 12:00 en el Sal&oacute;n de Grados de la facultad anfitriona.<\/p>\n<p> \tVictoria Camps es catedr&aacute;tica em&eacute;rita de Filosof&iacute;a Moral y Pol&iacute;tica de la Universidad Aut&oacute;noma de Barcelona. Fue senadora por el PSC-PSOE durante los a&ntilde;os 1993-1996 y consejera del Consell Audovisual de Catalunya entre 2002 y 2008. Actualmente es presidenta de la Fundaci&oacute; V&iacute;ctor Grifols i Lucas y miembro del Comit&eacute; de Bio&eacute;tica de Catalu&ntilde;a. Ha sido tambi&eacute;n presidenta del Comit&eacute; de Bio&eacute;tica de Espa&ntilde;a.<\/p>\n<p> \tInvitada expresamente a la ULL por la C&aacute;tedra Cultural Javier Muguerza, Camps cuenta con multitud de publicaciones. Entre sus libros destacan &ldquo;La imaginaci&oacute;n &eacute;tica&rdquo;, &ldquo;Virtudes p&uacute;blicas&rdquo; (Premio Espasa de Ensayo), &ldquo;Paradojas del individualismo&rdquo;, &ldquo;El siglo de las mujeres&rdquo;, &ldquo;La voluntad de vivir&rdquo;, &ldquo;Creer en la educaci&oacute;n&rdquo;, &ldquo;El declive de la ciudadan&iacute;a&rdquo; o &ldquo;El gobierno de las emociones&rdquo; (Premio Nacional de Ensayo). En 2008 fue galardonada con el Premio Internacional Men&eacute;ndez Pelayo. Su &uacute;ltimo libro es &ldquo;Breve Historia de la &Eacute;tica&rdquo; (RBA, 2013).<\/p>\n<p> \tDisc&iacute;pula, entre otros fil&oacute;sofos y pensadores, de Jos&eacute; Luis L&oacute;pez Aranguren y Jos&eacute; Ferrater Mora, su obra ensay&iacute;stica refleja su preocupaci&oacute;n &eacute;tica por asuntos como el planteamiento de la democracia y del estado del bienestar desde concepciones cercanas a la socialdemocracia, el papel de los medios de comunicaci&oacute;n en la sociedad, el dise&ntilde;o y gesti&oacute;n de la ense&ntilde;anza y, m&aacute;s recientemente, los asuntos relacionados con la bio&eacute;tica.<\/p>\n<p> \t<strong>Programa<\/strong><\/p>\n<p> \tAdem&aacute;s de la conferencia de Camps, a lo largo de la jornada se presentar&aacute;n varias comunicaciones elaboradas por el alumnado de la Facultad de Filosof&iacute;a de la ULL, desarrolladas a partir del tema propuesto por la organizaci&oacute;n, que era &ldquo;A partir de Plat&oacute;n&rdquo;. Asimismo, el profesor de la facultad organizadora Antonio P&eacute;rez Quintana tambi&eacute;n impartir&aacute; una conferencia. El programa detallado es el siguiente: <br \/> \t<u><br \/> \t21 de noviembre de 2013:<\/u><\/p>\n<p> \t-Desde por la ma&ntilde;ana, exposici&oacute;n de libros de Plat&oacute;n en la planta baja del Edificio Departamental de Filosof&iacute;a.<\/p>\n<p> \t-10.00.- Apertura a cargo de la Vicerrectora de Relaciones Universidad y Sociedad, N&eacute;lida Rancel, y la decana de la Facultad de Filosof&iacute;a, Margarita V&aacute;zquez.<\/p>\n<p> \t-10.15.- Comunicaciones de alumnos de la Facultad de Filosof&iacute;a:<\/p>\n<p> \t&bull;&nbsp;&nbsp;&nbsp; Paulo Hern&aacute;ndez Plasencia, &ldquo;&iquest;Tienen conceptos los animales?<br \/> \t&bull;&nbsp;&nbsp;&nbsp; Mart&iacute;n S&oacute;cola Ramos, &ldquo;Reuni&oacute;n y divisi&oacute;n. Una aplicaci&oacute;n actual.&rdquo;<br \/> \t&bull;&nbsp;&nbsp;&nbsp; Juan Diego Carlos Monz&oacute;n, &ldquo;Apolog&iacute;a de S&oacute;crates. Filosof&iacute;a y compromiso.&rdquo;<br \/> \t&bull;&nbsp;&nbsp;&nbsp; Yanira Vanessa Afonso Rodr&iacute;guez, &ldquo;Entre Plat&oacute;n y Heidegger&rdquo;.<\/p>\n<p> \t-11.35.- Descanso<\/p>\n<p> \t-12.00.- Segunda Conferencia &ldquo;C&aacute;tedra Javier Muguerza&rdquo;, a cargo de Victoria Camps, &ldquo;La filosof&iacute;a como vocaci&oacute;n&rdquo;. Presentada por Pablo R&oacute;denas, titular de la C&aacute;tedra Cultural.<\/p>\n<p> \t16.00.- Comunicaciones de alumnos de la Facultad de Filosof&iacute;a:<\/p>\n<p> \t&bull;&nbsp;&nbsp;&nbsp; Jorge Beautell Bento, &ldquo;El ser humano racional en contraposici&oacute;n al ser humano motivado&rdquo;.<br \/> \t&bull;&nbsp;&nbsp;&nbsp; Saturnino Exp&oacute;sito Reyes, &ldquo;Plat&oacute;n y Mousik&eacute;&rdquo;.<br \/> \t&bull;&nbsp;&nbsp;&nbsp; Cathaysa M&ordf; Herrera Rodr&iacute;guez y Jeison A. Garc&iacute;a Cruz, &ldquo;El Gorgias de Plat&oacute;n&rdquo;.<\/p>\n<p> \t-17.00.- Conferencia por invitaci&oacute;n de la Facultad de Filosof&iacute;a a cargo de Antonio P&eacute;rez Quintana.<\/p>\n<p> \t-18.30.- Descanso.<\/p>\n<p> \t-18.45.- Presentaci&oacute;n de la I Olimpiada Filos&oacute;fica de Canarias.<\/p>\n<p> \t<u>A partir del 22 de noviembre:<\/u><\/p>\n<p> \tExposici&oacute;n de libros de Plat&oacute;n en la planta quinta de la Biblioteca General y de Humanidades.<br \/> \t&nbsp;<\/p>\n","protected":false},"excerpt":{"rendered":"<p>La Facultad de Filosof&iacute;a de la Universidad de La Laguna celebrar&aacute; ma&ntilde;ana jueves, 21 de noviembre, una serie de actos&#8230;<\/p>\n","protected":false},"author":21,"featured_media":21532,"comment_status":"open","ping_status":"open","sticky":false,"template":"","format":"standard","meta":{"inline_featured_image":false,"footnotes":""},"categories":[344,1],"tags":[],"acf":[],"yoast_head":"<!-- This site is optimized with the Yoast SEO plugin v21.3 - https:\/\/yoast.com\/wordpress\/plugins\/seo\/ -->\n<title>La pensadora Victoria Camps ofrecer\u00e1 ma\u00f1ana una conferencia en la ULL con motivo del D\u00eda Internacional de la Filosof\u00eda - ULL - Noticias<\/title>\n<meta name=\"robots\" content=\"index, follow, max-snippet:-1, max-image-preview:large, max-video-preview:-1\" \/>\n<link rel=\"canonical\" href=\"https:\/\/www.ull.es\/portal\/noticias\/2013\/la-pensadora-victoria-camps-ofrecera-manana-una-conferencia-en-la-ull-con-motivo-del-dia-internacional-de-la-filosofia\/\" \/>\n<meta property=\"og:locale\" content=\"es_ES\" \/>\n<meta property=\"og:type\" content=\"article\" \/>\n<meta property=\"og:title\" content=\"La pensadora Victoria Camps ofrecer\u00e1 ma\u00f1ana una conferencia en la ULL con motivo del D\u00eda Internacional de la Filosof\u00eda - ULL - Noticias\" \/>\n<meta property=\"og:description\" content=\"La Facultad de Filosof&iacute;a de la Universidad de La Laguna celebrar&aacute; ma&ntilde;ana jueves, 21 de noviembre, una serie de actos...\" \/>\n<meta property=\"og:url\" content=\"https:\/\/www.ull.es\/portal\/noticias\/2013\/la-pensadora-victoria-camps-ofrecera-manana-una-conferencia-en-la-ull-con-motivo-del-dia-internacional-de-la-filosofia\/\" \/>\n<meta property=\"og:site_name\" content=\"ULL - Noticias\" \/>\n<meta property=\"article:publisher\" content=\"https:\/\/www.facebook.com\/universidaddelalaguna\/\" \/>\n<meta property=\"article:published_time\" content=\"2013-11-20T09:34:28+00:00\" \/>\n<meta property=\"og:image\" content=\"https:\/\/www.ull.es\/portal\/noticias\/wp-content\/uploads\/sites\/13\/2015\/07\/conferencia-victoria-camps-ulltv.jpg\" \/>\n\t<meta property=\"og:image:width\" content=\"1024\" \/>\n\t<meta property=\"og:image:height\" content=\"576\" \/>\n\t<meta property=\"og:image:type\" content=\"image\/jpeg\" \/>\n<meta name=\"author\" content=\"prensa2\" \/>\n<meta name=\"twitter:card\" content=\"summary_large_image\" \/>\n<meta name=\"twitter:creator\" content=\"@CanalULL\" \/>\n<meta name=\"twitter:site\" content=\"@CanalULL\" \/>\n<meta name=\"twitter:label1\" content=\"Escrito por\" \/>\n\t<meta name=\"twitter:data1\" content=\"prensa2\" \/>\n\t<meta name=\"twitter:label2\" content=\"Tiempo de lectura\" \/>\n\t<meta name=\"twitter:data2\" content=\"4 minutos\" \/>\n<script type=\"application\/ld+json\" class=\"yoast-schema-graph\">{\"@context\":\"https:\/\/schema.org\",\"@graph\":[{\"@type\":\"WebPage\",\"@id\":\"https:\/\/www.ull.es\/portal\/noticias\/2013\/la-pensadora-victoria-camps-ofrecera-manana-una-conferencia-en-la-ull-con-motivo-del-dia-internacional-de-la-filosofia\/\",\"url\":\"https:\/\/www.ull.es\/portal\/noticias\/2013\/la-pensadora-victoria-camps-ofrecera-manana-una-conferencia-en-la-ull-con-motivo-del-dia-internacional-de-la-filosofia\/\",\"name\":\"La pensadora Victoria Camps ofrecer\u00e1 ma\u00f1ana una conferencia en la ULL con motivo del D\u00eda Internacional de la Filosof\u00eda - ULL - Noticias\",\"isPartOf\":{\"@id\":\"https:\/\/www.ull.es\/portal\/noticias\/#website\"},\"datePublished\":\"2013-11-20T09:34:28+00:00\",\"dateModified\":\"2013-11-20T09:34:28+00:00\",\"author\":{\"@id\":\"https:\/\/www.ull.es\/portal\/noticias\/#\/schema\/person\/c3b2aa857797592927a03740d6664376\"},\"breadcrumb\":{\"@id\":\"https:\/\/www.ull.es\/portal\/noticias\/2013\/la-pensadora-victoria-camps-ofrecera-manana-una-conferencia-en-la-ull-con-motivo-del-dia-internacional-de-la-filosofia\/#breadcrumb\"},\"inLanguage\":\"es\",\"potentialAction\":[{\"@type\":\"ReadAction\",\"target\":[\"https:\/\/www.ull.es\/portal\/noticias\/2013\/la-pensadora-victoria-camps-ofrecera-manana-una-conferencia-en-la-ull-con-motivo-del-dia-internacional-de-la-filosofia\/\"]}]},{\"@type\":\"BreadcrumbList\",\"@id\":\"https:\/\/www.ull.es\/portal\/noticias\/2013\/la-pensadora-victoria-camps-ofrecera-manana-una-conferencia-en-la-ull-con-motivo-del-dia-internacional-de-la-filosofia\/#breadcrumb\",\"itemListElement\":[{\"@type\":\"ListItem\",\"position\":1,\"name\":\"Portada\",\"item\":\"https:\/\/www.ull.es\/portal\/noticias\/\"},{\"@type\":\"ListItem\",\"position\":2,\"name\":\"La pensadora Victoria Camps ofrecer\u00e1 ma\u00f1ana una conferencia en la ULL con motivo del D\u00eda Internacional de la Filosof\u00eda\"}]},{\"@type\":\"WebSite\",\"@id\":\"https:\/\/www.ull.es\/portal\/noticias\/#website\",\"url\":\"https:\/\/www.ull.es\/portal\/noticias\/\",\"name\":\"ULL - Noticias\",\"description\":\"\",\"potentialAction\":[{\"@type\":\"SearchAction\",\"target\":{\"@type\":\"EntryPoint\",\"urlTemplate\":\"https:\/\/www.ull.es\/portal\/noticias\/?s={search_term_string}\"},\"query-input\":\"required name=search_term_string\"}],\"inLanguage\":\"es\"},{\"@type\":\"Person\",\"@id\":\"https:\/\/www.ull.es\/portal\/noticias\/#\/schema\/person\/c3b2aa857797592927a03740d6664376\",\"name\":\"prensa2\",\"image\":{\"@type\":\"ImageObject\",\"inLanguage\":\"es\",\"@id\":\"https:\/\/www.ull.es\/portal\/noticias\/#\/schema\/person\/image\/\",\"url\":\"https:\/\/secure.gravatar.com\/avatar\/b58f310a5de5feb33d1e026d2493f23c?s=96&d=mm&r=g\",\"contentUrl\":\"https:\/\/secure.gravatar.com\/avatar\/b58f310a5de5feb33d1e026d2493f23c?s=96&d=mm&r=g\",\"caption\":\"prensa2\"},\"url\":\"https:\/\/www.ull.es\/portal\/noticias\/author\/prensa2\/\"}]}<\/script>\n<!-- \/ Yoast SEO plugin. -->","yoast_head_json":{"title":"La pensadora Victoria Camps ofrecer\u00e1 ma\u00f1ana una conferencia en la ULL con motivo del D\u00eda Internacional de la Filosof\u00eda - ULL - Noticias","robots":{"index":"index","follow":"follow","max-snippet":"max-snippet:-1","max-image-preview":"max-image-preview:large","max-video-preview":"max-video-preview:-1"},"canonical":"https:\/\/www.ull.es\/portal\/noticias\/2013\/la-pensadora-victoria-camps-ofrecera-manana-una-conferencia-en-la-ull-con-motivo-del-dia-internacional-de-la-filosofia\/","og_locale":"es_ES","og_type":"article","og_title":"La pensadora Victoria Camps ofrecer\u00e1 ma\u00f1ana una conferencia en la ULL con motivo del D\u00eda Internacional de la Filosof\u00eda - ULL - Noticias","og_description":"La Facultad de Filosof&iacute;a de la Universidad de La Laguna celebrar&aacute; ma&ntilde;ana jueves, 21 de noviembre, una serie de actos...","og_url":"https:\/\/www.ull.es\/portal\/noticias\/2013\/la-pensadora-victoria-camps-ofrecera-manana-una-conferencia-en-la-ull-con-motivo-del-dia-internacional-de-la-filosofia\/","og_site_name":"ULL - Noticias","article_publisher":"https:\/\/www.facebook.com\/universidaddelalaguna\/","article_published_time":"2013-11-20T09:34:28+00:00","og_image":[{"width":1024,"height":576,"url":"https:\/\/www.ull.es\/portal\/noticias\/wp-content\/uploads\/sites\/13\/2015\/07\/conferencia-victoria-camps-ulltv.jpg","type":"image\/jpeg"}],"author":"prensa2","twitter_card":"summary_large_image","twitter_creator":"@CanalULL","twitter_site":"@CanalULL","twitter_misc":{"Escrito por":"prensa2","Tiempo de lectura":"4 minutos"},"schema":{"@context":"https:\/\/schema.org","@graph":[{"@type":"WebPage","@id":"https:\/\/www.ull.es\/portal\/noticias\/2013\/la-pensadora-victoria-camps-ofrecera-manana-una-conferencia-en-la-ull-con-motivo-del-dia-internacional-de-la-filosofia\/","url":"https:\/\/www.ull.es\/portal\/noticias\/2013\/la-pensadora-victoria-camps-ofrecera-manana-una-conferencia-en-la-ull-con-motivo-del-dia-internacional-de-la-filosofia\/","name":"La pensadora Victoria Camps ofrecer\u00e1 ma\u00f1ana una conferencia en la ULL con motivo del D\u00eda Internacional de la Filosof\u00eda - ULL - Noticias","isPartOf":{"@id":"https:\/\/www.ull.es\/portal\/noticias\/#website"},"datePublished":"2013-11-20T09:34:28+00:00","dateModified":"2013-11-20T09:34:28+00:00","author":{"@id":"https:\/\/www.ull.es\/portal\/noticias\/#\/schema\/person\/c3b2aa857797592927a03740d6664376"},"breadcrumb":{"@id":"https:\/\/www.ull.es\/portal\/noticias\/2013\/la-pensadora-victoria-camps-ofrecera-manana-una-conferencia-en-la-ull-con-motivo-del-dia-internacional-de-la-filosofia\/#breadcrumb"},"inLanguage":"es","potentialAction":[{"@type":"ReadAction","target":["https:\/\/www.ull.es\/portal\/noticias\/2013\/la-pensadora-victoria-camps-ofrecera-manana-una-conferencia-en-la-ull-con-motivo-del-dia-internacional-de-la-filosofia\/"]}]},{"@type":"BreadcrumbList","@id":"https:\/\/www.ull.es\/portal\/noticias\/2013\/la-pensadora-victoria-camps-ofrecera-manana-una-conferencia-en-la-ull-con-motivo-del-dia-internacional-de-la-filosofia\/#breadcrumb","itemListElement":[{"@type":"ListItem","position":1,"name":"Portada","item":"https:\/\/www.ull.es\/portal\/noticias\/"},{"@type":"ListItem","position":2,"name":"La pensadora Victoria Camps ofrecer\u00e1 ma\u00f1ana una conferencia en la ULL con motivo del D\u00eda Internacional de la Filosof\u00eda"}]},{"@type":"WebSite","@id":"https:\/\/www.ull.es\/portal\/noticias\/#website","url":"https:\/\/www.ull.es\/portal\/noticias\/","name":"ULL - Noticias","description":"","potentialAction":[{"@type":"SearchAction","target":{"@type":"EntryPoint","urlTemplate":"https:\/\/www.ull.es\/portal\/noticias\/?s={search_term_string}"},"query-input":"required name=search_term_string"}],"inLanguage":"es"},{"@type":"Person","@id":"https:\/\/www.ull.es\/portal\/noticias\/#\/schema\/person\/c3b2aa857797592927a03740d6664376","name":"prensa2","image":{"@type":"ImageObject","inLanguage":"es","@id":"https:\/\/www.ull.es\/portal\/noticias\/#\/schema\/person\/image\/","url":"https:\/\/secure.gravatar.com\/avatar\/b58f310a5de5feb33d1e026d2493f23c?s=96&d=mm&r=g","contentUrl":"https:\/\/secure.gravatar.com\/avatar\/b58f310a5de5feb33d1e026d2493f23c?s=96&d=mm&r=g","caption":"prensa2"},"url":"https:\/\/www.ull.es\/portal\/noticias\/author\/prensa2\/"}]}},"primary_category":null,"featured_image_thumbnail_url":"https:\/\/www.ull.es\/portal\/noticias\/wp-content\/uploads\/sites\/13\/2015\/07\/conferencia-victoria-camps-ulltv-300x169.jpg","_links":{"self":[{"href":"https:\/\/www.ull.es\/portal\/noticias\/wp-json\/wp\/v2\/posts\/21531"}],"collection":[{"href":"https:\/\/www.ull.es\/portal\/noticias\/wp-json\/wp\/v2\/posts"}],"about":[{"href":"https:\/\/www.ull.es\/portal\/noticias\/wp-json\/wp\/v2\/types\/post"}],"author":[{"embeddable":true,"href":"https:\/\/www.ull.es\/portal\/noticias\/wp-json\/wp\/v2\/users\/21"}],"replies":[{"embeddable":true,"href":"https:\/\/www.ull.es\/portal\/noticias\/wp-json\/wp\/v2\/comments?post=21531"}],"version-history":[{"count":0,"href":"https:\/\/www.ull.es\/portal\/noticias\/wp-json\/wp\/v2\/posts\/21531\/revisions"}],"wp:featuredmedia":[{"embeddable":true,"href":"https:\/\/www.ull.es\/portal\/noticias\/wp-json\/wp\/v2\/media\/21532"}],"wp:attachment":[{"href":"https:\/\/www.ull.es\/portal\/noticias\/wp-json\/wp\/v2\/media?parent=21531"}],"wp:term":[{"taxonomy":"category","embeddable":true,"href":"https:\/\/www.ull.es\/portal\/noticias\/wp-json\/wp\/v2\/categories?post=21531"},{"taxonomy":"post_tag","embeddable":true,"href":"https:\/\/www.ull.es\/portal\/noticias\/wp-json\/wp\/v2\/tags?post=21531"}],"curies":[{"name":"wp","href":"https:\/\/api.w.org\/{rel}","templated":true}]}}